{"id":28264,"date":"2017-01-24T15:13:38","date_gmt":"2017-01-24T15:13:38","guid":{"rendered":"http:\/\/copealcoi.es\/new\/?p=28264"},"modified":"2017-01-24T15:13:38","modified_gmt":"2017-01-24T15:13:38","slug":"la-tourist-info-agres-amplia-horarios","status":"publish","type":"post","link":"https:\/\/www.copealcoy.es\/es\/la-tourist-info-agres-amplia-horarios\/","title":{"rendered":"La Tourist Info de Agres ampl\u00eda sus horarios"},"content":{"rendered":"<p style=\"text-align: justify;\">La Oficina de Turismo de Agres <strong>ha habilitado nuevos horarios<\/strong> para la apertura al p\u00fablico. A partir de ahora este servicio estar\u00e1 operativo <strong>de martes a jueves de nueve de la ma\u00f1ana a dos del mediod\u00eda<\/strong> mientras que <strong>los viernes y s\u00e1bados la apertura ser\u00e1 de 9 a 14 horas por la ma\u00f1ana y de 17 a 20 horas por la tarde<\/strong>. Por su parte l<strong>os domingos el horario ser\u00e1 matinal<\/strong> entre las 9 y las 15 horas.<\/p>\n<p style=\"text-align: justify;\"><strong>V\u00edctor Antol\u00ed<\/strong>, edil de Turismo en Agres, \u00a0detallaba en COPE ALCOY que estos nuevos horarios son\u00a0posible gracias <strong>a\u00a0la ampliaci\u00f3n de personal<\/strong> <em>&#8220;se ha conseguido la contrataci\u00f3n de una persona y esto nos permite ofrecer una mejor atenci\u00f3n al visitante&#8221;<\/em>, indica. El concejal tambi\u00e9n ha asegurado que de cara a la primavera s<strong>e retomar\u00e1n las visitas guiadas a la Cava Gran<\/strong> <em>&#8220;las suspendimos por el mal tiempo y cuando se acerque la fecha ya anunciaremos que se emprende de nuevo esta iniciativa que permitir\u00e1 a muchos\u00a0acercarse hasta este s\u00edmbolo de la Mariola que ya luce restaurado desde el pasado a\u00f1o&#8221;<\/em>, concluye.<\/p>\n","protected":false},"excerpt":{"rendered":"<p>La Oficina de Turismo de Agres ha habilitado nuevos horarios para la apertura al p\u00fablico. A partir de ahora este&#8230;<\/p>\n","protected":false},"author":1,"featured_media":28267,"comment_status":"open","ping_status":"open","sticky":false,"template":"","format":"standard","meta":{"footnotes":""},"categories":[98,75],"tags":[293,1338,3604,3605,3606],"class_list":["post-28264","post","type-post","status-publish","format-standard","has-post-thumbnail","hentry","category-comarcas","category-noticias","tag-agres","tag-ampliacion","tag-horarios","tag-tourist-info","tag-victor-antoli"],"yoast_head":"<!-- This site is optimized with the Yoast SEO plugin v27.3 - https:\/\/yoast.com\/product\/yoast-seo-wordpress\/ -->\n<title>La Tourist Info de Agres ampl\u00eda sus horarios - COPE Alcoy<\/title>\n<meta name=\"robots\" content=\"index, follow, max-snippet:-1, max-image-preview:large, max-video-preview:-1\" \/>\n<link rel=\"canonical\" href=\"https:\/\/www.copealcoy.es\/es\/la-tourist-info-agres-amplia-horarios\/\" \/>\n<meta property=\"og:locale\" content=\"es_ES\" \/>\n<meta property=\"og:type\" content=\"article\" \/>\n<meta property=\"og:title\" content=\"La Tourist Info de Agres ampl\u00eda sus horarios - COPE Alcoy\" \/>\n<meta property=\"og:description\" content=\"La Oficina de Turismo de Agres ha habilitado nuevos horarios para la apertura al p\u00fablico. A partir de ahora este...\" \/>\n<meta property=\"og:url\" content=\"https:\/\/www.copealcoy.es\/es\/la-tourist-info-agres-amplia-horarios\/\" \/>\n<meta property=\"og:site_name\" content=\"COPE Alcoy\" \/>\n<meta property=\"article:published_time\" content=\"2017-01-24T15:13:38+00:00\" \/>\n<meta property=\"og:image\" content=\"https:\/\/www.copealcoy.es\/wp-content\/uploads\/2017\/01\/agresext-e1485270747556.jpg\" \/>\n\t<meta property=\"og:image:width\" content=\"519\" \/>\n\t<meta property=\"og:image:height\" content=\"268\" \/>\n\t<meta property=\"og:image:type\" content=\"image\/jpeg\" \/>\n<meta name=\"author\" content=\"Cope Alcoy\" \/>\n<meta name=\"twitter:label1\" content=\"Escrito por\" \/>\n\t<meta name=\"twitter:data1\" content=\"Cope Alcoy\" \/>\n\t<meta name=\"twitter:label2\" content=\"Tiempo de lectura\" \/>\n\t<meta name=\"twitter:data2\" content=\"1 minuto\" \/>\n<script type=\"application\/ld+json\" class=\"yoast-schema-graph\">{\"@context\":\"https:\\\/\\\/schema.org\",\"@graph\":[{\"@type\":\"Article\",\"@id\":\"https:\\\/\\\/www.copealcoy.es\\\/es\\\/la-tourist-info-agres-amplia-horarios\\\/#article\",\"isPartOf\":{\"@id\":\"https:\\\/\\\/www.copealcoy.es\\\/es\\\/la-tourist-info-agres-amplia-horarios\\\/\"},\"author\":{\"name\":\"Cope Alcoy\",\"@id\":\"https:\\\/\\\/www.copealcoy.es\\\/es\\\/#\\\/schema\\\/person\\\/e777c87fa024e57d40170af9df39882c\"},\"headline\":\"La Tourist Info de Agres ampl\u00eda sus horarios\",\"datePublished\":\"2017-01-24T15:13:38+00:00\",\"mainEntityOfPage\":{\"@id\":\"https:\\\/\\\/www.copealcoy.es\\\/es\\\/la-tourist-info-agres-amplia-horarios\\\/\"},\"wordCount\":197,\"commentCount\":0,\"image\":{\"@id\":\"https:\\\/\\\/www.copealcoy.es\\\/es\\\/la-tourist-info-agres-amplia-horarios\\\/#primaryimage\"},\"thumbnailUrl\":\"https:\\\/\\\/www.copealcoy.es\\\/wp-content\\\/uploads\\\/2017\\\/01\\\/agresext-e1485270747556.jpg\",\"keywords\":[\"Agres\",\"ampliaci\u00f3n\",\"Horarios\",\"Tourist Info\",\"V\u00edctor Antol\u00ed\"],\"articleSection\":[\"Comarcas\",\"Noticias\"],\"inLanguage\":\"es\"},{\"@type\":\"WebPage\",\"@id\":\"https:\\\/\\\/www.copealcoy.es\\\/es\\\/la-tourist-info-agres-amplia-horarios\\\/\",\"url\":\"https:\\\/\\\/www.copealcoy.es\\\/es\\\/la-tourist-info-agres-amplia-horarios\\\/\",\"name\":\"La Tourist Info de Agres ampl\u00eda sus horarios - COPE Alcoy\",\"isPartOf\":{\"@id\":\"https:\\\/\\\/www.copealcoy.es\\\/es\\\/#website\"},\"primaryImageOfPage\":{\"@id\":\"https:\\\/\\\/www.copealcoy.es\\\/es\\\/la-tourist-info-agres-amplia-horarios\\\/#primaryimage\"},\"image\":{\"@id\":\"https:\\\/\\\/www.copealcoy.es\\\/es\\\/la-tourist-info-agres-amplia-horarios\\\/#primaryimage\"},\"thumbnailUrl\":\"https:\\\/\\\/www.copealcoy.es\\\/wp-content\\\/uploads\\\/2017\\\/01\\\/agresext-e1485270747556.jpg\",\"datePublished\":\"2017-01-24T15:13:38+00:00\",\"author\":{\"@id\":\"https:\\\/\\\/www.copealcoy.es\\\/es\\\/#\\\/schema\\\/person\\\/e777c87fa024e57d40170af9df39882c\"},\"breadcrumb\":{\"@id\":\"https:\\\/\\\/www.copealcoy.es\\\/es\\\/la-tourist-info-agres-amplia-horarios\\\/#breadcrumb\"},\"inLanguage\":\"es\",\"potentialAction\":[{\"@type\":\"ReadAction\",\"target\":[\"https:\\\/\\\/www.copealcoy.es\\\/es\\\/la-tourist-info-agres-amplia-horarios\\\/\"]}]},{\"@type\":\"ImageObject\",\"inLanguage\":\"es\",\"@id\":\"https:\\\/\\\/www.copealcoy.es\\\/es\\\/la-tourist-info-agres-amplia-horarios\\\/#primaryimage\",\"url\":\"https:\\\/\\\/www.copealcoy.es\\\/wp-content\\\/uploads\\\/2017\\\/01\\\/agresext-e1485270747556.jpg\",\"contentUrl\":\"https:\\\/\\\/www.copealcoy.es\\\/wp-content\\\/uploads\\\/2017\\\/01\\\/agresext-e1485270747556.jpg\",\"width\":519,\"height\":268,\"caption\":\"Oficina de Turismo de Agres \\\/ Foto: Turisme Comunitat Valenciana\"},{\"@type\":\"BreadcrumbList\",\"@id\":\"https:\\\/\\\/www.copealcoy.es\\\/es\\\/la-tourist-info-agres-amplia-horarios\\\/#breadcrumb\",\"itemListElement\":[{\"@type\":\"ListItem\",\"position\":1,\"name\":\"Portada\",\"item\":\"https:\\\/\\\/www.copealcoy.es\\\/es\\\/\"},{\"@type\":\"ListItem\",\"position\":2,\"name\":\"La Tourist Info de Agres ampl\u00eda sus horarios\"}]},{\"@type\":\"WebSite\",\"@id\":\"https:\\\/\\\/www.copealcoy.es\\\/es\\\/#website\",\"url\":\"https:\\\/\\\/www.copealcoy.es\\\/es\\\/\",\"name\":\"COPE Alcoy\",\"description\":\"Emisora COPE de radio local con emisi\u00f3n online. Pont de Sant Jordi 8-10 03803 Alcoy\",\"potentialAction\":[{\"@type\":\"SearchAction\",\"target\":{\"@type\":\"EntryPoint\",\"urlTemplate\":\"https:\\\/\\\/www.copealcoy.es\\\/es\\\/?s={search_term_string}\"},\"query-input\":{\"@type\":\"PropertyValueSpecification\",\"valueRequired\":true,\"valueName\":\"search_term_string\"}}],\"inLanguage\":\"es\"},{\"@type\":\"Person\",\"@id\":\"https:\\\/\\\/www.copealcoy.es\\\/es\\\/#\\\/schema\\\/person\\\/e777c87fa024e57d40170af9df39882c\",\"name\":\"Cope Alcoy\",\"image\":{\"@type\":\"ImageObject\",\"inLanguage\":\"es\",\"@id\":\"https:\\\/\\\/secure.gravatar.com\\\/avatar\\\/bb65d0283347e303893ba14f0692005417c1e0e690a325a4c5d8bb2b3943ee14?s=96&d=mm&r=g\",\"url\":\"https:\\\/\\\/secure.gravatar.com\\\/avatar\\\/bb65d0283347e303893ba14f0692005417c1e0e690a325a4c5d8bb2b3943ee14?s=96&d=mm&r=g\",\"contentUrl\":\"https:\\\/\\\/secure.gravatar.com\\\/avatar\\\/bb65d0283347e303893ba14f0692005417c1e0e690a325a4c5d8bb2b3943ee14?s=96&d=mm&r=g\",\"caption\":\"Cope Alcoy\"}}]}<\/script>\n<!-- \/ Yoast SEO plugin. -->","yoast_head_json":{"title":"La Tourist Info de Agres ampl\u00eda sus horarios - COPE Alcoy","robots":{"index":"index","follow":"follow","max-snippet":"max-snippet:-1","max-image-preview":"max-image-preview:large","max-video-preview":"max-video-preview:-1"},"canonical":"https:\/\/www.copealcoy.es\/es\/la-tourist-info-agres-amplia-horarios\/","og_locale":"es_ES","og_type":"article","og_title":"La Tourist Info de Agres ampl\u00eda sus horarios - COPE Alcoy","og_description":"La Oficina de Turismo de Agres ha habilitado nuevos horarios para la apertura al p\u00fablico. A partir de ahora este...","og_url":"https:\/\/www.copealcoy.es\/es\/la-tourist-info-agres-amplia-horarios\/","og_site_name":"COPE Alcoy","article_published_time":"2017-01-24T15:13:38+00:00","og_image":[{"width":519,"height":268,"url":"https:\/\/www.copealcoy.es\/wp-content\/uploads\/2017\/01\/agresext-e1485270747556.jpg","type":"image\/jpeg"}],"author":"Cope Alcoy","twitter_misc":{"Escrito por":"Cope Alcoy","Tiempo de lectura":"1 minuto"},"schema":{"@context":"https:\/\/schema.org","@graph":[{"@type":"Article","@id":"https:\/\/www.copealcoy.es\/es\/la-tourist-info-agres-amplia-horarios\/#article","isPartOf":{"@id":"https:\/\/www.copealcoy.es\/es\/la-tourist-info-agres-amplia-horarios\/"},"author":{"name":"Cope Alcoy","@id":"https:\/\/www.copealcoy.es\/es\/#\/schema\/person\/e777c87fa024e57d40170af9df39882c"},"headline":"La Tourist Info de Agres ampl\u00eda sus horarios","datePublished":"2017-01-24T15:13:38+00:00","mainEntityOfPage":{"@id":"https:\/\/www.copealcoy.es\/es\/la-tourist-info-agres-amplia-horarios\/"},"wordCount":197,"commentCount":0,"image":{"@id":"https:\/\/www.copealcoy.es\/es\/la-tourist-info-agres-amplia-horarios\/#primaryimage"},"thumbnailUrl":"https:\/\/www.copealcoy.es\/wp-content\/uploads\/2017\/01\/agresext-e1485270747556.jpg","keywords":["Agres","ampliaci\u00f3n","Horarios","Tourist Info","V\u00edctor Antol\u00ed"],"articleSection":["Comarcas","Noticias"],"inLanguage":"es"},{"@type":"WebPage","@id":"https:\/\/www.copealcoy.es\/es\/la-tourist-info-agres-amplia-horarios\/","url":"https:\/\/www.copealcoy.es\/es\/la-tourist-info-agres-amplia-horarios\/","name":"La Tourist Info de Agres ampl\u00eda sus horarios - COPE Alcoy","isPartOf":{"@id":"https:\/\/www.copealcoy.es\/es\/#website"},"primaryImageOfPage":{"@id":"https:\/\/www.copealcoy.es\/es\/la-tourist-info-agres-amplia-horarios\/#primaryimage"},"image":{"@id":"https:\/\/www.copealcoy.es\/es\/la-tourist-info-agres-amplia-horarios\/#primaryimage"},"thumbnailUrl":"https:\/\/www.copealcoy.es\/wp-content\/uploads\/2017\/01\/agresext-e1485270747556.jpg","datePublished":"2017-01-24T15:13:38+00:00","author":{"@id":"https:\/\/www.copealcoy.es\/es\/#\/schema\/person\/e777c87fa024e57d40170af9df39882c"},"breadcrumb":{"@id":"https:\/\/www.copealcoy.es\/es\/la-tourist-info-agres-amplia-horarios\/#breadcrumb"},"inLanguage":"es","potentialAction":[{"@type":"ReadAction","target":["https:\/\/www.copealcoy.es\/es\/la-tourist-info-agres-amplia-horarios\/"]}]},{"@type":"ImageObject","inLanguage":"es","@id":"https:\/\/www.copealcoy.es\/es\/la-tourist-info-agres-amplia-horarios\/#primaryimage","url":"https:\/\/www.copealcoy.es\/wp-content\/uploads\/2017\/01\/agresext-e1485270747556.jpg","contentUrl":"https:\/\/www.copealcoy.es\/wp-content\/uploads\/2017\/01\/agresext-e1485270747556.jpg","width":519,"height":268,"caption":"Oficina de Turismo de Agres \/ Foto: Turisme Comunitat Valenciana"},{"@type":"BreadcrumbList","@id":"https:\/\/www.copealcoy.es\/es\/la-tourist-info-agres-amplia-horarios\/#breadcrumb","itemListElement":[{"@type":"ListItem","position":1,"name":"Portada","item":"https:\/\/www.copealcoy.es\/es\/"},{"@type":"ListItem","position":2,"name":"La Tourist Info de Agres ampl\u00eda sus horarios"}]},{"@type":"WebSite","@id":"https:\/\/www.copealcoy.es\/es\/#website","url":"https:\/\/www.copealcoy.es\/es\/","name":"COPE Alcoy","description":"Emisora COPE de radio local con emisi\u00f3n online. Pont de Sant Jordi 8-10 03803 Alcoy","potentialAction":[{"@type":"SearchAction","target":{"@type":"EntryPoint","urlTemplate":"https:\/\/www.copealcoy.es\/es\/?s={search_term_string}"},"query-input":{"@type":"PropertyValueSpecification","valueRequired":true,"valueName":"search_term_string"}}],"inLanguage":"es"},{"@type":"Person","@id":"https:\/\/www.copealcoy.es\/es\/#\/schema\/person\/e777c87fa024e57d40170af9df39882c","name":"Cope Alcoy","image":{"@type":"ImageObject","inLanguage":"es","@id":"https:\/\/secure.gravatar.com\/avatar\/bb65d0283347e303893ba14f0692005417c1e0e690a325a4c5d8bb2b3943ee14?s=96&d=mm&r=g","url":"https:\/\/secure.gravatar.com\/avatar\/bb65d0283347e303893ba14f0692005417c1e0e690a325a4c5d8bb2b3943ee14?s=96&d=mm&r=g","contentUrl":"https:\/\/secure.gravatar.com\/avatar\/bb65d0283347e303893ba14f0692005417c1e0e690a325a4c5d8bb2b3943ee14?s=96&d=mm&r=g","caption":"Cope Alcoy"}}]}},"_links":{"self":[{"href":"https:\/\/www.copealcoy.es\/es\/wp-json\/wp\/v2\/posts\/28264","targetHints":{"allow":["GET"]}}],"collection":[{"href":"https:\/\/www.copealcoy.es\/es\/wp-json\/wp\/v2\/posts"}],"about":[{"href":"https:\/\/www.copealcoy.es\/es\/wp-json\/wp\/v2\/types\/post"}],"author":[{"embeddable":true,"href":"https:\/\/www.copealcoy.es\/es\/wp-json\/wp\/v2\/users\/1"}],"replies":[{"embeddable":true,"href":"https:\/\/www.copealcoy.es\/es\/wp-json\/wp\/v2\/comments?post=28264"}],"version-history":[{"count":0,"href":"https:\/\/www.copealcoy.es\/es\/wp-json\/wp\/v2\/posts\/28264\/revisions"}],"wp:featuredmedia":[{"embeddable":true,"href":"https:\/\/www.copealcoy.es\/es\/wp-json\/wp\/v2\/media\/28267"}],"wp:attachment":[{"href":"https:\/\/www.copealcoy.es\/es\/wp-json\/wp\/v2\/media?parent=28264"}],"wp:term":[{"taxonomy":"category","embeddable":true,"href":"https:\/\/www.copealcoy.es\/es\/wp-json\/wp\/v2\/categories?post=28264"},{"taxonomy":"post_tag","embeddable":true,"href":"https:\/\/www.copealcoy.es\/es\/wp-json\/wp\/v2\/tags?post=28264"}],"curies":[{"name":"wp","href":"https:\/\/api.w.org\/{rel}","templated":true}]}}