{"id":28156,"date":"2017-01-21T13:10:21","date_gmt":"2017-01-21T13:10:21","guid":{"rendered":"http:\/\/copealcoi.es\/new\/?p=28156"},"modified":"2017-01-21T13:10:21","modified_gmt":"2017-01-21T13:10:21","slug":"variada-oferta-del-principal-los-primeros-meses-del-ano","status":"publish","type":"post","link":"https:\/\/www.copealcoy.es\/es\/variada-oferta-del-principal-los-primeros-meses-del-ano\/","title":{"rendered":"Variada oferta del Principal para los primeros meses del a\u00f1o"},"content":{"rendered":"<p style=\"text-align: justify;\">El Teatro Principal de Alcoy ha presentad<strong>o una variada oferta para la programaci\u00f3n cultural<\/strong> que se llevar\u00e1 a cabo en los primeros meses de este a\u00f1o 2017.<\/p>\n<p style=\"text-align: justify;\">La primera de las actividades tendr\u00e1 lugar este domingo y se centrar\u00e1 en <strong>un espect\u00e1culo de magia \u00abPrincipal-ment m\u00e0gia\u00bb<\/strong>\u00a0que abrir\u00e1 la temporada con la actuaci\u00f3n de\u00a0los magos Hugo, \u00dcala, Tomy, Paco Ortiz y Carmen y Magulini. Una semana despu\u00e9s, el d\u00eda 28, <strong>la compa\u00f1\u00eda\u00a0Magic 6 de Cullera pondr\u00e1 en escena\u00a0\u00abJoan sense por\u00bb<\/strong>, una obra en valenciano que va dirigida a ni\u00f1os a partir de 6 a\u00f1os. Unas semanas m\u00e1s tardes, el 18 de febrero, pasar\u00e1 por el escenario del Principal la actriz valenciana Pilar Mart\u00ednez con<strong> el montaje\u00a0\u00abLas madres presas\u00bb<\/strong>.<\/p>\n<div id=\"clover-test-1465309672-1\" class=\"clover-test\" style=\"text-align: justify;\">Por su parte la m\u00fasica tambi\u00e9n tendr\u00e1 protagonismo y uno de los platos fuertes ser\u00e1<strong> la actuaci\u00f3n de la banda alcoyana\u00a0Arthur Caravan<\/strong> que el 3 de febrero presentar\u00e1n su \u00faltimo trabajo. Tambi\u00e9n el d\u00eda 12 podremos disfrutar de\u00a0<strong>\u00abEnamorados, historias de San Valent\u00edn\u00bb<\/strong>, una propuesta de car\u00e1cter musical y teatral con un fin solidario mientras que el 3 de marzo <strong>Mauri Sanchis<\/strong>, nos ofrecer\u00e1 una selecci\u00f3n de jazz.<\/div>\n<p style=\"text-align: justify;\">\n<p style=\"text-align: justify;\">La llegada de la primavera traer\u00e1 consigo al Principal nuevas propuestas. En este sentido destaca l<strong>a obra infantil\u00a0\u00abPulgarcito\u00bb<\/strong>, dirigida a ni\u00f1os a partir de 12 a\u00f1os, que ofrecer\u00e1 el 12 de marzo la compa\u00f1\u00eda Teatro Para\u00edso y <strong>el recital l\u00edrico-po\u00e9tico<\/strong> que el d\u00eda 31 rendir\u00e1 homenaje a Federico Garc\u00eda Lorca.<\/p>\n<p style=\"text-align: justify;\">Finalmente <strong>destacan otras actividades<\/strong> como las actuaciones del Grup Barxell, la Escola de M\u00fasica Amando Blanquer o las celebraciones del D\u00eda Mundial del Teatro.<\/p>\n<p>&nbsp;<\/p>\n","protected":false},"excerpt":{"rendered":"<p>El Teatro Principal de Alcoy ha presentado una variada oferta para la programaci\u00f3n cultural que se llevar\u00e1 a cabo en&#8230;<\/p>\n","protected":false},"author":1,"featured_media":17045,"comment_status":"open","ping_status":"open","sticky":false,"template":"","format":"standard","meta":{"footnotes":""},"categories":[97,78,75],"tags":[1494,377,1772,1132],"class_list":["post-28156","post","type-post","status-publish","format-standard","has-post-thumbnail","hentry","category-alcoy","category-fiestaycultura","category-noticias","tag-alcoy","tag-musica","tag-teatro-principal","tag-temporada"],"yoast_head":"<!-- This site is optimized with the Yoast SEO plugin v27.3 - https:\/\/yoast.com\/product\/yoast-seo-wordpress\/ -->\n<title>Variada oferta del Principal para los primeros meses del a\u00f1o - COPE Alcoy<\/title>\n<meta name=\"robots\" content=\"index, follow, max-snippet:-1, max-image-preview:large, max-video-preview:-1\" \/>\n<link rel=\"canonical\" href=\"https:\/\/www.copealcoy.es\/es\/variada-oferta-del-principal-los-primeros-meses-del-ano\/\" \/>\n<meta property=\"og:locale\" content=\"es_ES\" \/>\n<meta property=\"og:type\" content=\"article\" \/>\n<meta property=\"og:title\" content=\"Variada oferta del Principal para los primeros meses del a\u00f1o - COPE Alcoy\" \/>\n<meta property=\"og:description\" content=\"El Teatro Principal de Alcoy ha presentado una variada oferta para la programaci\u00f3n cultural que se llevar\u00e1 a cabo en...\" \/>\n<meta property=\"og:url\" content=\"https:\/\/www.copealcoy.es\/es\/variada-oferta-del-principal-los-primeros-meses-del-ano\/\" \/>\n<meta property=\"og:site_name\" content=\"COPE Alcoy\" \/>\n<meta property=\"article:published_time\" content=\"2017-01-21T13:10:21+00:00\" \/>\n<meta property=\"og:image\" content=\"https:\/\/www.copealcoy.es\/wp-content\/uploads\/2015\/11\/A1849.jpg\" \/>\n\t<meta property=\"og:image:width\" content=\"725\" \/>\n\t<meta property=\"og:image:height\" content=\"450\" \/>\n\t<meta property=\"og:image:type\" content=\"image\/jpeg\" \/>\n<meta name=\"author\" content=\"Cope Alcoy\" \/>\n<meta name=\"twitter:label1\" content=\"Escrito por\" \/>\n\t<meta name=\"twitter:data1\" content=\"Cope Alcoy\" \/>\n\t<meta name=\"twitter:label2\" content=\"Tiempo de lectura\" \/>\n\t<meta name=\"twitter:data2\" content=\"1 minuto\" \/>\n<script type=\"application\/ld+json\" class=\"yoast-schema-graph\">{\"@context\":\"https:\\\/\\\/schema.org\",\"@graph\":[{\"@type\":\"Article\",\"@id\":\"https:\\\/\\\/www.copealcoy.es\\\/es\\\/variada-oferta-del-principal-los-primeros-meses-del-ano\\\/#article\",\"isPartOf\":{\"@id\":\"https:\\\/\\\/www.copealcoy.es\\\/es\\\/variada-oferta-del-principal-los-primeros-meses-del-ano\\\/\"},\"author\":{\"name\":\"Cope Alcoy\",\"@id\":\"https:\\\/\\\/www.copealcoy.es\\\/es\\\/#\\\/schema\\\/person\\\/e777c87fa024e57d40170af9df39882c\"},\"headline\":\"Variada oferta del Principal para los primeros meses del a\u00f1o\",\"datePublished\":\"2017-01-21T13:10:21+00:00\",\"mainEntityOfPage\":{\"@id\":\"https:\\\/\\\/www.copealcoy.es\\\/es\\\/variada-oferta-del-principal-los-primeros-meses-del-ano\\\/\"},\"wordCount\":298,\"commentCount\":0,\"image\":{\"@id\":\"https:\\\/\\\/www.copealcoy.es\\\/es\\\/variada-oferta-del-principal-los-primeros-meses-del-ano\\\/#primaryimage\"},\"thumbnailUrl\":\"https:\\\/\\\/www.copealcoy.es\\\/wp-content\\\/uploads\\\/2015\\\/11\\\/A1849.jpg\",\"keywords\":[\"Alcoy\",\"M\u00fasica\",\"Teatro Principal\",\"temporada\"],\"articleSection\":[\"Alcoy\",\"Fiesta y Cultura\",\"Noticias\"],\"inLanguage\":\"es\"},{\"@type\":\"WebPage\",\"@id\":\"https:\\\/\\\/www.copealcoy.es\\\/es\\\/variada-oferta-del-principal-los-primeros-meses-del-ano\\\/\",\"url\":\"https:\\\/\\\/www.copealcoy.es\\\/es\\\/variada-oferta-del-principal-los-primeros-meses-del-ano\\\/\",\"name\":\"Variada oferta del Principal para los primeros meses del a\u00f1o - COPE Alcoy\",\"isPartOf\":{\"@id\":\"https:\\\/\\\/www.copealcoy.es\\\/es\\\/#website\"},\"primaryImageOfPage\":{\"@id\":\"https:\\\/\\\/www.copealcoy.es\\\/es\\\/variada-oferta-del-principal-los-primeros-meses-del-ano\\\/#primaryimage\"},\"image\":{\"@id\":\"https:\\\/\\\/www.copealcoy.es\\\/es\\\/variada-oferta-del-principal-los-primeros-meses-del-ano\\\/#primaryimage\"},\"thumbnailUrl\":\"https:\\\/\\\/www.copealcoy.es\\\/wp-content\\\/uploads\\\/2015\\\/11\\\/A1849.jpg\",\"datePublished\":\"2017-01-21T13:10:21+00:00\",\"author\":{\"@id\":\"https:\\\/\\\/www.copealcoy.es\\\/es\\\/#\\\/schema\\\/person\\\/e777c87fa024e57d40170af9df39882c\"},\"breadcrumb\":{\"@id\":\"https:\\\/\\\/www.copealcoy.es\\\/es\\\/variada-oferta-del-principal-los-primeros-meses-del-ano\\\/#breadcrumb\"},\"inLanguage\":\"es\",\"potentialAction\":[{\"@type\":\"ReadAction\",\"target\":[\"https:\\\/\\\/www.copealcoy.es\\\/es\\\/variada-oferta-del-principal-los-primeros-meses-del-ano\\\/\"]}]},{\"@type\":\"ImageObject\",\"inLanguage\":\"es\",\"@id\":\"https:\\\/\\\/www.copealcoy.es\\\/es\\\/variada-oferta-del-principal-los-primeros-meses-del-ano\\\/#primaryimage\",\"url\":\"https:\\\/\\\/www.copealcoy.es\\\/wp-content\\\/uploads\\\/2015\\\/11\\\/A1849.jpg\",\"contentUrl\":\"https:\\\/\\\/www.copealcoy.es\\\/wp-content\\\/uploads\\\/2015\\\/11\\\/A1849.jpg\",\"width\":725,\"height\":450,\"caption\":\"Teatro Principal de Alcoy\"},{\"@type\":\"BreadcrumbList\",\"@id\":\"https:\\\/\\\/www.copealcoy.es\\\/es\\\/variada-oferta-del-principal-los-primeros-meses-del-ano\\\/#breadcrumb\",\"itemListElement\":[{\"@type\":\"ListItem\",\"position\":1,\"name\":\"Portada\",\"item\":\"https:\\\/\\\/www.copealcoy.es\\\/es\\\/\"},{\"@type\":\"ListItem\",\"position\":2,\"name\":\"Variada oferta del Principal para los primeros meses del a\u00f1o\"}]},{\"@type\":\"WebSite\",\"@id\":\"https:\\\/\\\/www.copealcoy.es\\\/es\\\/#website\",\"url\":\"https:\\\/\\\/www.copealcoy.es\\\/es\\\/\",\"name\":\"COPE Alcoy\",\"description\":\"Emisora COPE de radio local con emisi\u00f3n online. Pont de Sant Jordi 8-10 03803 Alcoy\",\"potentialAction\":[{\"@type\":\"SearchAction\",\"target\":{\"@type\":\"EntryPoint\",\"urlTemplate\":\"https:\\\/\\\/www.copealcoy.es\\\/es\\\/?s={search_term_string}\"},\"query-input\":{\"@type\":\"PropertyValueSpecification\",\"valueRequired\":true,\"valueName\":\"search_term_string\"}}],\"inLanguage\":\"es\"},{\"@type\":\"Person\",\"@id\":\"https:\\\/\\\/www.copealcoy.es\\\/es\\\/#\\\/schema\\\/person\\\/e777c87fa024e57d40170af9df39882c\",\"name\":\"Cope Alcoy\",\"image\":{\"@type\":\"ImageObject\",\"inLanguage\":\"es\",\"@id\":\"https:\\\/\\\/secure.gravatar.com\\\/avatar\\\/bb65d0283347e303893ba14f0692005417c1e0e690a325a4c5d8bb2b3943ee14?s=96&d=mm&r=g\",\"url\":\"https:\\\/\\\/secure.gravatar.com\\\/avatar\\\/bb65d0283347e303893ba14f0692005417c1e0e690a325a4c5d8bb2b3943ee14?s=96&d=mm&r=g\",\"contentUrl\":\"https:\\\/\\\/secure.gravatar.com\\\/avatar\\\/bb65d0283347e303893ba14f0692005417c1e0e690a325a4c5d8bb2b3943ee14?s=96&d=mm&r=g\",\"caption\":\"Cope Alcoy\"}}]}<\/script>\n<!-- \/ Yoast SEO plugin. -->","yoast_head_json":{"title":"Variada oferta del Principal para los primeros meses del a\u00f1o - COPE Alcoy","robots":{"index":"index","follow":"follow","max-snippet":"max-snippet:-1","max-image-preview":"max-image-preview:large","max-video-preview":"max-video-preview:-1"},"canonical":"https:\/\/www.copealcoy.es\/es\/variada-oferta-del-principal-los-primeros-meses-del-ano\/","og_locale":"es_ES","og_type":"article","og_title":"Variada oferta del Principal para los primeros meses del a\u00f1o - COPE Alcoy","og_description":"El Teatro Principal de Alcoy ha presentado una variada oferta para la programaci\u00f3n cultural que se llevar\u00e1 a cabo en...","og_url":"https:\/\/www.copealcoy.es\/es\/variada-oferta-del-principal-los-primeros-meses-del-ano\/","og_site_name":"COPE Alcoy","article_published_time":"2017-01-21T13:10:21+00:00","og_image":[{"width":725,"height":450,"url":"https:\/\/www.copealcoy.es\/wp-content\/uploads\/2015\/11\/A1849.jpg","type":"image\/jpeg"}],"author":"Cope Alcoy","twitter_misc":{"Escrito por":"Cope Alcoy","Tiempo de lectura":"1 minuto"},"schema":{"@context":"https:\/\/schema.org","@graph":[{"@type":"Article","@id":"https:\/\/www.copealcoy.es\/es\/variada-oferta-del-principal-los-primeros-meses-del-ano\/#article","isPartOf":{"@id":"https:\/\/www.copealcoy.es\/es\/variada-oferta-del-principal-los-primeros-meses-del-ano\/"},"author":{"name":"Cope Alcoy","@id":"https:\/\/www.copealcoy.es\/es\/#\/schema\/person\/e777c87fa024e57d40170af9df39882c"},"headline":"Variada oferta del Principal para los primeros meses del a\u00f1o","datePublished":"2017-01-21T13:10:21+00:00","mainEntityOfPage":{"@id":"https:\/\/www.copealcoy.es\/es\/variada-oferta-del-principal-los-primeros-meses-del-ano\/"},"wordCount":298,"commentCount":0,"image":{"@id":"https:\/\/www.copealcoy.es\/es\/variada-oferta-del-principal-los-primeros-meses-del-ano\/#primaryimage"},"thumbnailUrl":"https:\/\/www.copealcoy.es\/wp-content\/uploads\/2015\/11\/A1849.jpg","keywords":["Alcoy","M\u00fasica","Teatro Principal","temporada"],"articleSection":["Alcoy","Fiesta y Cultura","Noticias"],"inLanguage":"es"},{"@type":"WebPage","@id":"https:\/\/www.copealcoy.es\/es\/variada-oferta-del-principal-los-primeros-meses-del-ano\/","url":"https:\/\/www.copealcoy.es\/es\/variada-oferta-del-principal-los-primeros-meses-del-ano\/","name":"Variada oferta del Principal para los primeros meses del a\u00f1o - COPE Alcoy","isPartOf":{"@id":"https:\/\/www.copealcoy.es\/es\/#website"},"primaryImageOfPage":{"@id":"https:\/\/www.copealcoy.es\/es\/variada-oferta-del-principal-los-primeros-meses-del-ano\/#primaryimage"},"image":{"@id":"https:\/\/www.copealcoy.es\/es\/variada-oferta-del-principal-los-primeros-meses-del-ano\/#primaryimage"},"thumbnailUrl":"https:\/\/www.copealcoy.es\/wp-content\/uploads\/2015\/11\/A1849.jpg","datePublished":"2017-01-21T13:10:21+00:00","author":{"@id":"https:\/\/www.copealcoy.es\/es\/#\/schema\/person\/e777c87fa024e57d40170af9df39882c"},"breadcrumb":{"@id":"https:\/\/www.copealcoy.es\/es\/variada-oferta-del-principal-los-primeros-meses-del-ano\/#breadcrumb"},"inLanguage":"es","potentialAction":[{"@type":"ReadAction","target":["https:\/\/www.copealcoy.es\/es\/variada-oferta-del-principal-los-primeros-meses-del-ano\/"]}]},{"@type":"ImageObject","inLanguage":"es","@id":"https:\/\/www.copealcoy.es\/es\/variada-oferta-del-principal-los-primeros-meses-del-ano\/#primaryimage","url":"https:\/\/www.copealcoy.es\/wp-content\/uploads\/2015\/11\/A1849.jpg","contentUrl":"https:\/\/www.copealcoy.es\/wp-content\/uploads\/2015\/11\/A1849.jpg","width":725,"height":450,"caption":"Teatro Principal de Alcoy"},{"@type":"BreadcrumbList","@id":"https:\/\/www.copealcoy.es\/es\/variada-oferta-del-principal-los-primeros-meses-del-ano\/#breadcrumb","itemListElement":[{"@type":"ListItem","position":1,"name":"Portada","item":"https:\/\/www.copealcoy.es\/es\/"},{"@type":"ListItem","position":2,"name":"Variada oferta del Principal para los primeros meses del a\u00f1o"}]},{"@type":"WebSite","@id":"https:\/\/www.copealcoy.es\/es\/#website","url":"https:\/\/www.copealcoy.es\/es\/","name":"COPE Alcoy","description":"Emisora COPE de radio local con emisi\u00f3n online. Pont de Sant Jordi 8-10 03803 Alcoy","potentialAction":[{"@type":"SearchAction","target":{"@type":"EntryPoint","urlTemplate":"https:\/\/www.copealcoy.es\/es\/?s={search_term_string}"},"query-input":{"@type":"PropertyValueSpecification","valueRequired":true,"valueName":"search_term_string"}}],"inLanguage":"es"},{"@type":"Person","@id":"https:\/\/www.copealcoy.es\/es\/#\/schema\/person\/e777c87fa024e57d40170af9df39882c","name":"Cope Alcoy","image":{"@type":"ImageObject","inLanguage":"es","@id":"https:\/\/secure.gravatar.com\/avatar\/bb65d0283347e303893ba14f0692005417c1e0e690a325a4c5d8bb2b3943ee14?s=96&d=mm&r=g","url":"https:\/\/secure.gravatar.com\/avatar\/bb65d0283347e303893ba14f0692005417c1e0e690a325a4c5d8bb2b3943ee14?s=96&d=mm&r=g","contentUrl":"https:\/\/secure.gravatar.com\/avatar\/bb65d0283347e303893ba14f0692005417c1e0e690a325a4c5d8bb2b3943ee14?s=96&d=mm&r=g","caption":"Cope Alcoy"}}]}},"_links":{"self":[{"href":"https:\/\/www.copealcoy.es\/es\/wp-json\/wp\/v2\/posts\/28156","targetHints":{"allow":["GET"]}}],"collection":[{"href":"https:\/\/www.copealcoy.es\/es\/wp-json\/wp\/v2\/posts"}],"about":[{"href":"https:\/\/www.copealcoy.es\/es\/wp-json\/wp\/v2\/types\/post"}],"author":[{"embeddable":true,"href":"https:\/\/www.copealcoy.es\/es\/wp-json\/wp\/v2\/users\/1"}],"replies":[{"embeddable":true,"href":"https:\/\/www.copealcoy.es\/es\/wp-json\/wp\/v2\/comments?post=28156"}],"version-history":[{"count":0,"href":"https:\/\/www.copealcoy.es\/es\/wp-json\/wp\/v2\/posts\/28156\/revisions"}],"wp:featuredmedia":[{"embeddable":true,"href":"https:\/\/www.copealcoy.es\/es\/wp-json\/wp\/v2\/media\/17045"}],"wp:attachment":[{"href":"https:\/\/www.copealcoy.es\/es\/wp-json\/wp\/v2\/media?parent=28156"}],"wp:term":[{"taxonomy":"category","embeddable":true,"href":"https:\/\/www.copealcoy.es\/es\/wp-json\/wp\/v2\/categories?post=28156"},{"taxonomy":"post_tag","embeddable":true,"href":"https:\/\/www.copealcoy.es\/es\/wp-json\/wp\/v2\/tags?post=28156"}],"curies":[{"name":"wp","href":"https:\/\/api.w.org\/{rel}","templated":true}]}}