{"id":27886,"date":"2017-01-11T15:28:48","date_gmt":"2017-01-11T15:28:48","guid":{"rendered":"http:\/\/copealcoi.es\/new\/?p=27886"},"modified":"2017-01-11T15:29:25","modified_gmt":"2017-01-11T15:29:25","slug":"el-concurso-de-fotografia-festera-de-muro-ya-tiene-ganadores","status":"publish","type":"post","link":"https:\/\/www.copealcoy.es\/es\/el-concurso-de-fotografia-festera-de-muro-ya-tiene-ganadores\/","title":{"rendered":"El Concurso de Fotograf\u00eda Festera de Muro ya tiene ganadores"},"content":{"rendered":"<p style=\"text-align: justify;\">La Junta de Fiestas de Muro ha dado a conocer los <strong>ganadores del Concurso de Fotograf\u00eda Festera<\/strong> al que se presentaron un total de cinco concursantes con diferentes im\u00e1genes. El primer premio, valorado en 450 euros, ha sido para la fotograf\u00eda de <strong>Francisco Sempere<\/strong> titulada &#8216;Alardo&#8217; mientras que el segundo ha reca\u00eddo en <strong>J.A Jord\u00e1<\/strong> por la instant\u00e1nea titulada &#8216;Fantas\u00eda&#8217;. Por \u00faltimo el tercer premio ha sido para la fotograf\u00eda titulada &#8216;Orgull i Devoci\u00f3&#8217; presentada por <strong>Jos\u00e9 Blasco.<\/strong><\/p>\n<p>&nbsp;<\/p>\n<p>&nbsp;<\/p>\n","protected":false},"excerpt":{"rendered":"<p>La Junta de Fiestas de Muro ha dado a conocer los ganadores del Concurso de Fotograf\u00eda Festera al que se&#8230;<\/p>\n","protected":false},"author":1,"featured_media":21432,"comment_status":"open","ping_status":"open","sticky":false,"template":"","format":"standard","meta":{"footnotes":""},"categories":[98,75],"tags":[237,375,3533,3534,135],"class_list":["post-27886","post","type-post","status-publish","format-standard","has-post-thumbnail","hentry","category-comarcas","category-noticias","tag-comtat","tag-concurso","tag-fotografia-festera","tag-ganadores","tag-muro"],"yoast_head":"<!-- This site is optimized with the Yoast SEO plugin v27.3 - https:\/\/yoast.com\/product\/yoast-seo-wordpress\/ -->\n<title>El Concurso de Fotograf\u00eda Festera de Muro ya tiene ganadores - COPE Alcoy<\/title>\n<meta name=\"robots\" content=\"index, follow, max-snippet:-1, max-image-preview:large, max-video-preview:-1\" \/>\n<link rel=\"canonical\" href=\"https:\/\/www.copealcoy.es\/es\/el-concurso-de-fotografia-festera-de-muro-ya-tiene-ganadores\/\" \/>\n<meta property=\"og:locale\" content=\"es_ES\" \/>\n<meta property=\"og:type\" content=\"article\" \/>\n<meta property=\"og:title\" content=\"El Concurso de Fotograf\u00eda Festera de Muro ya tiene ganadores - COPE Alcoy\" \/>\n<meta property=\"og:description\" content=\"La Junta de Fiestas de Muro ha dado a conocer los ganadores del Concurso de Fotograf\u00eda Festera al que se...\" \/>\n<meta property=\"og:url\" content=\"https:\/\/www.copealcoy.es\/es\/el-concurso-de-fotografia-festera-de-muro-ya-tiene-ganadores\/\" \/>\n<meta property=\"og:site_name\" content=\"COPE Alcoy\" \/>\n<meta property=\"article:published_time\" content=\"2017-01-11T15:28:48+00:00\" \/>\n<meta property=\"article:modified_time\" content=\"2017-01-11T15:29:25+00:00\" \/>\n<meta property=\"og:image\" content=\"https:\/\/www.copealcoy.es\/wp-content\/uploads\/2016\/05\/DSC01442.jpg\" \/>\n\t<meta property=\"og:image:width\" content=\"2592\" \/>\n\t<meta property=\"og:image:height\" content=\"1944\" \/>\n\t<meta property=\"og:image:type\" content=\"image\/jpeg\" \/>\n<meta name=\"author\" content=\"Cope Alcoy\" \/>\n<meta name=\"twitter:label1\" content=\"Escrito por\" \/>\n\t<meta name=\"twitter:data1\" content=\"Cope Alcoy\" \/>\n<script type=\"application\/ld+json\" class=\"yoast-schema-graph\">{\"@context\":\"https:\\\/\\\/schema.org\",\"@graph\":[{\"@type\":\"Article\",\"@id\":\"https:\\\/\\\/www.copealcoy.es\\\/es\\\/el-concurso-de-fotografia-festera-de-muro-ya-tiene-ganadores\\\/#article\",\"isPartOf\":{\"@id\":\"https:\\\/\\\/www.copealcoy.es\\\/es\\\/el-concurso-de-fotografia-festera-de-muro-ya-tiene-ganadores\\\/\"},\"author\":{\"name\":\"Cope Alcoy\",\"@id\":\"https:\\\/\\\/www.copealcoy.es\\\/es\\\/#\\\/schema\\\/person\\\/e777c87fa024e57d40170af9df39882c\"},\"headline\":\"El Concurso de Fotograf\u00eda Festera de Muro ya tiene ganadores\",\"datePublished\":\"2017-01-11T15:28:48+00:00\",\"dateModified\":\"2017-01-11T15:29:25+00:00\",\"mainEntityOfPage\":{\"@id\":\"https:\\\/\\\/www.copealcoy.es\\\/es\\\/el-concurso-de-fotografia-festera-de-muro-ya-tiene-ganadores\\\/\"},\"wordCount\":98,\"commentCount\":0,\"image\":{\"@id\":\"https:\\\/\\\/www.copealcoy.es\\\/es\\\/el-concurso-de-fotografia-festera-de-muro-ya-tiene-ganadores\\\/#primaryimage\"},\"thumbnailUrl\":\"https:\\\/\\\/www.copealcoy.es\\\/wp-content\\\/uploads\\\/2016\\\/05\\\/DSC01442.jpg\",\"keywords\":[\"Comtat\",\"Concurso\",\"Fotograf\u00eda Festera\",\"Ganadores\",\"Muro\"],\"articleSection\":[\"Comarcas\",\"Noticias\"],\"inLanguage\":\"es\"},{\"@type\":\"WebPage\",\"@id\":\"https:\\\/\\\/www.copealcoy.es\\\/es\\\/el-concurso-de-fotografia-festera-de-muro-ya-tiene-ganadores\\\/\",\"url\":\"https:\\\/\\\/www.copealcoy.es\\\/es\\\/el-concurso-de-fotografia-festera-de-muro-ya-tiene-ganadores\\\/\",\"name\":\"El Concurso de Fotograf\u00eda Festera de Muro ya tiene ganadores - COPE Alcoy\",\"isPartOf\":{\"@id\":\"https:\\\/\\\/www.copealcoy.es\\\/es\\\/#website\"},\"primaryImageOfPage\":{\"@id\":\"https:\\\/\\\/www.copealcoy.es\\\/es\\\/el-concurso-de-fotografia-festera-de-muro-ya-tiene-ganadores\\\/#primaryimage\"},\"image\":{\"@id\":\"https:\\\/\\\/www.copealcoy.es\\\/es\\\/el-concurso-de-fotografia-festera-de-muro-ya-tiene-ganadores\\\/#primaryimage\"},\"thumbnailUrl\":\"https:\\\/\\\/www.copealcoy.es\\\/wp-content\\\/uploads\\\/2016\\\/05\\\/DSC01442.jpg\",\"datePublished\":\"2017-01-11T15:28:48+00:00\",\"dateModified\":\"2017-01-11T15:29:25+00:00\",\"author\":{\"@id\":\"https:\\\/\\\/www.copealcoy.es\\\/es\\\/#\\\/schema\\\/person\\\/e777c87fa024e57d40170af9df39882c\"},\"breadcrumb\":{\"@id\":\"https:\\\/\\\/www.copealcoy.es\\\/es\\\/el-concurso-de-fotografia-festera-de-muro-ya-tiene-ganadores\\\/#breadcrumb\"},\"inLanguage\":\"es\",\"potentialAction\":[{\"@type\":\"ReadAction\",\"target\":[\"https:\\\/\\\/www.copealcoy.es\\\/es\\\/el-concurso-de-fotografia-festera-de-muro-ya-tiene-ganadores\\\/\"]}]},{\"@type\":\"ImageObject\",\"inLanguage\":\"es\",\"@id\":\"https:\\\/\\\/www.copealcoy.es\\\/es\\\/el-concurso-de-fotografia-festera-de-muro-ya-tiene-ganadores\\\/#primaryimage\",\"url\":\"https:\\\/\\\/www.copealcoy.es\\\/wp-content\\\/uploads\\\/2016\\\/05\\\/DSC01442.jpg\",\"contentUrl\":\"https:\\\/\\\/www.copealcoy.es\\\/wp-content\\\/uploads\\\/2016\\\/05\\\/DSC01442.jpg\",\"width\":2592,\"height\":1944,\"caption\":\"Juan Balaguer, Capit\u00e1n Cristiano de la Fil\u00e0 Pirates, ha recibido numerosas ovaciones \\\/ Foto: G. Pascual\"},{\"@type\":\"BreadcrumbList\",\"@id\":\"https:\\\/\\\/www.copealcoy.es\\\/es\\\/el-concurso-de-fotografia-festera-de-muro-ya-tiene-ganadores\\\/#breadcrumb\",\"itemListElement\":[{\"@type\":\"ListItem\",\"position\":1,\"name\":\"Portada\",\"item\":\"https:\\\/\\\/www.copealcoy.es\\\/es\\\/\"},{\"@type\":\"ListItem\",\"position\":2,\"name\":\"El Concurso de Fotograf\u00eda Festera de Muro ya tiene ganadores\"}]},{\"@type\":\"WebSite\",\"@id\":\"https:\\\/\\\/www.copealcoy.es\\\/es\\\/#website\",\"url\":\"https:\\\/\\\/www.copealcoy.es\\\/es\\\/\",\"name\":\"COPE Alcoy\",\"description\":\"Emisora COPE de radio local con emisi\u00f3n online. Pont de Sant Jordi 8-10 03803 Alcoy\",\"potentialAction\":[{\"@type\":\"SearchAction\",\"target\":{\"@type\":\"EntryPoint\",\"urlTemplate\":\"https:\\\/\\\/www.copealcoy.es\\\/es\\\/?s={search_term_string}\"},\"query-input\":{\"@type\":\"PropertyValueSpecification\",\"valueRequired\":true,\"valueName\":\"search_term_string\"}}],\"inLanguage\":\"es\"},{\"@type\":\"Person\",\"@id\":\"https:\\\/\\\/www.copealcoy.es\\\/es\\\/#\\\/schema\\\/person\\\/e777c87fa024e57d40170af9df39882c\",\"name\":\"Cope Alcoy\",\"image\":{\"@type\":\"ImageObject\",\"inLanguage\":\"es\",\"@id\":\"https:\\\/\\\/secure.gravatar.com\\\/avatar\\\/bb65d0283347e303893ba14f0692005417c1e0e690a325a4c5d8bb2b3943ee14?s=96&d=mm&r=g\",\"url\":\"https:\\\/\\\/secure.gravatar.com\\\/avatar\\\/bb65d0283347e303893ba14f0692005417c1e0e690a325a4c5d8bb2b3943ee14?s=96&d=mm&r=g\",\"contentUrl\":\"https:\\\/\\\/secure.gravatar.com\\\/avatar\\\/bb65d0283347e303893ba14f0692005417c1e0e690a325a4c5d8bb2b3943ee14?s=96&d=mm&r=g\",\"caption\":\"Cope Alcoy\"}}]}<\/script>\n<!-- \/ Yoast SEO plugin. -->","yoast_head_json":{"title":"El Concurso de Fotograf\u00eda Festera de Muro ya tiene ganadores - COPE Alcoy","robots":{"index":"index","follow":"follow","max-snippet":"max-snippet:-1","max-image-preview":"max-image-preview:large","max-video-preview":"max-video-preview:-1"},"canonical":"https:\/\/www.copealcoy.es\/es\/el-concurso-de-fotografia-festera-de-muro-ya-tiene-ganadores\/","og_locale":"es_ES","og_type":"article","og_title":"El Concurso de Fotograf\u00eda Festera de Muro ya tiene ganadores - COPE Alcoy","og_description":"La Junta de Fiestas de Muro ha dado a conocer los ganadores del Concurso de Fotograf\u00eda Festera al que se...","og_url":"https:\/\/www.copealcoy.es\/es\/el-concurso-de-fotografia-festera-de-muro-ya-tiene-ganadores\/","og_site_name":"COPE Alcoy","article_published_time":"2017-01-11T15:28:48+00:00","article_modified_time":"2017-01-11T15:29:25+00:00","og_image":[{"width":2592,"height":1944,"url":"https:\/\/www.copealcoy.es\/wp-content\/uploads\/2016\/05\/DSC01442.jpg","type":"image\/jpeg"}],"author":"Cope Alcoy","twitter_misc":{"Escrito por":"Cope Alcoy"},"schema":{"@context":"https:\/\/schema.org","@graph":[{"@type":"Article","@id":"https:\/\/www.copealcoy.es\/es\/el-concurso-de-fotografia-festera-de-muro-ya-tiene-ganadores\/#article","isPartOf":{"@id":"https:\/\/www.copealcoy.es\/es\/el-concurso-de-fotografia-festera-de-muro-ya-tiene-ganadores\/"},"author":{"name":"Cope Alcoy","@id":"https:\/\/www.copealcoy.es\/es\/#\/schema\/person\/e777c87fa024e57d40170af9df39882c"},"headline":"El Concurso de Fotograf\u00eda Festera de Muro ya tiene ganadores","datePublished":"2017-01-11T15:28:48+00:00","dateModified":"2017-01-11T15:29:25+00:00","mainEntityOfPage":{"@id":"https:\/\/www.copealcoy.es\/es\/el-concurso-de-fotografia-festera-de-muro-ya-tiene-ganadores\/"},"wordCount":98,"commentCount":0,"image":{"@id":"https:\/\/www.copealcoy.es\/es\/el-concurso-de-fotografia-festera-de-muro-ya-tiene-ganadores\/#primaryimage"},"thumbnailUrl":"https:\/\/www.copealcoy.es\/wp-content\/uploads\/2016\/05\/DSC01442.jpg","keywords":["Comtat","Concurso","Fotograf\u00eda Festera","Ganadores","Muro"],"articleSection":["Comarcas","Noticias"],"inLanguage":"es"},{"@type":"WebPage","@id":"https:\/\/www.copealcoy.es\/es\/el-concurso-de-fotografia-festera-de-muro-ya-tiene-ganadores\/","url":"https:\/\/www.copealcoy.es\/es\/el-concurso-de-fotografia-festera-de-muro-ya-tiene-ganadores\/","name":"El Concurso de Fotograf\u00eda Festera de Muro ya tiene ganadores - COPE Alcoy","isPartOf":{"@id":"https:\/\/www.copealcoy.es\/es\/#website"},"primaryImageOfPage":{"@id":"https:\/\/www.copealcoy.es\/es\/el-concurso-de-fotografia-festera-de-muro-ya-tiene-ganadores\/#primaryimage"},"image":{"@id":"https:\/\/www.copealcoy.es\/es\/el-concurso-de-fotografia-festera-de-muro-ya-tiene-ganadores\/#primaryimage"},"thumbnailUrl":"https:\/\/www.copealcoy.es\/wp-content\/uploads\/2016\/05\/DSC01442.jpg","datePublished":"2017-01-11T15:28:48+00:00","dateModified":"2017-01-11T15:29:25+00:00","author":{"@id":"https:\/\/www.copealcoy.es\/es\/#\/schema\/person\/e777c87fa024e57d40170af9df39882c"},"breadcrumb":{"@id":"https:\/\/www.copealcoy.es\/es\/el-concurso-de-fotografia-festera-de-muro-ya-tiene-ganadores\/#breadcrumb"},"inLanguage":"es","potentialAction":[{"@type":"ReadAction","target":["https:\/\/www.copealcoy.es\/es\/el-concurso-de-fotografia-festera-de-muro-ya-tiene-ganadores\/"]}]},{"@type":"ImageObject","inLanguage":"es","@id":"https:\/\/www.copealcoy.es\/es\/el-concurso-de-fotografia-festera-de-muro-ya-tiene-ganadores\/#primaryimage","url":"https:\/\/www.copealcoy.es\/wp-content\/uploads\/2016\/05\/DSC01442.jpg","contentUrl":"https:\/\/www.copealcoy.es\/wp-content\/uploads\/2016\/05\/DSC01442.jpg","width":2592,"height":1944,"caption":"Juan Balaguer, Capit\u00e1n Cristiano de la Fil\u00e0 Pirates, ha recibido numerosas ovaciones \/ Foto: G. Pascual"},{"@type":"BreadcrumbList","@id":"https:\/\/www.copealcoy.es\/es\/el-concurso-de-fotografia-festera-de-muro-ya-tiene-ganadores\/#breadcrumb","itemListElement":[{"@type":"ListItem","position":1,"name":"Portada","item":"https:\/\/www.copealcoy.es\/es\/"},{"@type":"ListItem","position":2,"name":"El Concurso de Fotograf\u00eda Festera de Muro ya tiene ganadores"}]},{"@type":"WebSite","@id":"https:\/\/www.copealcoy.es\/es\/#website","url":"https:\/\/www.copealcoy.es\/es\/","name":"COPE Alcoy","description":"Emisora COPE de radio local con emisi\u00f3n online. Pont de Sant Jordi 8-10 03803 Alcoy","potentialAction":[{"@type":"SearchAction","target":{"@type":"EntryPoint","urlTemplate":"https:\/\/www.copealcoy.es\/es\/?s={search_term_string}"},"query-input":{"@type":"PropertyValueSpecification","valueRequired":true,"valueName":"search_term_string"}}],"inLanguage":"es"},{"@type":"Person","@id":"https:\/\/www.copealcoy.es\/es\/#\/schema\/person\/e777c87fa024e57d40170af9df39882c","name":"Cope Alcoy","image":{"@type":"ImageObject","inLanguage":"es","@id":"https:\/\/secure.gravatar.com\/avatar\/bb65d0283347e303893ba14f0692005417c1e0e690a325a4c5d8bb2b3943ee14?s=96&d=mm&r=g","url":"https:\/\/secure.gravatar.com\/avatar\/bb65d0283347e303893ba14f0692005417c1e0e690a325a4c5d8bb2b3943ee14?s=96&d=mm&r=g","contentUrl":"https:\/\/secure.gravatar.com\/avatar\/bb65d0283347e303893ba14f0692005417c1e0e690a325a4c5d8bb2b3943ee14?s=96&d=mm&r=g","caption":"Cope Alcoy"}}]}},"_links":{"self":[{"href":"https:\/\/www.copealcoy.es\/es\/wp-json\/wp\/v2\/posts\/27886","targetHints":{"allow":["GET"]}}],"collection":[{"href":"https:\/\/www.copealcoy.es\/es\/wp-json\/wp\/v2\/posts"}],"about":[{"href":"https:\/\/www.copealcoy.es\/es\/wp-json\/wp\/v2\/types\/post"}],"author":[{"embeddable":true,"href":"https:\/\/www.copealcoy.es\/es\/wp-json\/wp\/v2\/users\/1"}],"replies":[{"embeddable":true,"href":"https:\/\/www.copealcoy.es\/es\/wp-json\/wp\/v2\/comments?post=27886"}],"version-history":[{"count":0,"href":"https:\/\/www.copealcoy.es\/es\/wp-json\/wp\/v2\/posts\/27886\/revisions"}],"wp:featuredmedia":[{"embeddable":true,"href":"https:\/\/www.copealcoy.es\/es\/wp-json\/wp\/v2\/media\/21432"}],"wp:attachment":[{"href":"https:\/\/www.copealcoy.es\/es\/wp-json\/wp\/v2\/media?parent=27886"}],"wp:term":[{"taxonomy":"category","embeddable":true,"href":"https:\/\/www.copealcoy.es\/es\/wp-json\/wp\/v2\/categories?post=27886"},{"taxonomy":"post_tag","embeddable":true,"href":"https:\/\/www.copealcoy.es\/es\/wp-json\/wp\/v2\/tags?post=27886"}],"curies":[{"name":"wp","href":"https:\/\/api.w.org\/{rel}","templated":true}]}}