{"id":27813,"date":"2017-01-09T15:24:02","date_gmt":"2017-01-09T15:24:02","guid":{"rendered":"http:\/\/copealcoi.es\/new\/?p=27813"},"modified":"2017-01-09T15:24:29","modified_gmt":"2017-01-09T15:24:29","slug":"jordi-pla-asumira-la-redaccion-del-codigo-etico-del-bloc","status":"publish","type":"post","link":"https:\/\/www.copealcoy.es\/es\/jordi-pla-asumira-la-redaccion-del-codigo-etico-del-bloc\/","title":{"rendered":"Jordi Pla asumir\u00e1 la redacci\u00f3n del c\u00f3digo \u00e9tico del BLOC"},"content":{"rendered":"<p style=\"text-align: justify;\">El concejal contestano de la coalici\u00f3n Col\u00b7lectiu 03820 &#8211; Comprom\u00eds, <strong>Jordi Pla<\/strong>, ser\u00e1 el encargado de <strong>redactar el c\u00f3digo \u00e9tico del BLOC\u00a0<\/strong>seg\u00fan se decidi\u00f3 en el <strong>Consell Nacional de esta formaci\u00f3n pol\u00edtica<\/strong> celebrado en Sagunt el pasado s\u00e1bado 7 de enero.<\/p>\n<p style=\"text-align: justify;\">Jordi Pla formar\u00e1 parte de la <strong>comisi\u00f3n redactora<\/strong> que en un plazo m\u00e1ximo de tres meses, tendr\u00e1 que tener listo <strong>un primer borrador del documento<\/strong> para dar forma a <em>&#8220;un C\u00f3digo \u00c9tico serio, realista y que no sea papel mojado o un documento demag\u00f3gico. Es momento de construir un pa\u00eds limpio, desde la vocaci\u00f3n de servicio p\u00fablico y la limpieza m\u00e1s absoluta al servicio del pueblo valenciano&#8221;,<\/em> destaca. Adem\u00e1s Jordi Pla asegura que <strong>afronta este reto con ilusi\u00f3n<\/strong> <em>&#8220;estoy contento por el apoyo recibido por parte del Consell Nacional y eso sit\u00faa a Cocentaina y a la comarca como referentes para Comprom\u00eds. Mientras hay partidos que tienen que esconderse porque cada d\u00eda les estalla un caso de corrupci\u00f3n, en BLOC-Comprom\u00eds somos pioneros en regeneraci\u00f3n democr\u00e1tica&#8221;,<\/em> destaca.<\/p>\n<p style=\"text-align: justify;\">Recordar que Jordi Pla<strong> ya form\u00f3 parte del equipo redactor de la Ponencia Pol\u00edtica para el s\u00e9ptimo Congreso Nacional<\/strong> al mismo tiempo que result\u00f3 ser el m\u00e1s votado para acceder al Consell Nacional.<\/p>\n<p>&nbsp;<\/p>\n","protected":false},"excerpt":{"rendered":"<p>El concejal contestano de la coalici\u00f3n Col\u00b7lectiu 03820 &#8211; Comprom\u00eds, Jordi Pla, ser\u00e1 el encargado de redactar el c\u00f3digo \u00e9tico&#8230;<\/p>\n","protected":false},"author":1,"featured_media":14018,"comment_status":"open","ping_status":"open","sticky":false,"template":"","format":"standard","meta":{"footnotes":""},"categories":[98,75],"tags":[2128,132,777,2290,2092],"class_list":["post-27813","post","type-post","status-publish","format-standard","has-post-thumbnail","hentry","category-comarcas","category-noticias","tag-bloc","tag-cocentaina","tag-collectiu-03820-compromis","tag-consell-nacional","tag-jordi-pla"],"yoast_head":"<!-- This site is optimized with the Yoast SEO plugin v27.3 - https:\/\/yoast.com\/product\/yoast-seo-wordpress\/ -->\n<title>Jordi Pla asumir\u00e1 la redacci\u00f3n del c\u00f3digo \u00e9tico del BLOC - COPE Alcoy<\/title>\n<meta name=\"robots\" content=\"index, follow, max-snippet:-1, max-image-preview:large, max-video-preview:-1\" \/>\n<link rel=\"canonical\" href=\"https:\/\/www.copealcoy.es\/es\/jordi-pla-asumira-la-redaccion-del-codigo-etico-del-bloc\/\" \/>\n<meta property=\"og:locale\" content=\"es_ES\" \/>\n<meta property=\"og:type\" content=\"article\" \/>\n<meta property=\"og:title\" content=\"Jordi Pla asumir\u00e1 la redacci\u00f3n del c\u00f3digo \u00e9tico del BLOC - COPE Alcoy\" \/>\n<meta property=\"og:description\" content=\"El concejal contestano de la coalici\u00f3n Col\u00b7lectiu 03820 &#8211; Comprom\u00eds, Jordi Pla, ser\u00e1 el encargado de redactar el c\u00f3digo \u00e9tico...\" \/>\n<meta property=\"og:url\" content=\"https:\/\/www.copealcoy.es\/es\/jordi-pla-asumira-la-redaccion-del-codigo-etico-del-bloc\/\" \/>\n<meta property=\"og:site_name\" content=\"COPE Alcoy\" \/>\n<meta property=\"article:published_time\" content=\"2017-01-09T15:24:02+00:00\" \/>\n<meta property=\"article:modified_time\" content=\"2017-01-09T15:24:29+00:00\" \/>\n<meta property=\"og:image\" content=\"https:\/\/www.copealcoy.es\/wp-content\/uploads\/2015\/06\/10494674_944210718934322_3189304991455698177_n.jpg\" \/>\n\t<meta property=\"og:image:width\" content=\"960\" \/>\n\t<meta property=\"og:image:height\" content=\"639\" \/>\n\t<meta property=\"og:image:type\" content=\"image\/jpeg\" \/>\n<meta name=\"author\" content=\"Cope Alcoy\" \/>\n<meta name=\"twitter:label1\" content=\"Escrito por\" \/>\n\t<meta name=\"twitter:data1\" content=\"Cope Alcoy\" \/>\n\t<meta name=\"twitter:label2\" content=\"Tiempo de lectura\" \/>\n\t<meta name=\"twitter:data2\" content=\"1 minuto\" \/>\n<script type=\"application\/ld+json\" class=\"yoast-schema-graph\">{\"@context\":\"https:\\\/\\\/schema.org\",\"@graph\":[{\"@type\":\"Article\",\"@id\":\"https:\\\/\\\/www.copealcoy.es\\\/es\\\/jordi-pla-asumira-la-redaccion-del-codigo-etico-del-bloc\\\/#article\",\"isPartOf\":{\"@id\":\"https:\\\/\\\/www.copealcoy.es\\\/es\\\/jordi-pla-asumira-la-redaccion-del-codigo-etico-del-bloc\\\/\"},\"author\":{\"name\":\"Cope Alcoy\",\"@id\":\"https:\\\/\\\/www.copealcoy.es\\\/es\\\/#\\\/schema\\\/person\\\/e777c87fa024e57d40170af9df39882c\"},\"headline\":\"Jordi Pla asumir\u00e1 la redacci\u00f3n del c\u00f3digo \u00e9tico del BLOC\",\"datePublished\":\"2017-01-09T15:24:02+00:00\",\"dateModified\":\"2017-01-09T15:24:29+00:00\",\"mainEntityOfPage\":{\"@id\":\"https:\\\/\\\/www.copealcoy.es\\\/es\\\/jordi-pla-asumira-la-redaccion-del-codigo-etico-del-bloc\\\/\"},\"wordCount\":240,\"commentCount\":0,\"image\":{\"@id\":\"https:\\\/\\\/www.copealcoy.es\\\/es\\\/jordi-pla-asumira-la-redaccion-del-codigo-etico-del-bloc\\\/#primaryimage\"},\"thumbnailUrl\":\"https:\\\/\\\/www.copealcoy.es\\\/wp-content\\\/uploads\\\/2015\\\/06\\\/10494674_944210718934322_3189304991455698177_n.jpg\",\"keywords\":[\"BLOC\",\"Cocentaina\",\"Col\u00b7lectiu 03820-Comprom\u00eds\",\"Consell Nacional\",\"Jordi Pla\"],\"articleSection\":[\"Comarcas\",\"Noticias\"],\"inLanguage\":\"es\"},{\"@type\":\"WebPage\",\"@id\":\"https:\\\/\\\/www.copealcoy.es\\\/es\\\/jordi-pla-asumira-la-redaccion-del-codigo-etico-del-bloc\\\/\",\"url\":\"https:\\\/\\\/www.copealcoy.es\\\/es\\\/jordi-pla-asumira-la-redaccion-del-codigo-etico-del-bloc\\\/\",\"name\":\"Jordi Pla asumir\u00e1 la redacci\u00f3n del c\u00f3digo \u00e9tico del BLOC - COPE Alcoy\",\"isPartOf\":{\"@id\":\"https:\\\/\\\/www.copealcoy.es\\\/es\\\/#website\"},\"primaryImageOfPage\":{\"@id\":\"https:\\\/\\\/www.copealcoy.es\\\/es\\\/jordi-pla-asumira-la-redaccion-del-codigo-etico-del-bloc\\\/#primaryimage\"},\"image\":{\"@id\":\"https:\\\/\\\/www.copealcoy.es\\\/es\\\/jordi-pla-asumira-la-redaccion-del-codigo-etico-del-bloc\\\/#primaryimage\"},\"thumbnailUrl\":\"https:\\\/\\\/www.copealcoy.es\\\/wp-content\\\/uploads\\\/2015\\\/06\\\/10494674_944210718934322_3189304991455698177_n.jpg\",\"datePublished\":\"2017-01-09T15:24:02+00:00\",\"dateModified\":\"2017-01-09T15:24:29+00:00\",\"author\":{\"@id\":\"https:\\\/\\\/www.copealcoy.es\\\/es\\\/#\\\/schema\\\/person\\\/e777c87fa024e57d40170af9df39882c\"},\"breadcrumb\":{\"@id\":\"https:\\\/\\\/www.copealcoy.es\\\/es\\\/jordi-pla-asumira-la-redaccion-del-codigo-etico-del-bloc\\\/#breadcrumb\"},\"inLanguage\":\"es\",\"potentialAction\":[{\"@type\":\"ReadAction\",\"target\":[\"https:\\\/\\\/www.copealcoy.es\\\/es\\\/jordi-pla-asumira-la-redaccion-del-codigo-etico-del-bloc\\\/\"]}]},{\"@type\":\"ImageObject\",\"inLanguage\":\"es\",\"@id\":\"https:\\\/\\\/www.copealcoy.es\\\/es\\\/jordi-pla-asumira-la-redaccion-del-codigo-etico-del-bloc\\\/#primaryimage\",\"url\":\"https:\\\/\\\/www.copealcoy.es\\\/wp-content\\\/uploads\\\/2015\\\/06\\\/10494674_944210718934322_3189304991455698177_n.jpg\",\"contentUrl\":\"https:\\\/\\\/www.copealcoy.es\\\/wp-content\\\/uploads\\\/2015\\\/06\\\/10494674_944210718934322_3189304991455698177_n.jpg\",\"width\":960,\"height\":639,\"caption\":\"Jordi Pla es edil de Col\u00b7lectiu 03820 - Comprom\u00eds en Cocentaina\"},{\"@type\":\"BreadcrumbList\",\"@id\":\"https:\\\/\\\/www.copealcoy.es\\\/es\\\/jordi-pla-asumira-la-redaccion-del-codigo-etico-del-bloc\\\/#breadcrumb\",\"itemListElement\":[{\"@type\":\"ListItem\",\"position\":1,\"name\":\"Portada\",\"item\":\"https:\\\/\\\/www.copealcoy.es\\\/es\\\/\"},{\"@type\":\"ListItem\",\"position\":2,\"name\":\"Jordi Pla asumir\u00e1 la redacci\u00f3n del c\u00f3digo \u00e9tico del BLOC\"}]},{\"@type\":\"WebSite\",\"@id\":\"https:\\\/\\\/www.copealcoy.es\\\/es\\\/#website\",\"url\":\"https:\\\/\\\/www.copealcoy.es\\\/es\\\/\",\"name\":\"COPE Alcoy\",\"description\":\"Emisora COPE de radio local con emisi\u00f3n online. Pont de Sant Jordi 8-10 03803 Alcoy\",\"potentialAction\":[{\"@type\":\"SearchAction\",\"target\":{\"@type\":\"EntryPoint\",\"urlTemplate\":\"https:\\\/\\\/www.copealcoy.es\\\/es\\\/?s={search_term_string}\"},\"query-input\":{\"@type\":\"PropertyValueSpecification\",\"valueRequired\":true,\"valueName\":\"search_term_string\"}}],\"inLanguage\":\"es\"},{\"@type\":\"Person\",\"@id\":\"https:\\\/\\\/www.copealcoy.es\\\/es\\\/#\\\/schema\\\/person\\\/e777c87fa024e57d40170af9df39882c\",\"name\":\"Cope Alcoy\",\"image\":{\"@type\":\"ImageObject\",\"inLanguage\":\"es\",\"@id\":\"https:\\\/\\\/secure.gravatar.com\\\/avatar\\\/bb65d0283347e303893ba14f0692005417c1e0e690a325a4c5d8bb2b3943ee14?s=96&d=mm&r=g\",\"url\":\"https:\\\/\\\/secure.gravatar.com\\\/avatar\\\/bb65d0283347e303893ba14f0692005417c1e0e690a325a4c5d8bb2b3943ee14?s=96&d=mm&r=g\",\"contentUrl\":\"https:\\\/\\\/secure.gravatar.com\\\/avatar\\\/bb65d0283347e303893ba14f0692005417c1e0e690a325a4c5d8bb2b3943ee14?s=96&d=mm&r=g\",\"caption\":\"Cope Alcoy\"}}]}<\/script>\n<!-- \/ Yoast SEO plugin. -->","yoast_head_json":{"title":"Jordi Pla asumir\u00e1 la redacci\u00f3n del c\u00f3digo \u00e9tico del BLOC - COPE Alcoy","robots":{"index":"index","follow":"follow","max-snippet":"max-snippet:-1","max-image-preview":"max-image-preview:large","max-video-preview":"max-video-preview:-1"},"canonical":"https:\/\/www.copealcoy.es\/es\/jordi-pla-asumira-la-redaccion-del-codigo-etico-del-bloc\/","og_locale":"es_ES","og_type":"article","og_title":"Jordi Pla asumir\u00e1 la redacci\u00f3n del c\u00f3digo \u00e9tico del BLOC - COPE Alcoy","og_description":"El concejal contestano de la coalici\u00f3n Col\u00b7lectiu 03820 &#8211; Comprom\u00eds, Jordi Pla, ser\u00e1 el encargado de redactar el c\u00f3digo \u00e9tico...","og_url":"https:\/\/www.copealcoy.es\/es\/jordi-pla-asumira-la-redaccion-del-codigo-etico-del-bloc\/","og_site_name":"COPE Alcoy","article_published_time":"2017-01-09T15:24:02+00:00","article_modified_time":"2017-01-09T15:24:29+00:00","og_image":[{"width":960,"height":639,"url":"https:\/\/www.copealcoy.es\/wp-content\/uploads\/2015\/06\/10494674_944210718934322_3189304991455698177_n.jpg","type":"image\/jpeg"}],"author":"Cope Alcoy","twitter_misc":{"Escrito por":"Cope Alcoy","Tiempo de lectura":"1 minuto"},"schema":{"@context":"https:\/\/schema.org","@graph":[{"@type":"Article","@id":"https:\/\/www.copealcoy.es\/es\/jordi-pla-asumira-la-redaccion-del-codigo-etico-del-bloc\/#article","isPartOf":{"@id":"https:\/\/www.copealcoy.es\/es\/jordi-pla-asumira-la-redaccion-del-codigo-etico-del-bloc\/"},"author":{"name":"Cope Alcoy","@id":"https:\/\/www.copealcoy.es\/es\/#\/schema\/person\/e777c87fa024e57d40170af9df39882c"},"headline":"Jordi Pla asumir\u00e1 la redacci\u00f3n del c\u00f3digo \u00e9tico del BLOC","datePublished":"2017-01-09T15:24:02+00:00","dateModified":"2017-01-09T15:24:29+00:00","mainEntityOfPage":{"@id":"https:\/\/www.copealcoy.es\/es\/jordi-pla-asumira-la-redaccion-del-codigo-etico-del-bloc\/"},"wordCount":240,"commentCount":0,"image":{"@id":"https:\/\/www.copealcoy.es\/es\/jordi-pla-asumira-la-redaccion-del-codigo-etico-del-bloc\/#primaryimage"},"thumbnailUrl":"https:\/\/www.copealcoy.es\/wp-content\/uploads\/2015\/06\/10494674_944210718934322_3189304991455698177_n.jpg","keywords":["BLOC","Cocentaina","Col\u00b7lectiu 03820-Comprom\u00eds","Consell Nacional","Jordi Pla"],"articleSection":["Comarcas","Noticias"],"inLanguage":"es"},{"@type":"WebPage","@id":"https:\/\/www.copealcoy.es\/es\/jordi-pla-asumira-la-redaccion-del-codigo-etico-del-bloc\/","url":"https:\/\/www.copealcoy.es\/es\/jordi-pla-asumira-la-redaccion-del-codigo-etico-del-bloc\/","name":"Jordi Pla asumir\u00e1 la redacci\u00f3n del c\u00f3digo \u00e9tico del BLOC - COPE Alcoy","isPartOf":{"@id":"https:\/\/www.copealcoy.es\/es\/#website"},"primaryImageOfPage":{"@id":"https:\/\/www.copealcoy.es\/es\/jordi-pla-asumira-la-redaccion-del-codigo-etico-del-bloc\/#primaryimage"},"image":{"@id":"https:\/\/www.copealcoy.es\/es\/jordi-pla-asumira-la-redaccion-del-codigo-etico-del-bloc\/#primaryimage"},"thumbnailUrl":"https:\/\/www.copealcoy.es\/wp-content\/uploads\/2015\/06\/10494674_944210718934322_3189304991455698177_n.jpg","datePublished":"2017-01-09T15:24:02+00:00","dateModified":"2017-01-09T15:24:29+00:00","author":{"@id":"https:\/\/www.copealcoy.es\/es\/#\/schema\/person\/e777c87fa024e57d40170af9df39882c"},"breadcrumb":{"@id":"https:\/\/www.copealcoy.es\/es\/jordi-pla-asumira-la-redaccion-del-codigo-etico-del-bloc\/#breadcrumb"},"inLanguage":"es","potentialAction":[{"@type":"ReadAction","target":["https:\/\/www.copealcoy.es\/es\/jordi-pla-asumira-la-redaccion-del-codigo-etico-del-bloc\/"]}]},{"@type":"ImageObject","inLanguage":"es","@id":"https:\/\/www.copealcoy.es\/es\/jordi-pla-asumira-la-redaccion-del-codigo-etico-del-bloc\/#primaryimage","url":"https:\/\/www.copealcoy.es\/wp-content\/uploads\/2015\/06\/10494674_944210718934322_3189304991455698177_n.jpg","contentUrl":"https:\/\/www.copealcoy.es\/wp-content\/uploads\/2015\/06\/10494674_944210718934322_3189304991455698177_n.jpg","width":960,"height":639,"caption":"Jordi Pla es edil de Col\u00b7lectiu 03820 - Comprom\u00eds en Cocentaina"},{"@type":"BreadcrumbList","@id":"https:\/\/www.copealcoy.es\/es\/jordi-pla-asumira-la-redaccion-del-codigo-etico-del-bloc\/#breadcrumb","itemListElement":[{"@type":"ListItem","position":1,"name":"Portada","item":"https:\/\/www.copealcoy.es\/es\/"},{"@type":"ListItem","position":2,"name":"Jordi Pla asumir\u00e1 la redacci\u00f3n del c\u00f3digo \u00e9tico del BLOC"}]},{"@type":"WebSite","@id":"https:\/\/www.copealcoy.es\/es\/#website","url":"https:\/\/www.copealcoy.es\/es\/","name":"COPE Alcoy","description":"Emisora COPE de radio local con emisi\u00f3n online. Pont de Sant Jordi 8-10 03803 Alcoy","potentialAction":[{"@type":"SearchAction","target":{"@type":"EntryPoint","urlTemplate":"https:\/\/www.copealcoy.es\/es\/?s={search_term_string}"},"query-input":{"@type":"PropertyValueSpecification","valueRequired":true,"valueName":"search_term_string"}}],"inLanguage":"es"},{"@type":"Person","@id":"https:\/\/www.copealcoy.es\/es\/#\/schema\/person\/e777c87fa024e57d40170af9df39882c","name":"Cope Alcoy","image":{"@type":"ImageObject","inLanguage":"es","@id":"https:\/\/secure.gravatar.com\/avatar\/bb65d0283347e303893ba14f0692005417c1e0e690a325a4c5d8bb2b3943ee14?s=96&d=mm&r=g","url":"https:\/\/secure.gravatar.com\/avatar\/bb65d0283347e303893ba14f0692005417c1e0e690a325a4c5d8bb2b3943ee14?s=96&d=mm&r=g","contentUrl":"https:\/\/secure.gravatar.com\/avatar\/bb65d0283347e303893ba14f0692005417c1e0e690a325a4c5d8bb2b3943ee14?s=96&d=mm&r=g","caption":"Cope Alcoy"}}]}},"_links":{"self":[{"href":"https:\/\/www.copealcoy.es\/es\/wp-json\/wp\/v2\/posts\/27813","targetHints":{"allow":["GET"]}}],"collection":[{"href":"https:\/\/www.copealcoy.es\/es\/wp-json\/wp\/v2\/posts"}],"about":[{"href":"https:\/\/www.copealcoy.es\/es\/wp-json\/wp\/v2\/types\/post"}],"author":[{"embeddable":true,"href":"https:\/\/www.copealcoy.es\/es\/wp-json\/wp\/v2\/users\/1"}],"replies":[{"embeddable":true,"href":"https:\/\/www.copealcoy.es\/es\/wp-json\/wp\/v2\/comments?post=27813"}],"version-history":[{"count":0,"href":"https:\/\/www.copealcoy.es\/es\/wp-json\/wp\/v2\/posts\/27813\/revisions"}],"wp:featuredmedia":[{"embeddable":true,"href":"https:\/\/www.copealcoy.es\/es\/wp-json\/wp\/v2\/media\/14018"}],"wp:attachment":[{"href":"https:\/\/www.copealcoy.es\/es\/wp-json\/wp\/v2\/media?parent=27813"}],"wp:term":[{"taxonomy":"category","embeddable":true,"href":"https:\/\/www.copealcoy.es\/es\/wp-json\/wp\/v2\/categories?post=27813"},{"taxonomy":"post_tag","embeddable":true,"href":"https:\/\/www.copealcoy.es\/es\/wp-json\/wp\/v2\/tags?post=27813"}],"curies":[{"name":"wp","href":"https:\/\/api.w.org\/{rel}","templated":true}]}}