{"id":27781,"date":"2017-01-07T14:45:54","date_gmt":"2017-01-07T14:45:54","guid":{"rendered":"http:\/\/copealcoi.es\/new\/?p=27781"},"modified":"2017-01-07T14:48:05","modified_gmt":"2017-01-07T14:48:05","slug":"tirisiti-despide-una-nueva-temporada-record","status":"publish","type":"post","link":"https:\/\/www.copealcoy.es\/es\/tirisiti-despide-una-nueva-temporada-record\/","title":{"rendered":"Tirisiti despide una nueva temporada de r\u00e9cord"},"content":{"rendered":"<p style=\"text-align: justify;\">El Bel\u00e9n del Tirisiti <strong>cerr\u00f3 campa\u00f1a<\/strong> el pasado jueves 5 de enero y lo hizo<strong> tras recibir a 28.000 espectadores<\/strong> seg\u00fan han informado desde La Dependent, compa\u00f1\u00eda teatral encargada de llevar a cabo las funciones del popular retablo navide\u00f1o alcoyano. Por el Teatro Principal pasaron <strong>14.000 personas en las representaciones para el p\u00fablico en general<\/strong> y a esta cifra hay que sumar<strong> los 12.000 escolares que acudieron desde el 28 de noviembre<\/strong> y las<strong> 2.000 personas que disfrutaron de este espect\u00e1culo en las sesiones especiale<\/strong>s que se llevaron a cabo los d\u00edas 3, 10 y 17 de diciembre.<\/p>\n<p style=\"text-align: justify;\">Hay que destacar que en esta temporada se han realizado<strong> 192 sesiones<\/strong> de las cuales 82 han sido en la campa\u00f1a para todos los p\u00fablicos, 15 especiales y de protocolo y 95 para la campa\u00f1a escolar. Entre las referencias a la actualidad se\u00f1alar que <strong>Tirisiti ha hecho menci\u00f3n a Pok\u00e9mon Go, Camilo Sesto o Donald Trump<\/strong> al mismo tiempo que ha incorporado\u00a0los <strong>dise\u00f1os femeninos de les filaes Verdes y Navarros<\/strong> e incluso los camellos de los Reyes que se han podido ver en algunas representaciones.<\/p>\n<p style=\"text-align: justify;\">El Teatro Principal ha notado el aumento de p\u00fablico de fuera de la ciudad y de la Comunidad Valenciana y Tirisiti, junto a todos los personajes del Bel\u00e9n, <strong>ha recibido la visita de personas procedentes de Jap\u00f3n, Noruega, Alemania y Francia<\/strong>. La vertiente solidaria ha vuelto a ser una constante en el Tirisiti y se ha recogido <strong>una tonelada de alimentos no perecederos<\/strong> para el Economato de C\u00e1ritas Alcoy al mismo tiempo que <strong>llegaron a agotarse los Globos<\/strong> cuya recaudaci\u00f3n, iba destinada a la Asociaci\u00f3n para la Integraci\u00f3n del Ni\u00f1o (AIN).<\/p>\n<p>&nbsp;<\/p>\n","protected":false},"excerpt":{"rendered":"<p>El Bel\u00e9n del Tirisiti cerr\u00f3 campa\u00f1a el pasado jueves 5 de enero y lo hizo tras recibir a 28.000 espectadores&#8230;<\/p>\n","protected":false},"author":1,"featured_media":27782,"comment_status":"open","ping_status":"open","sticky":false,"template":"","format":"standard","meta":{"footnotes":""},"categories":[97,78,75],"tags":[564,1494,3519,1773,1772],"class_list":["post-27781","post","type-post","status-publish","format-standard","has-post-thumbnail","hentry","category-alcoy","category-fiestaycultura","category-noticias","tag-ain","tag-alcoy","tag-belen-tirisiti","tag-la-dependent","tag-teatro-principal"],"yoast_head":"<!-- This site is optimized with the Yoast SEO plugin v27.3 - https:\/\/yoast.com\/product\/yoast-seo-wordpress\/ -->\n<title>Tirisiti despide una nueva temporada de r\u00e9cord - COPE Alcoy<\/title>\n<meta name=\"robots\" content=\"index, follow, max-snippet:-1, max-image-preview:large, max-video-preview:-1\" \/>\n<link rel=\"canonical\" href=\"https:\/\/www.copealcoy.es\/es\/tirisiti-despide-una-nueva-temporada-record\/\" \/>\n<meta property=\"og:locale\" content=\"es_ES\" \/>\n<meta property=\"og:type\" content=\"article\" \/>\n<meta property=\"og:title\" content=\"Tirisiti despide una nueva temporada de r\u00e9cord - COPE Alcoy\" \/>\n<meta property=\"og:description\" content=\"El Bel\u00e9n del Tirisiti cerr\u00f3 campa\u00f1a el pasado jueves 5 de enero y lo hizo tras recibir a 28.000 espectadores...\" \/>\n<meta property=\"og:url\" content=\"https:\/\/www.copealcoy.es\/es\/tirisiti-despide-una-nueva-temporada-record\/\" \/>\n<meta property=\"og:site_name\" content=\"COPE Alcoy\" \/>\n<meta property=\"article:published_time\" content=\"2017-01-07T14:45:54+00:00\" \/>\n<meta property=\"article:modified_time\" content=\"2017-01-07T14:48:05+00:00\" \/>\n<meta property=\"og:image\" content=\"https:\/\/www.copealcoy.es\/wp-content\/uploads\/2017\/01\/TIRISITI-0029b_FotoPRATSiCAMPS-604x270.jpg\" \/>\n\t<meta property=\"og:image:width\" content=\"604\" \/>\n\t<meta property=\"og:image:height\" content=\"270\" \/>\n\t<meta property=\"og:image:type\" content=\"image\/jpeg\" \/>\n<meta name=\"author\" content=\"Cope Alcoy\" \/>\n<meta name=\"twitter:label1\" content=\"Escrito por\" \/>\n\t<meta name=\"twitter:data1\" content=\"Cope Alcoy\" \/>\n\t<meta name=\"twitter:label2\" content=\"Tiempo de lectura\" \/>\n\t<meta name=\"twitter:data2\" content=\"1 minuto\" \/>\n<script type=\"application\/ld+json\" class=\"yoast-schema-graph\">{\"@context\":\"https:\\\/\\\/schema.org\",\"@graph\":[{\"@type\":\"Article\",\"@id\":\"https:\\\/\\\/www.copealcoy.es\\\/es\\\/tirisiti-despide-una-nueva-temporada-record\\\/#article\",\"isPartOf\":{\"@id\":\"https:\\\/\\\/www.copealcoy.es\\\/es\\\/tirisiti-despide-una-nueva-temporada-record\\\/\"},\"author\":{\"name\":\"Cope Alcoy\",\"@id\":\"https:\\\/\\\/www.copealcoy.es\\\/es\\\/#\\\/schema\\\/person\\\/e777c87fa024e57d40170af9df39882c\"},\"headline\":\"Tirisiti despide una nueva temporada de r\u00e9cord\",\"datePublished\":\"2017-01-07T14:45:54+00:00\",\"dateModified\":\"2017-01-07T14:48:05+00:00\",\"mainEntityOfPage\":{\"@id\":\"https:\\\/\\\/www.copealcoy.es\\\/es\\\/tirisiti-despide-una-nueva-temporada-record\\\/\"},\"wordCount\":294,\"commentCount\":0,\"image\":{\"@id\":\"https:\\\/\\\/www.copealcoy.es\\\/es\\\/tirisiti-despide-una-nueva-temporada-record\\\/#primaryimage\"},\"thumbnailUrl\":\"https:\\\/\\\/www.copealcoy.es\\\/wp-content\\\/uploads\\\/2017\\\/01\\\/TIRISITI-0029b_FotoPRATSiCAMPS-604x270.jpg\",\"keywords\":[\"AIN\",\"Alcoy\",\"Bel\u00e9n Tirisiti\",\"La Dependent\",\"Teatro Principal\"],\"articleSection\":[\"Alcoy\",\"Fiesta y Cultura\",\"Noticias\"],\"inLanguage\":\"es\"},{\"@type\":\"WebPage\",\"@id\":\"https:\\\/\\\/www.copealcoy.es\\\/es\\\/tirisiti-despide-una-nueva-temporada-record\\\/\",\"url\":\"https:\\\/\\\/www.copealcoy.es\\\/es\\\/tirisiti-despide-una-nueva-temporada-record\\\/\",\"name\":\"Tirisiti despide una nueva temporada de r\u00e9cord - COPE Alcoy\",\"isPartOf\":{\"@id\":\"https:\\\/\\\/www.copealcoy.es\\\/es\\\/#website\"},\"primaryImageOfPage\":{\"@id\":\"https:\\\/\\\/www.copealcoy.es\\\/es\\\/tirisiti-despide-una-nueva-temporada-record\\\/#primaryimage\"},\"image\":{\"@id\":\"https:\\\/\\\/www.copealcoy.es\\\/es\\\/tirisiti-despide-una-nueva-temporada-record\\\/#primaryimage\"},\"thumbnailUrl\":\"https:\\\/\\\/www.copealcoy.es\\\/wp-content\\\/uploads\\\/2017\\\/01\\\/TIRISITI-0029b_FotoPRATSiCAMPS-604x270.jpg\",\"datePublished\":\"2017-01-07T14:45:54+00:00\",\"dateModified\":\"2017-01-07T14:48:05+00:00\",\"author\":{\"@id\":\"https:\\\/\\\/www.copealcoy.es\\\/es\\\/#\\\/schema\\\/person\\\/e777c87fa024e57d40170af9df39882c\"},\"breadcrumb\":{\"@id\":\"https:\\\/\\\/www.copealcoy.es\\\/es\\\/tirisiti-despide-una-nueva-temporada-record\\\/#breadcrumb\"},\"inLanguage\":\"es\",\"potentialAction\":[{\"@type\":\"ReadAction\",\"target\":[\"https:\\\/\\\/www.copealcoy.es\\\/es\\\/tirisiti-despide-una-nueva-temporada-record\\\/\"]}]},{\"@type\":\"ImageObject\",\"inLanguage\":\"es\",\"@id\":\"https:\\\/\\\/www.copealcoy.es\\\/es\\\/tirisiti-despide-una-nueva-temporada-record\\\/#primaryimage\",\"url\":\"https:\\\/\\\/www.copealcoy.es\\\/wp-content\\\/uploads\\\/2017\\\/01\\\/TIRISITI-0029b_FotoPRATSiCAMPS-604x270.jpg\",\"contentUrl\":\"https:\\\/\\\/www.copealcoy.es\\\/wp-content\\\/uploads\\\/2017\\\/01\\\/TIRISITI-0029b_FotoPRATSiCAMPS-604x270.jpg\",\"width\":604,\"height\":270},{\"@type\":\"BreadcrumbList\",\"@id\":\"https:\\\/\\\/www.copealcoy.es\\\/es\\\/tirisiti-despide-una-nueva-temporada-record\\\/#breadcrumb\",\"itemListElement\":[{\"@type\":\"ListItem\",\"position\":1,\"name\":\"Portada\",\"item\":\"https:\\\/\\\/www.copealcoy.es\\\/es\\\/\"},{\"@type\":\"ListItem\",\"position\":2,\"name\":\"Tirisiti despide una nueva temporada de r\u00e9cord\"}]},{\"@type\":\"WebSite\",\"@id\":\"https:\\\/\\\/www.copealcoy.es\\\/es\\\/#website\",\"url\":\"https:\\\/\\\/www.copealcoy.es\\\/es\\\/\",\"name\":\"COPE Alcoy\",\"description\":\"Emisora COPE de radio local con emisi\u00f3n online. Pont de Sant Jordi 8-10 03803 Alcoy\",\"potentialAction\":[{\"@type\":\"SearchAction\",\"target\":{\"@type\":\"EntryPoint\",\"urlTemplate\":\"https:\\\/\\\/www.copealcoy.es\\\/es\\\/?s={search_term_string}\"},\"query-input\":{\"@type\":\"PropertyValueSpecification\",\"valueRequired\":true,\"valueName\":\"search_term_string\"}}],\"inLanguage\":\"es\"},{\"@type\":\"Person\",\"@id\":\"https:\\\/\\\/www.copealcoy.es\\\/es\\\/#\\\/schema\\\/person\\\/e777c87fa024e57d40170af9df39882c\",\"name\":\"Cope Alcoy\",\"image\":{\"@type\":\"ImageObject\",\"inLanguage\":\"es\",\"@id\":\"https:\\\/\\\/secure.gravatar.com\\\/avatar\\\/bb65d0283347e303893ba14f0692005417c1e0e690a325a4c5d8bb2b3943ee14?s=96&d=mm&r=g\",\"url\":\"https:\\\/\\\/secure.gravatar.com\\\/avatar\\\/bb65d0283347e303893ba14f0692005417c1e0e690a325a4c5d8bb2b3943ee14?s=96&d=mm&r=g\",\"contentUrl\":\"https:\\\/\\\/secure.gravatar.com\\\/avatar\\\/bb65d0283347e303893ba14f0692005417c1e0e690a325a4c5d8bb2b3943ee14?s=96&d=mm&r=g\",\"caption\":\"Cope Alcoy\"}}]}<\/script>\n<!-- \/ Yoast SEO plugin. -->","yoast_head_json":{"title":"Tirisiti despide una nueva temporada de r\u00e9cord - COPE Alcoy","robots":{"index":"index","follow":"follow","max-snippet":"max-snippet:-1","max-image-preview":"max-image-preview:large","max-video-preview":"max-video-preview:-1"},"canonical":"https:\/\/www.copealcoy.es\/es\/tirisiti-despide-una-nueva-temporada-record\/","og_locale":"es_ES","og_type":"article","og_title":"Tirisiti despide una nueva temporada de r\u00e9cord - COPE Alcoy","og_description":"El Bel\u00e9n del Tirisiti cerr\u00f3 campa\u00f1a el pasado jueves 5 de enero y lo hizo tras recibir a 28.000 espectadores...","og_url":"https:\/\/www.copealcoy.es\/es\/tirisiti-despide-una-nueva-temporada-record\/","og_site_name":"COPE Alcoy","article_published_time":"2017-01-07T14:45:54+00:00","article_modified_time":"2017-01-07T14:48:05+00:00","og_image":[{"width":604,"height":270,"url":"https:\/\/www.copealcoy.es\/wp-content\/uploads\/2017\/01\/TIRISITI-0029b_FotoPRATSiCAMPS-604x270.jpg","type":"image\/jpeg"}],"author":"Cope Alcoy","twitter_misc":{"Escrito por":"Cope Alcoy","Tiempo de lectura":"1 minuto"},"schema":{"@context":"https:\/\/schema.org","@graph":[{"@type":"Article","@id":"https:\/\/www.copealcoy.es\/es\/tirisiti-despide-una-nueva-temporada-record\/#article","isPartOf":{"@id":"https:\/\/www.copealcoy.es\/es\/tirisiti-despide-una-nueva-temporada-record\/"},"author":{"name":"Cope Alcoy","@id":"https:\/\/www.copealcoy.es\/es\/#\/schema\/person\/e777c87fa024e57d40170af9df39882c"},"headline":"Tirisiti despide una nueva temporada de r\u00e9cord","datePublished":"2017-01-07T14:45:54+00:00","dateModified":"2017-01-07T14:48:05+00:00","mainEntityOfPage":{"@id":"https:\/\/www.copealcoy.es\/es\/tirisiti-despide-una-nueva-temporada-record\/"},"wordCount":294,"commentCount":0,"image":{"@id":"https:\/\/www.copealcoy.es\/es\/tirisiti-despide-una-nueva-temporada-record\/#primaryimage"},"thumbnailUrl":"https:\/\/www.copealcoy.es\/wp-content\/uploads\/2017\/01\/TIRISITI-0029b_FotoPRATSiCAMPS-604x270.jpg","keywords":["AIN","Alcoy","Bel\u00e9n Tirisiti","La Dependent","Teatro Principal"],"articleSection":["Alcoy","Fiesta y Cultura","Noticias"],"inLanguage":"es"},{"@type":"WebPage","@id":"https:\/\/www.copealcoy.es\/es\/tirisiti-despide-una-nueva-temporada-record\/","url":"https:\/\/www.copealcoy.es\/es\/tirisiti-despide-una-nueva-temporada-record\/","name":"Tirisiti despide una nueva temporada de r\u00e9cord - COPE Alcoy","isPartOf":{"@id":"https:\/\/www.copealcoy.es\/es\/#website"},"primaryImageOfPage":{"@id":"https:\/\/www.copealcoy.es\/es\/tirisiti-despide-una-nueva-temporada-record\/#primaryimage"},"image":{"@id":"https:\/\/www.copealcoy.es\/es\/tirisiti-despide-una-nueva-temporada-record\/#primaryimage"},"thumbnailUrl":"https:\/\/www.copealcoy.es\/wp-content\/uploads\/2017\/01\/TIRISITI-0029b_FotoPRATSiCAMPS-604x270.jpg","datePublished":"2017-01-07T14:45:54+00:00","dateModified":"2017-01-07T14:48:05+00:00","author":{"@id":"https:\/\/www.copealcoy.es\/es\/#\/schema\/person\/e777c87fa024e57d40170af9df39882c"},"breadcrumb":{"@id":"https:\/\/www.copealcoy.es\/es\/tirisiti-despide-una-nueva-temporada-record\/#breadcrumb"},"inLanguage":"es","potentialAction":[{"@type":"ReadAction","target":["https:\/\/www.copealcoy.es\/es\/tirisiti-despide-una-nueva-temporada-record\/"]}]},{"@type":"ImageObject","inLanguage":"es","@id":"https:\/\/www.copealcoy.es\/es\/tirisiti-despide-una-nueva-temporada-record\/#primaryimage","url":"https:\/\/www.copealcoy.es\/wp-content\/uploads\/2017\/01\/TIRISITI-0029b_FotoPRATSiCAMPS-604x270.jpg","contentUrl":"https:\/\/www.copealcoy.es\/wp-content\/uploads\/2017\/01\/TIRISITI-0029b_FotoPRATSiCAMPS-604x270.jpg","width":604,"height":270},{"@type":"BreadcrumbList","@id":"https:\/\/www.copealcoy.es\/es\/tirisiti-despide-una-nueva-temporada-record\/#breadcrumb","itemListElement":[{"@type":"ListItem","position":1,"name":"Portada","item":"https:\/\/www.copealcoy.es\/es\/"},{"@type":"ListItem","position":2,"name":"Tirisiti despide una nueva temporada de r\u00e9cord"}]},{"@type":"WebSite","@id":"https:\/\/www.copealcoy.es\/es\/#website","url":"https:\/\/www.copealcoy.es\/es\/","name":"COPE Alcoy","description":"Emisora COPE de radio local con emisi\u00f3n online. Pont de Sant Jordi 8-10 03803 Alcoy","potentialAction":[{"@type":"SearchAction","target":{"@type":"EntryPoint","urlTemplate":"https:\/\/www.copealcoy.es\/es\/?s={search_term_string}"},"query-input":{"@type":"PropertyValueSpecification","valueRequired":true,"valueName":"search_term_string"}}],"inLanguage":"es"},{"@type":"Person","@id":"https:\/\/www.copealcoy.es\/es\/#\/schema\/person\/e777c87fa024e57d40170af9df39882c","name":"Cope Alcoy","image":{"@type":"ImageObject","inLanguage":"es","@id":"https:\/\/secure.gravatar.com\/avatar\/bb65d0283347e303893ba14f0692005417c1e0e690a325a4c5d8bb2b3943ee14?s=96&d=mm&r=g","url":"https:\/\/secure.gravatar.com\/avatar\/bb65d0283347e303893ba14f0692005417c1e0e690a325a4c5d8bb2b3943ee14?s=96&d=mm&r=g","contentUrl":"https:\/\/secure.gravatar.com\/avatar\/bb65d0283347e303893ba14f0692005417c1e0e690a325a4c5d8bb2b3943ee14?s=96&d=mm&r=g","caption":"Cope Alcoy"}}]}},"_links":{"self":[{"href":"https:\/\/www.copealcoy.es\/es\/wp-json\/wp\/v2\/posts\/27781","targetHints":{"allow":["GET"]}}],"collection":[{"href":"https:\/\/www.copealcoy.es\/es\/wp-json\/wp\/v2\/posts"}],"about":[{"href":"https:\/\/www.copealcoy.es\/es\/wp-json\/wp\/v2\/types\/post"}],"author":[{"embeddable":true,"href":"https:\/\/www.copealcoy.es\/es\/wp-json\/wp\/v2\/users\/1"}],"replies":[{"embeddable":true,"href":"https:\/\/www.copealcoy.es\/es\/wp-json\/wp\/v2\/comments?post=27781"}],"version-history":[{"count":0,"href":"https:\/\/www.copealcoy.es\/es\/wp-json\/wp\/v2\/posts\/27781\/revisions"}],"wp:featuredmedia":[{"embeddable":true,"href":"https:\/\/www.copealcoy.es\/es\/wp-json\/wp\/v2\/media\/27782"}],"wp:attachment":[{"href":"https:\/\/www.copealcoy.es\/es\/wp-json\/wp\/v2\/media?parent=27781"}],"wp:term":[{"taxonomy":"category","embeddable":true,"href":"https:\/\/www.copealcoy.es\/es\/wp-json\/wp\/v2\/categories?post=27781"},{"taxonomy":"post_tag","embeddable":true,"href":"https:\/\/www.copealcoy.es\/es\/wp-json\/wp\/v2\/tags?post=27781"}],"curies":[{"name":"wp","href":"https:\/\/api.w.org\/{rel}","templated":true}]}}