{"id":27747,"date":"2017-01-06T14:49:18","date_gmt":"2017-01-06T14:49:18","guid":{"rendered":"http:\/\/copealcoi.es\/new\/?p=27747"},"modified":"2017-01-06T14:59:15","modified_gmt":"2017-01-06T14:59:15","slug":"los-magos-recorren-toda-la-comarca","status":"publish","type":"post","link":"https:\/\/www.copealcoy.es\/es\/los-magos-recorren-toda-la-comarca\/","title":{"rendered":"Los Magos recorren toda la comarca"},"content":{"rendered":"<p style=\"text-align: justify;\">La de ayer\u00a0fue tambi\u00e9n<strong> una noche m\u00e1gica en las comarcas del Comtat y de l\u00b4Alcoi\u00e0<\/strong> por la llegada de los Reyes Magos de Oriente en las <strong>diferentes Cabalgatas<\/strong> que se llevaron a cabo en cada uno de los municipios de la zona y en las que no faltaron l<strong>os gestos de ilusi\u00f3n y las caras de sorpresa<\/strong> de los m\u00e1s peque\u00f1os.<\/p>\n<p style=\"text-align: justify;\">Melchor, Gaspar y Baltasar \u00a0llegaron a <strong>l\u00b4Alquer\u00eda d\u00b4Asnar<\/strong> sobre camellos y con el acompa\u00f1amiento de fuegos del correfocs &#8216;Dimonis Rafolins&#8217; recibiendo tambi\u00e9n a su paso enormes muestras de cari\u00f1o de los m\u00e1s peque\u00f1os. Por su parte en\u00a0<strong>Benilloba<\/strong> los soberanos fueron recibidos con antorchas en la carretera de Cocentaina y estuvieron acompa\u00f1ados por los Quintos de este a\u00f1o. De igual forma los tres monarcas pasaron por <strong>Alcoleja<\/strong>, fueron recibidos por la Uni\u00f3n Musical en <strong>L\u00b4Orxa<\/strong> y llevaron a cabo la Adoraci\u00f3n a la Sagrada Familia en el interior de la iglesia en poblaciones como <strong>Millena o Pen\u00e1guila<\/strong>. En este \u00faltima localidad recorrieron las calles sobre caballos.<\/p>\n<figure id=\"attachment_27754\" aria-describedby=\"caption-attachment-27754\" style=\"width: 500px\" class=\"wp-caption aligncenter\"><a href=\"https:\/\/www.copealcoy.es\/wp-content\/uploads\/2017\/01\/15871453_994585564018262_1582240588760338083_n.jpg\"><img loading=\"lazy\" decoding=\"async\" class=\"wp-image-27754\" src=\"https:\/\/www.copealcoy.es\/wp-content\/uploads\/2017\/01\/15871453_994585564018262_1582240588760338083_n.jpg\" alt=\"Los Reyes Magos en Alfafara \" width=\"500\" height=\"331\" srcset=\"https:\/\/www.copealcoy.es\/wp-content\/uploads\/2017\/01\/15871453_994585564018262_1582240588760338083_n.jpg 960w, https:\/\/www.copealcoy.es\/wp-content\/uploads\/2017\/01\/15871453_994585564018262_1582240588760338083_n-300x199.jpg 300w, https:\/\/www.copealcoy.es\/wp-content\/uploads\/2017\/01\/15871453_994585564018262_1582240588760338083_n-768x509.jpg 768w\" sizes=\"auto, (max-width: 500px) 100vw, 500px\" \/><\/a><figcaption id=\"caption-attachment-27754\" class=\"wp-caption-text\">Los Reyes Magos en Alfafara \/ Foto: Amics Reis Orient Alfafara<\/figcaption><\/figure>\n<p style=\"text-align: justify;\">Los Reyes Magos pasaron a su vez por <strong>Beniarr\u00e9s o Planes<\/strong> y en <strong>Alfafara<\/strong> tomaron parte en una Cabalgata que estuvo organizada por la asociaci\u00f3n \u2018Amics dels Reis d\u00b4Orient\u2019. En la Foia de Castalla destac\u00f3 <strong>la Cabalgata de Ibi<\/strong>, que incorpor\u00f3 varios elementos tradicionales, y que finaliz\u00f3 con el reparto de regalos por parte de los ayudantes del rey Baltasar. Por \u00faltimo en <strong>Onil<\/strong>, tierra de juguetes, recibieron a los reyes a partir de las 18:30h y en <strong>Castalla<\/strong> los Magos recorrieron varias calles hasta llegar a la Plaza Mayor en la que realizaron las ofrendas al reci\u00e9n nacido. Finalmente en <strong>Banyeres<\/strong> un s\u00e9quito formado por numerosas personas acompa\u00f1\u00f3 a los tres hist\u00f3ricos personajes<\/p>\n","protected":false},"excerpt":{"rendered":"<p>La de ayer\u00a0fue tambi\u00e9n una noche m\u00e1gica en las comarcas del Comtat y de l\u00b4Alcoi\u00e0 por la llegada de los&#8230;<\/p>\n","protected":false},"author":1,"featured_media":27748,"comment_status":"open","ping_status":"open","sticky":false,"template":"","format":"standard","meta":{"footnotes":""},"categories":[98,75],"tags":[482,3505,368,237,3504,3503,488],"class_list":["post-27747","post","type-post","status-publish","format-standard","has-post-thumbnail","hentry","category-comarcas","category-noticias","tag-alcoia","tag-baltasar","tag-cabalgata","tag-comtat","tag-gaspar","tag-melchor","tag-reyes-magos"],"yoast_head":"<!-- This site is optimized with the Yoast SEO plugin v27.3 - https:\/\/yoast.com\/product\/yoast-seo-wordpress\/ -->\n<title>Los Magos recorren toda la comarca - COPE Alcoy<\/title>\n<meta name=\"robots\" content=\"index, follow, max-snippet:-1, max-image-preview:large, max-video-preview:-1\" \/>\n<link rel=\"canonical\" href=\"https:\/\/www.copealcoy.es\/es\/los-magos-recorren-toda-la-comarca\/\" \/>\n<meta property=\"og:locale\" content=\"es_ES\" \/>\n<meta property=\"og:type\" content=\"article\" \/>\n<meta property=\"og:title\" content=\"Los Magos recorren toda la comarca - COPE Alcoy\" \/>\n<meta property=\"og:description\" content=\"La de ayer\u00a0fue tambi\u00e9n una noche m\u00e1gica en las comarcas del Comtat y de l\u00b4Alcoi\u00e0 por la llegada de los...\" \/>\n<meta property=\"og:url\" content=\"https:\/\/www.copealcoy.es\/es\/los-magos-recorren-toda-la-comarca\/\" \/>\n<meta property=\"og:site_name\" content=\"COPE Alcoy\" \/>\n<meta property=\"article:published_time\" content=\"2017-01-06T14:49:18+00:00\" \/>\n<meta property=\"article:modified_time\" content=\"2017-01-06T14:59:15+00:00\" \/>\n<meta property=\"og:image\" content=\"https:\/\/www.copealcoy.es\/wp-content\/uploads\/2017\/01\/15823699_994585557351596_6098042425908669580_n.jpg\" \/>\n\t<meta property=\"og:image:width\" content=\"960\" \/>\n\t<meta property=\"og:image:height\" content=\"640\" \/>\n\t<meta property=\"og:image:type\" content=\"image\/jpeg\" \/>\n<meta name=\"author\" content=\"Cope Alcoy\" \/>\n<meta name=\"twitter:label1\" content=\"Escrito por\" \/>\n\t<meta name=\"twitter:data1\" content=\"Cope Alcoy\" \/>\n\t<meta name=\"twitter:label2\" content=\"Tiempo de lectura\" \/>\n\t<meta name=\"twitter:data2\" content=\"2 minutos\" \/>\n<script type=\"application\/ld+json\" class=\"yoast-schema-graph\">{\"@context\":\"https:\\\/\\\/schema.org\",\"@graph\":[{\"@type\":\"Article\",\"@id\":\"https:\\\/\\\/www.copealcoy.es\\\/es\\\/los-magos-recorren-toda-la-comarca\\\/#article\",\"isPartOf\":{\"@id\":\"https:\\\/\\\/www.copealcoy.es\\\/es\\\/los-magos-recorren-toda-la-comarca\\\/\"},\"author\":{\"name\":\"Cope Alcoy\",\"@id\":\"https:\\\/\\\/www.copealcoy.es\\\/es\\\/#\\\/schema\\\/person\\\/e777c87fa024e57d40170af9df39882c\"},\"headline\":\"Los Magos recorren toda la comarca\",\"datePublished\":\"2017-01-06T14:49:18+00:00\",\"dateModified\":\"2017-01-06T14:59:15+00:00\",\"mainEntityOfPage\":{\"@id\":\"https:\\\/\\\/www.copealcoy.es\\\/es\\\/los-magos-recorren-toda-la-comarca\\\/\"},\"wordCount\":331,\"commentCount\":0,\"image\":{\"@id\":\"https:\\\/\\\/www.copealcoy.es\\\/es\\\/los-magos-recorren-toda-la-comarca\\\/#primaryimage\"},\"thumbnailUrl\":\"https:\\\/\\\/www.copealcoy.es\\\/wp-content\\\/uploads\\\/2017\\\/01\\\/15823699_994585557351596_6098042425908669580_n.jpg\",\"keywords\":[\"Alcoi\u00e0\",\"Baltasar\",\"Cabalgata\",\"Comtat\",\"Gaspar\",\"Melchor\",\"Reyes Magos\"],\"articleSection\":[\"Comarcas\",\"Noticias\"],\"inLanguage\":\"es\"},{\"@type\":\"WebPage\",\"@id\":\"https:\\\/\\\/www.copealcoy.es\\\/es\\\/los-magos-recorren-toda-la-comarca\\\/\",\"url\":\"https:\\\/\\\/www.copealcoy.es\\\/es\\\/los-magos-recorren-toda-la-comarca\\\/\",\"name\":\"Los Magos recorren toda la comarca - COPE Alcoy\",\"isPartOf\":{\"@id\":\"https:\\\/\\\/www.copealcoy.es\\\/es\\\/#website\"},\"primaryImageOfPage\":{\"@id\":\"https:\\\/\\\/www.copealcoy.es\\\/es\\\/los-magos-recorren-toda-la-comarca\\\/#primaryimage\"},\"image\":{\"@id\":\"https:\\\/\\\/www.copealcoy.es\\\/es\\\/los-magos-recorren-toda-la-comarca\\\/#primaryimage\"},\"thumbnailUrl\":\"https:\\\/\\\/www.copealcoy.es\\\/wp-content\\\/uploads\\\/2017\\\/01\\\/15823699_994585557351596_6098042425908669580_n.jpg\",\"datePublished\":\"2017-01-06T14:49:18+00:00\",\"dateModified\":\"2017-01-06T14:59:15+00:00\",\"author\":{\"@id\":\"https:\\\/\\\/www.copealcoy.es\\\/es\\\/#\\\/schema\\\/person\\\/e777c87fa024e57d40170af9df39882c\"},\"breadcrumb\":{\"@id\":\"https:\\\/\\\/www.copealcoy.es\\\/es\\\/los-magos-recorren-toda-la-comarca\\\/#breadcrumb\"},\"inLanguage\":\"es\",\"potentialAction\":[{\"@type\":\"ReadAction\",\"target\":[\"https:\\\/\\\/www.copealcoy.es\\\/es\\\/los-magos-recorren-toda-la-comarca\\\/\"]}]},{\"@type\":\"ImageObject\",\"inLanguage\":\"es\",\"@id\":\"https:\\\/\\\/www.copealcoy.es\\\/es\\\/los-magos-recorren-toda-la-comarca\\\/#primaryimage\",\"url\":\"https:\\\/\\\/www.copealcoy.es\\\/wp-content\\\/uploads\\\/2017\\\/01\\\/15823699_994585557351596_6098042425908669580_n.jpg\",\"contentUrl\":\"https:\\\/\\\/www.copealcoy.es\\\/wp-content\\\/uploads\\\/2017\\\/01\\\/15823699_994585557351596_6098042425908669580_n.jpg\",\"width\":960,\"height\":640,\"caption\":\"Los Reyes Magos con el alcalde de l\u00b4Alquer\u00eda, Jaume Pascual\"},{\"@type\":\"BreadcrumbList\",\"@id\":\"https:\\\/\\\/www.copealcoy.es\\\/es\\\/los-magos-recorren-toda-la-comarca\\\/#breadcrumb\",\"itemListElement\":[{\"@type\":\"ListItem\",\"position\":1,\"name\":\"Portada\",\"item\":\"https:\\\/\\\/www.copealcoy.es\\\/es\\\/\"},{\"@type\":\"ListItem\",\"position\":2,\"name\":\"Los Magos recorren toda la comarca\"}]},{\"@type\":\"WebSite\",\"@id\":\"https:\\\/\\\/www.copealcoy.es\\\/es\\\/#website\",\"url\":\"https:\\\/\\\/www.copealcoy.es\\\/es\\\/\",\"name\":\"COPE Alcoy\",\"description\":\"Emisora COPE de radio local con emisi\u00f3n online. Pont de Sant Jordi 8-10 03803 Alcoy\",\"potentialAction\":[{\"@type\":\"SearchAction\",\"target\":{\"@type\":\"EntryPoint\",\"urlTemplate\":\"https:\\\/\\\/www.copealcoy.es\\\/es\\\/?s={search_term_string}\"},\"query-input\":{\"@type\":\"PropertyValueSpecification\",\"valueRequired\":true,\"valueName\":\"search_term_string\"}}],\"inLanguage\":\"es\"},{\"@type\":\"Person\",\"@id\":\"https:\\\/\\\/www.copealcoy.es\\\/es\\\/#\\\/schema\\\/person\\\/e777c87fa024e57d40170af9df39882c\",\"name\":\"Cope Alcoy\",\"image\":{\"@type\":\"ImageObject\",\"inLanguage\":\"es\",\"@id\":\"https:\\\/\\\/secure.gravatar.com\\\/avatar\\\/bb65d0283347e303893ba14f0692005417c1e0e690a325a4c5d8bb2b3943ee14?s=96&d=mm&r=g\",\"url\":\"https:\\\/\\\/secure.gravatar.com\\\/avatar\\\/bb65d0283347e303893ba14f0692005417c1e0e690a325a4c5d8bb2b3943ee14?s=96&d=mm&r=g\",\"contentUrl\":\"https:\\\/\\\/secure.gravatar.com\\\/avatar\\\/bb65d0283347e303893ba14f0692005417c1e0e690a325a4c5d8bb2b3943ee14?s=96&d=mm&r=g\",\"caption\":\"Cope Alcoy\"}}]}<\/script>\n<!-- \/ Yoast SEO plugin. -->","yoast_head_json":{"title":"Los Magos recorren toda la comarca - COPE Alcoy","robots":{"index":"index","follow":"follow","max-snippet":"max-snippet:-1","max-image-preview":"max-image-preview:large","max-video-preview":"max-video-preview:-1"},"canonical":"https:\/\/www.copealcoy.es\/es\/los-magos-recorren-toda-la-comarca\/","og_locale":"es_ES","og_type":"article","og_title":"Los Magos recorren toda la comarca - COPE Alcoy","og_description":"La de ayer\u00a0fue tambi\u00e9n una noche m\u00e1gica en las comarcas del Comtat y de l\u00b4Alcoi\u00e0 por la llegada de los...","og_url":"https:\/\/www.copealcoy.es\/es\/los-magos-recorren-toda-la-comarca\/","og_site_name":"COPE Alcoy","article_published_time":"2017-01-06T14:49:18+00:00","article_modified_time":"2017-01-06T14:59:15+00:00","og_image":[{"width":960,"height":640,"url":"https:\/\/www.copealcoy.es\/wp-content\/uploads\/2017\/01\/15823699_994585557351596_6098042425908669580_n.jpg","type":"image\/jpeg"}],"author":"Cope Alcoy","twitter_misc":{"Escrito por":"Cope Alcoy","Tiempo de lectura":"2 minutos"},"schema":{"@context":"https:\/\/schema.org","@graph":[{"@type":"Article","@id":"https:\/\/www.copealcoy.es\/es\/los-magos-recorren-toda-la-comarca\/#article","isPartOf":{"@id":"https:\/\/www.copealcoy.es\/es\/los-magos-recorren-toda-la-comarca\/"},"author":{"name":"Cope Alcoy","@id":"https:\/\/www.copealcoy.es\/es\/#\/schema\/person\/e777c87fa024e57d40170af9df39882c"},"headline":"Los Magos recorren toda la comarca","datePublished":"2017-01-06T14:49:18+00:00","dateModified":"2017-01-06T14:59:15+00:00","mainEntityOfPage":{"@id":"https:\/\/www.copealcoy.es\/es\/los-magos-recorren-toda-la-comarca\/"},"wordCount":331,"commentCount":0,"image":{"@id":"https:\/\/www.copealcoy.es\/es\/los-magos-recorren-toda-la-comarca\/#primaryimage"},"thumbnailUrl":"https:\/\/www.copealcoy.es\/wp-content\/uploads\/2017\/01\/15823699_994585557351596_6098042425908669580_n.jpg","keywords":["Alcoi\u00e0","Baltasar","Cabalgata","Comtat","Gaspar","Melchor","Reyes Magos"],"articleSection":["Comarcas","Noticias"],"inLanguage":"es"},{"@type":"WebPage","@id":"https:\/\/www.copealcoy.es\/es\/los-magos-recorren-toda-la-comarca\/","url":"https:\/\/www.copealcoy.es\/es\/los-magos-recorren-toda-la-comarca\/","name":"Los Magos recorren toda la comarca - COPE Alcoy","isPartOf":{"@id":"https:\/\/www.copealcoy.es\/es\/#website"},"primaryImageOfPage":{"@id":"https:\/\/www.copealcoy.es\/es\/los-magos-recorren-toda-la-comarca\/#primaryimage"},"image":{"@id":"https:\/\/www.copealcoy.es\/es\/los-magos-recorren-toda-la-comarca\/#primaryimage"},"thumbnailUrl":"https:\/\/www.copealcoy.es\/wp-content\/uploads\/2017\/01\/15823699_994585557351596_6098042425908669580_n.jpg","datePublished":"2017-01-06T14:49:18+00:00","dateModified":"2017-01-06T14:59:15+00:00","author":{"@id":"https:\/\/www.copealcoy.es\/es\/#\/schema\/person\/e777c87fa024e57d40170af9df39882c"},"breadcrumb":{"@id":"https:\/\/www.copealcoy.es\/es\/los-magos-recorren-toda-la-comarca\/#breadcrumb"},"inLanguage":"es","potentialAction":[{"@type":"ReadAction","target":["https:\/\/www.copealcoy.es\/es\/los-magos-recorren-toda-la-comarca\/"]}]},{"@type":"ImageObject","inLanguage":"es","@id":"https:\/\/www.copealcoy.es\/es\/los-magos-recorren-toda-la-comarca\/#primaryimage","url":"https:\/\/www.copealcoy.es\/wp-content\/uploads\/2017\/01\/15823699_994585557351596_6098042425908669580_n.jpg","contentUrl":"https:\/\/www.copealcoy.es\/wp-content\/uploads\/2017\/01\/15823699_994585557351596_6098042425908669580_n.jpg","width":960,"height":640,"caption":"Los Reyes Magos con el alcalde de l\u00b4Alquer\u00eda, Jaume Pascual"},{"@type":"BreadcrumbList","@id":"https:\/\/www.copealcoy.es\/es\/los-magos-recorren-toda-la-comarca\/#breadcrumb","itemListElement":[{"@type":"ListItem","position":1,"name":"Portada","item":"https:\/\/www.copealcoy.es\/es\/"},{"@type":"ListItem","position":2,"name":"Los Magos recorren toda la comarca"}]},{"@type":"WebSite","@id":"https:\/\/www.copealcoy.es\/es\/#website","url":"https:\/\/www.copealcoy.es\/es\/","name":"COPE Alcoy","description":"Emisora COPE de radio local con emisi\u00f3n online. Pont de Sant Jordi 8-10 03803 Alcoy","potentialAction":[{"@type":"SearchAction","target":{"@type":"EntryPoint","urlTemplate":"https:\/\/www.copealcoy.es\/es\/?s={search_term_string}"},"query-input":{"@type":"PropertyValueSpecification","valueRequired":true,"valueName":"search_term_string"}}],"inLanguage":"es"},{"@type":"Person","@id":"https:\/\/www.copealcoy.es\/es\/#\/schema\/person\/e777c87fa024e57d40170af9df39882c","name":"Cope Alcoy","image":{"@type":"ImageObject","inLanguage":"es","@id":"https:\/\/secure.gravatar.com\/avatar\/bb65d0283347e303893ba14f0692005417c1e0e690a325a4c5d8bb2b3943ee14?s=96&d=mm&r=g","url":"https:\/\/secure.gravatar.com\/avatar\/bb65d0283347e303893ba14f0692005417c1e0e690a325a4c5d8bb2b3943ee14?s=96&d=mm&r=g","contentUrl":"https:\/\/secure.gravatar.com\/avatar\/bb65d0283347e303893ba14f0692005417c1e0e690a325a4c5d8bb2b3943ee14?s=96&d=mm&r=g","caption":"Cope Alcoy"}}]}},"_links":{"self":[{"href":"https:\/\/www.copealcoy.es\/es\/wp-json\/wp\/v2\/posts\/27747","targetHints":{"allow":["GET"]}}],"collection":[{"href":"https:\/\/www.copealcoy.es\/es\/wp-json\/wp\/v2\/posts"}],"about":[{"href":"https:\/\/www.copealcoy.es\/es\/wp-json\/wp\/v2\/types\/post"}],"author":[{"embeddable":true,"href":"https:\/\/www.copealcoy.es\/es\/wp-json\/wp\/v2\/users\/1"}],"replies":[{"embeddable":true,"href":"https:\/\/www.copealcoy.es\/es\/wp-json\/wp\/v2\/comments?post=27747"}],"version-history":[{"count":0,"href":"https:\/\/www.copealcoy.es\/es\/wp-json\/wp\/v2\/posts\/27747\/revisions"}],"wp:featuredmedia":[{"embeddable":true,"href":"https:\/\/www.copealcoy.es\/es\/wp-json\/wp\/v2\/media\/27748"}],"wp:attachment":[{"href":"https:\/\/www.copealcoy.es\/es\/wp-json\/wp\/v2\/media?parent=27747"}],"wp:term":[{"taxonomy":"category","embeddable":true,"href":"https:\/\/www.copealcoy.es\/es\/wp-json\/wp\/v2\/categories?post=27747"},{"taxonomy":"post_tag","embeddable":true,"href":"https:\/\/www.copealcoy.es\/es\/wp-json\/wp\/v2\/tags?post=27747"}],"curies":[{"name":"wp","href":"https:\/\/api.w.org\/{rel}","templated":true}]}}