{"id":27550,"date":"2016-12-29T21:27:33","date_gmt":"2016-12-29T21:27:33","guid":{"rendered":"http:\/\/copealcoi.es\/new\/?p=27550"},"modified":"2016-12-29T21:29:56","modified_gmt":"2016-12-29T21:29:56","slug":"premio-los-mejores-escaparates-navidenos-alcoy","status":"publish","type":"post","link":"https:\/\/www.copealcoy.es\/es\/premio-los-mejores-escaparates-navidenos-alcoy\/","title":{"rendered":"Premio para los mejores escaparates navide\u00f1os de Alcoy"},"content":{"rendered":"<p style=\"text-align: justify;\">El <strong>concurso de escapares navide\u00f1os<\/strong> de Alcoy <strong>ya tiene ganadores en esta edici\u00f3n<\/strong> en la que han participado un total de <strong>treinta establecimientos<\/strong> seg\u00fan han informado desde el \u00e1rea de Comercio del Consistorio.<\/p>\n<p style=\"text-align: justify;\">En la categor\u00eda de <strong>establecimiento comercial<\/strong> el premio ha sido para <strong>&#8216;Custom Studio Todomenosleopardo&#8217;<\/strong> mientras que<strong> en la de hosteler\u00eda<\/strong> el galard\u00f3n ha ido a parar <strong>al\u00a0Bar &#8216;Nou Tonell&#8217;<\/strong>. Sus propietarios han percibido 500 euros y hay que significar que en el caso del primer premio las autoras de la decoraci\u00f3n han sido\u00a0<strong>Irene Morcillo y Elia Morales<\/strong>, alumnos de la\u00a0Escuela de Arte de Alcoy.<\/p>\n<p style=\"text-align: justify;\">La edil de Comercio, <strong>Vanessa Molt\u00f3<\/strong>, ha destacado la buena colaboraci\u00f3n existente entre la EASD y los comerciantes <em>&#8220;este tipo de concurso contribuyen a dinamizar nuestro comercio en unas fechas tan especiales como las de Navidad. Adem\u00e1s estas iniciativas difunden nuestras tradiciones y las iniciativas de los muchos creadores que tenemos en la ciudad&#8221;<\/em>, matiza.<\/p>\n<p style=\"text-align: justify;\">Apuntar que <strong>el concurso ha estado organizado<\/strong> por la concejal\u00eda de Comercio del Ayuntamiento de Alcoy con la colaboraci\u00f3n de la C\u00e1mara de Comercio y la Escuela de Arte y Superior de Dise\u00f1o de Alcoy, ACECA y la Federaci\u00f3n de Comercio Alcoy Comercial.<\/p>\n","protected":false},"excerpt":{"rendered":"<p>El concurso de escapares navide\u00f1os de Alcoy ya tiene ganadores en esta edici\u00f3n en la que han participado un total&#8230;<\/p>\n","protected":false},"author":1,"featured_media":27551,"comment_status":"open","ping_status":"open","sticky":false,"template":"","format":"standard","meta":{"footnotes":""},"categories":[97,78,75],"tags":[1198,1494,3259,3472,3473,2034],"class_list":["post-27550","post","type-post","status-publish","format-standard","has-post-thumbnail","hentry","category-alcoy","category-fiestaycultura","category-noticias","tag-aceca","tag-alcoy","tag-concurso-escaparates","tag-easd","tag-federacion-de-comercio","tag-vanessa-molto"],"yoast_head":"<!-- This site is optimized with the Yoast SEO plugin v27.3 - https:\/\/yoast.com\/product\/yoast-seo-wordpress\/ -->\n<title>Premio para los mejores escaparates navide\u00f1os de Alcoy - COPE Alcoy<\/title>\n<meta name=\"robots\" content=\"index, follow, max-snippet:-1, max-image-preview:large, max-video-preview:-1\" \/>\n<link rel=\"canonical\" href=\"https:\/\/www.copealcoy.es\/es\/premio-los-mejores-escaparates-navidenos-alcoy\/\" \/>\n<meta property=\"og:locale\" content=\"es_ES\" \/>\n<meta property=\"og:type\" content=\"article\" \/>\n<meta property=\"og:title\" content=\"Premio para los mejores escaparates navide\u00f1os de Alcoy - COPE Alcoy\" \/>\n<meta property=\"og:description\" content=\"El concurso de escapares navide\u00f1os de Alcoy ya tiene ganadores en esta edici\u00f3n en la que han participado un total...\" \/>\n<meta property=\"og:url\" content=\"https:\/\/www.copealcoy.es\/es\/premio-los-mejores-escaparates-navidenos-alcoy\/\" \/>\n<meta property=\"og:site_name\" content=\"COPE Alcoy\" \/>\n<meta property=\"article:published_time\" content=\"2016-12-29T21:27:33+00:00\" \/>\n<meta property=\"article:modified_time\" content=\"2016-12-29T21:29:56+00:00\" \/>\n<meta property=\"og:image\" content=\"https:\/\/www.copealcoy.es\/wp-content\/uploads\/2016\/12\/Captura-de-pantalla-2016-12-29-a-las-22.04.01-e1483046883253.png\" \/>\n\t<meta property=\"og:image:width\" content=\"752\" \/>\n\t<meta property=\"og:image:height\" content=\"489\" \/>\n\t<meta property=\"og:image:type\" content=\"image\/png\" \/>\n<meta name=\"author\" content=\"Cope Alcoy\" \/>\n<meta name=\"twitter:label1\" content=\"Escrito por\" \/>\n\t<meta name=\"twitter:data1\" content=\"Cope Alcoy\" \/>\n\t<meta name=\"twitter:label2\" content=\"Tiempo de lectura\" \/>\n\t<meta name=\"twitter:data2\" content=\"1 minuto\" \/>\n<script type=\"application\/ld+json\" class=\"yoast-schema-graph\">{\"@context\":\"https:\\\/\\\/schema.org\",\"@graph\":[{\"@type\":\"Article\",\"@id\":\"https:\\\/\\\/www.copealcoy.es\\\/es\\\/premio-los-mejores-escaparates-navidenos-alcoy\\\/#article\",\"isPartOf\":{\"@id\":\"https:\\\/\\\/www.copealcoy.es\\\/es\\\/premio-los-mejores-escaparates-navidenos-alcoy\\\/\"},\"author\":{\"name\":\"Cope Alcoy\",\"@id\":\"https:\\\/\\\/www.copealcoy.es\\\/es\\\/#\\\/schema\\\/person\\\/e777c87fa024e57d40170af9df39882c\"},\"headline\":\"Premio para los mejores escaparates navide\u00f1os de Alcoy\",\"datePublished\":\"2016-12-29T21:27:33+00:00\",\"dateModified\":\"2016-12-29T21:29:56+00:00\",\"mainEntityOfPage\":{\"@id\":\"https:\\\/\\\/www.copealcoy.es\\\/es\\\/premio-los-mejores-escaparates-navidenos-alcoy\\\/\"},\"wordCount\":220,\"commentCount\":0,\"image\":{\"@id\":\"https:\\\/\\\/www.copealcoy.es\\\/es\\\/premio-los-mejores-escaparates-navidenos-alcoy\\\/#primaryimage\"},\"thumbnailUrl\":\"https:\\\/\\\/www.copealcoy.es\\\/wp-content\\\/uploads\\\/2016\\\/12\\\/Captura-de-pantalla-2016-12-29-a-las-22.04.01-e1483046883253.png\",\"keywords\":[\"ACECA\",\"Alcoy\",\"concurso escaparates\",\"EASD\",\"Federaci\u00f3n de Comercio\",\"Vanessa Molt\u00f3\"],\"articleSection\":[\"Alcoy\",\"Fiesta y Cultura\",\"Noticias\"],\"inLanguage\":\"es\"},{\"@type\":\"WebPage\",\"@id\":\"https:\\\/\\\/www.copealcoy.es\\\/es\\\/premio-los-mejores-escaparates-navidenos-alcoy\\\/\",\"url\":\"https:\\\/\\\/www.copealcoy.es\\\/es\\\/premio-los-mejores-escaparates-navidenos-alcoy\\\/\",\"name\":\"Premio para los mejores escaparates navide\u00f1os de Alcoy - COPE Alcoy\",\"isPartOf\":{\"@id\":\"https:\\\/\\\/www.copealcoy.es\\\/es\\\/#website\"},\"primaryImageOfPage\":{\"@id\":\"https:\\\/\\\/www.copealcoy.es\\\/es\\\/premio-los-mejores-escaparates-navidenos-alcoy\\\/#primaryimage\"},\"image\":{\"@id\":\"https:\\\/\\\/www.copealcoy.es\\\/es\\\/premio-los-mejores-escaparates-navidenos-alcoy\\\/#primaryimage\"},\"thumbnailUrl\":\"https:\\\/\\\/www.copealcoy.es\\\/wp-content\\\/uploads\\\/2016\\\/12\\\/Captura-de-pantalla-2016-12-29-a-las-22.04.01-e1483046883253.png\",\"datePublished\":\"2016-12-29T21:27:33+00:00\",\"dateModified\":\"2016-12-29T21:29:56+00:00\",\"author\":{\"@id\":\"https:\\\/\\\/www.copealcoy.es\\\/es\\\/#\\\/schema\\\/person\\\/e777c87fa024e57d40170af9df39882c\"},\"breadcrumb\":{\"@id\":\"https:\\\/\\\/www.copealcoy.es\\\/es\\\/premio-los-mejores-escaparates-navidenos-alcoy\\\/#breadcrumb\"},\"inLanguage\":\"es\",\"potentialAction\":[{\"@type\":\"ReadAction\",\"target\":[\"https:\\\/\\\/www.copealcoy.es\\\/es\\\/premio-los-mejores-escaparates-navidenos-alcoy\\\/\"]}]},{\"@type\":\"ImageObject\",\"inLanguage\":\"es\",\"@id\":\"https:\\\/\\\/www.copealcoy.es\\\/es\\\/premio-los-mejores-escaparates-navidenos-alcoy\\\/#primaryimage\",\"url\":\"https:\\\/\\\/www.copealcoy.es\\\/wp-content\\\/uploads\\\/2016\\\/12\\\/Captura-de-pantalla-2016-12-29-a-las-22.04.01-e1483046883253.png\",\"contentUrl\":\"https:\\\/\\\/www.copealcoy.es\\\/wp-content\\\/uploads\\\/2016\\\/12\\\/Captura-de-pantalla-2016-12-29-a-las-22.04.01-e1483046883253.png\",\"width\":752,\"height\":489,\"caption\":\"Ganadores del Concurso de Escaparates Navide\u00f1os de Alcoy \\\/ Foto: Ajuntament Alcoi\"},{\"@type\":\"BreadcrumbList\",\"@id\":\"https:\\\/\\\/www.copealcoy.es\\\/es\\\/premio-los-mejores-escaparates-navidenos-alcoy\\\/#breadcrumb\",\"itemListElement\":[{\"@type\":\"ListItem\",\"position\":1,\"name\":\"Portada\",\"item\":\"https:\\\/\\\/www.copealcoy.es\\\/es\\\/\"},{\"@type\":\"ListItem\",\"position\":2,\"name\":\"Premio para los mejores escaparates navide\u00f1os de Alcoy\"}]},{\"@type\":\"WebSite\",\"@id\":\"https:\\\/\\\/www.copealcoy.es\\\/es\\\/#website\",\"url\":\"https:\\\/\\\/www.copealcoy.es\\\/es\\\/\",\"name\":\"COPE Alcoy\",\"description\":\"Emisora COPE de radio local con emisi\u00f3n online. Pont de Sant Jordi 8-10 03803 Alcoy\",\"potentialAction\":[{\"@type\":\"SearchAction\",\"target\":{\"@type\":\"EntryPoint\",\"urlTemplate\":\"https:\\\/\\\/www.copealcoy.es\\\/es\\\/?s={search_term_string}\"},\"query-input\":{\"@type\":\"PropertyValueSpecification\",\"valueRequired\":true,\"valueName\":\"search_term_string\"}}],\"inLanguage\":\"es\"},{\"@type\":\"Person\",\"@id\":\"https:\\\/\\\/www.copealcoy.es\\\/es\\\/#\\\/schema\\\/person\\\/e777c87fa024e57d40170af9df39882c\",\"name\":\"Cope Alcoy\",\"image\":{\"@type\":\"ImageObject\",\"inLanguage\":\"es\",\"@id\":\"https:\\\/\\\/secure.gravatar.com\\\/avatar\\\/bb65d0283347e303893ba14f0692005417c1e0e690a325a4c5d8bb2b3943ee14?s=96&d=mm&r=g\",\"url\":\"https:\\\/\\\/secure.gravatar.com\\\/avatar\\\/bb65d0283347e303893ba14f0692005417c1e0e690a325a4c5d8bb2b3943ee14?s=96&d=mm&r=g\",\"contentUrl\":\"https:\\\/\\\/secure.gravatar.com\\\/avatar\\\/bb65d0283347e303893ba14f0692005417c1e0e690a325a4c5d8bb2b3943ee14?s=96&d=mm&r=g\",\"caption\":\"Cope Alcoy\"}}]}<\/script>\n<!-- \/ Yoast SEO plugin. -->","yoast_head_json":{"title":"Premio para los mejores escaparates navide\u00f1os de Alcoy - COPE Alcoy","robots":{"index":"index","follow":"follow","max-snippet":"max-snippet:-1","max-image-preview":"max-image-preview:large","max-video-preview":"max-video-preview:-1"},"canonical":"https:\/\/www.copealcoy.es\/es\/premio-los-mejores-escaparates-navidenos-alcoy\/","og_locale":"es_ES","og_type":"article","og_title":"Premio para los mejores escaparates navide\u00f1os de Alcoy - COPE Alcoy","og_description":"El concurso de escapares navide\u00f1os de Alcoy ya tiene ganadores en esta edici\u00f3n en la que han participado un total...","og_url":"https:\/\/www.copealcoy.es\/es\/premio-los-mejores-escaparates-navidenos-alcoy\/","og_site_name":"COPE Alcoy","article_published_time":"2016-12-29T21:27:33+00:00","article_modified_time":"2016-12-29T21:29:56+00:00","og_image":[{"width":752,"height":489,"url":"https:\/\/www.copealcoy.es\/wp-content\/uploads\/2016\/12\/Captura-de-pantalla-2016-12-29-a-las-22.04.01-e1483046883253.png","type":"image\/png"}],"author":"Cope Alcoy","twitter_misc":{"Escrito por":"Cope Alcoy","Tiempo de lectura":"1 minuto"},"schema":{"@context":"https:\/\/schema.org","@graph":[{"@type":"Article","@id":"https:\/\/www.copealcoy.es\/es\/premio-los-mejores-escaparates-navidenos-alcoy\/#article","isPartOf":{"@id":"https:\/\/www.copealcoy.es\/es\/premio-los-mejores-escaparates-navidenos-alcoy\/"},"author":{"name":"Cope Alcoy","@id":"https:\/\/www.copealcoy.es\/es\/#\/schema\/person\/e777c87fa024e57d40170af9df39882c"},"headline":"Premio para los mejores escaparates navide\u00f1os de Alcoy","datePublished":"2016-12-29T21:27:33+00:00","dateModified":"2016-12-29T21:29:56+00:00","mainEntityOfPage":{"@id":"https:\/\/www.copealcoy.es\/es\/premio-los-mejores-escaparates-navidenos-alcoy\/"},"wordCount":220,"commentCount":0,"image":{"@id":"https:\/\/www.copealcoy.es\/es\/premio-los-mejores-escaparates-navidenos-alcoy\/#primaryimage"},"thumbnailUrl":"https:\/\/www.copealcoy.es\/wp-content\/uploads\/2016\/12\/Captura-de-pantalla-2016-12-29-a-las-22.04.01-e1483046883253.png","keywords":["ACECA","Alcoy","concurso escaparates","EASD","Federaci\u00f3n de Comercio","Vanessa Molt\u00f3"],"articleSection":["Alcoy","Fiesta y Cultura","Noticias"],"inLanguage":"es"},{"@type":"WebPage","@id":"https:\/\/www.copealcoy.es\/es\/premio-los-mejores-escaparates-navidenos-alcoy\/","url":"https:\/\/www.copealcoy.es\/es\/premio-los-mejores-escaparates-navidenos-alcoy\/","name":"Premio para los mejores escaparates navide\u00f1os de Alcoy - COPE Alcoy","isPartOf":{"@id":"https:\/\/www.copealcoy.es\/es\/#website"},"primaryImageOfPage":{"@id":"https:\/\/www.copealcoy.es\/es\/premio-los-mejores-escaparates-navidenos-alcoy\/#primaryimage"},"image":{"@id":"https:\/\/www.copealcoy.es\/es\/premio-los-mejores-escaparates-navidenos-alcoy\/#primaryimage"},"thumbnailUrl":"https:\/\/www.copealcoy.es\/wp-content\/uploads\/2016\/12\/Captura-de-pantalla-2016-12-29-a-las-22.04.01-e1483046883253.png","datePublished":"2016-12-29T21:27:33+00:00","dateModified":"2016-12-29T21:29:56+00:00","author":{"@id":"https:\/\/www.copealcoy.es\/es\/#\/schema\/person\/e777c87fa024e57d40170af9df39882c"},"breadcrumb":{"@id":"https:\/\/www.copealcoy.es\/es\/premio-los-mejores-escaparates-navidenos-alcoy\/#breadcrumb"},"inLanguage":"es","potentialAction":[{"@type":"ReadAction","target":["https:\/\/www.copealcoy.es\/es\/premio-los-mejores-escaparates-navidenos-alcoy\/"]}]},{"@type":"ImageObject","inLanguage":"es","@id":"https:\/\/www.copealcoy.es\/es\/premio-los-mejores-escaparates-navidenos-alcoy\/#primaryimage","url":"https:\/\/www.copealcoy.es\/wp-content\/uploads\/2016\/12\/Captura-de-pantalla-2016-12-29-a-las-22.04.01-e1483046883253.png","contentUrl":"https:\/\/www.copealcoy.es\/wp-content\/uploads\/2016\/12\/Captura-de-pantalla-2016-12-29-a-las-22.04.01-e1483046883253.png","width":752,"height":489,"caption":"Ganadores del Concurso de Escaparates Navide\u00f1os de Alcoy \/ Foto: Ajuntament Alcoi"},{"@type":"BreadcrumbList","@id":"https:\/\/www.copealcoy.es\/es\/premio-los-mejores-escaparates-navidenos-alcoy\/#breadcrumb","itemListElement":[{"@type":"ListItem","position":1,"name":"Portada","item":"https:\/\/www.copealcoy.es\/es\/"},{"@type":"ListItem","position":2,"name":"Premio para los mejores escaparates navide\u00f1os de Alcoy"}]},{"@type":"WebSite","@id":"https:\/\/www.copealcoy.es\/es\/#website","url":"https:\/\/www.copealcoy.es\/es\/","name":"COPE Alcoy","description":"Emisora COPE de radio local con emisi\u00f3n online. Pont de Sant Jordi 8-10 03803 Alcoy","potentialAction":[{"@type":"SearchAction","target":{"@type":"EntryPoint","urlTemplate":"https:\/\/www.copealcoy.es\/es\/?s={search_term_string}"},"query-input":{"@type":"PropertyValueSpecification","valueRequired":true,"valueName":"search_term_string"}}],"inLanguage":"es"},{"@type":"Person","@id":"https:\/\/www.copealcoy.es\/es\/#\/schema\/person\/e777c87fa024e57d40170af9df39882c","name":"Cope Alcoy","image":{"@type":"ImageObject","inLanguage":"es","@id":"https:\/\/secure.gravatar.com\/avatar\/bb65d0283347e303893ba14f0692005417c1e0e690a325a4c5d8bb2b3943ee14?s=96&d=mm&r=g","url":"https:\/\/secure.gravatar.com\/avatar\/bb65d0283347e303893ba14f0692005417c1e0e690a325a4c5d8bb2b3943ee14?s=96&d=mm&r=g","contentUrl":"https:\/\/secure.gravatar.com\/avatar\/bb65d0283347e303893ba14f0692005417c1e0e690a325a4c5d8bb2b3943ee14?s=96&d=mm&r=g","caption":"Cope Alcoy"}}]}},"_links":{"self":[{"href":"https:\/\/www.copealcoy.es\/es\/wp-json\/wp\/v2\/posts\/27550","targetHints":{"allow":["GET"]}}],"collection":[{"href":"https:\/\/www.copealcoy.es\/es\/wp-json\/wp\/v2\/posts"}],"about":[{"href":"https:\/\/www.copealcoy.es\/es\/wp-json\/wp\/v2\/types\/post"}],"author":[{"embeddable":true,"href":"https:\/\/www.copealcoy.es\/es\/wp-json\/wp\/v2\/users\/1"}],"replies":[{"embeddable":true,"href":"https:\/\/www.copealcoy.es\/es\/wp-json\/wp\/v2\/comments?post=27550"}],"version-history":[{"count":0,"href":"https:\/\/www.copealcoy.es\/es\/wp-json\/wp\/v2\/posts\/27550\/revisions"}],"wp:featuredmedia":[{"embeddable":true,"href":"https:\/\/www.copealcoy.es\/es\/wp-json\/wp\/v2\/media\/27551"}],"wp:attachment":[{"href":"https:\/\/www.copealcoy.es\/es\/wp-json\/wp\/v2\/media?parent=27550"}],"wp:term":[{"taxonomy":"category","embeddable":true,"href":"https:\/\/www.copealcoy.es\/es\/wp-json\/wp\/v2\/categories?post=27550"},{"taxonomy":"post_tag","embeddable":true,"href":"https:\/\/www.copealcoy.es\/es\/wp-json\/wp\/v2\/tags?post=27550"}],"curies":[{"name":"wp","href":"https:\/\/api.w.org\/{rel}","templated":true}]}}