{"id":27529,"date":"2016-12-29T06:00:58","date_gmt":"2016-12-29T06:00:58","guid":{"rendered":"http:\/\/copealcoi.es\/new\/?p=27529"},"modified":"2016-12-28T20:22:21","modified_gmt":"2016-12-28T20:22:21","slug":"cocentaina-ya-parque-adaptado","status":"publish","type":"post","link":"https:\/\/www.copealcoy.es\/es\/cocentaina-ya-parque-adaptado\/","title":{"rendered":"Cocentaina ya tiene un parque adaptado"},"content":{"rendered":"<p style=\"text-align: justify;\">Cocentaina <strong>ha\u00a0adaptado ya el parque de El Ferrocarril para las personas con movilidad reducida<\/strong> despu\u00e9s de haberse realizado en las \u00faltimas semanas varios trabajos de acondicionamiento. La actuaci\u00f3n se ha centrado en <strong>adaptar las dos cabinas de los ba\u00f1os p\u00fablicos<\/strong> existentes en esta zona al mismo tiempo que<strong> se han habilitado rampas<\/strong> para facilitar el acceso, <strong>se ha instalado pavimento de caucho<\/strong> y tambi\u00e9n se han colocado <strong>juegos adaptados.<\/strong> Adem\u00e1s la Diputaci\u00f3n de Alicante ha aportado <strong>una subvenci\u00f3n de 40.000 euros<\/strong> para poder acometer este proyecto.<\/p>\n<p style=\"text-align: justify;\">La alcaldesa de Cocentaina y a su vez edil de autonom\u00eda personal, <strong>Mireia Estepa<\/strong>, ha incidido en que <strong>uno de los objetivos<\/strong> del Gobierno Municipal se centra en <strong>ir reduciendo paulatinamente las barreras arquitect\u00f3nicas<\/strong> existentes en la poblaci\u00f3n <em>&#8220;este es el primer parque adaptado que tiene Cocentaina y este concepto lo aplicaremos en otros parques para que los peque\u00f1os con movilidad reducida puedan jugar en igualdad de condiciones. Queremos conseguir que Cocentaina sea un pueblo accesible, un pueblo para todas las personas&#8221;<\/em>, detalla.<\/p>\n<p style=\"text-align: justify;\">Indicar que el proyecto para adaptar el parque del Ferrocarril a las personas con movilidad reducida <strong>lo han llevado a cabo conjuntamente<\/strong> las concejal\u00edas de obras y servicios as\u00ed como de autonom\u00eda personal y atenci\u00f3n a la dependencia.<\/p>\n<p>&nbsp;<\/p>\n<p>&nbsp;<\/p>\n","protected":false},"excerpt":{"rendered":"<p>Cocentaina ha\u00a0adaptado ya el parque de El Ferrocarril para las personas con movilidad reducida despu\u00e9s de haberse realizado en las&#8230;<\/p>\n","protected":false},"author":1,"featured_media":27530,"comment_status":"open","ping_status":"open","sticky":false,"template":"","format":"standard","meta":{"footnotes":""},"categories":[98,75],"tags":[132,578,1799,2199,3466],"class_list":["post-27529","post","type-post","status-publish","format-standard","has-post-thumbnail","hentry","category-comarcas","category-noticias","tag-cocentaina","tag-ferrocarril","tag-mireia-estepa","tag-movilidad-reducida","tag-parque-adaptado"],"yoast_head":"<!-- This site is optimized with the Yoast SEO plugin v27.3 - https:\/\/yoast.com\/product\/yoast-seo-wordpress\/ -->\n<title>Cocentaina ya tiene un parque adaptado - COPE Alcoy<\/title>\n<meta name=\"robots\" content=\"index, follow, max-snippet:-1, max-image-preview:large, max-video-preview:-1\" \/>\n<link rel=\"canonical\" href=\"https:\/\/www.copealcoy.es\/es\/cocentaina-ya-parque-adaptado\/\" \/>\n<meta property=\"og:locale\" content=\"es_ES\" \/>\n<meta property=\"og:type\" content=\"article\" \/>\n<meta property=\"og:title\" content=\"Cocentaina ya tiene un parque adaptado - COPE Alcoy\" \/>\n<meta property=\"og:description\" content=\"Cocentaina ha\u00a0adaptado ya el parque de El Ferrocarril para las personas con movilidad reducida despu\u00e9s de haberse realizado en las...\" \/>\n<meta property=\"og:url\" content=\"https:\/\/www.copealcoy.es\/es\/cocentaina-ya-parque-adaptado\/\" \/>\n<meta property=\"og:site_name\" content=\"COPE Alcoy\" \/>\n<meta property=\"article:published_time\" content=\"2016-12-29T06:00:58+00:00\" \/>\n<meta property=\"og:image\" content=\"https:\/\/www.copealcoy.es\/wp-content\/uploads\/2016\/12\/Cocentainajacomptaam_14238_7396.jpg\" \/>\n\t<meta property=\"og:image:width\" content=\"380\" \/>\n\t<meta property=\"og:image:height\" content=\"285\" \/>\n\t<meta property=\"og:image:type\" content=\"image\/jpeg\" \/>\n<meta name=\"author\" content=\"Cope Alcoy\" \/>\n<meta name=\"twitter:label1\" content=\"Escrito por\" \/>\n\t<meta name=\"twitter:data1\" content=\"Cope Alcoy\" \/>\n\t<meta name=\"twitter:label2\" content=\"Tiempo de lectura\" \/>\n\t<meta name=\"twitter:data2\" content=\"1 minuto\" \/>\n<script type=\"application\/ld+json\" class=\"yoast-schema-graph\">{\"@context\":\"https:\\\/\\\/schema.org\",\"@graph\":[{\"@type\":\"Article\",\"@id\":\"https:\\\/\\\/www.copealcoy.es\\\/es\\\/cocentaina-ya-parque-adaptado\\\/#article\",\"isPartOf\":{\"@id\":\"https:\\\/\\\/www.copealcoy.es\\\/es\\\/cocentaina-ya-parque-adaptado\\\/\"},\"author\":{\"name\":\"Cope Alcoy\",\"@id\":\"https:\\\/\\\/www.copealcoy.es\\\/es\\\/#\\\/schema\\\/person\\\/e777c87fa024e57d40170af9df39882c\"},\"headline\":\"Cocentaina ya tiene un parque adaptado\",\"datePublished\":\"2016-12-29T06:00:58+00:00\",\"mainEntityOfPage\":{\"@id\":\"https:\\\/\\\/www.copealcoy.es\\\/es\\\/cocentaina-ya-parque-adaptado\\\/\"},\"wordCount\":230,\"commentCount\":0,\"image\":{\"@id\":\"https:\\\/\\\/www.copealcoy.es\\\/es\\\/cocentaina-ya-parque-adaptado\\\/#primaryimage\"},\"thumbnailUrl\":\"https:\\\/\\\/www.copealcoy.es\\\/wp-content\\\/uploads\\\/2016\\\/12\\\/Cocentainajacomptaam_14238_7396.jpg\",\"keywords\":[\"Cocentaina\",\"Ferrocarril\",\"Mireia Estepa\",\"Movilidad Reducida\",\"Parque Adaptado\"],\"articleSection\":[\"Comarcas\",\"Noticias\"],\"inLanguage\":\"es\"},{\"@type\":\"WebPage\",\"@id\":\"https:\\\/\\\/www.copealcoy.es\\\/es\\\/cocentaina-ya-parque-adaptado\\\/\",\"url\":\"https:\\\/\\\/www.copealcoy.es\\\/es\\\/cocentaina-ya-parque-adaptado\\\/\",\"name\":\"Cocentaina ya tiene un parque adaptado - COPE Alcoy\",\"isPartOf\":{\"@id\":\"https:\\\/\\\/www.copealcoy.es\\\/es\\\/#website\"},\"primaryImageOfPage\":{\"@id\":\"https:\\\/\\\/www.copealcoy.es\\\/es\\\/cocentaina-ya-parque-adaptado\\\/#primaryimage\"},\"image\":{\"@id\":\"https:\\\/\\\/www.copealcoy.es\\\/es\\\/cocentaina-ya-parque-adaptado\\\/#primaryimage\"},\"thumbnailUrl\":\"https:\\\/\\\/www.copealcoy.es\\\/wp-content\\\/uploads\\\/2016\\\/12\\\/Cocentainajacomptaam_14238_7396.jpg\",\"datePublished\":\"2016-12-29T06:00:58+00:00\",\"author\":{\"@id\":\"https:\\\/\\\/www.copealcoy.es\\\/es\\\/#\\\/schema\\\/person\\\/e777c87fa024e57d40170af9df39882c\"},\"breadcrumb\":{\"@id\":\"https:\\\/\\\/www.copealcoy.es\\\/es\\\/cocentaina-ya-parque-adaptado\\\/#breadcrumb\"},\"inLanguage\":\"es\",\"potentialAction\":[{\"@type\":\"ReadAction\",\"target\":[\"https:\\\/\\\/www.copealcoy.es\\\/es\\\/cocentaina-ya-parque-adaptado\\\/\"]}]},{\"@type\":\"ImageObject\",\"inLanguage\":\"es\",\"@id\":\"https:\\\/\\\/www.copealcoy.es\\\/es\\\/cocentaina-ya-parque-adaptado\\\/#primaryimage\",\"url\":\"https:\\\/\\\/www.copealcoy.es\\\/wp-content\\\/uploads\\\/2016\\\/12\\\/Cocentainajacomptaam_14238_7396.jpg\",\"contentUrl\":\"https:\\\/\\\/www.copealcoy.es\\\/wp-content\\\/uploads\\\/2016\\\/12\\\/Cocentainajacomptaam_14238_7396.jpg\",\"width\":380,\"height\":285,\"caption\":\"Detalle del nuevo parque instalado en Cocentaina\"},{\"@type\":\"BreadcrumbList\",\"@id\":\"https:\\\/\\\/www.copealcoy.es\\\/es\\\/cocentaina-ya-parque-adaptado\\\/#breadcrumb\",\"itemListElement\":[{\"@type\":\"ListItem\",\"position\":1,\"name\":\"Portada\",\"item\":\"https:\\\/\\\/www.copealcoy.es\\\/es\\\/\"},{\"@type\":\"ListItem\",\"position\":2,\"name\":\"Cocentaina ya tiene un parque adaptado\"}]},{\"@type\":\"WebSite\",\"@id\":\"https:\\\/\\\/www.copealcoy.es\\\/es\\\/#website\",\"url\":\"https:\\\/\\\/www.copealcoy.es\\\/es\\\/\",\"name\":\"COPE Alcoy\",\"description\":\"Emisora COPE de radio local con emisi\u00f3n online. Pont de Sant Jordi 8-10 03803 Alcoy\",\"potentialAction\":[{\"@type\":\"SearchAction\",\"target\":{\"@type\":\"EntryPoint\",\"urlTemplate\":\"https:\\\/\\\/www.copealcoy.es\\\/es\\\/?s={search_term_string}\"},\"query-input\":{\"@type\":\"PropertyValueSpecification\",\"valueRequired\":true,\"valueName\":\"search_term_string\"}}],\"inLanguage\":\"es\"},{\"@type\":\"Person\",\"@id\":\"https:\\\/\\\/www.copealcoy.es\\\/es\\\/#\\\/schema\\\/person\\\/e777c87fa024e57d40170af9df39882c\",\"name\":\"Cope Alcoy\",\"image\":{\"@type\":\"ImageObject\",\"inLanguage\":\"es\",\"@id\":\"https:\\\/\\\/secure.gravatar.com\\\/avatar\\\/bb65d0283347e303893ba14f0692005417c1e0e690a325a4c5d8bb2b3943ee14?s=96&d=mm&r=g\",\"url\":\"https:\\\/\\\/secure.gravatar.com\\\/avatar\\\/bb65d0283347e303893ba14f0692005417c1e0e690a325a4c5d8bb2b3943ee14?s=96&d=mm&r=g\",\"contentUrl\":\"https:\\\/\\\/secure.gravatar.com\\\/avatar\\\/bb65d0283347e303893ba14f0692005417c1e0e690a325a4c5d8bb2b3943ee14?s=96&d=mm&r=g\",\"caption\":\"Cope Alcoy\"}}]}<\/script>\n<!-- \/ Yoast SEO plugin. -->","yoast_head_json":{"title":"Cocentaina ya tiene un parque adaptado - COPE Alcoy","robots":{"index":"index","follow":"follow","max-snippet":"max-snippet:-1","max-image-preview":"max-image-preview:large","max-video-preview":"max-video-preview:-1"},"canonical":"https:\/\/www.copealcoy.es\/es\/cocentaina-ya-parque-adaptado\/","og_locale":"es_ES","og_type":"article","og_title":"Cocentaina ya tiene un parque adaptado - COPE Alcoy","og_description":"Cocentaina ha\u00a0adaptado ya el parque de El Ferrocarril para las personas con movilidad reducida despu\u00e9s de haberse realizado en las...","og_url":"https:\/\/www.copealcoy.es\/es\/cocentaina-ya-parque-adaptado\/","og_site_name":"COPE Alcoy","article_published_time":"2016-12-29T06:00:58+00:00","og_image":[{"width":380,"height":285,"url":"https:\/\/www.copealcoy.es\/wp-content\/uploads\/2016\/12\/Cocentainajacomptaam_14238_7396.jpg","type":"image\/jpeg"}],"author":"Cope Alcoy","twitter_misc":{"Escrito por":"Cope Alcoy","Tiempo de lectura":"1 minuto"},"schema":{"@context":"https:\/\/schema.org","@graph":[{"@type":"Article","@id":"https:\/\/www.copealcoy.es\/es\/cocentaina-ya-parque-adaptado\/#article","isPartOf":{"@id":"https:\/\/www.copealcoy.es\/es\/cocentaina-ya-parque-adaptado\/"},"author":{"name":"Cope Alcoy","@id":"https:\/\/www.copealcoy.es\/es\/#\/schema\/person\/e777c87fa024e57d40170af9df39882c"},"headline":"Cocentaina ya tiene un parque adaptado","datePublished":"2016-12-29T06:00:58+00:00","mainEntityOfPage":{"@id":"https:\/\/www.copealcoy.es\/es\/cocentaina-ya-parque-adaptado\/"},"wordCount":230,"commentCount":0,"image":{"@id":"https:\/\/www.copealcoy.es\/es\/cocentaina-ya-parque-adaptado\/#primaryimage"},"thumbnailUrl":"https:\/\/www.copealcoy.es\/wp-content\/uploads\/2016\/12\/Cocentainajacomptaam_14238_7396.jpg","keywords":["Cocentaina","Ferrocarril","Mireia Estepa","Movilidad Reducida","Parque Adaptado"],"articleSection":["Comarcas","Noticias"],"inLanguage":"es"},{"@type":"WebPage","@id":"https:\/\/www.copealcoy.es\/es\/cocentaina-ya-parque-adaptado\/","url":"https:\/\/www.copealcoy.es\/es\/cocentaina-ya-parque-adaptado\/","name":"Cocentaina ya tiene un parque adaptado - COPE Alcoy","isPartOf":{"@id":"https:\/\/www.copealcoy.es\/es\/#website"},"primaryImageOfPage":{"@id":"https:\/\/www.copealcoy.es\/es\/cocentaina-ya-parque-adaptado\/#primaryimage"},"image":{"@id":"https:\/\/www.copealcoy.es\/es\/cocentaina-ya-parque-adaptado\/#primaryimage"},"thumbnailUrl":"https:\/\/www.copealcoy.es\/wp-content\/uploads\/2016\/12\/Cocentainajacomptaam_14238_7396.jpg","datePublished":"2016-12-29T06:00:58+00:00","author":{"@id":"https:\/\/www.copealcoy.es\/es\/#\/schema\/person\/e777c87fa024e57d40170af9df39882c"},"breadcrumb":{"@id":"https:\/\/www.copealcoy.es\/es\/cocentaina-ya-parque-adaptado\/#breadcrumb"},"inLanguage":"es","potentialAction":[{"@type":"ReadAction","target":["https:\/\/www.copealcoy.es\/es\/cocentaina-ya-parque-adaptado\/"]}]},{"@type":"ImageObject","inLanguage":"es","@id":"https:\/\/www.copealcoy.es\/es\/cocentaina-ya-parque-adaptado\/#primaryimage","url":"https:\/\/www.copealcoy.es\/wp-content\/uploads\/2016\/12\/Cocentainajacomptaam_14238_7396.jpg","contentUrl":"https:\/\/www.copealcoy.es\/wp-content\/uploads\/2016\/12\/Cocentainajacomptaam_14238_7396.jpg","width":380,"height":285,"caption":"Detalle del nuevo parque instalado en Cocentaina"},{"@type":"BreadcrumbList","@id":"https:\/\/www.copealcoy.es\/es\/cocentaina-ya-parque-adaptado\/#breadcrumb","itemListElement":[{"@type":"ListItem","position":1,"name":"Portada","item":"https:\/\/www.copealcoy.es\/es\/"},{"@type":"ListItem","position":2,"name":"Cocentaina ya tiene un parque adaptado"}]},{"@type":"WebSite","@id":"https:\/\/www.copealcoy.es\/es\/#website","url":"https:\/\/www.copealcoy.es\/es\/","name":"COPE Alcoy","description":"Emisora COPE de radio local con emisi\u00f3n online. Pont de Sant Jordi 8-10 03803 Alcoy","potentialAction":[{"@type":"SearchAction","target":{"@type":"EntryPoint","urlTemplate":"https:\/\/www.copealcoy.es\/es\/?s={search_term_string}"},"query-input":{"@type":"PropertyValueSpecification","valueRequired":true,"valueName":"search_term_string"}}],"inLanguage":"es"},{"@type":"Person","@id":"https:\/\/www.copealcoy.es\/es\/#\/schema\/person\/e777c87fa024e57d40170af9df39882c","name":"Cope Alcoy","image":{"@type":"ImageObject","inLanguage":"es","@id":"https:\/\/secure.gravatar.com\/avatar\/bb65d0283347e303893ba14f0692005417c1e0e690a325a4c5d8bb2b3943ee14?s=96&d=mm&r=g","url":"https:\/\/secure.gravatar.com\/avatar\/bb65d0283347e303893ba14f0692005417c1e0e690a325a4c5d8bb2b3943ee14?s=96&d=mm&r=g","contentUrl":"https:\/\/secure.gravatar.com\/avatar\/bb65d0283347e303893ba14f0692005417c1e0e690a325a4c5d8bb2b3943ee14?s=96&d=mm&r=g","caption":"Cope Alcoy"}}]}},"_links":{"self":[{"href":"https:\/\/www.copealcoy.es\/es\/wp-json\/wp\/v2\/posts\/27529","targetHints":{"allow":["GET"]}}],"collection":[{"href":"https:\/\/www.copealcoy.es\/es\/wp-json\/wp\/v2\/posts"}],"about":[{"href":"https:\/\/www.copealcoy.es\/es\/wp-json\/wp\/v2\/types\/post"}],"author":[{"embeddable":true,"href":"https:\/\/www.copealcoy.es\/es\/wp-json\/wp\/v2\/users\/1"}],"replies":[{"embeddable":true,"href":"https:\/\/www.copealcoy.es\/es\/wp-json\/wp\/v2\/comments?post=27529"}],"version-history":[{"count":0,"href":"https:\/\/www.copealcoy.es\/es\/wp-json\/wp\/v2\/posts\/27529\/revisions"}],"wp:featuredmedia":[{"embeddable":true,"href":"https:\/\/www.copealcoy.es\/es\/wp-json\/wp\/v2\/media\/27530"}],"wp:attachment":[{"href":"https:\/\/www.copealcoy.es\/es\/wp-json\/wp\/v2\/media?parent=27529"}],"wp:term":[{"taxonomy":"category","embeddable":true,"href":"https:\/\/www.copealcoy.es\/es\/wp-json\/wp\/v2\/categories?post=27529"},{"taxonomy":"post_tag","embeddable":true,"href":"https:\/\/www.copealcoy.es\/es\/wp-json\/wp\/v2\/tags?post=27529"}],"curies":[{"name":"wp","href":"https:\/\/api.w.org\/{rel}","templated":true}]}}