{"id":27439,"date":"2016-12-23T14:00:30","date_gmt":"2016-12-23T14:00:30","guid":{"rendered":"http:\/\/copealcoi.es\/new\/?p=27439"},"modified":"2016-12-22T23:48:42","modified_gmt":"2016-12-22T23:48:42","slug":"la-castanera-volvera-manana-la-plaza-espana","status":"publish","type":"post","link":"https:\/\/www.copealcoy.es\/es\/la-castanera-volvera-manana-la-plaza-espana\/","title":{"rendered":"La Casta\u00f1era volver\u00e1 ma\u00f1ana a la Plaza de Espa\u00f1a"},"content":{"rendered":"<p style=\"text-align: justify;\">La <strong>Plaza de Espa\u00f1a de Alcoy<\/strong> acoger\u00e1 ma\u00f1ana s\u00e1bado, d\u00eda de Nochebuena, la tradicional <strong>visita de La Casta\u00f1era<\/strong>; un personaje popular y muy esperado por los m\u00e1s peque\u00f1os que <strong>se situar\u00e1 a las puertas del Ayuntamiento<\/strong> para recibir a centenares de personas.\u00a0La iniciativa parti\u00f3 en sus or\u00edgenes de la<strong> Penya del Bon Humor<\/strong> y se ha consolidado con el paso de a\u00f1os incorporando adem\u00e1s un componente solidario. Para esta edici\u00f3n se han preparado<strong> m\u00e1s de veinte kilos de casta\u00f1as<\/strong> al coincidir Nochebuena en pleno s\u00e1bado <em>&#8220;comenzaremos a asarlas a partir de las nueve de la ma\u00f1ana y tendremos m\u00fasica tradicional para crear el mejor ambiente festivo en la calle&#8221;<\/em>, explicaba el pasado mi\u00e9rcoles en el espacio #LaNostraFesta de La Ma\u00f1ana de Cope Alcoy <strong>Guillermo Ramos<\/strong>; encargado de asumir el papel de La Casta\u00f1era.<\/p>\n<p style=\"text-align: justify;\">Indicar que <strong>el donativo<\/strong> que se obtenga despu\u00e9s de adquirir el cucurucho de casta\u00f1as<strong> ir\u00e1 a parar \u00edntegramente a C\u00e1ritas<\/strong> al mismo tiempo que se har\u00e1 una recogida de alimentos no perecederos as\u00ed como productos b\u00e1sicos de primera necesidad, especialmente <strong>ropa<\/strong> de abrigo.<\/p>\n<p>&nbsp;<\/p>\n","protected":false},"excerpt":{"rendered":"<p>La Plaza de Espa\u00f1a de Alcoy acoger\u00e1 ma\u00f1ana s\u00e1bado, d\u00eda de Nochebuena, la tradicional visita de La Casta\u00f1era; un personaje&#8230;<\/p>\n","protected":false},"author":1,"featured_media":17782,"comment_status":"open","ping_status":"open","sticky":false,"template":"","format":"standard","meta":{"footnotes":""},"categories":[97,78,75],"tags":[1494,462,3452,464],"class_list":["post-27439","post","type-post","status-publish","format-standard","has-post-thumbnail","hentry","category-alcoy","category-fiestaycultura","category-noticias","tag-alcoy","tag-castanera","tag-guillermo-ramos","tag-nochebuena"],"yoast_head":"<!-- This site is optimized with the Yoast SEO plugin v27.3 - https:\/\/yoast.com\/product\/yoast-seo-wordpress\/ -->\n<title>La Casta\u00f1era volver\u00e1 ma\u00f1ana a la Plaza de Espa\u00f1a - COPE Alcoy<\/title>\n<meta name=\"robots\" content=\"index, follow, max-snippet:-1, max-image-preview:large, max-video-preview:-1\" \/>\n<link rel=\"canonical\" href=\"https:\/\/www.copealcoy.es\/es\/la-castanera-volvera-manana-la-plaza-espana\/\" \/>\n<meta property=\"og:locale\" content=\"es_ES\" \/>\n<meta property=\"og:type\" content=\"article\" \/>\n<meta property=\"og:title\" content=\"La Casta\u00f1era volver\u00e1 ma\u00f1ana a la Plaza de Espa\u00f1a - COPE Alcoy\" \/>\n<meta property=\"og:description\" content=\"La Plaza de Espa\u00f1a de Alcoy acoger\u00e1 ma\u00f1ana s\u00e1bado, d\u00eda de Nochebuena, la tradicional visita de La Casta\u00f1era; un personaje...\" \/>\n<meta property=\"og:url\" content=\"https:\/\/www.copealcoy.es\/es\/la-castanera-volvera-manana-la-plaza-espana\/\" \/>\n<meta property=\"og:site_name\" content=\"COPE Alcoy\" \/>\n<meta property=\"article:published_time\" content=\"2016-12-23T14:00:30+00:00\" \/>\n<meta property=\"og:image\" content=\"https:\/\/www.copealcoy.es\/wp-content\/uploads\/2015\/12\/12376075_760766627400158_6400765200547343729_n.jpg\" \/>\n\t<meta property=\"og:image:width\" content=\"960\" \/>\n\t<meta property=\"og:image:height\" content=\"720\" \/>\n\t<meta property=\"og:image:type\" content=\"image\/jpeg\" \/>\n<meta name=\"author\" content=\"Cope Alcoy\" \/>\n<meta name=\"twitter:label1\" content=\"Escrito por\" \/>\n\t<meta name=\"twitter:data1\" content=\"Cope Alcoy\" \/>\n\t<meta name=\"twitter:label2\" content=\"Tiempo de lectura\" \/>\n\t<meta name=\"twitter:data2\" content=\"1 minuto\" \/>\n<script type=\"application\/ld+json\" class=\"yoast-schema-graph\">{\"@context\":\"https:\\\/\\\/schema.org\",\"@graph\":[{\"@type\":\"Article\",\"@id\":\"https:\\\/\\\/www.copealcoy.es\\\/es\\\/la-castanera-volvera-manana-la-plaza-espana\\\/#article\",\"isPartOf\":{\"@id\":\"https:\\\/\\\/www.copealcoy.es\\\/es\\\/la-castanera-volvera-manana-la-plaza-espana\\\/\"},\"author\":{\"name\":\"Cope Alcoy\",\"@id\":\"https:\\\/\\\/www.copealcoy.es\\\/es\\\/#\\\/schema\\\/person\\\/e777c87fa024e57d40170af9df39882c\"},\"headline\":\"La Casta\u00f1era volver\u00e1 ma\u00f1ana a la Plaza de Espa\u00f1a\",\"datePublished\":\"2016-12-23T14:00:30+00:00\",\"mainEntityOfPage\":{\"@id\":\"https:\\\/\\\/www.copealcoy.es\\\/es\\\/la-castanera-volvera-manana-la-plaza-espana\\\/\"},\"wordCount\":213,\"commentCount\":0,\"image\":{\"@id\":\"https:\\\/\\\/www.copealcoy.es\\\/es\\\/la-castanera-volvera-manana-la-plaza-espana\\\/#primaryimage\"},\"thumbnailUrl\":\"https:\\\/\\\/www.copealcoy.es\\\/wp-content\\\/uploads\\\/2015\\\/12\\\/12376075_760766627400158_6400765200547343729_n.jpg\",\"keywords\":[\"Alcoy\",\"Casta\u00f1era\",\"Guillermo Ramos\",\"Nochebuena\"],\"articleSection\":[\"Alcoy\",\"Fiesta y Cultura\",\"Noticias\"],\"inLanguage\":\"es\"},{\"@type\":\"WebPage\",\"@id\":\"https:\\\/\\\/www.copealcoy.es\\\/es\\\/la-castanera-volvera-manana-la-plaza-espana\\\/\",\"url\":\"https:\\\/\\\/www.copealcoy.es\\\/es\\\/la-castanera-volvera-manana-la-plaza-espana\\\/\",\"name\":\"La Casta\u00f1era volver\u00e1 ma\u00f1ana a la Plaza de Espa\u00f1a - COPE Alcoy\",\"isPartOf\":{\"@id\":\"https:\\\/\\\/www.copealcoy.es\\\/es\\\/#website\"},\"primaryImageOfPage\":{\"@id\":\"https:\\\/\\\/www.copealcoy.es\\\/es\\\/la-castanera-volvera-manana-la-plaza-espana\\\/#primaryimage\"},\"image\":{\"@id\":\"https:\\\/\\\/www.copealcoy.es\\\/es\\\/la-castanera-volvera-manana-la-plaza-espana\\\/#primaryimage\"},\"thumbnailUrl\":\"https:\\\/\\\/www.copealcoy.es\\\/wp-content\\\/uploads\\\/2015\\\/12\\\/12376075_760766627400158_6400765200547343729_n.jpg\",\"datePublished\":\"2016-12-23T14:00:30+00:00\",\"author\":{\"@id\":\"https:\\\/\\\/www.copealcoy.es\\\/es\\\/#\\\/schema\\\/person\\\/e777c87fa024e57d40170af9df39882c\"},\"breadcrumb\":{\"@id\":\"https:\\\/\\\/www.copealcoy.es\\\/es\\\/la-castanera-volvera-manana-la-plaza-espana\\\/#breadcrumb\"},\"inLanguage\":\"es\",\"potentialAction\":[{\"@type\":\"ReadAction\",\"target\":[\"https:\\\/\\\/www.copealcoy.es\\\/es\\\/la-castanera-volvera-manana-la-plaza-espana\\\/\"]}]},{\"@type\":\"ImageObject\",\"inLanguage\":\"es\",\"@id\":\"https:\\\/\\\/www.copealcoy.es\\\/es\\\/la-castanera-volvera-manana-la-plaza-espana\\\/#primaryimage\",\"url\":\"https:\\\/\\\/www.copealcoy.es\\\/wp-content\\\/uploads\\\/2015\\\/12\\\/12376075_760766627400158_6400765200547343729_n.jpg\",\"contentUrl\":\"https:\\\/\\\/www.copealcoy.es\\\/wp-content\\\/uploads\\\/2015\\\/12\\\/12376075_760766627400158_6400765200547343729_n.jpg\",\"width\":960,\"height\":720},{\"@type\":\"BreadcrumbList\",\"@id\":\"https:\\\/\\\/www.copealcoy.es\\\/es\\\/la-castanera-volvera-manana-la-plaza-espana\\\/#breadcrumb\",\"itemListElement\":[{\"@type\":\"ListItem\",\"position\":1,\"name\":\"Portada\",\"item\":\"https:\\\/\\\/www.copealcoy.es\\\/es\\\/\"},{\"@type\":\"ListItem\",\"position\":2,\"name\":\"La Casta\u00f1era volver\u00e1 ma\u00f1ana a la Plaza de Espa\u00f1a\"}]},{\"@type\":\"WebSite\",\"@id\":\"https:\\\/\\\/www.copealcoy.es\\\/es\\\/#website\",\"url\":\"https:\\\/\\\/www.copealcoy.es\\\/es\\\/\",\"name\":\"COPE Alcoy\",\"description\":\"Emisora COPE de radio local con emisi\u00f3n online. Pont de Sant Jordi 8-10 03803 Alcoy\",\"potentialAction\":[{\"@type\":\"SearchAction\",\"target\":{\"@type\":\"EntryPoint\",\"urlTemplate\":\"https:\\\/\\\/www.copealcoy.es\\\/es\\\/?s={search_term_string}\"},\"query-input\":{\"@type\":\"PropertyValueSpecification\",\"valueRequired\":true,\"valueName\":\"search_term_string\"}}],\"inLanguage\":\"es\"},{\"@type\":\"Person\",\"@id\":\"https:\\\/\\\/www.copealcoy.es\\\/es\\\/#\\\/schema\\\/person\\\/e777c87fa024e57d40170af9df39882c\",\"name\":\"Cope Alcoy\",\"image\":{\"@type\":\"ImageObject\",\"inLanguage\":\"es\",\"@id\":\"https:\\\/\\\/secure.gravatar.com\\\/avatar\\\/bb65d0283347e303893ba14f0692005417c1e0e690a325a4c5d8bb2b3943ee14?s=96&d=mm&r=g\",\"url\":\"https:\\\/\\\/secure.gravatar.com\\\/avatar\\\/bb65d0283347e303893ba14f0692005417c1e0e690a325a4c5d8bb2b3943ee14?s=96&d=mm&r=g\",\"contentUrl\":\"https:\\\/\\\/secure.gravatar.com\\\/avatar\\\/bb65d0283347e303893ba14f0692005417c1e0e690a325a4c5d8bb2b3943ee14?s=96&d=mm&r=g\",\"caption\":\"Cope Alcoy\"}}]}<\/script>\n<!-- \/ Yoast SEO plugin. -->","yoast_head_json":{"title":"La Casta\u00f1era volver\u00e1 ma\u00f1ana a la Plaza de Espa\u00f1a - COPE Alcoy","robots":{"index":"index","follow":"follow","max-snippet":"max-snippet:-1","max-image-preview":"max-image-preview:large","max-video-preview":"max-video-preview:-1"},"canonical":"https:\/\/www.copealcoy.es\/es\/la-castanera-volvera-manana-la-plaza-espana\/","og_locale":"es_ES","og_type":"article","og_title":"La Casta\u00f1era volver\u00e1 ma\u00f1ana a la Plaza de Espa\u00f1a - COPE Alcoy","og_description":"La Plaza de Espa\u00f1a de Alcoy acoger\u00e1 ma\u00f1ana s\u00e1bado, d\u00eda de Nochebuena, la tradicional visita de La Casta\u00f1era; un personaje...","og_url":"https:\/\/www.copealcoy.es\/es\/la-castanera-volvera-manana-la-plaza-espana\/","og_site_name":"COPE Alcoy","article_published_time":"2016-12-23T14:00:30+00:00","og_image":[{"width":960,"height":720,"url":"https:\/\/www.copealcoy.es\/wp-content\/uploads\/2015\/12\/12376075_760766627400158_6400765200547343729_n.jpg","type":"image\/jpeg"}],"author":"Cope Alcoy","twitter_misc":{"Escrito por":"Cope Alcoy","Tiempo de lectura":"1 minuto"},"schema":{"@context":"https:\/\/schema.org","@graph":[{"@type":"Article","@id":"https:\/\/www.copealcoy.es\/es\/la-castanera-volvera-manana-la-plaza-espana\/#article","isPartOf":{"@id":"https:\/\/www.copealcoy.es\/es\/la-castanera-volvera-manana-la-plaza-espana\/"},"author":{"name":"Cope Alcoy","@id":"https:\/\/www.copealcoy.es\/es\/#\/schema\/person\/e777c87fa024e57d40170af9df39882c"},"headline":"La Casta\u00f1era volver\u00e1 ma\u00f1ana a la Plaza de Espa\u00f1a","datePublished":"2016-12-23T14:00:30+00:00","mainEntityOfPage":{"@id":"https:\/\/www.copealcoy.es\/es\/la-castanera-volvera-manana-la-plaza-espana\/"},"wordCount":213,"commentCount":0,"image":{"@id":"https:\/\/www.copealcoy.es\/es\/la-castanera-volvera-manana-la-plaza-espana\/#primaryimage"},"thumbnailUrl":"https:\/\/www.copealcoy.es\/wp-content\/uploads\/2015\/12\/12376075_760766627400158_6400765200547343729_n.jpg","keywords":["Alcoy","Casta\u00f1era","Guillermo Ramos","Nochebuena"],"articleSection":["Alcoy","Fiesta y Cultura","Noticias"],"inLanguage":"es"},{"@type":"WebPage","@id":"https:\/\/www.copealcoy.es\/es\/la-castanera-volvera-manana-la-plaza-espana\/","url":"https:\/\/www.copealcoy.es\/es\/la-castanera-volvera-manana-la-plaza-espana\/","name":"La Casta\u00f1era volver\u00e1 ma\u00f1ana a la Plaza de Espa\u00f1a - COPE Alcoy","isPartOf":{"@id":"https:\/\/www.copealcoy.es\/es\/#website"},"primaryImageOfPage":{"@id":"https:\/\/www.copealcoy.es\/es\/la-castanera-volvera-manana-la-plaza-espana\/#primaryimage"},"image":{"@id":"https:\/\/www.copealcoy.es\/es\/la-castanera-volvera-manana-la-plaza-espana\/#primaryimage"},"thumbnailUrl":"https:\/\/www.copealcoy.es\/wp-content\/uploads\/2015\/12\/12376075_760766627400158_6400765200547343729_n.jpg","datePublished":"2016-12-23T14:00:30+00:00","author":{"@id":"https:\/\/www.copealcoy.es\/es\/#\/schema\/person\/e777c87fa024e57d40170af9df39882c"},"breadcrumb":{"@id":"https:\/\/www.copealcoy.es\/es\/la-castanera-volvera-manana-la-plaza-espana\/#breadcrumb"},"inLanguage":"es","potentialAction":[{"@type":"ReadAction","target":["https:\/\/www.copealcoy.es\/es\/la-castanera-volvera-manana-la-plaza-espana\/"]}]},{"@type":"ImageObject","inLanguage":"es","@id":"https:\/\/www.copealcoy.es\/es\/la-castanera-volvera-manana-la-plaza-espana\/#primaryimage","url":"https:\/\/www.copealcoy.es\/wp-content\/uploads\/2015\/12\/12376075_760766627400158_6400765200547343729_n.jpg","contentUrl":"https:\/\/www.copealcoy.es\/wp-content\/uploads\/2015\/12\/12376075_760766627400158_6400765200547343729_n.jpg","width":960,"height":720},{"@type":"BreadcrumbList","@id":"https:\/\/www.copealcoy.es\/es\/la-castanera-volvera-manana-la-plaza-espana\/#breadcrumb","itemListElement":[{"@type":"ListItem","position":1,"name":"Portada","item":"https:\/\/www.copealcoy.es\/es\/"},{"@type":"ListItem","position":2,"name":"La Casta\u00f1era volver\u00e1 ma\u00f1ana a la Plaza de Espa\u00f1a"}]},{"@type":"WebSite","@id":"https:\/\/www.copealcoy.es\/es\/#website","url":"https:\/\/www.copealcoy.es\/es\/","name":"COPE Alcoy","description":"Emisora COPE de radio local con emisi\u00f3n online. Pont de Sant Jordi 8-10 03803 Alcoy","potentialAction":[{"@type":"SearchAction","target":{"@type":"EntryPoint","urlTemplate":"https:\/\/www.copealcoy.es\/es\/?s={search_term_string}"},"query-input":{"@type":"PropertyValueSpecification","valueRequired":true,"valueName":"search_term_string"}}],"inLanguage":"es"},{"@type":"Person","@id":"https:\/\/www.copealcoy.es\/es\/#\/schema\/person\/e777c87fa024e57d40170af9df39882c","name":"Cope Alcoy","image":{"@type":"ImageObject","inLanguage":"es","@id":"https:\/\/secure.gravatar.com\/avatar\/bb65d0283347e303893ba14f0692005417c1e0e690a325a4c5d8bb2b3943ee14?s=96&d=mm&r=g","url":"https:\/\/secure.gravatar.com\/avatar\/bb65d0283347e303893ba14f0692005417c1e0e690a325a4c5d8bb2b3943ee14?s=96&d=mm&r=g","contentUrl":"https:\/\/secure.gravatar.com\/avatar\/bb65d0283347e303893ba14f0692005417c1e0e690a325a4c5d8bb2b3943ee14?s=96&d=mm&r=g","caption":"Cope Alcoy"}}]}},"_links":{"self":[{"href":"https:\/\/www.copealcoy.es\/es\/wp-json\/wp\/v2\/posts\/27439","targetHints":{"allow":["GET"]}}],"collection":[{"href":"https:\/\/www.copealcoy.es\/es\/wp-json\/wp\/v2\/posts"}],"about":[{"href":"https:\/\/www.copealcoy.es\/es\/wp-json\/wp\/v2\/types\/post"}],"author":[{"embeddable":true,"href":"https:\/\/www.copealcoy.es\/es\/wp-json\/wp\/v2\/users\/1"}],"replies":[{"embeddable":true,"href":"https:\/\/www.copealcoy.es\/es\/wp-json\/wp\/v2\/comments?post=27439"}],"version-history":[{"count":0,"href":"https:\/\/www.copealcoy.es\/es\/wp-json\/wp\/v2\/posts\/27439\/revisions"}],"wp:featuredmedia":[{"embeddable":true,"href":"https:\/\/www.copealcoy.es\/es\/wp-json\/wp\/v2\/media\/17782"}],"wp:attachment":[{"href":"https:\/\/www.copealcoy.es\/es\/wp-json\/wp\/v2\/media?parent=27439"}],"wp:term":[{"taxonomy":"category","embeddable":true,"href":"https:\/\/www.copealcoy.es\/es\/wp-json\/wp\/v2\/categories?post=27439"},{"taxonomy":"post_tag","embeddable":true,"href":"https:\/\/www.copealcoy.es\/es\/wp-json\/wp\/v2\/tags?post=27439"}],"curies":[{"name":"wp","href":"https:\/\/api.w.org\/{rel}","templated":true}]}}