{"id":27360,"date":"2016-12-20T23:50:58","date_gmt":"2016-12-20T23:50:58","guid":{"rendered":"http:\/\/copealcoi.es\/new\/?p=27360"},"modified":"2016-12-20T23:51:31","modified_gmt":"2016-12-20T23:51:31","slug":"temporal-causa-problemas-la-red-agua-potable-cocentaina","status":"publish","type":"post","link":"https:\/\/www.copealcoy.es\/es\/temporal-causa-problemas-la-red-agua-potable-cocentaina\/","title":{"rendered":"El temporal causa problemas en la red de agua potable de Cocentaina"},"content":{"rendered":"<p style=\"text-align: justify;\">El temporal del pasado fin de semana provoc\u00f3 <strong>filtraciones en el pozo de La Querola de Cocentaina<\/strong> y esto ha ocasionado que el agua potable en gran parte de la poblaci\u00f3n <strong>no sea apta para el consumo humano<\/strong> debido a que sale del grifo con <strong>restos de barro<\/strong>. Esta situaci\u00f3n no solo se da en el <strong>casco urbano<\/strong> sino tambi\u00e9n en la <strong>pedan\u00eda de l\u00b4Alc\u00fadia y en los Pol\u00edgonos Industriales<\/strong> de la misma as\u00ed como en el de <strong>Les Jovades<\/strong>. Debido a esto el abastecimiento, seg\u00fan informan desde el Ayuntamiento de la Villa Condal, se est\u00e1 efectuando <strong>desde los dep\u00f3sitos de Santa B\u00e1rbara y de la Serreta<\/strong> aunque el agua sigue saliendo con barro en algunos puntos porque las conducciones todav\u00eda est\u00e1n sucias por el agua que proven\u00eda del citado pozo de La Querola. Por su parte en <strong>Gormaig, Algars y La Llaona<\/strong> no se han detectado incidencias porque el agua proviene de La Serreta.<\/p>\n<p style=\"text-align: justify;\">El consistorio contestano sigue trabajando en <strong>buscar la soluci\u00f3n para garantizar el normal abastecimiento general de agua<\/strong> en la poblaci\u00f3n y se insiste en que no se consuma el agua hasta que no est\u00e9 normalizada la situaci\u00f3n <em>&#8220;puede haber problemas en la presi\u00f3n y el caudal del agua. Pedimos disculpas por las molestias que se puedan generar y pedimos a todos que sean comprensivos con este problema que nos afecta a todos en un elemento tan vital como es el agua&#8221;<\/em>, informan a trav\u00e9s de un comunicado.<\/p>\n<p style=\"text-align: justify;\">Durante toda la jornada de hoy seguir\u00e1n realiz\u00e1ndose los <strong>oportunos an\u00e1lisis<\/strong> de agua proveniente de La Querola para comprobar el estado de la misma y desde el Ayuntamiento hacen un llamamiento para que la poblaci\u00f3n haga un uso responsable del consumo, especialmente en las circunstancias actuales en las que el pueblo se est\u00e1 abasteciendo por dos \u00fanicos puntos.<\/p>\n<div class=\"new\">\n<div class=\"text\">\n<p>&nbsp;<\/p>\n<p>&nbsp;<\/p>\n<\/div>\n<\/div>\n","protected":false},"excerpt":{"rendered":"<p>El temporal del pasado fin de semana provoc\u00f3 filtraciones en el pozo de La Querola de Cocentaina y esto ha&#8230;<\/p>\n","protected":false},"author":1,"featured_media":27361,"comment_status":"open","ping_status":"open","sticky":false,"template":"","format":"standard","meta":{"footnotes":""},"categories":[98,75],"tags":[166,132,3437,3438,574],"class_list":["post-27360","post","type-post","status-publish","format-standard","has-post-thumbnail","hentry","category-comarcas","category-noticias","tag-agua","tag-cocentaina","tag-pozo","tag-querola","tag-temporal"],"yoast_head":"<!-- This site is optimized with the Yoast SEO plugin v27.3 - https:\/\/yoast.com\/product\/yoast-seo-wordpress\/ -->\n<title>El temporal causa problemas en la red de agua potable de Cocentaina - COPE Alcoy<\/title>\n<meta name=\"robots\" content=\"index, follow, max-snippet:-1, max-image-preview:large, max-video-preview:-1\" \/>\n<link rel=\"canonical\" href=\"https:\/\/www.copealcoy.es\/es\/temporal-causa-problemas-la-red-agua-potable-cocentaina\/\" \/>\n<meta property=\"og:locale\" content=\"es_ES\" \/>\n<meta property=\"og:type\" content=\"article\" \/>\n<meta property=\"og:title\" content=\"El temporal causa problemas en la red de agua potable de Cocentaina - COPE Alcoy\" \/>\n<meta property=\"og:description\" content=\"El temporal del pasado fin de semana provoc\u00f3 filtraciones en el pozo de La Querola de Cocentaina y esto ha...\" \/>\n<meta property=\"og:url\" content=\"https:\/\/www.copealcoy.es\/es\/temporal-causa-problemas-la-red-agua-potable-cocentaina\/\" \/>\n<meta property=\"og:site_name\" content=\"COPE Alcoy\" \/>\n<meta property=\"article:published_time\" content=\"2016-12-20T23:50:58+00:00\" \/>\n<meta property=\"article:modified_time\" content=\"2016-12-20T23:51:31+00:00\" \/>\n<meta property=\"og:image\" content=\"https:\/\/www.copealcoy.es\/wp-content\/uploads\/2016\/12\/2016-12-20-PHOTO-00000617-e1482359004672.jpg\" \/>\n\t<meta property=\"og:image:width\" content=\"719\" \/>\n\t<meta property=\"og:image:height\" content=\"377\" \/>\n\t<meta property=\"og:image:type\" content=\"image\/jpeg\" \/>\n<meta name=\"author\" content=\"Cope Alcoy\" \/>\n<meta name=\"twitter:label1\" content=\"Escrito por\" \/>\n\t<meta name=\"twitter:data1\" content=\"Cope Alcoy\" \/>\n\t<meta name=\"twitter:label2\" content=\"Tiempo de lectura\" \/>\n\t<meta name=\"twitter:data2\" content=\"2 minutos\" \/>\n<script type=\"application\/ld+json\" class=\"yoast-schema-graph\">{\"@context\":\"https:\\\/\\\/schema.org\",\"@graph\":[{\"@type\":\"Article\",\"@id\":\"https:\\\/\\\/www.copealcoy.es\\\/es\\\/temporal-causa-problemas-la-red-agua-potable-cocentaina\\\/#article\",\"isPartOf\":{\"@id\":\"https:\\\/\\\/www.copealcoy.es\\\/es\\\/temporal-causa-problemas-la-red-agua-potable-cocentaina\\\/\"},\"author\":{\"name\":\"Cope Alcoy\",\"@id\":\"https:\\\/\\\/www.copealcoy.es\\\/es\\\/#\\\/schema\\\/person\\\/e777c87fa024e57d40170af9df39882c\"},\"headline\":\"El temporal causa problemas en la red de agua potable de Cocentaina\",\"datePublished\":\"2016-12-20T23:50:58+00:00\",\"dateModified\":\"2016-12-20T23:51:31+00:00\",\"mainEntityOfPage\":{\"@id\":\"https:\\\/\\\/www.copealcoy.es\\\/es\\\/temporal-causa-problemas-la-red-agua-potable-cocentaina\\\/\"},\"wordCount\":336,\"commentCount\":0,\"image\":{\"@id\":\"https:\\\/\\\/www.copealcoy.es\\\/es\\\/temporal-causa-problemas-la-red-agua-potable-cocentaina\\\/#primaryimage\"},\"thumbnailUrl\":\"https:\\\/\\\/www.copealcoy.es\\\/wp-content\\\/uploads\\\/2016\\\/12\\\/2016-12-20-PHOTO-00000617-e1482359004672.jpg\",\"keywords\":[\"Agua\",\"Cocentaina\",\"Pozo\",\"Querola\",\"Temporal\"],\"articleSection\":[\"Comarcas\",\"Noticias\"],\"inLanguage\":\"es\"},{\"@type\":\"WebPage\",\"@id\":\"https:\\\/\\\/www.copealcoy.es\\\/es\\\/temporal-causa-problemas-la-red-agua-potable-cocentaina\\\/\",\"url\":\"https:\\\/\\\/www.copealcoy.es\\\/es\\\/temporal-causa-problemas-la-red-agua-potable-cocentaina\\\/\",\"name\":\"El temporal causa problemas en la red de agua potable de Cocentaina - COPE Alcoy\",\"isPartOf\":{\"@id\":\"https:\\\/\\\/www.copealcoy.es\\\/es\\\/#website\"},\"primaryImageOfPage\":{\"@id\":\"https:\\\/\\\/www.copealcoy.es\\\/es\\\/temporal-causa-problemas-la-red-agua-potable-cocentaina\\\/#primaryimage\"},\"image\":{\"@id\":\"https:\\\/\\\/www.copealcoy.es\\\/es\\\/temporal-causa-problemas-la-red-agua-potable-cocentaina\\\/#primaryimage\"},\"thumbnailUrl\":\"https:\\\/\\\/www.copealcoy.es\\\/wp-content\\\/uploads\\\/2016\\\/12\\\/2016-12-20-PHOTO-00000617-e1482359004672.jpg\",\"datePublished\":\"2016-12-20T23:50:58+00:00\",\"dateModified\":\"2016-12-20T23:51:31+00:00\",\"author\":{\"@id\":\"https:\\\/\\\/www.copealcoy.es\\\/es\\\/#\\\/schema\\\/person\\\/e777c87fa024e57d40170af9df39882c\"},\"breadcrumb\":{\"@id\":\"https:\\\/\\\/www.copealcoy.es\\\/es\\\/temporal-causa-problemas-la-red-agua-potable-cocentaina\\\/#breadcrumb\"},\"inLanguage\":\"es\",\"potentialAction\":[{\"@type\":\"ReadAction\",\"target\":[\"https:\\\/\\\/www.copealcoy.es\\\/es\\\/temporal-causa-problemas-la-red-agua-potable-cocentaina\\\/\"]}]},{\"@type\":\"ImageObject\",\"inLanguage\":\"es\",\"@id\":\"https:\\\/\\\/www.copealcoy.es\\\/es\\\/temporal-causa-problemas-la-red-agua-potable-cocentaina\\\/#primaryimage\",\"url\":\"https:\\\/\\\/www.copealcoy.es\\\/wp-content\\\/uploads\\\/2016\\\/12\\\/2016-12-20-PHOTO-00000617-e1482359004672.jpg\",\"contentUrl\":\"https:\\\/\\\/www.copealcoy.es\\\/wp-content\\\/uploads\\\/2016\\\/12\\\/2016-12-20-PHOTO-00000617-e1482359004672.jpg\",\"width\":719,\"height\":377,\"caption\":\"La alcaldesa y el concejal de Obras analizando la situaci\u00f3n\"},{\"@type\":\"BreadcrumbList\",\"@id\":\"https:\\\/\\\/www.copealcoy.es\\\/es\\\/temporal-causa-problemas-la-red-agua-potable-cocentaina\\\/#breadcrumb\",\"itemListElement\":[{\"@type\":\"ListItem\",\"position\":1,\"name\":\"Portada\",\"item\":\"https:\\\/\\\/www.copealcoy.es\\\/es\\\/\"},{\"@type\":\"ListItem\",\"position\":2,\"name\":\"El temporal causa problemas en la red de agua potable de Cocentaina\"}]},{\"@type\":\"WebSite\",\"@id\":\"https:\\\/\\\/www.copealcoy.es\\\/es\\\/#website\",\"url\":\"https:\\\/\\\/www.copealcoy.es\\\/es\\\/\",\"name\":\"COPE Alcoy\",\"description\":\"Emisora COPE de radio local con emisi\u00f3n online. Pont de Sant Jordi 8-10 03803 Alcoy\",\"potentialAction\":[{\"@type\":\"SearchAction\",\"target\":{\"@type\":\"EntryPoint\",\"urlTemplate\":\"https:\\\/\\\/www.copealcoy.es\\\/es\\\/?s={search_term_string}\"},\"query-input\":{\"@type\":\"PropertyValueSpecification\",\"valueRequired\":true,\"valueName\":\"search_term_string\"}}],\"inLanguage\":\"es\"},{\"@type\":\"Person\",\"@id\":\"https:\\\/\\\/www.copealcoy.es\\\/es\\\/#\\\/schema\\\/person\\\/e777c87fa024e57d40170af9df39882c\",\"name\":\"Cope Alcoy\",\"image\":{\"@type\":\"ImageObject\",\"inLanguage\":\"es\",\"@id\":\"https:\\\/\\\/secure.gravatar.com\\\/avatar\\\/bb65d0283347e303893ba14f0692005417c1e0e690a325a4c5d8bb2b3943ee14?s=96&d=mm&r=g\",\"url\":\"https:\\\/\\\/secure.gravatar.com\\\/avatar\\\/bb65d0283347e303893ba14f0692005417c1e0e690a325a4c5d8bb2b3943ee14?s=96&d=mm&r=g\",\"contentUrl\":\"https:\\\/\\\/secure.gravatar.com\\\/avatar\\\/bb65d0283347e303893ba14f0692005417c1e0e690a325a4c5d8bb2b3943ee14?s=96&d=mm&r=g\",\"caption\":\"Cope Alcoy\"}}]}<\/script>\n<!-- \/ Yoast SEO plugin. -->","yoast_head_json":{"title":"El temporal causa problemas en la red de agua potable de Cocentaina - COPE Alcoy","robots":{"index":"index","follow":"follow","max-snippet":"max-snippet:-1","max-image-preview":"max-image-preview:large","max-video-preview":"max-video-preview:-1"},"canonical":"https:\/\/www.copealcoy.es\/es\/temporal-causa-problemas-la-red-agua-potable-cocentaina\/","og_locale":"es_ES","og_type":"article","og_title":"El temporal causa problemas en la red de agua potable de Cocentaina - COPE Alcoy","og_description":"El temporal del pasado fin de semana provoc\u00f3 filtraciones en el pozo de La Querola de Cocentaina y esto ha...","og_url":"https:\/\/www.copealcoy.es\/es\/temporal-causa-problemas-la-red-agua-potable-cocentaina\/","og_site_name":"COPE Alcoy","article_published_time":"2016-12-20T23:50:58+00:00","article_modified_time":"2016-12-20T23:51:31+00:00","og_image":[{"width":719,"height":377,"url":"https:\/\/www.copealcoy.es\/wp-content\/uploads\/2016\/12\/2016-12-20-PHOTO-00000617-e1482359004672.jpg","type":"image\/jpeg"}],"author":"Cope Alcoy","twitter_misc":{"Escrito por":"Cope Alcoy","Tiempo de lectura":"2 minutos"},"schema":{"@context":"https:\/\/schema.org","@graph":[{"@type":"Article","@id":"https:\/\/www.copealcoy.es\/es\/temporal-causa-problemas-la-red-agua-potable-cocentaina\/#article","isPartOf":{"@id":"https:\/\/www.copealcoy.es\/es\/temporal-causa-problemas-la-red-agua-potable-cocentaina\/"},"author":{"name":"Cope Alcoy","@id":"https:\/\/www.copealcoy.es\/es\/#\/schema\/person\/e777c87fa024e57d40170af9df39882c"},"headline":"El temporal causa problemas en la red de agua potable de Cocentaina","datePublished":"2016-12-20T23:50:58+00:00","dateModified":"2016-12-20T23:51:31+00:00","mainEntityOfPage":{"@id":"https:\/\/www.copealcoy.es\/es\/temporal-causa-problemas-la-red-agua-potable-cocentaina\/"},"wordCount":336,"commentCount":0,"image":{"@id":"https:\/\/www.copealcoy.es\/es\/temporal-causa-problemas-la-red-agua-potable-cocentaina\/#primaryimage"},"thumbnailUrl":"https:\/\/www.copealcoy.es\/wp-content\/uploads\/2016\/12\/2016-12-20-PHOTO-00000617-e1482359004672.jpg","keywords":["Agua","Cocentaina","Pozo","Querola","Temporal"],"articleSection":["Comarcas","Noticias"],"inLanguage":"es"},{"@type":"WebPage","@id":"https:\/\/www.copealcoy.es\/es\/temporal-causa-problemas-la-red-agua-potable-cocentaina\/","url":"https:\/\/www.copealcoy.es\/es\/temporal-causa-problemas-la-red-agua-potable-cocentaina\/","name":"El temporal causa problemas en la red de agua potable de Cocentaina - COPE Alcoy","isPartOf":{"@id":"https:\/\/www.copealcoy.es\/es\/#website"},"primaryImageOfPage":{"@id":"https:\/\/www.copealcoy.es\/es\/temporal-causa-problemas-la-red-agua-potable-cocentaina\/#primaryimage"},"image":{"@id":"https:\/\/www.copealcoy.es\/es\/temporal-causa-problemas-la-red-agua-potable-cocentaina\/#primaryimage"},"thumbnailUrl":"https:\/\/www.copealcoy.es\/wp-content\/uploads\/2016\/12\/2016-12-20-PHOTO-00000617-e1482359004672.jpg","datePublished":"2016-12-20T23:50:58+00:00","dateModified":"2016-12-20T23:51:31+00:00","author":{"@id":"https:\/\/www.copealcoy.es\/es\/#\/schema\/person\/e777c87fa024e57d40170af9df39882c"},"breadcrumb":{"@id":"https:\/\/www.copealcoy.es\/es\/temporal-causa-problemas-la-red-agua-potable-cocentaina\/#breadcrumb"},"inLanguage":"es","potentialAction":[{"@type":"ReadAction","target":["https:\/\/www.copealcoy.es\/es\/temporal-causa-problemas-la-red-agua-potable-cocentaina\/"]}]},{"@type":"ImageObject","inLanguage":"es","@id":"https:\/\/www.copealcoy.es\/es\/temporal-causa-problemas-la-red-agua-potable-cocentaina\/#primaryimage","url":"https:\/\/www.copealcoy.es\/wp-content\/uploads\/2016\/12\/2016-12-20-PHOTO-00000617-e1482359004672.jpg","contentUrl":"https:\/\/www.copealcoy.es\/wp-content\/uploads\/2016\/12\/2016-12-20-PHOTO-00000617-e1482359004672.jpg","width":719,"height":377,"caption":"La alcaldesa y el concejal de Obras analizando la situaci\u00f3n"},{"@type":"BreadcrumbList","@id":"https:\/\/www.copealcoy.es\/es\/temporal-causa-problemas-la-red-agua-potable-cocentaina\/#breadcrumb","itemListElement":[{"@type":"ListItem","position":1,"name":"Portada","item":"https:\/\/www.copealcoy.es\/es\/"},{"@type":"ListItem","position":2,"name":"El temporal causa problemas en la red de agua potable de Cocentaina"}]},{"@type":"WebSite","@id":"https:\/\/www.copealcoy.es\/es\/#website","url":"https:\/\/www.copealcoy.es\/es\/","name":"COPE Alcoy","description":"Emisora COPE de radio local con emisi\u00f3n online. Pont de Sant Jordi 8-10 03803 Alcoy","potentialAction":[{"@type":"SearchAction","target":{"@type":"EntryPoint","urlTemplate":"https:\/\/www.copealcoy.es\/es\/?s={search_term_string}"},"query-input":{"@type":"PropertyValueSpecification","valueRequired":true,"valueName":"search_term_string"}}],"inLanguage":"es"},{"@type":"Person","@id":"https:\/\/www.copealcoy.es\/es\/#\/schema\/person\/e777c87fa024e57d40170af9df39882c","name":"Cope Alcoy","image":{"@type":"ImageObject","inLanguage":"es","@id":"https:\/\/secure.gravatar.com\/avatar\/bb65d0283347e303893ba14f0692005417c1e0e690a325a4c5d8bb2b3943ee14?s=96&d=mm&r=g","url":"https:\/\/secure.gravatar.com\/avatar\/bb65d0283347e303893ba14f0692005417c1e0e690a325a4c5d8bb2b3943ee14?s=96&d=mm&r=g","contentUrl":"https:\/\/secure.gravatar.com\/avatar\/bb65d0283347e303893ba14f0692005417c1e0e690a325a4c5d8bb2b3943ee14?s=96&d=mm&r=g","caption":"Cope Alcoy"}}]}},"_links":{"self":[{"href":"https:\/\/www.copealcoy.es\/es\/wp-json\/wp\/v2\/posts\/27360","targetHints":{"allow":["GET"]}}],"collection":[{"href":"https:\/\/www.copealcoy.es\/es\/wp-json\/wp\/v2\/posts"}],"about":[{"href":"https:\/\/www.copealcoy.es\/es\/wp-json\/wp\/v2\/types\/post"}],"author":[{"embeddable":true,"href":"https:\/\/www.copealcoy.es\/es\/wp-json\/wp\/v2\/users\/1"}],"replies":[{"embeddable":true,"href":"https:\/\/www.copealcoy.es\/es\/wp-json\/wp\/v2\/comments?post=27360"}],"version-history":[{"count":0,"href":"https:\/\/www.copealcoy.es\/es\/wp-json\/wp\/v2\/posts\/27360\/revisions"}],"wp:featuredmedia":[{"embeddable":true,"href":"https:\/\/www.copealcoy.es\/es\/wp-json\/wp\/v2\/media\/27361"}],"wp:attachment":[{"href":"https:\/\/www.copealcoy.es\/es\/wp-json\/wp\/v2\/media?parent=27360"}],"wp:term":[{"taxonomy":"category","embeddable":true,"href":"https:\/\/www.copealcoy.es\/es\/wp-json\/wp\/v2\/categories?post=27360"},{"taxonomy":"post_tag","embeddable":true,"href":"https:\/\/www.copealcoy.es\/es\/wp-json\/wp\/v2\/tags?post=27360"}],"curies":[{"name":"wp","href":"https:\/\/api.w.org\/{rel}","templated":true}]}}