{"id":27351,"date":"2016-12-20T06:00:48","date_gmt":"2016-12-20T06:00:48","guid":{"rendered":"http:\/\/copealcoi.es\/new\/?p=27351"},"modified":"2016-12-19T21:04:39","modified_gmt":"2016-12-19T21:04:39","slug":"temporal-causa-graves-danos-la-agricultura","status":"publish","type":"post","link":"https:\/\/www.copealcoy.es\/es\/temporal-causa-graves-danos-la-agricultura\/","title":{"rendered":"El temporal causa graves da\u00f1os en la agricultura"},"content":{"rendered":"<p style=\"text-align: justify;\">El temporal de lluvias que hemos vivido en los \u00faltimos d\u00edas ha causado <strong>graves da\u00f1os en la agricultura<\/strong> de la comarca del Comtat, especialmente en los municipios de la Vall de Seta, seg\u00fan aseguran desde la Uni\u00f3 de Llauradors.<\/p>\n<p style=\"text-align: justify;\">Los campos <strong>est\u00e1n en su mayor\u00eda anegados de agua<\/strong> tras las intensas precipitaciones y tambi\u00e9n numerosos <strong>caminos rurales est\u00e1n inundados<\/strong>, lo cual dificulta que muchos agricultores puedan acceder a sus terrenos. De igual forma se han producido <strong>derrumbes<\/strong> que han provocado una gran erosi\u00f3n de los terrenos y la desaparici\u00f3n de considerables cantidades de tierras. A esto se suman las <strong>p\u00e9rdidas en los cultivos<\/strong> especialmente en la aceituna que ahora se encuentra en pleno proceso de recolecci\u00f3n. En este sentido desde la Uni\u00f3 de Llauradors destacan que<strong> en el olivo un 60% de la variedad Manzanilla<\/strong> aun no recogida ha ca\u00eddo al suelo y <strong>otro 20% de la variedad blanqueta<\/strong> ha sufrido las mismas consecuencias. Por su parte <strong>la siembra del cereal ha sido arrastrada por el agua<\/strong> y la que ha quedado terminar\u00e1 tambi\u00e9n por perderse <em>&#8220;la abundancia de precipitaciones en tan poco espacio de tiempo provocar\u00e1 que una vez pare de llover se necesiten al menos un par de d\u00edas para acceder a las parcelas y comprobar con detalle la magnitud de los da\u00f1os&#8221;<\/em>, destaca <strong>Jos\u00e9 Francisco Dom\u00e9nech<\/strong>, secretario comarcal de La Uni\u00f3.<\/p>\n<p style=\"text-align: justify;\">Desde la Uni\u00f3 de Llauradors tambi\u00e9n anuncian que <strong>pedir\u00e1n un paquete de medidas al Gobierno Central y a la Generalitat<\/strong> para que se puedan reparar urgentemente las infraestructuras agrarias al mismo tiempo que reclaman <strong>compensaciones para los agricultores<\/strong> afectados en forma de ayudas directas o exenciones fiscales \u00a0y de las cuotas de la Seguridad Social.<\/p>\n","protected":false},"excerpt":{"rendered":"<p>El temporal de lluvias que hemos vivido en los \u00faltimos d\u00edas ha causado graves da\u00f1os en la agricultura de la&#8230;<\/p>\n","protected":false},"author":1,"featured_media":27352,"comment_status":"open","ping_status":"open","sticky":false,"template":"","format":"standard","meta":{"footnotes":""},"categories":[75,125],"tags":[399,237,1340,574,3436],"class_list":["post-27351","post","type-post","status-publish","format-standard","has-post-thumbnail","hentry","category-noticias","category-portada","tag-agricultura","tag-comtat","tag-lluvias","tag-temporal","tag-unio-llauradors"],"yoast_head":"<!-- This site is optimized with the Yoast SEO plugin v27.3 - https:\/\/yoast.com\/product\/yoast-seo-wordpress\/ -->\n<title>El temporal causa graves da\u00f1os en la agricultura - COPE Alcoy<\/title>\n<meta name=\"robots\" content=\"index, follow, max-snippet:-1, max-image-preview:large, max-video-preview:-1\" \/>\n<link rel=\"canonical\" href=\"https:\/\/www.copealcoy.es\/es\/temporal-causa-graves-danos-la-agricultura\/\" \/>\n<meta property=\"og:locale\" content=\"es_ES\" \/>\n<meta property=\"og:type\" content=\"article\" \/>\n<meta property=\"og:title\" content=\"El temporal causa graves da\u00f1os en la agricultura - COPE Alcoy\" \/>\n<meta property=\"og:description\" content=\"El temporal de lluvias que hemos vivido en los \u00faltimos d\u00edas ha causado graves da\u00f1os en la agricultura de la...\" \/>\n<meta property=\"og:url\" content=\"https:\/\/www.copealcoy.es\/es\/temporal-causa-graves-danos-la-agricultura\/\" \/>\n<meta property=\"og:site_name\" content=\"COPE Alcoy\" \/>\n<meta property=\"article:published_time\" content=\"2016-12-20T06:00:48+00:00\" \/>\n<meta property=\"og:image\" content=\"https:\/\/www.copealcoy.es\/wp-content\/uploads\/2016\/12\/DSC02185-e1482181425887.jpg\" \/>\n\t<meta property=\"og:image:width\" content=\"4224\" \/>\n\t<meta property=\"og:image:height\" content=\"2513\" \/>\n\t<meta property=\"og:image:type\" content=\"image\/jpeg\" \/>\n<meta name=\"author\" content=\"Cope Alcoy\" \/>\n<meta name=\"twitter:label1\" content=\"Escrito por\" \/>\n\t<meta name=\"twitter:data1\" content=\"Cope Alcoy\" \/>\n\t<meta name=\"twitter:label2\" content=\"Tiempo de lectura\" \/>\n\t<meta name=\"twitter:data2\" content=\"1 minuto\" \/>\n<script type=\"application\/ld+json\" class=\"yoast-schema-graph\">{\"@context\":\"https:\\\/\\\/schema.org\",\"@graph\":[{\"@type\":\"Article\",\"@id\":\"https:\\\/\\\/www.copealcoy.es\\\/es\\\/temporal-causa-graves-danos-la-agricultura\\\/#article\",\"isPartOf\":{\"@id\":\"https:\\\/\\\/www.copealcoy.es\\\/es\\\/temporal-causa-graves-danos-la-agricultura\\\/\"},\"author\":{\"name\":\"Cope Alcoy\",\"@id\":\"https:\\\/\\\/www.copealcoy.es\\\/es\\\/#\\\/schema\\\/person\\\/e777c87fa024e57d40170af9df39882c\"},\"headline\":\"El temporal causa graves da\u00f1os en la agricultura\",\"datePublished\":\"2016-12-20T06:00:48+00:00\",\"mainEntityOfPage\":{\"@id\":\"https:\\\/\\\/www.copealcoy.es\\\/es\\\/temporal-causa-graves-danos-la-agricultura\\\/\"},\"wordCount\":304,\"commentCount\":0,\"image\":{\"@id\":\"https:\\\/\\\/www.copealcoy.es\\\/es\\\/temporal-causa-graves-danos-la-agricultura\\\/#primaryimage\"},\"thumbnailUrl\":\"https:\\\/\\\/www.copealcoy.es\\\/wp-content\\\/uploads\\\/2016\\\/12\\\/DSC02185-e1482181425887.jpg\",\"keywords\":[\"Agricultura\",\"Comtat\",\"lluvias\",\"Temporal\",\"Uni\u00f3 Llauradors\"],\"articleSection\":[\"Noticias\",\"Portada\"],\"inLanguage\":\"es\"},{\"@type\":\"WebPage\",\"@id\":\"https:\\\/\\\/www.copealcoy.es\\\/es\\\/temporal-causa-graves-danos-la-agricultura\\\/\",\"url\":\"https:\\\/\\\/www.copealcoy.es\\\/es\\\/temporal-causa-graves-danos-la-agricultura\\\/\",\"name\":\"El temporal causa graves da\u00f1os en la agricultura - COPE Alcoy\",\"isPartOf\":{\"@id\":\"https:\\\/\\\/www.copealcoy.es\\\/es\\\/#website\"},\"primaryImageOfPage\":{\"@id\":\"https:\\\/\\\/www.copealcoy.es\\\/es\\\/temporal-causa-graves-danos-la-agricultura\\\/#primaryimage\"},\"image\":{\"@id\":\"https:\\\/\\\/www.copealcoy.es\\\/es\\\/temporal-causa-graves-danos-la-agricultura\\\/#primaryimage\"},\"thumbnailUrl\":\"https:\\\/\\\/www.copealcoy.es\\\/wp-content\\\/uploads\\\/2016\\\/12\\\/DSC02185-e1482181425887.jpg\",\"datePublished\":\"2016-12-20T06:00:48+00:00\",\"author\":{\"@id\":\"https:\\\/\\\/www.copealcoy.es\\\/es\\\/#\\\/schema\\\/person\\\/e777c87fa024e57d40170af9df39882c\"},\"breadcrumb\":{\"@id\":\"https:\\\/\\\/www.copealcoy.es\\\/es\\\/temporal-causa-graves-danos-la-agricultura\\\/#breadcrumb\"},\"inLanguage\":\"es\",\"potentialAction\":[{\"@type\":\"ReadAction\",\"target\":[\"https:\\\/\\\/www.copealcoy.es\\\/es\\\/temporal-causa-graves-danos-la-agricultura\\\/\"]}]},{\"@type\":\"ImageObject\",\"inLanguage\":\"es\",\"@id\":\"https:\\\/\\\/www.copealcoy.es\\\/es\\\/temporal-causa-graves-danos-la-agricultura\\\/#primaryimage\",\"url\":\"https:\\\/\\\/www.copealcoy.es\\\/wp-content\\\/uploads\\\/2016\\\/12\\\/DSC02185-e1482181425887.jpg\",\"contentUrl\":\"https:\\\/\\\/www.copealcoy.es\\\/wp-content\\\/uploads\\\/2016\\\/12\\\/DSC02185-e1482181425887.jpg\",\"width\":4224,\"height\":2513,\"caption\":\"Campos anegados de agua en Cocentaina\"},{\"@type\":\"BreadcrumbList\",\"@id\":\"https:\\\/\\\/www.copealcoy.es\\\/es\\\/temporal-causa-graves-danos-la-agricultura\\\/#breadcrumb\",\"itemListElement\":[{\"@type\":\"ListItem\",\"position\":1,\"name\":\"Portada\",\"item\":\"https:\\\/\\\/www.copealcoy.es\\\/es\\\/\"},{\"@type\":\"ListItem\",\"position\":2,\"name\":\"El temporal causa graves da\u00f1os en la agricultura\"}]},{\"@type\":\"WebSite\",\"@id\":\"https:\\\/\\\/www.copealcoy.es\\\/es\\\/#website\",\"url\":\"https:\\\/\\\/www.copealcoy.es\\\/es\\\/\",\"name\":\"COPE Alcoy\",\"description\":\"Emisora COPE de radio local con emisi\u00f3n online. Pont de Sant Jordi 8-10 03803 Alcoy\",\"potentialAction\":[{\"@type\":\"SearchAction\",\"target\":{\"@type\":\"EntryPoint\",\"urlTemplate\":\"https:\\\/\\\/www.copealcoy.es\\\/es\\\/?s={search_term_string}\"},\"query-input\":{\"@type\":\"PropertyValueSpecification\",\"valueRequired\":true,\"valueName\":\"search_term_string\"}}],\"inLanguage\":\"es\"},{\"@type\":\"Person\",\"@id\":\"https:\\\/\\\/www.copealcoy.es\\\/es\\\/#\\\/schema\\\/person\\\/e777c87fa024e57d40170af9df39882c\",\"name\":\"Cope Alcoy\",\"image\":{\"@type\":\"ImageObject\",\"inLanguage\":\"es\",\"@id\":\"https:\\\/\\\/secure.gravatar.com\\\/avatar\\\/bb65d0283347e303893ba14f0692005417c1e0e690a325a4c5d8bb2b3943ee14?s=96&d=mm&r=g\",\"url\":\"https:\\\/\\\/secure.gravatar.com\\\/avatar\\\/bb65d0283347e303893ba14f0692005417c1e0e690a325a4c5d8bb2b3943ee14?s=96&d=mm&r=g\",\"contentUrl\":\"https:\\\/\\\/secure.gravatar.com\\\/avatar\\\/bb65d0283347e303893ba14f0692005417c1e0e690a325a4c5d8bb2b3943ee14?s=96&d=mm&r=g\",\"caption\":\"Cope Alcoy\"}}]}<\/script>\n<!-- \/ Yoast SEO plugin. -->","yoast_head_json":{"title":"El temporal causa graves da\u00f1os en la agricultura - COPE Alcoy","robots":{"index":"index","follow":"follow","max-snippet":"max-snippet:-1","max-image-preview":"max-image-preview:large","max-video-preview":"max-video-preview:-1"},"canonical":"https:\/\/www.copealcoy.es\/es\/temporal-causa-graves-danos-la-agricultura\/","og_locale":"es_ES","og_type":"article","og_title":"El temporal causa graves da\u00f1os en la agricultura - COPE Alcoy","og_description":"El temporal de lluvias que hemos vivido en los \u00faltimos d\u00edas ha causado graves da\u00f1os en la agricultura de la...","og_url":"https:\/\/www.copealcoy.es\/es\/temporal-causa-graves-danos-la-agricultura\/","og_site_name":"COPE Alcoy","article_published_time":"2016-12-20T06:00:48+00:00","og_image":[{"width":4224,"height":2513,"url":"https:\/\/www.copealcoy.es\/wp-content\/uploads\/2016\/12\/DSC02185-e1482181425887.jpg","type":"image\/jpeg"}],"author":"Cope Alcoy","twitter_misc":{"Escrito por":"Cope Alcoy","Tiempo de lectura":"1 minuto"},"schema":{"@context":"https:\/\/schema.org","@graph":[{"@type":"Article","@id":"https:\/\/www.copealcoy.es\/es\/temporal-causa-graves-danos-la-agricultura\/#article","isPartOf":{"@id":"https:\/\/www.copealcoy.es\/es\/temporal-causa-graves-danos-la-agricultura\/"},"author":{"name":"Cope Alcoy","@id":"https:\/\/www.copealcoy.es\/es\/#\/schema\/person\/e777c87fa024e57d40170af9df39882c"},"headline":"El temporal causa graves da\u00f1os en la agricultura","datePublished":"2016-12-20T06:00:48+00:00","mainEntityOfPage":{"@id":"https:\/\/www.copealcoy.es\/es\/temporal-causa-graves-danos-la-agricultura\/"},"wordCount":304,"commentCount":0,"image":{"@id":"https:\/\/www.copealcoy.es\/es\/temporal-causa-graves-danos-la-agricultura\/#primaryimage"},"thumbnailUrl":"https:\/\/www.copealcoy.es\/wp-content\/uploads\/2016\/12\/DSC02185-e1482181425887.jpg","keywords":["Agricultura","Comtat","lluvias","Temporal","Uni\u00f3 Llauradors"],"articleSection":["Noticias","Portada"],"inLanguage":"es"},{"@type":"WebPage","@id":"https:\/\/www.copealcoy.es\/es\/temporal-causa-graves-danos-la-agricultura\/","url":"https:\/\/www.copealcoy.es\/es\/temporal-causa-graves-danos-la-agricultura\/","name":"El temporal causa graves da\u00f1os en la agricultura - COPE Alcoy","isPartOf":{"@id":"https:\/\/www.copealcoy.es\/es\/#website"},"primaryImageOfPage":{"@id":"https:\/\/www.copealcoy.es\/es\/temporal-causa-graves-danos-la-agricultura\/#primaryimage"},"image":{"@id":"https:\/\/www.copealcoy.es\/es\/temporal-causa-graves-danos-la-agricultura\/#primaryimage"},"thumbnailUrl":"https:\/\/www.copealcoy.es\/wp-content\/uploads\/2016\/12\/DSC02185-e1482181425887.jpg","datePublished":"2016-12-20T06:00:48+00:00","author":{"@id":"https:\/\/www.copealcoy.es\/es\/#\/schema\/person\/e777c87fa024e57d40170af9df39882c"},"breadcrumb":{"@id":"https:\/\/www.copealcoy.es\/es\/temporal-causa-graves-danos-la-agricultura\/#breadcrumb"},"inLanguage":"es","potentialAction":[{"@type":"ReadAction","target":["https:\/\/www.copealcoy.es\/es\/temporal-causa-graves-danos-la-agricultura\/"]}]},{"@type":"ImageObject","inLanguage":"es","@id":"https:\/\/www.copealcoy.es\/es\/temporal-causa-graves-danos-la-agricultura\/#primaryimage","url":"https:\/\/www.copealcoy.es\/wp-content\/uploads\/2016\/12\/DSC02185-e1482181425887.jpg","contentUrl":"https:\/\/www.copealcoy.es\/wp-content\/uploads\/2016\/12\/DSC02185-e1482181425887.jpg","width":4224,"height":2513,"caption":"Campos anegados de agua en Cocentaina"},{"@type":"BreadcrumbList","@id":"https:\/\/www.copealcoy.es\/es\/temporal-causa-graves-danos-la-agricultura\/#breadcrumb","itemListElement":[{"@type":"ListItem","position":1,"name":"Portada","item":"https:\/\/www.copealcoy.es\/es\/"},{"@type":"ListItem","position":2,"name":"El temporal causa graves da\u00f1os en la agricultura"}]},{"@type":"WebSite","@id":"https:\/\/www.copealcoy.es\/es\/#website","url":"https:\/\/www.copealcoy.es\/es\/","name":"COPE Alcoy","description":"Emisora COPE de radio local con emisi\u00f3n online. Pont de Sant Jordi 8-10 03803 Alcoy","potentialAction":[{"@type":"SearchAction","target":{"@type":"EntryPoint","urlTemplate":"https:\/\/www.copealcoy.es\/es\/?s={search_term_string}"},"query-input":{"@type":"PropertyValueSpecification","valueRequired":true,"valueName":"search_term_string"}}],"inLanguage":"es"},{"@type":"Person","@id":"https:\/\/www.copealcoy.es\/es\/#\/schema\/person\/e777c87fa024e57d40170af9df39882c","name":"Cope Alcoy","image":{"@type":"ImageObject","inLanguage":"es","@id":"https:\/\/secure.gravatar.com\/avatar\/bb65d0283347e303893ba14f0692005417c1e0e690a325a4c5d8bb2b3943ee14?s=96&d=mm&r=g","url":"https:\/\/secure.gravatar.com\/avatar\/bb65d0283347e303893ba14f0692005417c1e0e690a325a4c5d8bb2b3943ee14?s=96&d=mm&r=g","contentUrl":"https:\/\/secure.gravatar.com\/avatar\/bb65d0283347e303893ba14f0692005417c1e0e690a325a4c5d8bb2b3943ee14?s=96&d=mm&r=g","caption":"Cope Alcoy"}}]}},"_links":{"self":[{"href":"https:\/\/www.copealcoy.es\/es\/wp-json\/wp\/v2\/posts\/27351","targetHints":{"allow":["GET"]}}],"collection":[{"href":"https:\/\/www.copealcoy.es\/es\/wp-json\/wp\/v2\/posts"}],"about":[{"href":"https:\/\/www.copealcoy.es\/es\/wp-json\/wp\/v2\/types\/post"}],"author":[{"embeddable":true,"href":"https:\/\/www.copealcoy.es\/es\/wp-json\/wp\/v2\/users\/1"}],"replies":[{"embeddable":true,"href":"https:\/\/www.copealcoy.es\/es\/wp-json\/wp\/v2\/comments?post=27351"}],"version-history":[{"count":0,"href":"https:\/\/www.copealcoy.es\/es\/wp-json\/wp\/v2\/posts\/27351\/revisions"}],"wp:featuredmedia":[{"embeddable":true,"href":"https:\/\/www.copealcoy.es\/es\/wp-json\/wp\/v2\/media\/27352"}],"wp:attachment":[{"href":"https:\/\/www.copealcoy.es\/es\/wp-json\/wp\/v2\/media?parent=27351"}],"wp:term":[{"taxonomy":"category","embeddable":true,"href":"https:\/\/www.copealcoy.es\/es\/wp-json\/wp\/v2\/categories?post=27351"},{"taxonomy":"post_tag","embeddable":true,"href":"https:\/\/www.copealcoy.es\/es\/wp-json\/wp\/v2\/tags?post=27351"}],"curies":[{"name":"wp","href":"https:\/\/api.w.org\/{rel}","templated":true}]}}