{"id":27345,"date":"2016-12-16T20:13:59","date_gmt":"2016-12-16T20:13:59","guid":{"rendered":"http:\/\/copealcoi.es\/new\/?p=27345"},"modified":"2016-12-19T20:26:24","modified_gmt":"2016-12-19T20:26:24","slug":"pp-asegura-alcoy-no-tendra-rom-esta-legislatura","status":"publish","type":"post","link":"https:\/\/www.copealcoy.es\/es\/pp-asegura-alcoy-no-tendra-rom-esta-legislatura\/","title":{"rendered":"El PP asegura que Alcoy no tendr\u00e1 ROM en esta legislatura"},"content":{"rendered":"<p style=\"text-align: justify;\">El Partido Popular de Alcoy pedir\u00e1 en el pr\u00f3ximo pleno municipal que la ciudad cuente pronto con un<strong> Reglamento Org\u00e1nico Municipal (ROM)<\/strong> y que se elabore un<strong>\u00a0calendario de reuniones<\/strong> para abordar la redacci\u00f3n del mismo.<\/p>\n<p style=\"text-align: justify;\">Los populares destacan que esta <strong>ser\u00e1 la tercera vez que lanzan esta propuesta<\/strong> y se\u00f1alan que en las dos ocasiones anteriores el Gobierno Municipal<strong> se comprometi\u00f3 a facilitar ese calendario en un plazo de quince d\u00edas<\/strong> <em>&#8220;algo que no se cumpli\u00f3.\u00a0La actitud del gobierno hace pensar que el Ayuntamiento de Alcoy no tendr\u00e1 Reglamento Org\u00e1nico Municipal en esta legislatura&#8221;<\/em>, ha manifestado el concejal del PP,\u00a0<strong>Edu Tormo.\u00a0<\/strong>Tormo adem\u00e1s indica que en las reuniones que han habido para abordar esta cuesti\u00f3n<em> &#8220;los socialistas se han mostrado inc\u00f3modos.\u00a0La transparencia socialista no se est\u00e1 \u00a0materializando en acciones claras como la elaboraci\u00f3n y aprobaci\u00f3n de un ROM consensuado por todos los grupos pol\u00edticos&#8221;<\/em>, concluye.<\/p>\n<p style=\"text-align: justify;\">Recordar que el Reglamento Org\u00e1nico Municipal<strong> regula, entre otras cosas, el funcionamiento de la Corporaci\u00f3n Municipal<\/strong> as\u00ed como\u00a0la composici\u00f3n y funciones\u00a0del Pleno, de la Junta de Gobierno, de la Junta de portavoces y de las Comisiones informativas. De igual forma es de utilidad para definir las retribuciones de los concejales y el personal eventual de cada partido pol\u00edtico representado en la citada Corporaci\u00f3n Local.<\/p>\n","protected":false},"excerpt":{"rendered":"<p>El Partido Popular de Alcoy pedir\u00e1 en el pr\u00f3ximo pleno municipal que la ciudad cuente pronto con un Reglamento Org\u00e1nico&#8230;<\/p>\n","protected":false},"author":1,"featured_media":13024,"comment_status":"open","ping_status":"open","sticky":false,"template":"","format":"standard","meta":{"footnotes":""},"categories":[97,75,79],"tags":[1494,1814,227,3434,3435],"class_list":["post-27345","post","type-post","status-publish","format-standard","has-post-thumbnail","hentry","category-alcoy","category-noticias","category-politicayeconomia","tag-alcoy","tag-edu-tormo","tag-pp","tag-reglamento-organico-municipal","tag-rom"],"yoast_head":"<!-- This site is optimized with the Yoast SEO plugin v27.3 - https:\/\/yoast.com\/product\/yoast-seo-wordpress\/ -->\n<title>El PP asegura que Alcoy no tendr\u00e1 ROM en esta legislatura - COPE Alcoy<\/title>\n<meta name=\"robots\" content=\"index, follow, max-snippet:-1, max-image-preview:large, max-video-preview:-1\" \/>\n<link rel=\"canonical\" href=\"https:\/\/www.copealcoy.es\/es\/pp-asegura-alcoy-no-tendra-rom-esta-legislatura\/\" \/>\n<meta property=\"og:locale\" content=\"es_ES\" \/>\n<meta property=\"og:type\" content=\"article\" \/>\n<meta property=\"og:title\" content=\"El PP asegura que Alcoy no tendr\u00e1 ROM en esta legislatura - COPE Alcoy\" \/>\n<meta property=\"og:description\" content=\"El Partido Popular de Alcoy pedir\u00e1 en el pr\u00f3ximo pleno municipal que la ciudad cuente pronto con un Reglamento Org\u00e1nico...\" \/>\n<meta property=\"og:url\" content=\"https:\/\/www.copealcoy.es\/es\/pp-asegura-alcoy-no-tendra-rom-esta-legislatura\/\" \/>\n<meta property=\"og:site_name\" content=\"COPE Alcoy\" \/>\n<meta property=\"article:published_time\" content=\"2016-12-16T20:13:59+00:00\" \/>\n<meta property=\"article:modified_time\" content=\"2016-12-19T20:26:24+00:00\" \/>\n<meta property=\"og:image\" content=\"https:\/\/www.copealcoy.es\/wp-content\/uploads\/2015\/05\/13387-alcoy-001-1-jpg.jpeg\" \/>\n\t<meta property=\"og:image:width\" content=\"1400\" \/>\n\t<meta property=\"og:image:height\" content=\"1050\" \/>\n\t<meta property=\"og:image:type\" content=\"image\/jpeg\" \/>\n<meta name=\"author\" content=\"Cope Alcoy\" \/>\n<meta name=\"twitter:label1\" content=\"Escrito por\" \/>\n\t<meta name=\"twitter:data1\" content=\"Cope Alcoy\" \/>\n\t<meta name=\"twitter:label2\" content=\"Tiempo de lectura\" \/>\n\t<meta name=\"twitter:data2\" content=\"1 minuto\" \/>\n<script type=\"application\/ld+json\" class=\"yoast-schema-graph\">{\"@context\":\"https:\\\/\\\/schema.org\",\"@graph\":[{\"@type\":\"Article\",\"@id\":\"https:\\\/\\\/www.copealcoy.es\\\/es\\\/pp-asegura-alcoy-no-tendra-rom-esta-legislatura\\\/#article\",\"isPartOf\":{\"@id\":\"https:\\\/\\\/www.copealcoy.es\\\/es\\\/pp-asegura-alcoy-no-tendra-rom-esta-legislatura\\\/\"},\"author\":{\"name\":\"Cope Alcoy\",\"@id\":\"https:\\\/\\\/www.copealcoy.es\\\/es\\\/#\\\/schema\\\/person\\\/e777c87fa024e57d40170af9df39882c\"},\"headline\":\"El PP asegura que Alcoy no tendr\u00e1 ROM en esta legislatura\",\"datePublished\":\"2016-12-16T20:13:59+00:00\",\"dateModified\":\"2016-12-19T20:26:24+00:00\",\"mainEntityOfPage\":{\"@id\":\"https:\\\/\\\/www.copealcoy.es\\\/es\\\/pp-asegura-alcoy-no-tendra-rom-esta-legislatura\\\/\"},\"wordCount\":243,\"commentCount\":0,\"image\":{\"@id\":\"https:\\\/\\\/www.copealcoy.es\\\/es\\\/pp-asegura-alcoy-no-tendra-rom-esta-legislatura\\\/#primaryimage\"},\"thumbnailUrl\":\"https:\\\/\\\/www.copealcoy.es\\\/wp-content\\\/uploads\\\/2015\\\/05\\\/13387-alcoy-001-1-jpg.jpeg\",\"keywords\":[\"Alcoy\",\"Edu Tormo\",\"PP\",\"Reglamento Org\u00e1nico Municipal\",\"ROM\"],\"articleSection\":[\"Alcoy\",\"Noticias\",\"Pol\u00edtica y Econom\u00eda\"],\"inLanguage\":\"es\"},{\"@type\":\"WebPage\",\"@id\":\"https:\\\/\\\/www.copealcoy.es\\\/es\\\/pp-asegura-alcoy-no-tendra-rom-esta-legislatura\\\/\",\"url\":\"https:\\\/\\\/www.copealcoy.es\\\/es\\\/pp-asegura-alcoy-no-tendra-rom-esta-legislatura\\\/\",\"name\":\"El PP asegura que Alcoy no tendr\u00e1 ROM en esta legislatura - COPE Alcoy\",\"isPartOf\":{\"@id\":\"https:\\\/\\\/www.copealcoy.es\\\/es\\\/#website\"},\"primaryImageOfPage\":{\"@id\":\"https:\\\/\\\/www.copealcoy.es\\\/es\\\/pp-asegura-alcoy-no-tendra-rom-esta-legislatura\\\/#primaryimage\"},\"image\":{\"@id\":\"https:\\\/\\\/www.copealcoy.es\\\/es\\\/pp-asegura-alcoy-no-tendra-rom-esta-legislatura\\\/#primaryimage\"},\"thumbnailUrl\":\"https:\\\/\\\/www.copealcoy.es\\\/wp-content\\\/uploads\\\/2015\\\/05\\\/13387-alcoy-001-1-jpg.jpeg\",\"datePublished\":\"2016-12-16T20:13:59+00:00\",\"dateModified\":\"2016-12-19T20:26:24+00:00\",\"author\":{\"@id\":\"https:\\\/\\\/www.copealcoy.es\\\/es\\\/#\\\/schema\\\/person\\\/e777c87fa024e57d40170af9df39882c\"},\"breadcrumb\":{\"@id\":\"https:\\\/\\\/www.copealcoy.es\\\/es\\\/pp-asegura-alcoy-no-tendra-rom-esta-legislatura\\\/#breadcrumb\"},\"inLanguage\":\"es\",\"potentialAction\":[{\"@type\":\"ReadAction\",\"target\":[\"https:\\\/\\\/www.copealcoy.es\\\/es\\\/pp-asegura-alcoy-no-tendra-rom-esta-legislatura\\\/\"]}]},{\"@type\":\"ImageObject\",\"inLanguage\":\"es\",\"@id\":\"https:\\\/\\\/www.copealcoy.es\\\/es\\\/pp-asegura-alcoy-no-tendra-rom-esta-legislatura\\\/#primaryimage\",\"url\":\"https:\\\/\\\/www.copealcoy.es\\\/wp-content\\\/uploads\\\/2015\\\/05\\\/13387-alcoy-001-1-jpg.jpeg\",\"contentUrl\":\"https:\\\/\\\/www.copealcoy.es\\\/wp-content\\\/uploads\\\/2015\\\/05\\\/13387-alcoy-001-1-jpg.jpeg\",\"width\":1400,\"height\":1050,\"caption\":\"Ayuntamiento de Alcoy\"},{\"@type\":\"BreadcrumbList\",\"@id\":\"https:\\\/\\\/www.copealcoy.es\\\/es\\\/pp-asegura-alcoy-no-tendra-rom-esta-legislatura\\\/#breadcrumb\",\"itemListElement\":[{\"@type\":\"ListItem\",\"position\":1,\"name\":\"Portada\",\"item\":\"https:\\\/\\\/www.copealcoy.es\\\/es\\\/\"},{\"@type\":\"ListItem\",\"position\":2,\"name\":\"El PP asegura que Alcoy no tendr\u00e1 ROM en esta legislatura\"}]},{\"@type\":\"WebSite\",\"@id\":\"https:\\\/\\\/www.copealcoy.es\\\/es\\\/#website\",\"url\":\"https:\\\/\\\/www.copealcoy.es\\\/es\\\/\",\"name\":\"COPE Alcoy\",\"description\":\"Emisora COPE de radio local con emisi\u00f3n online. Pont de Sant Jordi 8-10 03803 Alcoy\",\"potentialAction\":[{\"@type\":\"SearchAction\",\"target\":{\"@type\":\"EntryPoint\",\"urlTemplate\":\"https:\\\/\\\/www.copealcoy.es\\\/es\\\/?s={search_term_string}\"},\"query-input\":{\"@type\":\"PropertyValueSpecification\",\"valueRequired\":true,\"valueName\":\"search_term_string\"}}],\"inLanguage\":\"es\"},{\"@type\":\"Person\",\"@id\":\"https:\\\/\\\/www.copealcoy.es\\\/es\\\/#\\\/schema\\\/person\\\/e777c87fa024e57d40170af9df39882c\",\"name\":\"Cope Alcoy\",\"image\":{\"@type\":\"ImageObject\",\"inLanguage\":\"es\",\"@id\":\"https:\\\/\\\/secure.gravatar.com\\\/avatar\\\/bb65d0283347e303893ba14f0692005417c1e0e690a325a4c5d8bb2b3943ee14?s=96&d=mm&r=g\",\"url\":\"https:\\\/\\\/secure.gravatar.com\\\/avatar\\\/bb65d0283347e303893ba14f0692005417c1e0e690a325a4c5d8bb2b3943ee14?s=96&d=mm&r=g\",\"contentUrl\":\"https:\\\/\\\/secure.gravatar.com\\\/avatar\\\/bb65d0283347e303893ba14f0692005417c1e0e690a325a4c5d8bb2b3943ee14?s=96&d=mm&r=g\",\"caption\":\"Cope Alcoy\"}}]}<\/script>\n<!-- \/ Yoast SEO plugin. -->","yoast_head_json":{"title":"El PP asegura que Alcoy no tendr\u00e1 ROM en esta legislatura - COPE Alcoy","robots":{"index":"index","follow":"follow","max-snippet":"max-snippet:-1","max-image-preview":"max-image-preview:large","max-video-preview":"max-video-preview:-1"},"canonical":"https:\/\/www.copealcoy.es\/es\/pp-asegura-alcoy-no-tendra-rom-esta-legislatura\/","og_locale":"es_ES","og_type":"article","og_title":"El PP asegura que Alcoy no tendr\u00e1 ROM en esta legislatura - COPE Alcoy","og_description":"El Partido Popular de Alcoy pedir\u00e1 en el pr\u00f3ximo pleno municipal que la ciudad cuente pronto con un Reglamento Org\u00e1nico...","og_url":"https:\/\/www.copealcoy.es\/es\/pp-asegura-alcoy-no-tendra-rom-esta-legislatura\/","og_site_name":"COPE Alcoy","article_published_time":"2016-12-16T20:13:59+00:00","article_modified_time":"2016-12-19T20:26:24+00:00","og_image":[{"width":1400,"height":1050,"url":"https:\/\/www.copealcoy.es\/wp-content\/uploads\/2015\/05\/13387-alcoy-001-1-jpg.jpeg","type":"image\/jpeg"}],"author":"Cope Alcoy","twitter_misc":{"Escrito por":"Cope Alcoy","Tiempo de lectura":"1 minuto"},"schema":{"@context":"https:\/\/schema.org","@graph":[{"@type":"Article","@id":"https:\/\/www.copealcoy.es\/es\/pp-asegura-alcoy-no-tendra-rom-esta-legislatura\/#article","isPartOf":{"@id":"https:\/\/www.copealcoy.es\/es\/pp-asegura-alcoy-no-tendra-rom-esta-legislatura\/"},"author":{"name":"Cope Alcoy","@id":"https:\/\/www.copealcoy.es\/es\/#\/schema\/person\/e777c87fa024e57d40170af9df39882c"},"headline":"El PP asegura que Alcoy no tendr\u00e1 ROM en esta legislatura","datePublished":"2016-12-16T20:13:59+00:00","dateModified":"2016-12-19T20:26:24+00:00","mainEntityOfPage":{"@id":"https:\/\/www.copealcoy.es\/es\/pp-asegura-alcoy-no-tendra-rom-esta-legislatura\/"},"wordCount":243,"commentCount":0,"image":{"@id":"https:\/\/www.copealcoy.es\/es\/pp-asegura-alcoy-no-tendra-rom-esta-legislatura\/#primaryimage"},"thumbnailUrl":"https:\/\/www.copealcoy.es\/wp-content\/uploads\/2015\/05\/13387-alcoy-001-1-jpg.jpeg","keywords":["Alcoy","Edu Tormo","PP","Reglamento Org\u00e1nico Municipal","ROM"],"articleSection":["Alcoy","Noticias","Pol\u00edtica y Econom\u00eda"],"inLanguage":"es"},{"@type":"WebPage","@id":"https:\/\/www.copealcoy.es\/es\/pp-asegura-alcoy-no-tendra-rom-esta-legislatura\/","url":"https:\/\/www.copealcoy.es\/es\/pp-asegura-alcoy-no-tendra-rom-esta-legislatura\/","name":"El PP asegura que Alcoy no tendr\u00e1 ROM en esta legislatura - COPE Alcoy","isPartOf":{"@id":"https:\/\/www.copealcoy.es\/es\/#website"},"primaryImageOfPage":{"@id":"https:\/\/www.copealcoy.es\/es\/pp-asegura-alcoy-no-tendra-rom-esta-legislatura\/#primaryimage"},"image":{"@id":"https:\/\/www.copealcoy.es\/es\/pp-asegura-alcoy-no-tendra-rom-esta-legislatura\/#primaryimage"},"thumbnailUrl":"https:\/\/www.copealcoy.es\/wp-content\/uploads\/2015\/05\/13387-alcoy-001-1-jpg.jpeg","datePublished":"2016-12-16T20:13:59+00:00","dateModified":"2016-12-19T20:26:24+00:00","author":{"@id":"https:\/\/www.copealcoy.es\/es\/#\/schema\/person\/e777c87fa024e57d40170af9df39882c"},"breadcrumb":{"@id":"https:\/\/www.copealcoy.es\/es\/pp-asegura-alcoy-no-tendra-rom-esta-legislatura\/#breadcrumb"},"inLanguage":"es","potentialAction":[{"@type":"ReadAction","target":["https:\/\/www.copealcoy.es\/es\/pp-asegura-alcoy-no-tendra-rom-esta-legislatura\/"]}]},{"@type":"ImageObject","inLanguage":"es","@id":"https:\/\/www.copealcoy.es\/es\/pp-asegura-alcoy-no-tendra-rom-esta-legislatura\/#primaryimage","url":"https:\/\/www.copealcoy.es\/wp-content\/uploads\/2015\/05\/13387-alcoy-001-1-jpg.jpeg","contentUrl":"https:\/\/www.copealcoy.es\/wp-content\/uploads\/2015\/05\/13387-alcoy-001-1-jpg.jpeg","width":1400,"height":1050,"caption":"Ayuntamiento de Alcoy"},{"@type":"BreadcrumbList","@id":"https:\/\/www.copealcoy.es\/es\/pp-asegura-alcoy-no-tendra-rom-esta-legislatura\/#breadcrumb","itemListElement":[{"@type":"ListItem","position":1,"name":"Portada","item":"https:\/\/www.copealcoy.es\/es\/"},{"@type":"ListItem","position":2,"name":"El PP asegura que Alcoy no tendr\u00e1 ROM en esta legislatura"}]},{"@type":"WebSite","@id":"https:\/\/www.copealcoy.es\/es\/#website","url":"https:\/\/www.copealcoy.es\/es\/","name":"COPE Alcoy","description":"Emisora COPE de radio local con emisi\u00f3n online. Pont de Sant Jordi 8-10 03803 Alcoy","potentialAction":[{"@type":"SearchAction","target":{"@type":"EntryPoint","urlTemplate":"https:\/\/www.copealcoy.es\/es\/?s={search_term_string}"},"query-input":{"@type":"PropertyValueSpecification","valueRequired":true,"valueName":"search_term_string"}}],"inLanguage":"es"},{"@type":"Person","@id":"https:\/\/www.copealcoy.es\/es\/#\/schema\/person\/e777c87fa024e57d40170af9df39882c","name":"Cope Alcoy","image":{"@type":"ImageObject","inLanguage":"es","@id":"https:\/\/secure.gravatar.com\/avatar\/bb65d0283347e303893ba14f0692005417c1e0e690a325a4c5d8bb2b3943ee14?s=96&d=mm&r=g","url":"https:\/\/secure.gravatar.com\/avatar\/bb65d0283347e303893ba14f0692005417c1e0e690a325a4c5d8bb2b3943ee14?s=96&d=mm&r=g","contentUrl":"https:\/\/secure.gravatar.com\/avatar\/bb65d0283347e303893ba14f0692005417c1e0e690a325a4c5d8bb2b3943ee14?s=96&d=mm&r=g","caption":"Cope Alcoy"}}]}},"_links":{"self":[{"href":"https:\/\/www.copealcoy.es\/es\/wp-json\/wp\/v2\/posts\/27345","targetHints":{"allow":["GET"]}}],"collection":[{"href":"https:\/\/www.copealcoy.es\/es\/wp-json\/wp\/v2\/posts"}],"about":[{"href":"https:\/\/www.copealcoy.es\/es\/wp-json\/wp\/v2\/types\/post"}],"author":[{"embeddable":true,"href":"https:\/\/www.copealcoy.es\/es\/wp-json\/wp\/v2\/users\/1"}],"replies":[{"embeddable":true,"href":"https:\/\/www.copealcoy.es\/es\/wp-json\/wp\/v2\/comments?post=27345"}],"version-history":[{"count":0,"href":"https:\/\/www.copealcoy.es\/es\/wp-json\/wp\/v2\/posts\/27345\/revisions"}],"wp:featuredmedia":[{"embeddable":true,"href":"https:\/\/www.copealcoy.es\/es\/wp-json\/wp\/v2\/media\/13024"}],"wp:attachment":[{"href":"https:\/\/www.copealcoy.es\/es\/wp-json\/wp\/v2\/media?parent=27345"}],"wp:term":[{"taxonomy":"category","embeddable":true,"href":"https:\/\/www.copealcoy.es\/es\/wp-json\/wp\/v2\/categories?post=27345"},{"taxonomy":"post_tag","embeddable":true,"href":"https:\/\/www.copealcoy.es\/es\/wp-json\/wp\/v2\/tags?post=27345"}],"curies":[{"name":"wp","href":"https:\/\/api.w.org\/{rel}","templated":true}]}}