{"id":27235,"date":"2016-12-15T15:45:19","date_gmt":"2016-12-15T15:45:19","guid":{"rendered":"http:\/\/copealcoi.es\/new\/?p=27235"},"modified":"2016-12-15T15:52:31","modified_gmt":"2016-12-15T15:52:31","slug":"col%c2%b7lectiu-compromis-y-gobierno-local-discrepan-sobre-los-presupuestos-de-2017","status":"publish","type":"post","link":"https:\/\/www.copealcoy.es\/es\/col%c2%b7lectiu-compromis-y-gobierno-local-discrepan-sobre-los-presupuestos-de-2017\/","title":{"rendered":"Col\u00b7lectiu-Comprom\u00eds y Gobierno Local discrepan sobre los presupuestos de 2017"},"content":{"rendered":"<p style=\"text-align: justify;\">El Gobierno Municipal de Cocentaina del Partido Socialista y el grupo municipal de\u00a0Col\u00b7lectiu 03820-Comprom\u00eds y Gobierno Local <strong>han discrepado sobre los presupuestos locales<\/strong> del pr\u00f3ximo a\u00f1o 2017.<\/p>\n<p style=\"text-align: justify;\">En primer lugar hay que destacar que la coalici\u00f3n <strong>ha hecho p\u00fablicas sus propuestas para las cuentas municipales<\/strong> y ha puesto como punto &#8220;irrenunciable&#8221; para facilitar su aprobaci\u00f3n, la <strong>adecuaci\u00f3n de las calles del n\u00facleo antiguo de Cocentaina<\/strong>, especialmente las situadas en el barrio de la Vila. Adem\u00e1s, entre otras <strong>iniciativas<\/strong>, plantean una nueva ubicaci\u00f3n para Radio Cocentaina, la compra de veh\u00edculos el\u00e9ctricos para servicios municipales, dotar al Castell, el Palau o el Castell de Penella de personal para facilitar las visitas tur\u00edsticas los fines de semana, suprimir barreras arquitect\u00f3nicas en la Avenida del Ferrocarril, hacer efectivo el acuerdo del \u00faltimo pleno para impulsar un Plan Director para las Murallas, la esterilizaci\u00f3n de colonias de gatos, una nueva ubicaci\u00f3n para el juzgado de paz, la modernizaci\u00f3n de los pol\u00edgonos industriales o la ampliaci\u00f3n de la calle San Camilo en Els Algars.<\/p>\n<p style=\"text-align: justify;\"><strong>Xavi Anduix<\/strong>, portavoz de\u00a0Col\u00b7lectiu 03820-Comprom\u00eds, ha definido estos planteamientos como coherentes y destaca que no constituyen<em> &#8220;un brindis al sol, sino una oportunidad para mejorar Cocentaina desde el punto de vista econ\u00f3mico, social y medioambiental. Estamos ante unas propuestas concretas que pueden ser una realidad si hay clara voluntad pol\u00edtica por parte del Gobierno Municipal&#8221;<\/em>, destaca.<\/p>\n<p style=\"text-align: justify;\"><strong>El Equipo de Gobierno responde<\/strong><\/p>\n<p style=\"text-align: justify;\">Tras conocerse estas propuestas el Gobierno Municipal de Cocentaina ha emitido un comunicado en el que valora positivamente las <strong>aportaciones que todos los Grupos Pol\u00edticos hacen para los pr\u00f3ximos presupuestos<\/strong> aunque han afirmado no entender la forma en las que estas se han presentado <em>&#8220;la actitud que demuestra reiteradamente el Col\u00b7lectiu &#8211; Comprom\u00eds no la compartimos porque antes de exponer sus iniciativas ya nos avanza que algunas de ellas son irrenunciables. Entendemos que las l\u00edneas rojas, en estos temas precisamente, no son para nada positivas y no fomentan un debate sano y constructivo&#8221;<\/em>, asegura.<\/p>\n<p style=\"text-align: justify;\">Por \u00faltimo desde el Equipo de Gobierno dejan claro que el <strong>proyecto surgido del Presupuesto Municipal<\/strong> de 2017 <em>&#8220;tiene que ser un proyecto compartido, que represente al m\u00e1ximo todas las voluntades y sensibilidades y que aborde las principales necesidades que tienen las vecinas y vecinos de nuestro pueblo. El debate siempre es positivo y nada para nosotros es &#8216;irrenunciable&#8217;. No fomentaremos en ning\u00fan caso la confrontaci\u00f3n pol\u00edtica ni estas actitudes frontales y poco constructivas&#8221;<\/em>, matizan.<\/p>\n<p style=\"text-align: justify;\"><strong>Col\u00b7lectiu &#8211; Comprom\u00eds contesta\u00a0<\/strong><\/p>\n<p style=\"text-align: justify;\">El portavoz del\u00a0Col\u00b7lectiu 03820-Comprom\u00eds, Xavi Anduix, <strong>ha vuelto a insistir en que la inversi\u00f3n para mejorar y adecuar las calles del n\u00facleo hist\u00f3rico de La Vila<\/strong> <em>&#8220;es fundamental para fomentar la accesibilidad y el progreso socioecon\u00f3mico. Los consensos deben construirse a partir de entender la realidad y los problemas que tiene nuestro pueblo y ahora ha llegado el momento de adecuar las calles de esta zona de Cocentaina&#8221;,<\/em> indica. Finalmente Anduix ha recordado que esta iniciativa ya<strong> se ha planteado en presupuestos anteriores<\/strong> siendo rechazada por el Gobierno Local <em>&#8220;el Equipo de Gobierno deber\u00e1 decir p\u00fablicamente si la adecuaci\u00f3n de las calles de La Vila es o no una prioridad para el PSOE y en el caso de que no lo sea, explicar a los comerciantes y a los vecinos de la zona porque no lo es&#8221;<\/em>, concluye.<\/p>\n<p>&nbsp;<\/p>\n","protected":false},"excerpt":{"rendered":"<p>El Gobierno Municipal de Cocentaina del Partido Socialista y el grupo municipal de\u00a0Col\u00b7lectiu 03820-Comprom\u00eds y Gobierno Local han discrepado sobre&#8230;<\/p>\n","protected":false},"author":1,"featured_media":18561,"comment_status":"open","ping_status":"open","sticky":false,"template":"","format":"standard","meta":{"footnotes":""},"categories":[98,75],"tags":[132,610,2618,1572,1790],"class_list":["post-27235","post","type-post","status-publish","format-standard","has-post-thumbnail","hentry","category-comarcas","category-noticias","tag-cocentaina","tag-col-lectiu-03820","tag-gobierno-municipal","tag-presupuestos-municipales","tag-xavi-anduix"],"yoast_head":"<!-- This site is optimized with the Yoast SEO plugin v27.3 - https:\/\/yoast.com\/product\/yoast-seo-wordpress\/ -->\n<title>Col\u00b7lectiu-Comprom\u00eds y Gobierno Local discrepan sobre los presupuestos de 2017 - COPE Alcoy<\/title>\n<meta name=\"robots\" content=\"index, follow, max-snippet:-1, max-image-preview:large, max-video-preview:-1\" \/>\n<link rel=\"canonical\" href=\"https:\/\/www.copealcoy.es\/es\/col%c2%b7lectiu-compromis-y-gobierno-local-discrepan-sobre-los-presupuestos-de-2017\/\" \/>\n<meta property=\"og:locale\" content=\"es_ES\" \/>\n<meta property=\"og:type\" content=\"article\" \/>\n<meta property=\"og:title\" content=\"Col\u00b7lectiu-Comprom\u00eds y Gobierno Local discrepan sobre los presupuestos de 2017 - COPE Alcoy\" \/>\n<meta property=\"og:description\" content=\"El Gobierno Municipal de Cocentaina del Partido Socialista y el grupo municipal de\u00a0Col\u00b7lectiu 03820-Comprom\u00eds y Gobierno Local han discrepado sobre...\" \/>\n<meta property=\"og:url\" content=\"https:\/\/www.copealcoy.es\/es\/col%c2%b7lectiu-compromis-y-gobierno-local-discrepan-sobre-los-presupuestos-de-2017\/\" \/>\n<meta property=\"og:site_name\" content=\"COPE Alcoy\" \/>\n<meta property=\"article:published_time\" content=\"2016-12-15T15:45:19+00:00\" \/>\n<meta property=\"article:modified_time\" content=\"2016-12-15T15:52:31+00:00\" \/>\n<meta property=\"og:image\" content=\"https:\/\/www.copealcoy.es\/wp-content\/uploads\/2016\/02\/Ajuntament-Cocentaina-2.jpg\" \/>\n\t<meta property=\"og:image:width\" content=\"2400\" \/>\n\t<meta property=\"og:image:height\" content=\"1679\" \/>\n\t<meta property=\"og:image:type\" content=\"image\/jpeg\" \/>\n<meta name=\"author\" content=\"Cope Alcoy\" \/>\n<meta name=\"twitter:label1\" content=\"Escrito por\" \/>\n\t<meta name=\"twitter:data1\" content=\"Cope Alcoy\" \/>\n\t<meta name=\"twitter:label2\" content=\"Tiempo de lectura\" \/>\n\t<meta name=\"twitter:data2\" content=\"3 minutos\" \/>\n<script type=\"application\/ld+json\" class=\"yoast-schema-graph\">{\"@context\":\"https:\\\/\\\/schema.org\",\"@graph\":[{\"@type\":\"Article\",\"@id\":\"https:\\\/\\\/www.copealcoy.es\\\/es\\\/col%c2%b7lectiu-compromis-y-gobierno-local-discrepan-sobre-los-presupuestos-de-2017\\\/#article\",\"isPartOf\":{\"@id\":\"https:\\\/\\\/www.copealcoy.es\\\/es\\\/col%c2%b7lectiu-compromis-y-gobierno-local-discrepan-sobre-los-presupuestos-de-2017\\\/\"},\"author\":{\"name\":\"Cope Alcoy\",\"@id\":\"https:\\\/\\\/www.copealcoy.es\\\/es\\\/#\\\/schema\\\/person\\\/e777c87fa024e57d40170af9df39882c\"},\"headline\":\"Col\u00b7lectiu-Comprom\u00eds y Gobierno Local discrepan sobre los presupuestos de 2017\",\"datePublished\":\"2016-12-15T15:45:19+00:00\",\"dateModified\":\"2016-12-15T15:52:31+00:00\",\"mainEntityOfPage\":{\"@id\":\"https:\\\/\\\/www.copealcoy.es\\\/es\\\/col%c2%b7lectiu-compromis-y-gobierno-local-discrepan-sobre-los-presupuestos-de-2017\\\/\"},\"wordCount\":596,\"commentCount\":0,\"image\":{\"@id\":\"https:\\\/\\\/www.copealcoy.es\\\/es\\\/col%c2%b7lectiu-compromis-y-gobierno-local-discrepan-sobre-los-presupuestos-de-2017\\\/#primaryimage\"},\"thumbnailUrl\":\"https:\\\/\\\/www.copealcoy.es\\\/wp-content\\\/uploads\\\/2016\\\/02\\\/Ajuntament-Cocentaina-2.jpg\",\"keywords\":[\"Cocentaina\",\"Col.lectiu 03820\",\"Gobierno Municipal\",\"Presupuestos Municipales\",\"Xavi Anduix\"],\"articleSection\":[\"Comarcas\",\"Noticias\"],\"inLanguage\":\"es\"},{\"@type\":\"WebPage\",\"@id\":\"https:\\\/\\\/www.copealcoy.es\\\/es\\\/col%c2%b7lectiu-compromis-y-gobierno-local-discrepan-sobre-los-presupuestos-de-2017\\\/\",\"url\":\"https:\\\/\\\/www.copealcoy.es\\\/es\\\/col%c2%b7lectiu-compromis-y-gobierno-local-discrepan-sobre-los-presupuestos-de-2017\\\/\",\"name\":\"Col\u00b7lectiu-Comprom\u00eds y Gobierno Local discrepan sobre los presupuestos de 2017 - COPE Alcoy\",\"isPartOf\":{\"@id\":\"https:\\\/\\\/www.copealcoy.es\\\/es\\\/#website\"},\"primaryImageOfPage\":{\"@id\":\"https:\\\/\\\/www.copealcoy.es\\\/es\\\/col%c2%b7lectiu-compromis-y-gobierno-local-discrepan-sobre-los-presupuestos-de-2017\\\/#primaryimage\"},\"image\":{\"@id\":\"https:\\\/\\\/www.copealcoy.es\\\/es\\\/col%c2%b7lectiu-compromis-y-gobierno-local-discrepan-sobre-los-presupuestos-de-2017\\\/#primaryimage\"},\"thumbnailUrl\":\"https:\\\/\\\/www.copealcoy.es\\\/wp-content\\\/uploads\\\/2016\\\/02\\\/Ajuntament-Cocentaina-2.jpg\",\"datePublished\":\"2016-12-15T15:45:19+00:00\",\"dateModified\":\"2016-12-15T15:52:31+00:00\",\"author\":{\"@id\":\"https:\\\/\\\/www.copealcoy.es\\\/es\\\/#\\\/schema\\\/person\\\/e777c87fa024e57d40170af9df39882c\"},\"breadcrumb\":{\"@id\":\"https:\\\/\\\/www.copealcoy.es\\\/es\\\/col%c2%b7lectiu-compromis-y-gobierno-local-discrepan-sobre-los-presupuestos-de-2017\\\/#breadcrumb\"},\"inLanguage\":\"es\",\"potentialAction\":[{\"@type\":\"ReadAction\",\"target\":[\"https:\\\/\\\/www.copealcoy.es\\\/es\\\/col%c2%b7lectiu-compromis-y-gobierno-local-discrepan-sobre-los-presupuestos-de-2017\\\/\"]}]},{\"@type\":\"ImageObject\",\"inLanguage\":\"es\",\"@id\":\"https:\\\/\\\/www.copealcoy.es\\\/es\\\/col%c2%b7lectiu-compromis-y-gobierno-local-discrepan-sobre-los-presupuestos-de-2017\\\/#primaryimage\",\"url\":\"https:\\\/\\\/www.copealcoy.es\\\/wp-content\\\/uploads\\\/2016\\\/02\\\/Ajuntament-Cocentaina-2.jpg\",\"contentUrl\":\"https:\\\/\\\/www.copealcoy.es\\\/wp-content\\\/uploads\\\/2016\\\/02\\\/Ajuntament-Cocentaina-2.jpg\",\"width\":2400,\"height\":1679,\"caption\":\"Ayuntamiento de Cocentaina \\\/ Foto: G. Pascual\"},{\"@type\":\"BreadcrumbList\",\"@id\":\"https:\\\/\\\/www.copealcoy.es\\\/es\\\/col%c2%b7lectiu-compromis-y-gobierno-local-discrepan-sobre-los-presupuestos-de-2017\\\/#breadcrumb\",\"itemListElement\":[{\"@type\":\"ListItem\",\"position\":1,\"name\":\"Portada\",\"item\":\"https:\\\/\\\/www.copealcoy.es\\\/es\\\/\"},{\"@type\":\"ListItem\",\"position\":2,\"name\":\"Col\u00b7lectiu-Comprom\u00eds y Gobierno Local discrepan sobre los presupuestos de 2017\"}]},{\"@type\":\"WebSite\",\"@id\":\"https:\\\/\\\/www.copealcoy.es\\\/es\\\/#website\",\"url\":\"https:\\\/\\\/www.copealcoy.es\\\/es\\\/\",\"name\":\"COPE Alcoy\",\"description\":\"Emisora COPE de radio local con emisi\u00f3n online. Pont de Sant Jordi 8-10 03803 Alcoy\",\"potentialAction\":[{\"@type\":\"SearchAction\",\"target\":{\"@type\":\"EntryPoint\",\"urlTemplate\":\"https:\\\/\\\/www.copealcoy.es\\\/es\\\/?s={search_term_string}\"},\"query-input\":{\"@type\":\"PropertyValueSpecification\",\"valueRequired\":true,\"valueName\":\"search_term_string\"}}],\"inLanguage\":\"es\"},{\"@type\":\"Person\",\"@id\":\"https:\\\/\\\/www.copealcoy.es\\\/es\\\/#\\\/schema\\\/person\\\/e777c87fa024e57d40170af9df39882c\",\"name\":\"Cope Alcoy\",\"image\":{\"@type\":\"ImageObject\",\"inLanguage\":\"es\",\"@id\":\"https:\\\/\\\/secure.gravatar.com\\\/avatar\\\/bb65d0283347e303893ba14f0692005417c1e0e690a325a4c5d8bb2b3943ee14?s=96&d=mm&r=g\",\"url\":\"https:\\\/\\\/secure.gravatar.com\\\/avatar\\\/bb65d0283347e303893ba14f0692005417c1e0e690a325a4c5d8bb2b3943ee14?s=96&d=mm&r=g\",\"contentUrl\":\"https:\\\/\\\/secure.gravatar.com\\\/avatar\\\/bb65d0283347e303893ba14f0692005417c1e0e690a325a4c5d8bb2b3943ee14?s=96&d=mm&r=g\",\"caption\":\"Cope Alcoy\"}}]}<\/script>\n<!-- \/ Yoast SEO plugin. -->","yoast_head_json":{"title":"Col\u00b7lectiu-Comprom\u00eds y Gobierno Local discrepan sobre los presupuestos de 2017 - COPE Alcoy","robots":{"index":"index","follow":"follow","max-snippet":"max-snippet:-1","max-image-preview":"max-image-preview:large","max-video-preview":"max-video-preview:-1"},"canonical":"https:\/\/www.copealcoy.es\/es\/col%c2%b7lectiu-compromis-y-gobierno-local-discrepan-sobre-los-presupuestos-de-2017\/","og_locale":"es_ES","og_type":"article","og_title":"Col\u00b7lectiu-Comprom\u00eds y Gobierno Local discrepan sobre los presupuestos de 2017 - COPE Alcoy","og_description":"El Gobierno Municipal de Cocentaina del Partido Socialista y el grupo municipal de\u00a0Col\u00b7lectiu 03820-Comprom\u00eds y Gobierno Local han discrepado sobre...","og_url":"https:\/\/www.copealcoy.es\/es\/col%c2%b7lectiu-compromis-y-gobierno-local-discrepan-sobre-los-presupuestos-de-2017\/","og_site_name":"COPE Alcoy","article_published_time":"2016-12-15T15:45:19+00:00","article_modified_time":"2016-12-15T15:52:31+00:00","og_image":[{"width":2400,"height":1679,"url":"https:\/\/www.copealcoy.es\/wp-content\/uploads\/2016\/02\/Ajuntament-Cocentaina-2.jpg","type":"image\/jpeg"}],"author":"Cope Alcoy","twitter_misc":{"Escrito por":"Cope Alcoy","Tiempo de lectura":"3 minutos"},"schema":{"@context":"https:\/\/schema.org","@graph":[{"@type":"Article","@id":"https:\/\/www.copealcoy.es\/es\/col%c2%b7lectiu-compromis-y-gobierno-local-discrepan-sobre-los-presupuestos-de-2017\/#article","isPartOf":{"@id":"https:\/\/www.copealcoy.es\/es\/col%c2%b7lectiu-compromis-y-gobierno-local-discrepan-sobre-los-presupuestos-de-2017\/"},"author":{"name":"Cope Alcoy","@id":"https:\/\/www.copealcoy.es\/es\/#\/schema\/person\/e777c87fa024e57d40170af9df39882c"},"headline":"Col\u00b7lectiu-Comprom\u00eds y Gobierno Local discrepan sobre los presupuestos de 2017","datePublished":"2016-12-15T15:45:19+00:00","dateModified":"2016-12-15T15:52:31+00:00","mainEntityOfPage":{"@id":"https:\/\/www.copealcoy.es\/es\/col%c2%b7lectiu-compromis-y-gobierno-local-discrepan-sobre-los-presupuestos-de-2017\/"},"wordCount":596,"commentCount":0,"image":{"@id":"https:\/\/www.copealcoy.es\/es\/col%c2%b7lectiu-compromis-y-gobierno-local-discrepan-sobre-los-presupuestos-de-2017\/#primaryimage"},"thumbnailUrl":"https:\/\/www.copealcoy.es\/wp-content\/uploads\/2016\/02\/Ajuntament-Cocentaina-2.jpg","keywords":["Cocentaina","Col.lectiu 03820","Gobierno Municipal","Presupuestos Municipales","Xavi Anduix"],"articleSection":["Comarcas","Noticias"],"inLanguage":"es"},{"@type":"WebPage","@id":"https:\/\/www.copealcoy.es\/es\/col%c2%b7lectiu-compromis-y-gobierno-local-discrepan-sobre-los-presupuestos-de-2017\/","url":"https:\/\/www.copealcoy.es\/es\/col%c2%b7lectiu-compromis-y-gobierno-local-discrepan-sobre-los-presupuestos-de-2017\/","name":"Col\u00b7lectiu-Comprom\u00eds y Gobierno Local discrepan sobre los presupuestos de 2017 - COPE Alcoy","isPartOf":{"@id":"https:\/\/www.copealcoy.es\/es\/#website"},"primaryImageOfPage":{"@id":"https:\/\/www.copealcoy.es\/es\/col%c2%b7lectiu-compromis-y-gobierno-local-discrepan-sobre-los-presupuestos-de-2017\/#primaryimage"},"image":{"@id":"https:\/\/www.copealcoy.es\/es\/col%c2%b7lectiu-compromis-y-gobierno-local-discrepan-sobre-los-presupuestos-de-2017\/#primaryimage"},"thumbnailUrl":"https:\/\/www.copealcoy.es\/wp-content\/uploads\/2016\/02\/Ajuntament-Cocentaina-2.jpg","datePublished":"2016-12-15T15:45:19+00:00","dateModified":"2016-12-15T15:52:31+00:00","author":{"@id":"https:\/\/www.copealcoy.es\/es\/#\/schema\/person\/e777c87fa024e57d40170af9df39882c"},"breadcrumb":{"@id":"https:\/\/www.copealcoy.es\/es\/col%c2%b7lectiu-compromis-y-gobierno-local-discrepan-sobre-los-presupuestos-de-2017\/#breadcrumb"},"inLanguage":"es","potentialAction":[{"@type":"ReadAction","target":["https:\/\/www.copealcoy.es\/es\/col%c2%b7lectiu-compromis-y-gobierno-local-discrepan-sobre-los-presupuestos-de-2017\/"]}]},{"@type":"ImageObject","inLanguage":"es","@id":"https:\/\/www.copealcoy.es\/es\/col%c2%b7lectiu-compromis-y-gobierno-local-discrepan-sobre-los-presupuestos-de-2017\/#primaryimage","url":"https:\/\/www.copealcoy.es\/wp-content\/uploads\/2016\/02\/Ajuntament-Cocentaina-2.jpg","contentUrl":"https:\/\/www.copealcoy.es\/wp-content\/uploads\/2016\/02\/Ajuntament-Cocentaina-2.jpg","width":2400,"height":1679,"caption":"Ayuntamiento de Cocentaina \/ Foto: G. Pascual"},{"@type":"BreadcrumbList","@id":"https:\/\/www.copealcoy.es\/es\/col%c2%b7lectiu-compromis-y-gobierno-local-discrepan-sobre-los-presupuestos-de-2017\/#breadcrumb","itemListElement":[{"@type":"ListItem","position":1,"name":"Portada","item":"https:\/\/www.copealcoy.es\/es\/"},{"@type":"ListItem","position":2,"name":"Col\u00b7lectiu-Comprom\u00eds y Gobierno Local discrepan sobre los presupuestos de 2017"}]},{"@type":"WebSite","@id":"https:\/\/www.copealcoy.es\/es\/#website","url":"https:\/\/www.copealcoy.es\/es\/","name":"COPE Alcoy","description":"Emisora COPE de radio local con emisi\u00f3n online. Pont de Sant Jordi 8-10 03803 Alcoy","potentialAction":[{"@type":"SearchAction","target":{"@type":"EntryPoint","urlTemplate":"https:\/\/www.copealcoy.es\/es\/?s={search_term_string}"},"query-input":{"@type":"PropertyValueSpecification","valueRequired":true,"valueName":"search_term_string"}}],"inLanguage":"es"},{"@type":"Person","@id":"https:\/\/www.copealcoy.es\/es\/#\/schema\/person\/e777c87fa024e57d40170af9df39882c","name":"Cope Alcoy","image":{"@type":"ImageObject","inLanguage":"es","@id":"https:\/\/secure.gravatar.com\/avatar\/bb65d0283347e303893ba14f0692005417c1e0e690a325a4c5d8bb2b3943ee14?s=96&d=mm&r=g","url":"https:\/\/secure.gravatar.com\/avatar\/bb65d0283347e303893ba14f0692005417c1e0e690a325a4c5d8bb2b3943ee14?s=96&d=mm&r=g","contentUrl":"https:\/\/secure.gravatar.com\/avatar\/bb65d0283347e303893ba14f0692005417c1e0e690a325a4c5d8bb2b3943ee14?s=96&d=mm&r=g","caption":"Cope Alcoy"}}]}},"_links":{"self":[{"href":"https:\/\/www.copealcoy.es\/es\/wp-json\/wp\/v2\/posts\/27235","targetHints":{"allow":["GET"]}}],"collection":[{"href":"https:\/\/www.copealcoy.es\/es\/wp-json\/wp\/v2\/posts"}],"about":[{"href":"https:\/\/www.copealcoy.es\/es\/wp-json\/wp\/v2\/types\/post"}],"author":[{"embeddable":true,"href":"https:\/\/www.copealcoy.es\/es\/wp-json\/wp\/v2\/users\/1"}],"replies":[{"embeddable":true,"href":"https:\/\/www.copealcoy.es\/es\/wp-json\/wp\/v2\/comments?post=27235"}],"version-history":[{"count":0,"href":"https:\/\/www.copealcoy.es\/es\/wp-json\/wp\/v2\/posts\/27235\/revisions"}],"wp:featuredmedia":[{"embeddable":true,"href":"https:\/\/www.copealcoy.es\/es\/wp-json\/wp\/v2\/media\/18561"}],"wp:attachment":[{"href":"https:\/\/www.copealcoy.es\/es\/wp-json\/wp\/v2\/media?parent=27235"}],"wp:term":[{"taxonomy":"category","embeddable":true,"href":"https:\/\/www.copealcoy.es\/es\/wp-json\/wp\/v2\/categories?post=27235"},{"taxonomy":"post_tag","embeddable":true,"href":"https:\/\/www.copealcoy.es\/es\/wp-json\/wp\/v2\/tags?post=27235"}],"curies":[{"name":"wp","href":"https:\/\/api.w.org\/{rel}","templated":true}]}}