{"id":27207,"date":"2016-12-14T06:00:26","date_gmt":"2016-12-14T06:00:26","guid":{"rendered":"http:\/\/copealcoi.es\/new\/?p=27207"},"modified":"2016-12-13T22:27:21","modified_gmt":"2016-12-13T22:27:21","slug":"desconvocada-la-huelga-alumnos-del-bracal","status":"publish","type":"post","link":"https:\/\/www.copealcoy.es\/es\/desconvocada-la-huelga-alumnos-del-bracal\/","title":{"rendered":"Desconvocada la huelga de alumnos del Bracal"},"content":{"rendered":"<p style=\"text-align: justify;\">La Asociaci\u00f3n de Madres y Padres del Colegio El Bracal de Muro ha decidido <strong>desconvocar la huelga<\/strong> que gran parte del alumnado estaba llevando a cabo desde la pasada semana <span style=\"text-decoration: underline;\"><a href=\"https:\/\/www.copealcoy.es\/ampa-del-bracal-vuelve-denunciar-las-goteras-los-barracones\/\"><strong>tras inundarse los barracones<\/strong><\/a><\/span> por la goteras debido a las intensas lluvias que se registraron en el municipio.<\/p>\n<p style=\"text-align: justify;\">Desde el AMPA han indicado en un comunicado que en el <strong>informe del arquitecto municipal<\/strong> se corrobora que las aulas prefabricadas no son seguras cuando llueve mientras que <strong>en el de ingenier\u00eda<\/strong> se especifica que la instalaci\u00f3n el\u00e9ctrica es la correcta a falta de un informe de revisiones que se solicitar\u00e1 a la Conseller\u00eda. Adem\u00e1s reiteran que el alcalde, Francesc Valls, les ha comunicado que<strong> no hay inseguridad para llevar a los peque\u00f1os al colegio<\/strong> <em>&#8220;excepto los d\u00edas que llueva en que las aulas se cerrar\u00e1n&#8221;<\/em>, matizan.<\/p>\n<p style=\"text-align: justify;\">Ante esta situaci\u00f3n se ha decidido <strong>poner fin a la huelga<\/strong> aunque desde el AMPA recuerdan que se convocar\u00e1 pr\u00f3ximamente a las madres y a los padres para<strong> una reuni\u00f3n informativa<\/strong> en la que tambi\u00e9n se votar\u00e1n varias medidas propuestas.<\/p>\n","protected":false},"excerpt":{"rendered":"<p>La Asociaci\u00f3n de Madres y Padres del Colegio El Bracal de Muro ha decidido desconvocar la huelga que gran parte&#8230;<\/p>\n","protected":false},"author":1,"featured_media":15614,"comment_status":"open","ping_status":"open","sticky":false,"template":"","format":"standard","meta":{"footnotes":""},"categories":[98,75],"tags":[3417,998,237,3416,534,135],"class_list":["post-27207","post","type-post","status-publish","format-standard","has-post-thumbnail","hentry","category-comarcas","category-noticias","tag-ampa","tag-bracal","tag-comtat","tag-huelga","tag-lluvia","tag-muro"],"yoast_head":"<!-- This site is optimized with the Yoast SEO plugin v27.3 - https:\/\/yoast.com\/product\/yoast-seo-wordpress\/ -->\n<title>Desconvocada la huelga de alumnos del Bracal - COPE Alcoy<\/title>\n<meta name=\"robots\" content=\"index, follow, max-snippet:-1, max-image-preview:large, max-video-preview:-1\" \/>\n<link rel=\"canonical\" href=\"https:\/\/www.copealcoy.es\/es\/desconvocada-la-huelga-alumnos-del-bracal\/\" \/>\n<meta property=\"og:locale\" content=\"es_ES\" \/>\n<meta property=\"og:type\" content=\"article\" \/>\n<meta property=\"og:title\" content=\"Desconvocada la huelga de alumnos del Bracal - COPE Alcoy\" \/>\n<meta property=\"og:description\" content=\"La Asociaci\u00f3n de Madres y Padres del Colegio El Bracal de Muro ha decidido desconvocar la huelga que gran parte...\" \/>\n<meta property=\"og:url\" content=\"https:\/\/www.copealcoy.es\/es\/desconvocada-la-huelga-alumnos-del-bracal\/\" \/>\n<meta property=\"og:site_name\" content=\"COPE Alcoy\" \/>\n<meta property=\"article:published_time\" content=\"2016-12-14T06:00:26+00:00\" \/>\n<meta property=\"og:image\" content=\"https:\/\/www.copealcoy.es\/wp-content\/uploads\/2015\/09\/12011360_719255538217934_1643582729384026531_n.jpg\" \/>\n\t<meta property=\"og:image:width\" content=\"960\" \/>\n\t<meta property=\"og:image:height\" content=\"720\" \/>\n\t<meta property=\"og:image:type\" content=\"image\/jpeg\" \/>\n<meta name=\"author\" content=\"Cope Alcoy\" \/>\n<meta name=\"twitter:label1\" content=\"Escrito por\" \/>\n\t<meta name=\"twitter:data1\" content=\"Cope Alcoy\" \/>\n\t<meta name=\"twitter:label2\" content=\"Tiempo de lectura\" \/>\n\t<meta name=\"twitter:data2\" content=\"1 minuto\" \/>\n<script type=\"application\/ld+json\" class=\"yoast-schema-graph\">{\"@context\":\"https:\\\/\\\/schema.org\",\"@graph\":[{\"@type\":\"Article\",\"@id\":\"https:\\\/\\\/www.copealcoy.es\\\/es\\\/desconvocada-la-huelga-alumnos-del-bracal\\\/#article\",\"isPartOf\":{\"@id\":\"https:\\\/\\\/www.copealcoy.es\\\/es\\\/desconvocada-la-huelga-alumnos-del-bracal\\\/\"},\"author\":{\"name\":\"Cope Alcoy\",\"@id\":\"https:\\\/\\\/www.copealcoy.es\\\/es\\\/#\\\/schema\\\/person\\\/e777c87fa024e57d40170af9df39882c\"},\"headline\":\"Desconvocada la huelga de alumnos del Bracal\",\"datePublished\":\"2016-12-14T06:00:26+00:00\",\"mainEntityOfPage\":{\"@id\":\"https:\\\/\\\/www.copealcoy.es\\\/es\\\/desconvocada-la-huelga-alumnos-del-bracal\\\/\"},\"wordCount\":196,\"commentCount\":0,\"image\":{\"@id\":\"https:\\\/\\\/www.copealcoy.es\\\/es\\\/desconvocada-la-huelga-alumnos-del-bracal\\\/#primaryimage\"},\"thumbnailUrl\":\"https:\\\/\\\/www.copealcoy.es\\\/wp-content\\\/uploads\\\/2015\\\/09\\\/12011360_719255538217934_1643582729384026531_n.jpg\",\"keywords\":[\"AMPA\",\"Bracal\",\"Comtat\",\"huelga\",\"Lluvia\",\"Muro\"],\"articleSection\":[\"Comarcas\",\"Noticias\"],\"inLanguage\":\"es\"},{\"@type\":\"WebPage\",\"@id\":\"https:\\\/\\\/www.copealcoy.es\\\/es\\\/desconvocada-la-huelga-alumnos-del-bracal\\\/\",\"url\":\"https:\\\/\\\/www.copealcoy.es\\\/es\\\/desconvocada-la-huelga-alumnos-del-bracal\\\/\",\"name\":\"Desconvocada la huelga de alumnos del Bracal - COPE Alcoy\",\"isPartOf\":{\"@id\":\"https:\\\/\\\/www.copealcoy.es\\\/es\\\/#website\"},\"primaryImageOfPage\":{\"@id\":\"https:\\\/\\\/www.copealcoy.es\\\/es\\\/desconvocada-la-huelga-alumnos-del-bracal\\\/#primaryimage\"},\"image\":{\"@id\":\"https:\\\/\\\/www.copealcoy.es\\\/es\\\/desconvocada-la-huelga-alumnos-del-bracal\\\/#primaryimage\"},\"thumbnailUrl\":\"https:\\\/\\\/www.copealcoy.es\\\/wp-content\\\/uploads\\\/2015\\\/09\\\/12011360_719255538217934_1643582729384026531_n.jpg\",\"datePublished\":\"2016-12-14T06:00:26+00:00\",\"author\":{\"@id\":\"https:\\\/\\\/www.copealcoy.es\\\/es\\\/#\\\/schema\\\/person\\\/e777c87fa024e57d40170af9df39882c\"},\"breadcrumb\":{\"@id\":\"https:\\\/\\\/www.copealcoy.es\\\/es\\\/desconvocada-la-huelga-alumnos-del-bracal\\\/#breadcrumb\"},\"inLanguage\":\"es\",\"potentialAction\":[{\"@type\":\"ReadAction\",\"target\":[\"https:\\\/\\\/www.copealcoy.es\\\/es\\\/desconvocada-la-huelga-alumnos-del-bracal\\\/\"]}]},{\"@type\":\"ImageObject\",\"inLanguage\":\"es\",\"@id\":\"https:\\\/\\\/www.copealcoy.es\\\/es\\\/desconvocada-la-huelga-alumnos-del-bracal\\\/#primaryimage\",\"url\":\"https:\\\/\\\/www.copealcoy.es\\\/wp-content\\\/uploads\\\/2015\\\/09\\\/12011360_719255538217934_1643582729384026531_n.jpg\",\"contentUrl\":\"https:\\\/\\\/www.copealcoy.es\\\/wp-content\\\/uploads\\\/2015\\\/09\\\/12011360_719255538217934_1643582729384026531_n.jpg\",\"width\":960,\"height\":720,\"caption\":\"La Comunidad Educativa del Bracal ha protagonizado numerosas reivindicaciones en todo este tiempo\"},{\"@type\":\"BreadcrumbList\",\"@id\":\"https:\\\/\\\/www.copealcoy.es\\\/es\\\/desconvocada-la-huelga-alumnos-del-bracal\\\/#breadcrumb\",\"itemListElement\":[{\"@type\":\"ListItem\",\"position\":1,\"name\":\"Portada\",\"item\":\"https:\\\/\\\/www.copealcoy.es\\\/es\\\/\"},{\"@type\":\"ListItem\",\"position\":2,\"name\":\"Desconvocada la huelga de alumnos del Bracal\"}]},{\"@type\":\"WebSite\",\"@id\":\"https:\\\/\\\/www.copealcoy.es\\\/es\\\/#website\",\"url\":\"https:\\\/\\\/www.copealcoy.es\\\/es\\\/\",\"name\":\"COPE Alcoy\",\"description\":\"Emisora COPE de radio local con emisi\u00f3n online. Pont de Sant Jordi 8-10 03803 Alcoy\",\"potentialAction\":[{\"@type\":\"SearchAction\",\"target\":{\"@type\":\"EntryPoint\",\"urlTemplate\":\"https:\\\/\\\/www.copealcoy.es\\\/es\\\/?s={search_term_string}\"},\"query-input\":{\"@type\":\"PropertyValueSpecification\",\"valueRequired\":true,\"valueName\":\"search_term_string\"}}],\"inLanguage\":\"es\"},{\"@type\":\"Person\",\"@id\":\"https:\\\/\\\/www.copealcoy.es\\\/es\\\/#\\\/schema\\\/person\\\/e777c87fa024e57d40170af9df39882c\",\"name\":\"Cope Alcoy\",\"image\":{\"@type\":\"ImageObject\",\"inLanguage\":\"es\",\"@id\":\"https:\\\/\\\/secure.gravatar.com\\\/avatar\\\/bb65d0283347e303893ba14f0692005417c1e0e690a325a4c5d8bb2b3943ee14?s=96&d=mm&r=g\",\"url\":\"https:\\\/\\\/secure.gravatar.com\\\/avatar\\\/bb65d0283347e303893ba14f0692005417c1e0e690a325a4c5d8bb2b3943ee14?s=96&d=mm&r=g\",\"contentUrl\":\"https:\\\/\\\/secure.gravatar.com\\\/avatar\\\/bb65d0283347e303893ba14f0692005417c1e0e690a325a4c5d8bb2b3943ee14?s=96&d=mm&r=g\",\"caption\":\"Cope Alcoy\"}}]}<\/script>\n<!-- \/ Yoast SEO plugin. -->","yoast_head_json":{"title":"Desconvocada la huelga de alumnos del Bracal - COPE Alcoy","robots":{"index":"index","follow":"follow","max-snippet":"max-snippet:-1","max-image-preview":"max-image-preview:large","max-video-preview":"max-video-preview:-1"},"canonical":"https:\/\/www.copealcoy.es\/es\/desconvocada-la-huelga-alumnos-del-bracal\/","og_locale":"es_ES","og_type":"article","og_title":"Desconvocada la huelga de alumnos del Bracal - COPE Alcoy","og_description":"La Asociaci\u00f3n de Madres y Padres del Colegio El Bracal de Muro ha decidido desconvocar la huelga que gran parte...","og_url":"https:\/\/www.copealcoy.es\/es\/desconvocada-la-huelga-alumnos-del-bracal\/","og_site_name":"COPE Alcoy","article_published_time":"2016-12-14T06:00:26+00:00","og_image":[{"width":960,"height":720,"url":"https:\/\/www.copealcoy.es\/wp-content\/uploads\/2015\/09\/12011360_719255538217934_1643582729384026531_n.jpg","type":"image\/jpeg"}],"author":"Cope Alcoy","twitter_misc":{"Escrito por":"Cope Alcoy","Tiempo de lectura":"1 minuto"},"schema":{"@context":"https:\/\/schema.org","@graph":[{"@type":"Article","@id":"https:\/\/www.copealcoy.es\/es\/desconvocada-la-huelga-alumnos-del-bracal\/#article","isPartOf":{"@id":"https:\/\/www.copealcoy.es\/es\/desconvocada-la-huelga-alumnos-del-bracal\/"},"author":{"name":"Cope Alcoy","@id":"https:\/\/www.copealcoy.es\/es\/#\/schema\/person\/e777c87fa024e57d40170af9df39882c"},"headline":"Desconvocada la huelga de alumnos del Bracal","datePublished":"2016-12-14T06:00:26+00:00","mainEntityOfPage":{"@id":"https:\/\/www.copealcoy.es\/es\/desconvocada-la-huelga-alumnos-del-bracal\/"},"wordCount":196,"commentCount":0,"image":{"@id":"https:\/\/www.copealcoy.es\/es\/desconvocada-la-huelga-alumnos-del-bracal\/#primaryimage"},"thumbnailUrl":"https:\/\/www.copealcoy.es\/wp-content\/uploads\/2015\/09\/12011360_719255538217934_1643582729384026531_n.jpg","keywords":["AMPA","Bracal","Comtat","huelga","Lluvia","Muro"],"articleSection":["Comarcas","Noticias"],"inLanguage":"es"},{"@type":"WebPage","@id":"https:\/\/www.copealcoy.es\/es\/desconvocada-la-huelga-alumnos-del-bracal\/","url":"https:\/\/www.copealcoy.es\/es\/desconvocada-la-huelga-alumnos-del-bracal\/","name":"Desconvocada la huelga de alumnos del Bracal - COPE Alcoy","isPartOf":{"@id":"https:\/\/www.copealcoy.es\/es\/#website"},"primaryImageOfPage":{"@id":"https:\/\/www.copealcoy.es\/es\/desconvocada-la-huelga-alumnos-del-bracal\/#primaryimage"},"image":{"@id":"https:\/\/www.copealcoy.es\/es\/desconvocada-la-huelga-alumnos-del-bracal\/#primaryimage"},"thumbnailUrl":"https:\/\/www.copealcoy.es\/wp-content\/uploads\/2015\/09\/12011360_719255538217934_1643582729384026531_n.jpg","datePublished":"2016-12-14T06:00:26+00:00","author":{"@id":"https:\/\/www.copealcoy.es\/es\/#\/schema\/person\/e777c87fa024e57d40170af9df39882c"},"breadcrumb":{"@id":"https:\/\/www.copealcoy.es\/es\/desconvocada-la-huelga-alumnos-del-bracal\/#breadcrumb"},"inLanguage":"es","potentialAction":[{"@type":"ReadAction","target":["https:\/\/www.copealcoy.es\/es\/desconvocada-la-huelga-alumnos-del-bracal\/"]}]},{"@type":"ImageObject","inLanguage":"es","@id":"https:\/\/www.copealcoy.es\/es\/desconvocada-la-huelga-alumnos-del-bracal\/#primaryimage","url":"https:\/\/www.copealcoy.es\/wp-content\/uploads\/2015\/09\/12011360_719255538217934_1643582729384026531_n.jpg","contentUrl":"https:\/\/www.copealcoy.es\/wp-content\/uploads\/2015\/09\/12011360_719255538217934_1643582729384026531_n.jpg","width":960,"height":720,"caption":"La Comunidad Educativa del Bracal ha protagonizado numerosas reivindicaciones en todo este tiempo"},{"@type":"BreadcrumbList","@id":"https:\/\/www.copealcoy.es\/es\/desconvocada-la-huelga-alumnos-del-bracal\/#breadcrumb","itemListElement":[{"@type":"ListItem","position":1,"name":"Portada","item":"https:\/\/www.copealcoy.es\/es\/"},{"@type":"ListItem","position":2,"name":"Desconvocada la huelga de alumnos del Bracal"}]},{"@type":"WebSite","@id":"https:\/\/www.copealcoy.es\/es\/#website","url":"https:\/\/www.copealcoy.es\/es\/","name":"COPE Alcoy","description":"Emisora COPE de radio local con emisi\u00f3n online. Pont de Sant Jordi 8-10 03803 Alcoy","potentialAction":[{"@type":"SearchAction","target":{"@type":"EntryPoint","urlTemplate":"https:\/\/www.copealcoy.es\/es\/?s={search_term_string}"},"query-input":{"@type":"PropertyValueSpecification","valueRequired":true,"valueName":"search_term_string"}}],"inLanguage":"es"},{"@type":"Person","@id":"https:\/\/www.copealcoy.es\/es\/#\/schema\/person\/e777c87fa024e57d40170af9df39882c","name":"Cope Alcoy","image":{"@type":"ImageObject","inLanguage":"es","@id":"https:\/\/secure.gravatar.com\/avatar\/bb65d0283347e303893ba14f0692005417c1e0e690a325a4c5d8bb2b3943ee14?s=96&d=mm&r=g","url":"https:\/\/secure.gravatar.com\/avatar\/bb65d0283347e303893ba14f0692005417c1e0e690a325a4c5d8bb2b3943ee14?s=96&d=mm&r=g","contentUrl":"https:\/\/secure.gravatar.com\/avatar\/bb65d0283347e303893ba14f0692005417c1e0e690a325a4c5d8bb2b3943ee14?s=96&d=mm&r=g","caption":"Cope Alcoy"}}]}},"_links":{"self":[{"href":"https:\/\/www.copealcoy.es\/es\/wp-json\/wp\/v2\/posts\/27207","targetHints":{"allow":["GET"]}}],"collection":[{"href":"https:\/\/www.copealcoy.es\/es\/wp-json\/wp\/v2\/posts"}],"about":[{"href":"https:\/\/www.copealcoy.es\/es\/wp-json\/wp\/v2\/types\/post"}],"author":[{"embeddable":true,"href":"https:\/\/www.copealcoy.es\/es\/wp-json\/wp\/v2\/users\/1"}],"replies":[{"embeddable":true,"href":"https:\/\/www.copealcoy.es\/es\/wp-json\/wp\/v2\/comments?post=27207"}],"version-history":[{"count":0,"href":"https:\/\/www.copealcoy.es\/es\/wp-json\/wp\/v2\/posts\/27207\/revisions"}],"wp:featuredmedia":[{"embeddable":true,"href":"https:\/\/www.copealcoy.es\/es\/wp-json\/wp\/v2\/media\/15614"}],"wp:attachment":[{"href":"https:\/\/www.copealcoy.es\/es\/wp-json\/wp\/v2\/media?parent=27207"}],"wp:term":[{"taxonomy":"category","embeddable":true,"href":"https:\/\/www.copealcoy.es\/es\/wp-json\/wp\/v2\/categories?post=27207"},{"taxonomy":"post_tag","embeddable":true,"href":"https:\/\/www.copealcoy.es\/es\/wp-json\/wp\/v2\/tags?post=27207"}],"curies":[{"name":"wp","href":"https:\/\/api.w.org\/{rel}","templated":true}]}}