{"id":27046,"date":"2016-12-05T06:00:49","date_gmt":"2016-12-05T06:00:49","guid":{"rendered":"http:\/\/copealcoi.es\/new\/?p=27046"},"modified":"2016-12-04T14:59:45","modified_gmt":"2016-12-04T14:59:45","slug":"20-millones-de-euros-para-el-fondo-de-cooperacion-de-la-diputacion","status":"publish","type":"post","link":"https:\/\/www.copealcoy.es\/es\/20-millones-de-euros-para-el-fondo-de-cooperacion-de-la-diputacion\/","title":{"rendered":"20 millones de euros para el Fondo de Cooperaci\u00f3n de la Diputaci\u00f3n"},"content":{"rendered":"<p style=\"text-align: justify;\">La <strong>Diputaci\u00f3n Provincial de Alicante<\/strong> tendr\u00e1 su propio <strong>Fondo de Cooperaci\u00f3n<\/strong> para el pr\u00f3ximo a\u00f1o 2017 con una dotaci\u00f3n presupuestaria de <strong>20 millones de euros<\/strong>. As\u00ed lo anunci\u00f3 el pasado viernes el Diputado de Presidencia y Econom\u00eda, <strong>Carlos Castillo<\/strong>, que al mismo tiempo indic\u00f3 que <strong>este importe se sumar\u00e1 a los m\u00e1s de 70 millones de euros<\/strong> que la misma Diputaci\u00f3n de Alicante ha presupuestado para 2017 de cara a colaborar con los ayuntamientos de la provincia para <strong>garantizar la prestaci\u00f3n de servicios<\/strong> b\u00e1sicos.<\/p>\n<p style=\"text-align: justify;\">Esta ser\u00e1 una de las l\u00edneas principales de las cuentas del ente \u00a0que ascender\u00e1n en el ejercicio que viene a los <strong>214\u00b49 millones de euros en el cap\u00edtulo de ingresos (un 3\u00b49% m\u00e1s) y a 194 en el gastos (se incrementa en un total de 2\u00b43%)<\/strong>. Por otra parte se contemplan 23\u00b45 millones para el<strong> Consorcio Provincial de Bomberos<\/strong>, 48\u00b45 en <strong>Cooperaci\u00f3n<\/strong>, 21 para los <strong>Planes de Obras y Servicios<\/strong>, 4\u00b49 para el <strong>Plan de Ahorro Energ\u00e9tico<\/strong> o 5 millones para <strong>Cooperaci\u00f3n Municipal<\/strong>. Adem\u00e1s se invertir\u00e1n 1\u00b45 millones de euros, medio mill\u00f3n m\u00e1s que en 2016, a la <strong>mejora de caminos rurales<\/strong>.<\/p>\n<p style=\"text-align: justify;\">En materia de <strong>ciclo h\u00eddrico<\/strong> se van a aportar 3\u00b46 millones de euros en diferentes convocatorias y tambi\u00e9n hay previstos un total de 9\u00b43 para la <strong>Gesti\u00f3n y Protecci\u00f3n del Territorio<\/strong> y 1\u00b42 millones para <strong>preservar el entorno natural<\/strong> en los diferentes parajes. En lo que se refiere al<strong> gasto social<\/strong> hay que indicar que el 17% de los presupuestos ir\u00e1 a parar a este fin, lo que se traduce en 32 millones, y se pondr\u00e1n en marcha los <strong>Planes Municipales de Accesibilidad Universal<\/strong> con 250.000 euros de inversi\u00f3n y de los que se podr\u00e1n beneficiar los ayuntamientos de menos de 5.000 habitantes. Finalmente se\u00f1alar que los Ayuntamientos y entidades del sector percibir\u00e1n 2\u00b43 millones de euros en subvenciones en<strong> materia de fomento<\/strong> y se rebajar\u00e1, seg\u00fan Castillo, la <strong>asignaci\u00f3n a los grupos pol\u00edticos de la corporaci\u00f3n<\/strong> <em>&#8220;favoreciendo un ahorro anual alrededor de los 207.000 euros&#8221;<\/em>, afirma.<\/p>\n<p style=\"text-align: justify;\">Los presupuestos se someter\u00e1n a debate y a la votaci\u00f3n del pleno en la <strong>sesi\u00f3n extraordinaria<\/strong> convocada para el pr\u00f3ximo 13 de diciembre.<\/p>\n","protected":false},"excerpt":{"rendered":"<p>La Diputaci\u00f3n Provincial de Alicante tendr\u00e1 su propio Fondo de Cooperaci\u00f3n para el pr\u00f3ximo a\u00f1o 2017 con una dotaci\u00f3n presupuestaria&#8230;<\/p>\n","protected":false},"author":1,"featured_media":27047,"comment_status":"open","ping_status":"open","sticky":false,"template":"","format":"standard","meta":{"footnotes":""},"categories":[98,75,125],"tags":[947,3387,316],"class_list":["post-27046","post","type-post","status-publish","format-standard","has-post-thumbnail","hentry","category-comarcas","category-noticias","category-portada","tag-diputacion-de-alicante","tag-fondo-cooperacion","tag-presupuestos"],"yoast_head":"<!-- This site is optimized with the Yoast SEO plugin v27.3 - https:\/\/yoast.com\/product\/yoast-seo-wordpress\/ -->\n<title>20 millones de euros para el Fondo de Cooperaci\u00f3n de la Diputaci\u00f3n - COPE Alcoy<\/title>\n<meta name=\"robots\" content=\"index, follow, max-snippet:-1, max-image-preview:large, max-video-preview:-1\" \/>\n<link rel=\"canonical\" href=\"https:\/\/www.copealcoy.es\/es\/20-millones-de-euros-para-el-fondo-de-cooperacion-de-la-diputacion\/\" \/>\n<meta property=\"og:locale\" content=\"es_ES\" \/>\n<meta property=\"og:type\" content=\"article\" \/>\n<meta property=\"og:title\" content=\"20 millones de euros para el Fondo de Cooperaci\u00f3n de la Diputaci\u00f3n - COPE Alcoy\" \/>\n<meta property=\"og:description\" content=\"La Diputaci\u00f3n Provincial de Alicante tendr\u00e1 su propio Fondo de Cooperaci\u00f3n para el pr\u00f3ximo a\u00f1o 2017 con una dotaci\u00f3n presupuestaria...\" \/>\n<meta property=\"og:url\" content=\"https:\/\/www.copealcoy.es\/es\/20-millones-de-euros-para-el-fondo-de-cooperacion-de-la-diputacion\/\" \/>\n<meta property=\"og:site_name\" content=\"COPE Alcoy\" \/>\n<meta property=\"article:published_time\" content=\"2016-12-05T06:00:49+00:00\" \/>\n<meta property=\"og:image\" content=\"https:\/\/www.copealcoy.es\/wp-content\/uploads\/2016\/12\/113016_reunion_coporacion_20161202013145.jpg\" \/>\n\t<meta property=\"og:image:width\" content=\"2126\" \/>\n\t<meta property=\"og:image:height\" content=\"1417\" \/>\n\t<meta property=\"og:image:type\" content=\"image\/jpeg\" \/>\n<meta name=\"author\" content=\"Cope Alcoy\" \/>\n<meta name=\"twitter:label1\" content=\"Escrito por\" \/>\n\t<meta name=\"twitter:data1\" content=\"Cope Alcoy\" \/>\n\t<meta name=\"twitter:label2\" content=\"Tiempo de lectura\" \/>\n\t<meta name=\"twitter:data2\" content=\"2 minutos\" \/>\n<script type=\"application\/ld+json\" class=\"yoast-schema-graph\">{\"@context\":\"https:\\\/\\\/schema.org\",\"@graph\":[{\"@type\":\"Article\",\"@id\":\"https:\\\/\\\/www.copealcoy.es\\\/es\\\/20-millones-de-euros-para-el-fondo-de-cooperacion-de-la-diputacion\\\/#article\",\"isPartOf\":{\"@id\":\"https:\\\/\\\/www.copealcoy.es\\\/es\\\/20-millones-de-euros-para-el-fondo-de-cooperacion-de-la-diputacion\\\/\"},\"author\":{\"name\":\"Cope Alcoy\",\"@id\":\"https:\\\/\\\/www.copealcoy.es\\\/es\\\/#\\\/schema\\\/person\\\/e777c87fa024e57d40170af9df39882c\"},\"headline\":\"20 millones de euros para el Fondo de Cooperaci\u00f3n de la Diputaci\u00f3n\",\"datePublished\":\"2016-12-05T06:00:49+00:00\",\"mainEntityOfPage\":{\"@id\":\"https:\\\/\\\/www.copealcoy.es\\\/es\\\/20-millones-de-euros-para-el-fondo-de-cooperacion-de-la-diputacion\\\/\"},\"wordCount\":382,\"commentCount\":0,\"image\":{\"@id\":\"https:\\\/\\\/www.copealcoy.es\\\/es\\\/20-millones-de-euros-para-el-fondo-de-cooperacion-de-la-diputacion\\\/#primaryimage\"},\"thumbnailUrl\":\"https:\\\/\\\/www.copealcoy.es\\\/wp-content\\\/uploads\\\/2016\\\/12\\\/113016_reunion_coporacion_20161202013145.jpg\",\"keywords\":[\"Diputaci\u00f3n de Alicante\",\"Fondo Cooperaci\u00f3n\",\"Presupuestos\"],\"articleSection\":[\"Comarcas\",\"Noticias\",\"Portada\"],\"inLanguage\":\"es\"},{\"@type\":\"WebPage\",\"@id\":\"https:\\\/\\\/www.copealcoy.es\\\/es\\\/20-millones-de-euros-para-el-fondo-de-cooperacion-de-la-diputacion\\\/\",\"url\":\"https:\\\/\\\/www.copealcoy.es\\\/es\\\/20-millones-de-euros-para-el-fondo-de-cooperacion-de-la-diputacion\\\/\",\"name\":\"20 millones de euros para el Fondo de Cooperaci\u00f3n de la Diputaci\u00f3n - COPE Alcoy\",\"isPartOf\":{\"@id\":\"https:\\\/\\\/www.copealcoy.es\\\/es\\\/#website\"},\"primaryImageOfPage\":{\"@id\":\"https:\\\/\\\/www.copealcoy.es\\\/es\\\/20-millones-de-euros-para-el-fondo-de-cooperacion-de-la-diputacion\\\/#primaryimage\"},\"image\":{\"@id\":\"https:\\\/\\\/www.copealcoy.es\\\/es\\\/20-millones-de-euros-para-el-fondo-de-cooperacion-de-la-diputacion\\\/#primaryimage\"},\"thumbnailUrl\":\"https:\\\/\\\/www.copealcoy.es\\\/wp-content\\\/uploads\\\/2016\\\/12\\\/113016_reunion_coporacion_20161202013145.jpg\",\"datePublished\":\"2016-12-05T06:00:49+00:00\",\"author\":{\"@id\":\"https:\\\/\\\/www.copealcoy.es\\\/es\\\/#\\\/schema\\\/person\\\/e777c87fa024e57d40170af9df39882c\"},\"breadcrumb\":{\"@id\":\"https:\\\/\\\/www.copealcoy.es\\\/es\\\/20-millones-de-euros-para-el-fondo-de-cooperacion-de-la-diputacion\\\/#breadcrumb\"},\"inLanguage\":\"es\",\"potentialAction\":[{\"@type\":\"ReadAction\",\"target\":[\"https:\\\/\\\/www.copealcoy.es\\\/es\\\/20-millones-de-euros-para-el-fondo-de-cooperacion-de-la-diputacion\\\/\"]}]},{\"@type\":\"ImageObject\",\"inLanguage\":\"es\",\"@id\":\"https:\\\/\\\/www.copealcoy.es\\\/es\\\/20-millones-de-euros-para-el-fondo-de-cooperacion-de-la-diputacion\\\/#primaryimage\",\"url\":\"https:\\\/\\\/www.copealcoy.es\\\/wp-content\\\/uploads\\\/2016\\\/12\\\/113016_reunion_coporacion_20161202013145.jpg\",\"contentUrl\":\"https:\\\/\\\/www.copealcoy.es\\\/wp-content\\\/uploads\\\/2016\\\/12\\\/113016_reunion_coporacion_20161202013145.jpg\",\"width\":2126,\"height\":1417,\"caption\":\"Reuni\u00f3n del equipo de C\u00e9sar S\u00e1nchez \\\/ Foto: Diputaci\u00f3n de Alicante\"},{\"@type\":\"BreadcrumbList\",\"@id\":\"https:\\\/\\\/www.copealcoy.es\\\/es\\\/20-millones-de-euros-para-el-fondo-de-cooperacion-de-la-diputacion\\\/#breadcrumb\",\"itemListElement\":[{\"@type\":\"ListItem\",\"position\":1,\"name\":\"Portada\",\"item\":\"https:\\\/\\\/www.copealcoy.es\\\/es\\\/\"},{\"@type\":\"ListItem\",\"position\":2,\"name\":\"20 millones de euros para el Fondo de Cooperaci\u00f3n de la Diputaci\u00f3n\"}]},{\"@type\":\"WebSite\",\"@id\":\"https:\\\/\\\/www.copealcoy.es\\\/es\\\/#website\",\"url\":\"https:\\\/\\\/www.copealcoy.es\\\/es\\\/\",\"name\":\"COPE Alcoy\",\"description\":\"Emisora COPE de radio local con emisi\u00f3n online. Pont de Sant Jordi 8-10 03803 Alcoy\",\"potentialAction\":[{\"@type\":\"SearchAction\",\"target\":{\"@type\":\"EntryPoint\",\"urlTemplate\":\"https:\\\/\\\/www.copealcoy.es\\\/es\\\/?s={search_term_string}\"},\"query-input\":{\"@type\":\"PropertyValueSpecification\",\"valueRequired\":true,\"valueName\":\"search_term_string\"}}],\"inLanguage\":\"es\"},{\"@type\":\"Person\",\"@id\":\"https:\\\/\\\/www.copealcoy.es\\\/es\\\/#\\\/schema\\\/person\\\/e777c87fa024e57d40170af9df39882c\",\"name\":\"Cope Alcoy\",\"image\":{\"@type\":\"ImageObject\",\"inLanguage\":\"es\",\"@id\":\"https:\\\/\\\/secure.gravatar.com\\\/avatar\\\/bb65d0283347e303893ba14f0692005417c1e0e690a325a4c5d8bb2b3943ee14?s=96&d=mm&r=g\",\"url\":\"https:\\\/\\\/secure.gravatar.com\\\/avatar\\\/bb65d0283347e303893ba14f0692005417c1e0e690a325a4c5d8bb2b3943ee14?s=96&d=mm&r=g\",\"contentUrl\":\"https:\\\/\\\/secure.gravatar.com\\\/avatar\\\/bb65d0283347e303893ba14f0692005417c1e0e690a325a4c5d8bb2b3943ee14?s=96&d=mm&r=g\",\"caption\":\"Cope Alcoy\"}}]}<\/script>\n<!-- \/ Yoast SEO plugin. -->","yoast_head_json":{"title":"20 millones de euros para el Fondo de Cooperaci\u00f3n de la Diputaci\u00f3n - COPE Alcoy","robots":{"index":"index","follow":"follow","max-snippet":"max-snippet:-1","max-image-preview":"max-image-preview:large","max-video-preview":"max-video-preview:-1"},"canonical":"https:\/\/www.copealcoy.es\/es\/20-millones-de-euros-para-el-fondo-de-cooperacion-de-la-diputacion\/","og_locale":"es_ES","og_type":"article","og_title":"20 millones de euros para el Fondo de Cooperaci\u00f3n de la Diputaci\u00f3n - COPE Alcoy","og_description":"La Diputaci\u00f3n Provincial de Alicante tendr\u00e1 su propio Fondo de Cooperaci\u00f3n para el pr\u00f3ximo a\u00f1o 2017 con una dotaci\u00f3n presupuestaria...","og_url":"https:\/\/www.copealcoy.es\/es\/20-millones-de-euros-para-el-fondo-de-cooperacion-de-la-diputacion\/","og_site_name":"COPE Alcoy","article_published_time":"2016-12-05T06:00:49+00:00","og_image":[{"width":2126,"height":1417,"url":"https:\/\/www.copealcoy.es\/wp-content\/uploads\/2016\/12\/113016_reunion_coporacion_20161202013145.jpg","type":"image\/jpeg"}],"author":"Cope Alcoy","twitter_misc":{"Escrito por":"Cope Alcoy","Tiempo de lectura":"2 minutos"},"schema":{"@context":"https:\/\/schema.org","@graph":[{"@type":"Article","@id":"https:\/\/www.copealcoy.es\/es\/20-millones-de-euros-para-el-fondo-de-cooperacion-de-la-diputacion\/#article","isPartOf":{"@id":"https:\/\/www.copealcoy.es\/es\/20-millones-de-euros-para-el-fondo-de-cooperacion-de-la-diputacion\/"},"author":{"name":"Cope Alcoy","@id":"https:\/\/www.copealcoy.es\/es\/#\/schema\/person\/e777c87fa024e57d40170af9df39882c"},"headline":"20 millones de euros para el Fondo de Cooperaci\u00f3n de la Diputaci\u00f3n","datePublished":"2016-12-05T06:00:49+00:00","mainEntityOfPage":{"@id":"https:\/\/www.copealcoy.es\/es\/20-millones-de-euros-para-el-fondo-de-cooperacion-de-la-diputacion\/"},"wordCount":382,"commentCount":0,"image":{"@id":"https:\/\/www.copealcoy.es\/es\/20-millones-de-euros-para-el-fondo-de-cooperacion-de-la-diputacion\/#primaryimage"},"thumbnailUrl":"https:\/\/www.copealcoy.es\/wp-content\/uploads\/2016\/12\/113016_reunion_coporacion_20161202013145.jpg","keywords":["Diputaci\u00f3n de Alicante","Fondo Cooperaci\u00f3n","Presupuestos"],"articleSection":["Comarcas","Noticias","Portada"],"inLanguage":"es"},{"@type":"WebPage","@id":"https:\/\/www.copealcoy.es\/es\/20-millones-de-euros-para-el-fondo-de-cooperacion-de-la-diputacion\/","url":"https:\/\/www.copealcoy.es\/es\/20-millones-de-euros-para-el-fondo-de-cooperacion-de-la-diputacion\/","name":"20 millones de euros para el Fondo de Cooperaci\u00f3n de la Diputaci\u00f3n - COPE Alcoy","isPartOf":{"@id":"https:\/\/www.copealcoy.es\/es\/#website"},"primaryImageOfPage":{"@id":"https:\/\/www.copealcoy.es\/es\/20-millones-de-euros-para-el-fondo-de-cooperacion-de-la-diputacion\/#primaryimage"},"image":{"@id":"https:\/\/www.copealcoy.es\/es\/20-millones-de-euros-para-el-fondo-de-cooperacion-de-la-diputacion\/#primaryimage"},"thumbnailUrl":"https:\/\/www.copealcoy.es\/wp-content\/uploads\/2016\/12\/113016_reunion_coporacion_20161202013145.jpg","datePublished":"2016-12-05T06:00:49+00:00","author":{"@id":"https:\/\/www.copealcoy.es\/es\/#\/schema\/person\/e777c87fa024e57d40170af9df39882c"},"breadcrumb":{"@id":"https:\/\/www.copealcoy.es\/es\/20-millones-de-euros-para-el-fondo-de-cooperacion-de-la-diputacion\/#breadcrumb"},"inLanguage":"es","potentialAction":[{"@type":"ReadAction","target":["https:\/\/www.copealcoy.es\/es\/20-millones-de-euros-para-el-fondo-de-cooperacion-de-la-diputacion\/"]}]},{"@type":"ImageObject","inLanguage":"es","@id":"https:\/\/www.copealcoy.es\/es\/20-millones-de-euros-para-el-fondo-de-cooperacion-de-la-diputacion\/#primaryimage","url":"https:\/\/www.copealcoy.es\/wp-content\/uploads\/2016\/12\/113016_reunion_coporacion_20161202013145.jpg","contentUrl":"https:\/\/www.copealcoy.es\/wp-content\/uploads\/2016\/12\/113016_reunion_coporacion_20161202013145.jpg","width":2126,"height":1417,"caption":"Reuni\u00f3n del equipo de C\u00e9sar S\u00e1nchez \/ Foto: Diputaci\u00f3n de Alicante"},{"@type":"BreadcrumbList","@id":"https:\/\/www.copealcoy.es\/es\/20-millones-de-euros-para-el-fondo-de-cooperacion-de-la-diputacion\/#breadcrumb","itemListElement":[{"@type":"ListItem","position":1,"name":"Portada","item":"https:\/\/www.copealcoy.es\/es\/"},{"@type":"ListItem","position":2,"name":"20 millones de euros para el Fondo de Cooperaci\u00f3n de la Diputaci\u00f3n"}]},{"@type":"WebSite","@id":"https:\/\/www.copealcoy.es\/es\/#website","url":"https:\/\/www.copealcoy.es\/es\/","name":"COPE Alcoy","description":"Emisora COPE de radio local con emisi\u00f3n online. Pont de Sant Jordi 8-10 03803 Alcoy","potentialAction":[{"@type":"SearchAction","target":{"@type":"EntryPoint","urlTemplate":"https:\/\/www.copealcoy.es\/es\/?s={search_term_string}"},"query-input":{"@type":"PropertyValueSpecification","valueRequired":true,"valueName":"search_term_string"}}],"inLanguage":"es"},{"@type":"Person","@id":"https:\/\/www.copealcoy.es\/es\/#\/schema\/person\/e777c87fa024e57d40170af9df39882c","name":"Cope Alcoy","image":{"@type":"ImageObject","inLanguage":"es","@id":"https:\/\/secure.gravatar.com\/avatar\/bb65d0283347e303893ba14f0692005417c1e0e690a325a4c5d8bb2b3943ee14?s=96&d=mm&r=g","url":"https:\/\/secure.gravatar.com\/avatar\/bb65d0283347e303893ba14f0692005417c1e0e690a325a4c5d8bb2b3943ee14?s=96&d=mm&r=g","contentUrl":"https:\/\/secure.gravatar.com\/avatar\/bb65d0283347e303893ba14f0692005417c1e0e690a325a4c5d8bb2b3943ee14?s=96&d=mm&r=g","caption":"Cope Alcoy"}}]}},"_links":{"self":[{"href":"https:\/\/www.copealcoy.es\/es\/wp-json\/wp\/v2\/posts\/27046","targetHints":{"allow":["GET"]}}],"collection":[{"href":"https:\/\/www.copealcoy.es\/es\/wp-json\/wp\/v2\/posts"}],"about":[{"href":"https:\/\/www.copealcoy.es\/es\/wp-json\/wp\/v2\/types\/post"}],"author":[{"embeddable":true,"href":"https:\/\/www.copealcoy.es\/es\/wp-json\/wp\/v2\/users\/1"}],"replies":[{"embeddable":true,"href":"https:\/\/www.copealcoy.es\/es\/wp-json\/wp\/v2\/comments?post=27046"}],"version-history":[{"count":0,"href":"https:\/\/www.copealcoy.es\/es\/wp-json\/wp\/v2\/posts\/27046\/revisions"}],"wp:featuredmedia":[{"embeddable":true,"href":"https:\/\/www.copealcoy.es\/es\/wp-json\/wp\/v2\/media\/27047"}],"wp:attachment":[{"href":"https:\/\/www.copealcoy.es\/es\/wp-json\/wp\/v2\/media?parent=27046"}],"wp:term":[{"taxonomy":"category","embeddable":true,"href":"https:\/\/www.copealcoy.es\/es\/wp-json\/wp\/v2\/categories?post=27046"},{"taxonomy":"post_tag","embeddable":true,"href":"https:\/\/www.copealcoy.es\/es\/wp-json\/wp\/v2\/tags?post=27046"}],"curies":[{"name":"wp","href":"https:\/\/api.w.org\/{rel}","templated":true}]}}