{"id":27014,"date":"2016-12-03T10:56:32","date_gmt":"2016-12-03T10:56:32","guid":{"rendered":"http:\/\/copealcoi.es\/new\/?p=27014"},"modified":"2016-12-03T10:57:25","modified_gmt":"2016-12-03T10:57:25","slug":"la-diputacion-de-alicante-ha-invertido-223-millones-en-la-comarca-durante-2016","status":"publish","type":"post","link":"https:\/\/www.copealcoy.es\/es\/la-diputacion-de-alicante-ha-invertido-223-millones-en-la-comarca-durante-2016\/","title":{"rendered":"La Diputaci\u00f3n de Alicante ha invertido 22,3 millones en la comarca durante 2016"},"content":{"rendered":"<p style=\"text-align: justify;\">La Diputaci\u00f3n Provincial de Alicante ha invertido en lo que llevamos de este a\u00f1o un total de<strong> 22\u00b43 millones de euros<\/strong> en las comarcas del Comtat y de l\u00b4Alcoi\u00e0.<\/p>\n<p style=\"text-align: justify;\">As\u00ed lo ha asegurado este viernes en Alcoy el Diputado <strong>Javier Sendra<\/strong> quien ha destacado tambi\u00e9n que el ente ha destinado \u00a0este a\u00f1o <strong>1,5 millones de euros<\/strong> para la mejora de la red viaria, <strong>1,4 millones de euros<\/strong> en materia de redes de agua potable y ciclo h\u00eddrico as\u00ed como <strong>3,7 millones de euros para ejecutar 56 actuaciones<\/strong> del Plan de Inversiones Financieramente Sostenibles presentadas por los diferentes municipios de la comarca. Sendra ha indicado que entre los a\u00f1os 2015 y 2016 el Comtat y l\u00b4Alcoi\u00e0 ha percibido<strong> un total de cuarenta millones de euros<\/strong> <em>&#8220;es muy importante el esfuerzo inversor que realiza la Diputaci\u00f3n de Alicante en todos los municipios y como pone a las personas en el centro de las decisiones pol\u00edticas&#8221;<\/em>, remarca.<\/p>\n<p style=\"text-align: justify;\">Sendra tambi\u00e9n se ha referido al <strong>Fondo de Cooperaci\u00f3n<\/strong> y ha dicho que la iniciativa es buena <em>&#8220;pero no podemos adherirnos porque el presupuesto para el 2017 ya est\u00e1 cerrado y la Diputaci\u00f3n ya est\u00e1 haciendo una importante aportaci\u00f3n a todos los municipios de la provincia en diferentes \u00e1mbitos&#8221;<\/em>, afirma. Preguntado sobre las <strong>reivindicaciones de los Bomberos de la Monta\u00f1a<\/strong> el Diputado ha expresado que hay un compromiso para mejorar la situaci\u00f3n <em>&#8220;somos de las provincias de Espa\u00f1a que m\u00e1s invierte en emergencias y bomberos. Hemos llegado al m\u00e1ximo de gasto pero desde la Diputaci\u00f3n de Alicante se va a seguir trabajando para mejorar los parques e incrementar la plantilla&#8221;<\/em>, apunta.<\/p>\n<p style=\"text-align: justify;\">Apuntar que la ciudad de <strong>Alcoy ha recibido 3&#8217;67 millones de euros de la Diputaci\u00f3n de Alicante<\/strong> durante este a\u00f1o destinados, entre otras cosas, al alcantarillado de Batoy (240.000 euros) y el bombeo del dep\u00f3sito de agua potable en la zona dels Llen\u00e7ols (66.000 euros).<\/p>\n<p style=\"text-align: justify;\">\n","protected":false},"excerpt":{"rendered":"<p>La Diputaci\u00f3n Provincial de Alicante ha invertido en lo que llevamos de este a\u00f1o un total de 22\u00b43 millones de&#8230;<\/p>\n","protected":false},"author":1,"featured_media":27015,"comment_status":"open","ping_status":"open","sticky":false,"template":"","format":"standard","meta":{"footnotes":""},"categories":[98,75],"tags":[482,1494,237,234,3380],"class_list":["post-27014","post","type-post","status-publish","format-standard","has-post-thumbnail","hentry","category-comarcas","category-noticias","tag-alcoia","tag-alcoy","tag-comtat","tag-diputacion","tag-javier-sendra"],"yoast_head":"<!-- This site is optimized with the Yoast SEO plugin v27.3 - https:\/\/yoast.com\/product\/yoast-seo-wordpress\/ -->\n<title>La Diputaci\u00f3n de Alicante ha invertido 22,3 millones en la comarca durante 2016 - COPE Alcoy<\/title>\n<meta name=\"robots\" content=\"index, follow, max-snippet:-1, max-image-preview:large, max-video-preview:-1\" \/>\n<link rel=\"canonical\" href=\"https:\/\/www.copealcoy.es\/es\/la-diputacion-de-alicante-ha-invertido-223-millones-en-la-comarca-durante-2016\/\" \/>\n<meta property=\"og:locale\" content=\"es_ES\" \/>\n<meta property=\"og:type\" content=\"article\" \/>\n<meta property=\"og:title\" content=\"La Diputaci\u00f3n de Alicante ha invertido 22,3 millones en la comarca durante 2016 - COPE Alcoy\" \/>\n<meta property=\"og:description\" content=\"La Diputaci\u00f3n Provincial de Alicante ha invertido en lo que llevamos de este a\u00f1o un total de 22\u00b43 millones de...\" \/>\n<meta property=\"og:url\" content=\"https:\/\/www.copealcoy.es\/es\/la-diputacion-de-alicante-ha-invertido-223-millones-en-la-comarca-durante-2016\/\" \/>\n<meta property=\"og:site_name\" content=\"COPE Alcoy\" \/>\n<meta property=\"article:published_time\" content=\"2016-12-03T10:56:32+00:00\" \/>\n<meta property=\"article:modified_time\" content=\"2016-12-03T10:57:25+00:00\" \/>\n<meta property=\"og:image\" content=\"https:\/\/www.copealcoy.es\/wp-content\/uploads\/2016\/12\/15310739_10211237005621624_1146194162_n-e1480762465585.jpg\" \/>\n\t<meta property=\"og:image:width\" content=\"871\" \/>\n\t<meta property=\"og:image:height\" content=\"571\" \/>\n\t<meta property=\"og:image:type\" content=\"image\/jpeg\" \/>\n<meta name=\"author\" content=\"Cope Alcoy\" \/>\n<meta name=\"twitter:label1\" content=\"Escrito por\" \/>\n\t<meta name=\"twitter:data1\" content=\"Cope Alcoy\" \/>\n\t<meta name=\"twitter:label2\" content=\"Tiempo de lectura\" \/>\n\t<meta name=\"twitter:data2\" content=\"2 minutos\" \/>\n<script type=\"application\/ld+json\" class=\"yoast-schema-graph\">{\"@context\":\"https:\\\/\\\/schema.org\",\"@graph\":[{\"@type\":\"Article\",\"@id\":\"https:\\\/\\\/www.copealcoy.es\\\/es\\\/la-diputacion-de-alicante-ha-invertido-223-millones-en-la-comarca-durante-2016\\\/#article\",\"isPartOf\":{\"@id\":\"https:\\\/\\\/www.copealcoy.es\\\/es\\\/la-diputacion-de-alicante-ha-invertido-223-millones-en-la-comarca-durante-2016\\\/\"},\"author\":{\"name\":\"Cope Alcoy\",\"@id\":\"https:\\\/\\\/www.copealcoy.es\\\/es\\\/#\\\/schema\\\/person\\\/e777c87fa024e57d40170af9df39882c\"},\"headline\":\"La Diputaci\u00f3n de Alicante ha invertido 22,3 millones en la comarca durante 2016\",\"datePublished\":\"2016-12-03T10:56:32+00:00\",\"dateModified\":\"2016-12-03T10:57:25+00:00\",\"mainEntityOfPage\":{\"@id\":\"https:\\\/\\\/www.copealcoy.es\\\/es\\\/la-diputacion-de-alicante-ha-invertido-223-millones-en-la-comarca-durante-2016\\\/\"},\"wordCount\":335,\"commentCount\":0,\"image\":{\"@id\":\"https:\\\/\\\/www.copealcoy.es\\\/es\\\/la-diputacion-de-alicante-ha-invertido-223-millones-en-la-comarca-durante-2016\\\/#primaryimage\"},\"thumbnailUrl\":\"https:\\\/\\\/www.copealcoy.es\\\/wp-content\\\/uploads\\\/2016\\\/12\\\/15310739_10211237005621624_1146194162_n-e1480762465585.jpg\",\"keywords\":[\"Alcoi\u00e0\",\"Alcoy\",\"Comtat\",\"Diputaci\u00f3n\",\"Javier Sendra\"],\"articleSection\":[\"Comarcas\",\"Noticias\"],\"inLanguage\":\"es\"},{\"@type\":\"WebPage\",\"@id\":\"https:\\\/\\\/www.copealcoy.es\\\/es\\\/la-diputacion-de-alicante-ha-invertido-223-millones-en-la-comarca-durante-2016\\\/\",\"url\":\"https:\\\/\\\/www.copealcoy.es\\\/es\\\/la-diputacion-de-alicante-ha-invertido-223-millones-en-la-comarca-durante-2016\\\/\",\"name\":\"La Diputaci\u00f3n de Alicante ha invertido 22,3 millones en la comarca durante 2016 - COPE Alcoy\",\"isPartOf\":{\"@id\":\"https:\\\/\\\/www.copealcoy.es\\\/es\\\/#website\"},\"primaryImageOfPage\":{\"@id\":\"https:\\\/\\\/www.copealcoy.es\\\/es\\\/la-diputacion-de-alicante-ha-invertido-223-millones-en-la-comarca-durante-2016\\\/#primaryimage\"},\"image\":{\"@id\":\"https:\\\/\\\/www.copealcoy.es\\\/es\\\/la-diputacion-de-alicante-ha-invertido-223-millones-en-la-comarca-durante-2016\\\/#primaryimage\"},\"thumbnailUrl\":\"https:\\\/\\\/www.copealcoy.es\\\/wp-content\\\/uploads\\\/2016\\\/12\\\/15310739_10211237005621624_1146194162_n-e1480762465585.jpg\",\"datePublished\":\"2016-12-03T10:56:32+00:00\",\"dateModified\":\"2016-12-03T10:57:25+00:00\",\"author\":{\"@id\":\"https:\\\/\\\/www.copealcoy.es\\\/es\\\/#\\\/schema\\\/person\\\/e777c87fa024e57d40170af9df39882c\"},\"breadcrumb\":{\"@id\":\"https:\\\/\\\/www.copealcoy.es\\\/es\\\/la-diputacion-de-alicante-ha-invertido-223-millones-en-la-comarca-durante-2016\\\/#breadcrumb\"},\"inLanguage\":\"es\",\"potentialAction\":[{\"@type\":\"ReadAction\",\"target\":[\"https:\\\/\\\/www.copealcoy.es\\\/es\\\/la-diputacion-de-alicante-ha-invertido-223-millones-en-la-comarca-durante-2016\\\/\"]}]},{\"@type\":\"ImageObject\",\"inLanguage\":\"es\",\"@id\":\"https:\\\/\\\/www.copealcoy.es\\\/es\\\/la-diputacion-de-alicante-ha-invertido-223-millones-en-la-comarca-durante-2016\\\/#primaryimage\",\"url\":\"https:\\\/\\\/www.copealcoy.es\\\/wp-content\\\/uploads\\\/2016\\\/12\\\/15310739_10211237005621624_1146194162_n-e1480762465585.jpg\",\"contentUrl\":\"https:\\\/\\\/www.copealcoy.es\\\/wp-content\\\/uploads\\\/2016\\\/12\\\/15310739_10211237005621624_1146194162_n-e1480762465585.jpg\",\"width\":871,\"height\":571,\"caption\":\"Javier Sendra junto al portavoz del PP, Rafa Mir\u00f3\"},{\"@type\":\"BreadcrumbList\",\"@id\":\"https:\\\/\\\/www.copealcoy.es\\\/es\\\/la-diputacion-de-alicante-ha-invertido-223-millones-en-la-comarca-durante-2016\\\/#breadcrumb\",\"itemListElement\":[{\"@type\":\"ListItem\",\"position\":1,\"name\":\"Portada\",\"item\":\"https:\\\/\\\/www.copealcoy.es\\\/es\\\/\"},{\"@type\":\"ListItem\",\"position\":2,\"name\":\"La Diputaci\u00f3n de Alicante ha invertido 22,3 millones en la comarca durante 2016\"}]},{\"@type\":\"WebSite\",\"@id\":\"https:\\\/\\\/www.copealcoy.es\\\/es\\\/#website\",\"url\":\"https:\\\/\\\/www.copealcoy.es\\\/es\\\/\",\"name\":\"COPE Alcoy\",\"description\":\"Emisora COPE de radio local con emisi\u00f3n online. Pont de Sant Jordi 8-10 03803 Alcoy\",\"potentialAction\":[{\"@type\":\"SearchAction\",\"target\":{\"@type\":\"EntryPoint\",\"urlTemplate\":\"https:\\\/\\\/www.copealcoy.es\\\/es\\\/?s={search_term_string}\"},\"query-input\":{\"@type\":\"PropertyValueSpecification\",\"valueRequired\":true,\"valueName\":\"search_term_string\"}}],\"inLanguage\":\"es\"},{\"@type\":\"Person\",\"@id\":\"https:\\\/\\\/www.copealcoy.es\\\/es\\\/#\\\/schema\\\/person\\\/e777c87fa024e57d40170af9df39882c\",\"name\":\"Cope Alcoy\",\"image\":{\"@type\":\"ImageObject\",\"inLanguage\":\"es\",\"@id\":\"https:\\\/\\\/secure.gravatar.com\\\/avatar\\\/bb65d0283347e303893ba14f0692005417c1e0e690a325a4c5d8bb2b3943ee14?s=96&d=mm&r=g\",\"url\":\"https:\\\/\\\/secure.gravatar.com\\\/avatar\\\/bb65d0283347e303893ba14f0692005417c1e0e690a325a4c5d8bb2b3943ee14?s=96&d=mm&r=g\",\"contentUrl\":\"https:\\\/\\\/secure.gravatar.com\\\/avatar\\\/bb65d0283347e303893ba14f0692005417c1e0e690a325a4c5d8bb2b3943ee14?s=96&d=mm&r=g\",\"caption\":\"Cope Alcoy\"}}]}<\/script>\n<!-- \/ Yoast SEO plugin. -->","yoast_head_json":{"title":"La Diputaci\u00f3n de Alicante ha invertido 22,3 millones en la comarca durante 2016 - COPE Alcoy","robots":{"index":"index","follow":"follow","max-snippet":"max-snippet:-1","max-image-preview":"max-image-preview:large","max-video-preview":"max-video-preview:-1"},"canonical":"https:\/\/www.copealcoy.es\/es\/la-diputacion-de-alicante-ha-invertido-223-millones-en-la-comarca-durante-2016\/","og_locale":"es_ES","og_type":"article","og_title":"La Diputaci\u00f3n de Alicante ha invertido 22,3 millones en la comarca durante 2016 - COPE Alcoy","og_description":"La Diputaci\u00f3n Provincial de Alicante ha invertido en lo que llevamos de este a\u00f1o un total de 22\u00b43 millones de...","og_url":"https:\/\/www.copealcoy.es\/es\/la-diputacion-de-alicante-ha-invertido-223-millones-en-la-comarca-durante-2016\/","og_site_name":"COPE Alcoy","article_published_time":"2016-12-03T10:56:32+00:00","article_modified_time":"2016-12-03T10:57:25+00:00","og_image":[{"width":871,"height":571,"url":"https:\/\/www.copealcoy.es\/wp-content\/uploads\/2016\/12\/15310739_10211237005621624_1146194162_n-e1480762465585.jpg","type":"image\/jpeg"}],"author":"Cope Alcoy","twitter_misc":{"Escrito por":"Cope Alcoy","Tiempo de lectura":"2 minutos"},"schema":{"@context":"https:\/\/schema.org","@graph":[{"@type":"Article","@id":"https:\/\/www.copealcoy.es\/es\/la-diputacion-de-alicante-ha-invertido-223-millones-en-la-comarca-durante-2016\/#article","isPartOf":{"@id":"https:\/\/www.copealcoy.es\/es\/la-diputacion-de-alicante-ha-invertido-223-millones-en-la-comarca-durante-2016\/"},"author":{"name":"Cope Alcoy","@id":"https:\/\/www.copealcoy.es\/es\/#\/schema\/person\/e777c87fa024e57d40170af9df39882c"},"headline":"La Diputaci\u00f3n de Alicante ha invertido 22,3 millones en la comarca durante 2016","datePublished":"2016-12-03T10:56:32+00:00","dateModified":"2016-12-03T10:57:25+00:00","mainEntityOfPage":{"@id":"https:\/\/www.copealcoy.es\/es\/la-diputacion-de-alicante-ha-invertido-223-millones-en-la-comarca-durante-2016\/"},"wordCount":335,"commentCount":0,"image":{"@id":"https:\/\/www.copealcoy.es\/es\/la-diputacion-de-alicante-ha-invertido-223-millones-en-la-comarca-durante-2016\/#primaryimage"},"thumbnailUrl":"https:\/\/www.copealcoy.es\/wp-content\/uploads\/2016\/12\/15310739_10211237005621624_1146194162_n-e1480762465585.jpg","keywords":["Alcoi\u00e0","Alcoy","Comtat","Diputaci\u00f3n","Javier Sendra"],"articleSection":["Comarcas","Noticias"],"inLanguage":"es"},{"@type":"WebPage","@id":"https:\/\/www.copealcoy.es\/es\/la-diputacion-de-alicante-ha-invertido-223-millones-en-la-comarca-durante-2016\/","url":"https:\/\/www.copealcoy.es\/es\/la-diputacion-de-alicante-ha-invertido-223-millones-en-la-comarca-durante-2016\/","name":"La Diputaci\u00f3n de Alicante ha invertido 22,3 millones en la comarca durante 2016 - COPE Alcoy","isPartOf":{"@id":"https:\/\/www.copealcoy.es\/es\/#website"},"primaryImageOfPage":{"@id":"https:\/\/www.copealcoy.es\/es\/la-diputacion-de-alicante-ha-invertido-223-millones-en-la-comarca-durante-2016\/#primaryimage"},"image":{"@id":"https:\/\/www.copealcoy.es\/es\/la-diputacion-de-alicante-ha-invertido-223-millones-en-la-comarca-durante-2016\/#primaryimage"},"thumbnailUrl":"https:\/\/www.copealcoy.es\/wp-content\/uploads\/2016\/12\/15310739_10211237005621624_1146194162_n-e1480762465585.jpg","datePublished":"2016-12-03T10:56:32+00:00","dateModified":"2016-12-03T10:57:25+00:00","author":{"@id":"https:\/\/www.copealcoy.es\/es\/#\/schema\/person\/e777c87fa024e57d40170af9df39882c"},"breadcrumb":{"@id":"https:\/\/www.copealcoy.es\/es\/la-diputacion-de-alicante-ha-invertido-223-millones-en-la-comarca-durante-2016\/#breadcrumb"},"inLanguage":"es","potentialAction":[{"@type":"ReadAction","target":["https:\/\/www.copealcoy.es\/es\/la-diputacion-de-alicante-ha-invertido-223-millones-en-la-comarca-durante-2016\/"]}]},{"@type":"ImageObject","inLanguage":"es","@id":"https:\/\/www.copealcoy.es\/es\/la-diputacion-de-alicante-ha-invertido-223-millones-en-la-comarca-durante-2016\/#primaryimage","url":"https:\/\/www.copealcoy.es\/wp-content\/uploads\/2016\/12\/15310739_10211237005621624_1146194162_n-e1480762465585.jpg","contentUrl":"https:\/\/www.copealcoy.es\/wp-content\/uploads\/2016\/12\/15310739_10211237005621624_1146194162_n-e1480762465585.jpg","width":871,"height":571,"caption":"Javier Sendra junto al portavoz del PP, Rafa Mir\u00f3"},{"@type":"BreadcrumbList","@id":"https:\/\/www.copealcoy.es\/es\/la-diputacion-de-alicante-ha-invertido-223-millones-en-la-comarca-durante-2016\/#breadcrumb","itemListElement":[{"@type":"ListItem","position":1,"name":"Portada","item":"https:\/\/www.copealcoy.es\/es\/"},{"@type":"ListItem","position":2,"name":"La Diputaci\u00f3n de Alicante ha invertido 22,3 millones en la comarca durante 2016"}]},{"@type":"WebSite","@id":"https:\/\/www.copealcoy.es\/es\/#website","url":"https:\/\/www.copealcoy.es\/es\/","name":"COPE Alcoy","description":"Emisora COPE de radio local con emisi\u00f3n online. Pont de Sant Jordi 8-10 03803 Alcoy","potentialAction":[{"@type":"SearchAction","target":{"@type":"EntryPoint","urlTemplate":"https:\/\/www.copealcoy.es\/es\/?s={search_term_string}"},"query-input":{"@type":"PropertyValueSpecification","valueRequired":true,"valueName":"search_term_string"}}],"inLanguage":"es"},{"@type":"Person","@id":"https:\/\/www.copealcoy.es\/es\/#\/schema\/person\/e777c87fa024e57d40170af9df39882c","name":"Cope Alcoy","image":{"@type":"ImageObject","inLanguage":"es","@id":"https:\/\/secure.gravatar.com\/avatar\/bb65d0283347e303893ba14f0692005417c1e0e690a325a4c5d8bb2b3943ee14?s=96&d=mm&r=g","url":"https:\/\/secure.gravatar.com\/avatar\/bb65d0283347e303893ba14f0692005417c1e0e690a325a4c5d8bb2b3943ee14?s=96&d=mm&r=g","contentUrl":"https:\/\/secure.gravatar.com\/avatar\/bb65d0283347e303893ba14f0692005417c1e0e690a325a4c5d8bb2b3943ee14?s=96&d=mm&r=g","caption":"Cope Alcoy"}}]}},"_links":{"self":[{"href":"https:\/\/www.copealcoy.es\/es\/wp-json\/wp\/v2\/posts\/27014","targetHints":{"allow":["GET"]}}],"collection":[{"href":"https:\/\/www.copealcoy.es\/es\/wp-json\/wp\/v2\/posts"}],"about":[{"href":"https:\/\/www.copealcoy.es\/es\/wp-json\/wp\/v2\/types\/post"}],"author":[{"embeddable":true,"href":"https:\/\/www.copealcoy.es\/es\/wp-json\/wp\/v2\/users\/1"}],"replies":[{"embeddable":true,"href":"https:\/\/www.copealcoy.es\/es\/wp-json\/wp\/v2\/comments?post=27014"}],"version-history":[{"count":0,"href":"https:\/\/www.copealcoy.es\/es\/wp-json\/wp\/v2\/posts\/27014\/revisions"}],"wp:featuredmedia":[{"embeddable":true,"href":"https:\/\/www.copealcoy.es\/es\/wp-json\/wp\/v2\/media\/27015"}],"wp:attachment":[{"href":"https:\/\/www.copealcoy.es\/es\/wp-json\/wp\/v2\/media?parent=27014"}],"wp:term":[{"taxonomy":"category","embeddable":true,"href":"https:\/\/www.copealcoy.es\/es\/wp-json\/wp\/v2\/categories?post=27014"},{"taxonomy":"post_tag","embeddable":true,"href":"https:\/\/www.copealcoy.es\/es\/wp-json\/wp\/v2\/tags?post=27014"}],"curies":[{"name":"wp","href":"https:\/\/api.w.org\/{rel}","templated":true}]}}