{"id":26938,"date":"2016-11-30T16:20:04","date_gmt":"2016-11-30T16:20:04","guid":{"rendered":"http:\/\/copealcoi.es\/new\/?p=26938"},"modified":"2016-11-30T16:20:04","modified_gmt":"2016-11-30T16:20:04","slug":"alcoy-pedira-la-retirada-simbolos-franquistas-las-viviendas","status":"publish","type":"post","link":"https:\/\/www.copealcoy.es\/es\/alcoy-pedira-la-retirada-simbolos-franquistas-las-viviendas\/","title":{"rendered":"Alcoy pedir\u00e1 la retirada de s\u00edmbolos franquistas de las viviendas"},"content":{"rendered":"<p style=\"text-align: justify;\">El <strong>pleno del Ayuntamiento de Alcoy<\/strong> del pasado lunes aprob\u00f3 con la <strong>abstenci\u00f3n del Partido Popular y Ciudadanos<\/strong> y el voto favorable del resto de partidos pol\u00edticos instar a la <strong>retirada de los s\u00edmbolos franquistas<\/strong> que existen actualmente en la ciudad y que en su gran mayor\u00eda, hacen referencia a las <strong>placas colocadas en las viviendas<\/strong> de promoci\u00f3n oficial construidas durante aquella \u00e9poca.<\/p>\n<p style=\"text-align: justify;\">La propuesta, planteada por Guanyar Alcoi, permitir\u00e1 que los vecinos <strong>puedan sustituir estas placas por otras gratuitas<\/strong> que facilitar\u00e1 el mismo consistorio a las comunidades de vecinos. De igual forma se convocar\u00e1 <strong>una comisi\u00f3n de expertos<\/strong> para elaborar una lista de aquellos elementos que existen todav\u00eda en Alcoy y que hacen referencia al Franquismo. De esta manera se pretende <strong>elaborar un calendario de actuaciones<\/strong> para cumplir con la Ley de Memoria Hist\u00f3rica.<\/p>\n<p style=\"text-align: justify;\"><strong>Estefan\u00eda Blanes<\/strong>, edil de Guanyar Alcoi,\u00a0defiende la <strong>finalidad de esta iniciativa<\/strong> <em>&#8220;pasa por\u00a0promover la convivencia democr\u00e1tica y la potestad que el propio Ayuntamiento tiene, es por ello que consideramos que se debe proceder a retirar, de manera inmediata del t\u00e9rmino municipal, todo lo que haga referencia a la dictadura franquista en cualquiera de sus manifestaciones. No es cuesti\u00f3n de borrar la historia, sino de mejorar la convivencia entre personas, sobre todo de aquellas personas que sufrieron la represi\u00f3n de la dictadura franquista. Por otra parte, entendemos que la retirada de las placas podr\u00eda afear o deslucir de alguna manera las fachadas o patios de dichas viviendas. En ese sentido, desde el Ayuntamiento pedimos que se tomen las acciones necesarias para paliar est\u00e9ticamente aquellos problemas que pudieran surgir y que se hagan cargo econ\u00f3micamente para no perjudicar a las familias&#8221;<\/em>, afirma.<\/p>\n<p><iframe loading=\"lazy\" title=\"Guanyar Alcoi es congratula de que la Llei de Mem\u00f2ria Hist\u00f2rica vaja a aplicar-se a Alcoi by Guanyar Alcoi\" width=\"1200\" height=\"400\" scrolling=\"no\" frameborder=\"no\" src=\"https:\/\/w.soundcloud.com\/player\/?visual=true&#038;url=https%3A%2F%2Fapi.soundcloud.com%2Ftracks%2F295303516&#038;show_artwork=true&#038;maxwidth=1200&#038;maxheight=1000&#038;dnt=1\"><\/iframe><\/p>\n<p style=\"text-align: justify;\">\n<p style=\"text-align: justify;\">\n","protected":false},"excerpt":{"rendered":"<p>El pleno del Ayuntamiento de Alcoy del pasado lunes aprob\u00f3 con la abstenci\u00f3n del Partido Popular y Ciudadanos y el&#8230;<\/p>\n","protected":false},"author":1,"featured_media":26939,"comment_status":"open","ping_status":"open","sticky":false,"template":"","format":"standard","meta":{"footnotes":""},"categories":[97,75,79],"tags":[1494,1881,1325,3365,3366,993],"class_list":["post-26938","post","type-post","status-publish","format-standard","has-post-thumbnail","hentry","category-alcoy","category-noticias","category-politicayeconomia","tag-alcoy","tag-estefania-blanes","tag-guanyar-alcoi","tag-retirada","tag-simbolos-franquistas","tag-viviendas"],"yoast_head":"<!-- This site is optimized with the Yoast SEO plugin v27.3 - https:\/\/yoast.com\/product\/yoast-seo-wordpress\/ -->\n<title>Alcoy pedir\u00e1 la retirada de s\u00edmbolos franquistas de las viviendas - COPE Alcoy<\/title>\n<meta name=\"robots\" content=\"index, follow, max-snippet:-1, max-image-preview:large, max-video-preview:-1\" \/>\n<link rel=\"canonical\" href=\"https:\/\/www.copealcoy.es\/es\/alcoy-pedira-la-retirada-simbolos-franquistas-las-viviendas\/\" \/>\n<meta property=\"og:locale\" content=\"es_ES\" \/>\n<meta property=\"og:type\" content=\"article\" \/>\n<meta property=\"og:title\" content=\"Alcoy pedir\u00e1 la retirada de s\u00edmbolos franquistas de las viviendas - COPE Alcoy\" \/>\n<meta property=\"og:description\" content=\"El pleno del Ayuntamiento de Alcoy del pasado lunes aprob\u00f3 con la abstenci\u00f3n del Partido Popular y Ciudadanos y el...\" \/>\n<meta property=\"og:url\" content=\"https:\/\/www.copealcoy.es\/es\/alcoy-pedira-la-retirada-simbolos-franquistas-las-viviendas\/\" \/>\n<meta property=\"og:site_name\" content=\"COPE Alcoy\" \/>\n<meta property=\"article:published_time\" content=\"2016-11-30T16:20:04+00:00\" \/>\n<meta property=\"og:image\" content=\"https:\/\/www.copealcoy.es\/wp-content\/uploads\/2016\/11\/Placa_ministerio_de_la_vivienda_1954.jpg\" \/>\n\t<meta property=\"og:image:width\" content=\"3072\" \/>\n\t<meta property=\"og:image:height\" content=\"2304\" \/>\n\t<meta property=\"og:image:type\" content=\"image\/jpeg\" \/>\n<meta name=\"author\" content=\"Cope Alcoy\" \/>\n<meta name=\"twitter:label1\" content=\"Escrito por\" \/>\n\t<meta name=\"twitter:data1\" content=\"Cope Alcoy\" \/>\n\t<meta name=\"twitter:label2\" content=\"Tiempo de lectura\" \/>\n\t<meta name=\"twitter:data2\" content=\"1 minuto\" \/>\n<script type=\"application\/ld+json\" class=\"yoast-schema-graph\">{\"@context\":\"https:\\\/\\\/schema.org\",\"@graph\":[{\"@type\":\"Article\",\"@id\":\"https:\\\/\\\/www.copealcoy.es\\\/es\\\/alcoy-pedira-la-retirada-simbolos-franquistas-las-viviendas\\\/#article\",\"isPartOf\":{\"@id\":\"https:\\\/\\\/www.copealcoy.es\\\/es\\\/alcoy-pedira-la-retirada-simbolos-franquistas-las-viviendas\\\/\"},\"author\":{\"name\":\"Cope Alcoy\",\"@id\":\"https:\\\/\\\/www.copealcoy.es\\\/es\\\/#\\\/schema\\\/person\\\/e777c87fa024e57d40170af9df39882c\"},\"headline\":\"Alcoy pedir\u00e1 la retirada de s\u00edmbolos franquistas de las viviendas\",\"datePublished\":\"2016-11-30T16:20:04+00:00\",\"mainEntityOfPage\":{\"@id\":\"https:\\\/\\\/www.copealcoy.es\\\/es\\\/alcoy-pedira-la-retirada-simbolos-franquistas-las-viviendas\\\/\"},\"wordCount\":309,\"commentCount\":0,\"image\":{\"@id\":\"https:\\\/\\\/www.copealcoy.es\\\/es\\\/alcoy-pedira-la-retirada-simbolos-franquistas-las-viviendas\\\/#primaryimage\"},\"thumbnailUrl\":\"https:\\\/\\\/www.copealcoy.es\\\/wp-content\\\/uploads\\\/2016\\\/11\\\/Placa_ministerio_de_la_vivienda_1954.jpg\",\"keywords\":[\"Alcoy\",\"Estefan\u00eda Blanes\",\"Guanyar Alcoi\",\"retirada\",\"s\u00edmbolos franquistas\",\"Viviendas\"],\"articleSection\":[\"Alcoy\",\"Noticias\",\"Pol\u00edtica y Econom\u00eda\"],\"inLanguage\":\"es\"},{\"@type\":\"WebPage\",\"@id\":\"https:\\\/\\\/www.copealcoy.es\\\/es\\\/alcoy-pedira-la-retirada-simbolos-franquistas-las-viviendas\\\/\",\"url\":\"https:\\\/\\\/www.copealcoy.es\\\/es\\\/alcoy-pedira-la-retirada-simbolos-franquistas-las-viviendas\\\/\",\"name\":\"Alcoy pedir\u00e1 la retirada de s\u00edmbolos franquistas de las viviendas - COPE Alcoy\",\"isPartOf\":{\"@id\":\"https:\\\/\\\/www.copealcoy.es\\\/es\\\/#website\"},\"primaryImageOfPage\":{\"@id\":\"https:\\\/\\\/www.copealcoy.es\\\/es\\\/alcoy-pedira-la-retirada-simbolos-franquistas-las-viviendas\\\/#primaryimage\"},\"image\":{\"@id\":\"https:\\\/\\\/www.copealcoy.es\\\/es\\\/alcoy-pedira-la-retirada-simbolos-franquistas-las-viviendas\\\/#primaryimage\"},\"thumbnailUrl\":\"https:\\\/\\\/www.copealcoy.es\\\/wp-content\\\/uploads\\\/2016\\\/11\\\/Placa_ministerio_de_la_vivienda_1954.jpg\",\"datePublished\":\"2016-11-30T16:20:04+00:00\",\"author\":{\"@id\":\"https:\\\/\\\/www.copealcoy.es\\\/es\\\/#\\\/schema\\\/person\\\/e777c87fa024e57d40170af9df39882c\"},\"breadcrumb\":{\"@id\":\"https:\\\/\\\/www.copealcoy.es\\\/es\\\/alcoy-pedira-la-retirada-simbolos-franquistas-las-viviendas\\\/#breadcrumb\"},\"inLanguage\":\"es\",\"potentialAction\":[{\"@type\":\"ReadAction\",\"target\":[\"https:\\\/\\\/www.copealcoy.es\\\/es\\\/alcoy-pedira-la-retirada-simbolos-franquistas-las-viviendas\\\/\"]}]},{\"@type\":\"ImageObject\",\"inLanguage\":\"es\",\"@id\":\"https:\\\/\\\/www.copealcoy.es\\\/es\\\/alcoy-pedira-la-retirada-simbolos-franquistas-las-viviendas\\\/#primaryimage\",\"url\":\"https:\\\/\\\/www.copealcoy.es\\\/wp-content\\\/uploads\\\/2016\\\/11\\\/Placa_ministerio_de_la_vivienda_1954.jpg\",\"contentUrl\":\"https:\\\/\\\/www.copealcoy.es\\\/wp-content\\\/uploads\\\/2016\\\/11\\\/Placa_ministerio_de_la_vivienda_1954.jpg\",\"width\":3072,\"height\":2304},{\"@type\":\"BreadcrumbList\",\"@id\":\"https:\\\/\\\/www.copealcoy.es\\\/es\\\/alcoy-pedira-la-retirada-simbolos-franquistas-las-viviendas\\\/#breadcrumb\",\"itemListElement\":[{\"@type\":\"ListItem\",\"position\":1,\"name\":\"Portada\",\"item\":\"https:\\\/\\\/www.copealcoy.es\\\/es\\\/\"},{\"@type\":\"ListItem\",\"position\":2,\"name\":\"Alcoy pedir\u00e1 la retirada de s\u00edmbolos franquistas de las viviendas\"}]},{\"@type\":\"WebSite\",\"@id\":\"https:\\\/\\\/www.copealcoy.es\\\/es\\\/#website\",\"url\":\"https:\\\/\\\/www.copealcoy.es\\\/es\\\/\",\"name\":\"COPE Alcoy\",\"description\":\"Emisora COPE de radio local con emisi\u00f3n online. Pont de Sant Jordi 8-10 03803 Alcoy\",\"potentialAction\":[{\"@type\":\"SearchAction\",\"target\":{\"@type\":\"EntryPoint\",\"urlTemplate\":\"https:\\\/\\\/www.copealcoy.es\\\/es\\\/?s={search_term_string}\"},\"query-input\":{\"@type\":\"PropertyValueSpecification\",\"valueRequired\":true,\"valueName\":\"search_term_string\"}}],\"inLanguage\":\"es\"},{\"@type\":\"Person\",\"@id\":\"https:\\\/\\\/www.copealcoy.es\\\/es\\\/#\\\/schema\\\/person\\\/e777c87fa024e57d40170af9df39882c\",\"name\":\"Cope Alcoy\",\"image\":{\"@type\":\"ImageObject\",\"inLanguage\":\"es\",\"@id\":\"https:\\\/\\\/secure.gravatar.com\\\/avatar\\\/bb65d0283347e303893ba14f0692005417c1e0e690a325a4c5d8bb2b3943ee14?s=96&d=mm&r=g\",\"url\":\"https:\\\/\\\/secure.gravatar.com\\\/avatar\\\/bb65d0283347e303893ba14f0692005417c1e0e690a325a4c5d8bb2b3943ee14?s=96&d=mm&r=g\",\"contentUrl\":\"https:\\\/\\\/secure.gravatar.com\\\/avatar\\\/bb65d0283347e303893ba14f0692005417c1e0e690a325a4c5d8bb2b3943ee14?s=96&d=mm&r=g\",\"caption\":\"Cope Alcoy\"}}]}<\/script>\n<!-- \/ Yoast SEO plugin. -->","yoast_head_json":{"title":"Alcoy pedir\u00e1 la retirada de s\u00edmbolos franquistas de las viviendas - COPE Alcoy","robots":{"index":"index","follow":"follow","max-snippet":"max-snippet:-1","max-image-preview":"max-image-preview:large","max-video-preview":"max-video-preview:-1"},"canonical":"https:\/\/www.copealcoy.es\/es\/alcoy-pedira-la-retirada-simbolos-franquistas-las-viviendas\/","og_locale":"es_ES","og_type":"article","og_title":"Alcoy pedir\u00e1 la retirada de s\u00edmbolos franquistas de las viviendas - COPE Alcoy","og_description":"El pleno del Ayuntamiento de Alcoy del pasado lunes aprob\u00f3 con la abstenci\u00f3n del Partido Popular y Ciudadanos y el...","og_url":"https:\/\/www.copealcoy.es\/es\/alcoy-pedira-la-retirada-simbolos-franquistas-las-viviendas\/","og_site_name":"COPE Alcoy","article_published_time":"2016-11-30T16:20:04+00:00","og_image":[{"width":3072,"height":2304,"url":"https:\/\/www.copealcoy.es\/wp-content\/uploads\/2016\/11\/Placa_ministerio_de_la_vivienda_1954.jpg","type":"image\/jpeg"}],"author":"Cope Alcoy","twitter_misc":{"Escrito por":"Cope Alcoy","Tiempo de lectura":"1 minuto"},"schema":{"@context":"https:\/\/schema.org","@graph":[{"@type":"Article","@id":"https:\/\/www.copealcoy.es\/es\/alcoy-pedira-la-retirada-simbolos-franquistas-las-viviendas\/#article","isPartOf":{"@id":"https:\/\/www.copealcoy.es\/es\/alcoy-pedira-la-retirada-simbolos-franquistas-las-viviendas\/"},"author":{"name":"Cope Alcoy","@id":"https:\/\/www.copealcoy.es\/es\/#\/schema\/person\/e777c87fa024e57d40170af9df39882c"},"headline":"Alcoy pedir\u00e1 la retirada de s\u00edmbolos franquistas de las viviendas","datePublished":"2016-11-30T16:20:04+00:00","mainEntityOfPage":{"@id":"https:\/\/www.copealcoy.es\/es\/alcoy-pedira-la-retirada-simbolos-franquistas-las-viviendas\/"},"wordCount":309,"commentCount":0,"image":{"@id":"https:\/\/www.copealcoy.es\/es\/alcoy-pedira-la-retirada-simbolos-franquistas-las-viviendas\/#primaryimage"},"thumbnailUrl":"https:\/\/www.copealcoy.es\/wp-content\/uploads\/2016\/11\/Placa_ministerio_de_la_vivienda_1954.jpg","keywords":["Alcoy","Estefan\u00eda Blanes","Guanyar Alcoi","retirada","s\u00edmbolos franquistas","Viviendas"],"articleSection":["Alcoy","Noticias","Pol\u00edtica y Econom\u00eda"],"inLanguage":"es"},{"@type":"WebPage","@id":"https:\/\/www.copealcoy.es\/es\/alcoy-pedira-la-retirada-simbolos-franquistas-las-viviendas\/","url":"https:\/\/www.copealcoy.es\/es\/alcoy-pedira-la-retirada-simbolos-franquistas-las-viviendas\/","name":"Alcoy pedir\u00e1 la retirada de s\u00edmbolos franquistas de las viviendas - COPE Alcoy","isPartOf":{"@id":"https:\/\/www.copealcoy.es\/es\/#website"},"primaryImageOfPage":{"@id":"https:\/\/www.copealcoy.es\/es\/alcoy-pedira-la-retirada-simbolos-franquistas-las-viviendas\/#primaryimage"},"image":{"@id":"https:\/\/www.copealcoy.es\/es\/alcoy-pedira-la-retirada-simbolos-franquistas-las-viviendas\/#primaryimage"},"thumbnailUrl":"https:\/\/www.copealcoy.es\/wp-content\/uploads\/2016\/11\/Placa_ministerio_de_la_vivienda_1954.jpg","datePublished":"2016-11-30T16:20:04+00:00","author":{"@id":"https:\/\/www.copealcoy.es\/es\/#\/schema\/person\/e777c87fa024e57d40170af9df39882c"},"breadcrumb":{"@id":"https:\/\/www.copealcoy.es\/es\/alcoy-pedira-la-retirada-simbolos-franquistas-las-viviendas\/#breadcrumb"},"inLanguage":"es","potentialAction":[{"@type":"ReadAction","target":["https:\/\/www.copealcoy.es\/es\/alcoy-pedira-la-retirada-simbolos-franquistas-las-viviendas\/"]}]},{"@type":"ImageObject","inLanguage":"es","@id":"https:\/\/www.copealcoy.es\/es\/alcoy-pedira-la-retirada-simbolos-franquistas-las-viviendas\/#primaryimage","url":"https:\/\/www.copealcoy.es\/wp-content\/uploads\/2016\/11\/Placa_ministerio_de_la_vivienda_1954.jpg","contentUrl":"https:\/\/www.copealcoy.es\/wp-content\/uploads\/2016\/11\/Placa_ministerio_de_la_vivienda_1954.jpg","width":3072,"height":2304},{"@type":"BreadcrumbList","@id":"https:\/\/www.copealcoy.es\/es\/alcoy-pedira-la-retirada-simbolos-franquistas-las-viviendas\/#breadcrumb","itemListElement":[{"@type":"ListItem","position":1,"name":"Portada","item":"https:\/\/www.copealcoy.es\/es\/"},{"@type":"ListItem","position":2,"name":"Alcoy pedir\u00e1 la retirada de s\u00edmbolos franquistas de las viviendas"}]},{"@type":"WebSite","@id":"https:\/\/www.copealcoy.es\/es\/#website","url":"https:\/\/www.copealcoy.es\/es\/","name":"COPE Alcoy","description":"Emisora COPE de radio local con emisi\u00f3n online. Pont de Sant Jordi 8-10 03803 Alcoy","potentialAction":[{"@type":"SearchAction","target":{"@type":"EntryPoint","urlTemplate":"https:\/\/www.copealcoy.es\/es\/?s={search_term_string}"},"query-input":{"@type":"PropertyValueSpecification","valueRequired":true,"valueName":"search_term_string"}}],"inLanguage":"es"},{"@type":"Person","@id":"https:\/\/www.copealcoy.es\/es\/#\/schema\/person\/e777c87fa024e57d40170af9df39882c","name":"Cope Alcoy","image":{"@type":"ImageObject","inLanguage":"es","@id":"https:\/\/secure.gravatar.com\/avatar\/bb65d0283347e303893ba14f0692005417c1e0e690a325a4c5d8bb2b3943ee14?s=96&d=mm&r=g","url":"https:\/\/secure.gravatar.com\/avatar\/bb65d0283347e303893ba14f0692005417c1e0e690a325a4c5d8bb2b3943ee14?s=96&d=mm&r=g","contentUrl":"https:\/\/secure.gravatar.com\/avatar\/bb65d0283347e303893ba14f0692005417c1e0e690a325a4c5d8bb2b3943ee14?s=96&d=mm&r=g","caption":"Cope Alcoy"}}]}},"_links":{"self":[{"href":"https:\/\/www.copealcoy.es\/es\/wp-json\/wp\/v2\/posts\/26938","targetHints":{"allow":["GET"]}}],"collection":[{"href":"https:\/\/www.copealcoy.es\/es\/wp-json\/wp\/v2\/posts"}],"about":[{"href":"https:\/\/www.copealcoy.es\/es\/wp-json\/wp\/v2\/types\/post"}],"author":[{"embeddable":true,"href":"https:\/\/www.copealcoy.es\/es\/wp-json\/wp\/v2\/users\/1"}],"replies":[{"embeddable":true,"href":"https:\/\/www.copealcoy.es\/es\/wp-json\/wp\/v2\/comments?post=26938"}],"version-history":[{"count":0,"href":"https:\/\/www.copealcoy.es\/es\/wp-json\/wp\/v2\/posts\/26938\/revisions"}],"wp:featuredmedia":[{"embeddable":true,"href":"https:\/\/www.copealcoy.es\/es\/wp-json\/wp\/v2\/media\/26939"}],"wp:attachment":[{"href":"https:\/\/www.copealcoy.es\/es\/wp-json\/wp\/v2\/media?parent=26938"}],"wp:term":[{"taxonomy":"category","embeddable":true,"href":"https:\/\/www.copealcoy.es\/es\/wp-json\/wp\/v2\/categories?post=26938"},{"taxonomy":"post_tag","embeddable":true,"href":"https:\/\/www.copealcoy.es\/es\/wp-json\/wp\/v2\/tags?post=26938"}],"curies":[{"name":"wp","href":"https:\/\/api.w.org\/{rel}","templated":true}]}}