{"id":26902,"date":"2016-11-29T15:46:40","date_gmt":"2016-11-29T15:46:40","guid":{"rendered":"http:\/\/copealcoi.es\/new\/?p=26902"},"modified":"2016-11-29T15:46:40","modified_gmt":"2016-11-29T15:46:40","slug":"alcoy-saca-a-concurso-su-plan-estrategico","status":"publish","type":"post","link":"https:\/\/www.copealcoy.es\/es\/alcoy-saca-a-concurso-su-plan-estrategico\/","title":{"rendered":"Alcoy saca a concurso su Plan Estrat\u00e9gico"},"content":{"rendered":"<p style=\"text-align: justify;\">El Ayuntamiento de Alcoy <strong>ha iniciado el expediente para la contrataci\u00f3n del Plan Estrat\u00e9gico de la ciudad<\/strong> por un importe de<strong> 50.000 euros IVA incluido<\/strong>, un documento que analizar\u00e1 la situaci\u00f3n actual de la ciudad para posteriormente plantear una serie de acciones marcadas en un calendario hasta el a\u00f1o 2025.<\/p>\n<p style=\"text-align: justify;\">El citado plan se articular\u00e1 en\u00a0varios ejes:<strong> urban\u00edstico, econ\u00f3mico, social, ambiental, institucional e innovador<\/strong>; y para su redacci\u00f3n se establecer\u00e1n dos fases. La primera de ellas centrada en el <strong>diagn\u00f3stico de la ciudad<\/strong> con la participaci\u00f3n de los agentes sociales, econ\u00f3micos y pol\u00edticos mientras que la segunda ir\u00e1 destinada a <strong>definir los proyectos concretos<\/strong> a poner en marcha. Adem\u00e1s e<strong>l Consejo Econ\u00f3mico y Social (CES) se encargar\u00e1 del seguimiento del proceso<\/strong> y durante los pr\u00f3ximos a\u00f1os tambi\u00e9n se realizar\u00e1n procesos participativos y controles para determinar que se cumplen una serie de indicadores en la evoluci\u00f3n de la ciudad marcados en una serie de \u00e1reas.<\/p>\n<p style=\"text-align: justify;\"><strong>Antonio Franc\u00e9s<\/strong>, alcalde de Alcoy, se\u00f1ala al respecto que este documento se articular\u00e1 como una hoja de ruta<em> &#8220;que nos permitir\u00e1 saber el punto de partida en el nos encontramos y detectar aquellos problemas que requieren de soluciones en la ciudad&#8221;<\/em> y valora positivamente que desde el CES se haga el seguimiento <em>&#8220;porque en este organismo est\u00e1n implicados todos los agentes y los partidos pol\u00edticos, con lo cual los resultados que se obtengan son de todos&#8221;<\/em>, concluye.<\/p>\n<p style=\"text-align: justify;\">Indicar que el Consistorio <strong>buscar\u00e1 las ofertas de cinco empresas<\/strong> para adjudicar la redacci\u00f3n de este Plan que se espera que pueda estar lista en los pr\u00f3ximos meses para as\u00ed empezar cuanto antes su ejecuci\u00f3n.<\/p>\n<p>&nbsp;<\/p>\n<p>&nbsp;<\/p>\n","protected":false},"excerpt":{"rendered":"<p>El Ayuntamiento de Alcoy ha iniciado el expediente para la contrataci\u00f3n del Plan Estrat\u00e9gico de la ciudad por un importe&#8230;<\/p>\n","protected":false},"author":1,"featured_media":8700,"comment_status":"open","ping_status":"open","sticky":false,"template":"","format":"standard","meta":{"footnotes":""},"categories":[97,75,125],"tags":[1494,1793,375,3358,1673],"class_list":["post-26902","post","type-post","status-publish","format-standard","has-post-thumbnail","hentry","category-alcoy","category-noticias","category-portada","tag-alcoy","tag-antonio-frances","tag-concurso","tag-consejo-economico-y-social","tag-plan-estrategico"],"yoast_head":"<!-- This site is optimized with the Yoast SEO plugin v27.3 - https:\/\/yoast.com\/product\/yoast-seo-wordpress\/ -->\n<title>Alcoy saca a concurso su Plan Estrat\u00e9gico - COPE Alcoy<\/title>\n<meta name=\"robots\" content=\"index, follow, max-snippet:-1, max-image-preview:large, max-video-preview:-1\" \/>\n<link rel=\"canonical\" href=\"https:\/\/www.copealcoy.es\/es\/alcoy-saca-a-concurso-su-plan-estrategico\/\" \/>\n<meta property=\"og:locale\" content=\"es_ES\" \/>\n<meta property=\"og:type\" content=\"article\" \/>\n<meta property=\"og:title\" content=\"Alcoy saca a concurso su Plan Estrat\u00e9gico - COPE Alcoy\" \/>\n<meta property=\"og:description\" content=\"El Ayuntamiento de Alcoy ha iniciado el expediente para la contrataci\u00f3n del Plan Estrat\u00e9gico de la ciudad por un importe...\" \/>\n<meta property=\"og:url\" content=\"https:\/\/www.copealcoy.es\/es\/alcoy-saca-a-concurso-su-plan-estrategico\/\" \/>\n<meta property=\"og:site_name\" content=\"COPE Alcoy\" \/>\n<meta property=\"article:published_time\" content=\"2016-11-29T15:46:40+00:00\" \/>\n<meta property=\"og:image\" content=\"https:\/\/www.copealcoy.es\/wp-content\/uploads\/2014\/12\/image2.jpg\" \/>\n\t<meta property=\"og:image:width\" content=\"960\" \/>\n\t<meta property=\"og:image:height\" content=\"720\" \/>\n\t<meta property=\"og:image:type\" content=\"image\/jpeg\" \/>\n<meta name=\"author\" content=\"Cope Alcoy\" \/>\n<meta name=\"twitter:label1\" content=\"Escrito por\" \/>\n\t<meta name=\"twitter:data1\" content=\"Cope Alcoy\" \/>\n\t<meta name=\"twitter:label2\" content=\"Tiempo de lectura\" \/>\n\t<meta name=\"twitter:data2\" content=\"1 minuto\" \/>\n<script type=\"application\/ld+json\" class=\"yoast-schema-graph\">{\"@context\":\"https:\\\/\\\/schema.org\",\"@graph\":[{\"@type\":\"Article\",\"@id\":\"https:\\\/\\\/www.copealcoy.es\\\/es\\\/alcoy-saca-a-concurso-su-plan-estrategico\\\/#article\",\"isPartOf\":{\"@id\":\"https:\\\/\\\/www.copealcoy.es\\\/es\\\/alcoy-saca-a-concurso-su-plan-estrategico\\\/\"},\"author\":{\"name\":\"Cope Alcoy\",\"@id\":\"https:\\\/\\\/www.copealcoy.es\\\/es\\\/#\\\/schema\\\/person\\\/e777c87fa024e57d40170af9df39882c\"},\"headline\":\"Alcoy saca a concurso su Plan Estrat\u00e9gico\",\"datePublished\":\"2016-11-29T15:46:40+00:00\",\"mainEntityOfPage\":{\"@id\":\"https:\\\/\\\/www.copealcoy.es\\\/es\\\/alcoy-saca-a-concurso-su-plan-estrategico\\\/\"},\"wordCount\":301,\"commentCount\":0,\"image\":{\"@id\":\"https:\\\/\\\/www.copealcoy.es\\\/es\\\/alcoy-saca-a-concurso-su-plan-estrategico\\\/#primaryimage\"},\"thumbnailUrl\":\"https:\\\/\\\/www.copealcoy.es\\\/wp-content\\\/uploads\\\/2014\\\/12\\\/image2.jpg\",\"keywords\":[\"Alcoy\",\"Antonio Franc\u00e9s\",\"Concurso\",\"Consejo Econ\u00f3mico y Social\",\"Plan Estrat\u00e9gico\"],\"articleSection\":[\"Alcoy\",\"Noticias\",\"Portada\"],\"inLanguage\":\"es\"},{\"@type\":\"WebPage\",\"@id\":\"https:\\\/\\\/www.copealcoy.es\\\/es\\\/alcoy-saca-a-concurso-su-plan-estrategico\\\/\",\"url\":\"https:\\\/\\\/www.copealcoy.es\\\/es\\\/alcoy-saca-a-concurso-su-plan-estrategico\\\/\",\"name\":\"Alcoy saca a concurso su Plan Estrat\u00e9gico - COPE Alcoy\",\"isPartOf\":{\"@id\":\"https:\\\/\\\/www.copealcoy.es\\\/es\\\/#website\"},\"primaryImageOfPage\":{\"@id\":\"https:\\\/\\\/www.copealcoy.es\\\/es\\\/alcoy-saca-a-concurso-su-plan-estrategico\\\/#primaryimage\"},\"image\":{\"@id\":\"https:\\\/\\\/www.copealcoy.es\\\/es\\\/alcoy-saca-a-concurso-su-plan-estrategico\\\/#primaryimage\"},\"thumbnailUrl\":\"https:\\\/\\\/www.copealcoy.es\\\/wp-content\\\/uploads\\\/2014\\\/12\\\/image2.jpg\",\"datePublished\":\"2016-11-29T15:46:40+00:00\",\"author\":{\"@id\":\"https:\\\/\\\/www.copealcoy.es\\\/es\\\/#\\\/schema\\\/person\\\/e777c87fa024e57d40170af9df39882c\"},\"breadcrumb\":{\"@id\":\"https:\\\/\\\/www.copealcoy.es\\\/es\\\/alcoy-saca-a-concurso-su-plan-estrategico\\\/#breadcrumb\"},\"inLanguage\":\"es\",\"potentialAction\":[{\"@type\":\"ReadAction\",\"target\":[\"https:\\\/\\\/www.copealcoy.es\\\/es\\\/alcoy-saca-a-concurso-su-plan-estrategico\\\/\"]}]},{\"@type\":\"ImageObject\",\"inLanguage\":\"es\",\"@id\":\"https:\\\/\\\/www.copealcoy.es\\\/es\\\/alcoy-saca-a-concurso-su-plan-estrategico\\\/#primaryimage\",\"url\":\"https:\\\/\\\/www.copealcoy.es\\\/wp-content\\\/uploads\\\/2014\\\/12\\\/image2.jpg\",\"contentUrl\":\"https:\\\/\\\/www.copealcoy.es\\\/wp-content\\\/uploads\\\/2014\\\/12\\\/image2.jpg\",\"width\":960,\"height\":720},{\"@type\":\"BreadcrumbList\",\"@id\":\"https:\\\/\\\/www.copealcoy.es\\\/es\\\/alcoy-saca-a-concurso-su-plan-estrategico\\\/#breadcrumb\",\"itemListElement\":[{\"@type\":\"ListItem\",\"position\":1,\"name\":\"Portada\",\"item\":\"https:\\\/\\\/www.copealcoy.es\\\/es\\\/\"},{\"@type\":\"ListItem\",\"position\":2,\"name\":\"Alcoy saca a concurso su Plan Estrat\u00e9gico\"}]},{\"@type\":\"WebSite\",\"@id\":\"https:\\\/\\\/www.copealcoy.es\\\/es\\\/#website\",\"url\":\"https:\\\/\\\/www.copealcoy.es\\\/es\\\/\",\"name\":\"COPE Alcoy\",\"description\":\"Emisora COPE de radio local con emisi\u00f3n online. Pont de Sant Jordi 8-10 03803 Alcoy\",\"potentialAction\":[{\"@type\":\"SearchAction\",\"target\":{\"@type\":\"EntryPoint\",\"urlTemplate\":\"https:\\\/\\\/www.copealcoy.es\\\/es\\\/?s={search_term_string}\"},\"query-input\":{\"@type\":\"PropertyValueSpecification\",\"valueRequired\":true,\"valueName\":\"search_term_string\"}}],\"inLanguage\":\"es\"},{\"@type\":\"Person\",\"@id\":\"https:\\\/\\\/www.copealcoy.es\\\/es\\\/#\\\/schema\\\/person\\\/e777c87fa024e57d40170af9df39882c\",\"name\":\"Cope Alcoy\",\"image\":{\"@type\":\"ImageObject\",\"inLanguage\":\"es\",\"@id\":\"https:\\\/\\\/secure.gravatar.com\\\/avatar\\\/bb65d0283347e303893ba14f0692005417c1e0e690a325a4c5d8bb2b3943ee14?s=96&d=mm&r=g\",\"url\":\"https:\\\/\\\/secure.gravatar.com\\\/avatar\\\/bb65d0283347e303893ba14f0692005417c1e0e690a325a4c5d8bb2b3943ee14?s=96&d=mm&r=g\",\"contentUrl\":\"https:\\\/\\\/secure.gravatar.com\\\/avatar\\\/bb65d0283347e303893ba14f0692005417c1e0e690a325a4c5d8bb2b3943ee14?s=96&d=mm&r=g\",\"caption\":\"Cope Alcoy\"}}]}<\/script>\n<!-- \/ Yoast SEO plugin. -->","yoast_head_json":{"title":"Alcoy saca a concurso su Plan Estrat\u00e9gico - COPE Alcoy","robots":{"index":"index","follow":"follow","max-snippet":"max-snippet:-1","max-image-preview":"max-image-preview:large","max-video-preview":"max-video-preview:-1"},"canonical":"https:\/\/www.copealcoy.es\/es\/alcoy-saca-a-concurso-su-plan-estrategico\/","og_locale":"es_ES","og_type":"article","og_title":"Alcoy saca a concurso su Plan Estrat\u00e9gico - COPE Alcoy","og_description":"El Ayuntamiento de Alcoy ha iniciado el expediente para la contrataci\u00f3n del Plan Estrat\u00e9gico de la ciudad por un importe...","og_url":"https:\/\/www.copealcoy.es\/es\/alcoy-saca-a-concurso-su-plan-estrategico\/","og_site_name":"COPE Alcoy","article_published_time":"2016-11-29T15:46:40+00:00","og_image":[{"width":960,"height":720,"url":"https:\/\/www.copealcoy.es\/wp-content\/uploads\/2014\/12\/image2.jpg","type":"image\/jpeg"}],"author":"Cope Alcoy","twitter_misc":{"Escrito por":"Cope Alcoy","Tiempo de lectura":"1 minuto"},"schema":{"@context":"https:\/\/schema.org","@graph":[{"@type":"Article","@id":"https:\/\/www.copealcoy.es\/es\/alcoy-saca-a-concurso-su-plan-estrategico\/#article","isPartOf":{"@id":"https:\/\/www.copealcoy.es\/es\/alcoy-saca-a-concurso-su-plan-estrategico\/"},"author":{"name":"Cope Alcoy","@id":"https:\/\/www.copealcoy.es\/es\/#\/schema\/person\/e777c87fa024e57d40170af9df39882c"},"headline":"Alcoy saca a concurso su Plan Estrat\u00e9gico","datePublished":"2016-11-29T15:46:40+00:00","mainEntityOfPage":{"@id":"https:\/\/www.copealcoy.es\/es\/alcoy-saca-a-concurso-su-plan-estrategico\/"},"wordCount":301,"commentCount":0,"image":{"@id":"https:\/\/www.copealcoy.es\/es\/alcoy-saca-a-concurso-su-plan-estrategico\/#primaryimage"},"thumbnailUrl":"https:\/\/www.copealcoy.es\/wp-content\/uploads\/2014\/12\/image2.jpg","keywords":["Alcoy","Antonio Franc\u00e9s","Concurso","Consejo Econ\u00f3mico y Social","Plan Estrat\u00e9gico"],"articleSection":["Alcoy","Noticias","Portada"],"inLanguage":"es"},{"@type":"WebPage","@id":"https:\/\/www.copealcoy.es\/es\/alcoy-saca-a-concurso-su-plan-estrategico\/","url":"https:\/\/www.copealcoy.es\/es\/alcoy-saca-a-concurso-su-plan-estrategico\/","name":"Alcoy saca a concurso su Plan Estrat\u00e9gico - COPE Alcoy","isPartOf":{"@id":"https:\/\/www.copealcoy.es\/es\/#website"},"primaryImageOfPage":{"@id":"https:\/\/www.copealcoy.es\/es\/alcoy-saca-a-concurso-su-plan-estrategico\/#primaryimage"},"image":{"@id":"https:\/\/www.copealcoy.es\/es\/alcoy-saca-a-concurso-su-plan-estrategico\/#primaryimage"},"thumbnailUrl":"https:\/\/www.copealcoy.es\/wp-content\/uploads\/2014\/12\/image2.jpg","datePublished":"2016-11-29T15:46:40+00:00","author":{"@id":"https:\/\/www.copealcoy.es\/es\/#\/schema\/person\/e777c87fa024e57d40170af9df39882c"},"breadcrumb":{"@id":"https:\/\/www.copealcoy.es\/es\/alcoy-saca-a-concurso-su-plan-estrategico\/#breadcrumb"},"inLanguage":"es","potentialAction":[{"@type":"ReadAction","target":["https:\/\/www.copealcoy.es\/es\/alcoy-saca-a-concurso-su-plan-estrategico\/"]}]},{"@type":"ImageObject","inLanguage":"es","@id":"https:\/\/www.copealcoy.es\/es\/alcoy-saca-a-concurso-su-plan-estrategico\/#primaryimage","url":"https:\/\/www.copealcoy.es\/wp-content\/uploads\/2014\/12\/image2.jpg","contentUrl":"https:\/\/www.copealcoy.es\/wp-content\/uploads\/2014\/12\/image2.jpg","width":960,"height":720},{"@type":"BreadcrumbList","@id":"https:\/\/www.copealcoy.es\/es\/alcoy-saca-a-concurso-su-plan-estrategico\/#breadcrumb","itemListElement":[{"@type":"ListItem","position":1,"name":"Portada","item":"https:\/\/www.copealcoy.es\/es\/"},{"@type":"ListItem","position":2,"name":"Alcoy saca a concurso su Plan Estrat\u00e9gico"}]},{"@type":"WebSite","@id":"https:\/\/www.copealcoy.es\/es\/#website","url":"https:\/\/www.copealcoy.es\/es\/","name":"COPE Alcoy","description":"Emisora COPE de radio local con emisi\u00f3n online. Pont de Sant Jordi 8-10 03803 Alcoy","potentialAction":[{"@type":"SearchAction","target":{"@type":"EntryPoint","urlTemplate":"https:\/\/www.copealcoy.es\/es\/?s={search_term_string}"},"query-input":{"@type":"PropertyValueSpecification","valueRequired":true,"valueName":"search_term_string"}}],"inLanguage":"es"},{"@type":"Person","@id":"https:\/\/www.copealcoy.es\/es\/#\/schema\/person\/e777c87fa024e57d40170af9df39882c","name":"Cope Alcoy","image":{"@type":"ImageObject","inLanguage":"es","@id":"https:\/\/secure.gravatar.com\/avatar\/bb65d0283347e303893ba14f0692005417c1e0e690a325a4c5d8bb2b3943ee14?s=96&d=mm&r=g","url":"https:\/\/secure.gravatar.com\/avatar\/bb65d0283347e303893ba14f0692005417c1e0e690a325a4c5d8bb2b3943ee14?s=96&d=mm&r=g","contentUrl":"https:\/\/secure.gravatar.com\/avatar\/bb65d0283347e303893ba14f0692005417c1e0e690a325a4c5d8bb2b3943ee14?s=96&d=mm&r=g","caption":"Cope Alcoy"}}]}},"_links":{"self":[{"href":"https:\/\/www.copealcoy.es\/es\/wp-json\/wp\/v2\/posts\/26902","targetHints":{"allow":["GET"]}}],"collection":[{"href":"https:\/\/www.copealcoy.es\/es\/wp-json\/wp\/v2\/posts"}],"about":[{"href":"https:\/\/www.copealcoy.es\/es\/wp-json\/wp\/v2\/types\/post"}],"author":[{"embeddable":true,"href":"https:\/\/www.copealcoy.es\/es\/wp-json\/wp\/v2\/users\/1"}],"replies":[{"embeddable":true,"href":"https:\/\/www.copealcoy.es\/es\/wp-json\/wp\/v2\/comments?post=26902"}],"version-history":[{"count":0,"href":"https:\/\/www.copealcoy.es\/es\/wp-json\/wp\/v2\/posts\/26902\/revisions"}],"wp:featuredmedia":[{"embeddable":true,"href":"https:\/\/www.copealcoy.es\/es\/wp-json\/wp\/v2\/media\/8700"}],"wp:attachment":[{"href":"https:\/\/www.copealcoy.es\/es\/wp-json\/wp\/v2\/media?parent=26902"}],"wp:term":[{"taxonomy":"category","embeddable":true,"href":"https:\/\/www.copealcoy.es\/es\/wp-json\/wp\/v2\/categories?post=26902"},{"taxonomy":"post_tag","embeddable":true,"href":"https:\/\/www.copealcoy.es\/es\/wp-json\/wp\/v2\/tags?post=26902"}],"curies":[{"name":"wp","href":"https:\/\/api.w.org\/{rel}","templated":true}]}}