{"id":26871,"date":"2016-11-28T16:13:08","date_gmt":"2016-11-28T16:13:08","guid":{"rendered":"http:\/\/copealcoi.es\/new\/?p=26871"},"modified":"2016-11-28T16:13:08","modified_gmt":"2016-11-28T16:13:08","slug":"cocentaina-construye-112-nichos-nuevos-cementerio-municipal","status":"publish","type":"post","link":"https:\/\/www.copealcoy.es\/es\/cocentaina-construye-112-nichos-nuevos-cementerio-municipal\/","title":{"rendered":"Cocentaina construye 112 nichos nuevos en el Cementerio Municipal"},"content":{"rendered":"<p style=\"text-align: justify;\">El Ayuntamiento de Cocentaina ha iniciado <strong>la construcci\u00f3n de 112 nuevos nichos<\/strong> que se ubican en la parte central del <strong>patio de la Virgen del Rosario<\/strong>. Estas nuevas sepulturas, que estar\u00e1n finalizadas dentro de unas semanas, <strong>vienen a cubrir las necesidades de enterramientos<\/strong> en el futuro al mismo tiempo que se suman a los que ya se construyeron en el mismo patio a principios de 2013 y que est\u00e1n ya casi cubiertos.<\/p>\n<p style=\"text-align: justify;\"><strong>Antonio Hern\u00e1ndez<\/strong>, edil encargado de la gesti\u00f3n del Cementerio, explica que en el citado patio todav\u00eda existe <strong>espacio disponible<\/strong> para la construcci\u00f3n de un nuevo bloque nichos en el futuro <em>&#8220;el terreno est\u00e1 preparado para cuando haya demanda&#8221;<\/em>, detalla. Adem\u00e1s el concejal recuerda que el Ayuntamiento <strong>sigue estudiando la posibilidad de ampliar el Camposanto<\/strong> de cara al futuro <em>&#8220;ser\u00eda en los terrenos colindantes aunque estamos pendiente de que se \u00a0pueda autorizar un cambio en la v\u00eda pecuaria que discurre por esta zona y que si no se modifica separar\u00eda en dos esa nueva parte del recinto&#8221;,<\/em> destaca.<\/p>\n<p style=\"text-align: justify;\">Recordar que en <strong>la pasada primavera<\/strong> el Director General\u00a0de la Conselleria de Medio Ambiente, <strong>Pep Nebot, <a href=\"https:\/\/www.copealcoy.es\/cocentaina-estudia-una-posible-ampliacion-del-cementerio-municipal\/\"><span style=\"text-decoration: underline;\">visit\u00f3 la Villa Condal<\/span> <\/a><\/strong>para reunirse con la Corporaci\u00f3n Local y los t\u00e9cnicos municipales mostr\u00e1ndose partidario de<strong> redefinir el trazado<\/strong> de la citada v\u00eda de cara a permitir la ampliaci\u00f3n del Cementerio.<\/p>\n","protected":false},"excerpt":{"rendered":"<p>El Ayuntamiento de Cocentaina ha iniciado la construcci\u00f3n de 112 nuevos nichos que se ubican en la parte central del&#8230;<\/p>\n","protected":false},"author":1,"featured_media":26872,"comment_status":"open","ping_status":"open","sticky":false,"template":"","format":"standard","meta":{"footnotes":""},"categories":[98,75],"tags":[3351,1338,2314,668,132],"class_list":["post-26871","post","type-post","status-publish","format-standard","has-post-thumbnail","hentry","category-comarcas","category-noticias","tag-112-nichos-nuevos","tag-ampliacion","tag-antonio-hernandez","tag-cementerio","tag-cocentaina"],"yoast_head":"<!-- This site is optimized with the Yoast SEO plugin v27.3 - https:\/\/yoast.com\/product\/yoast-seo-wordpress\/ -->\n<title>Cocentaina construye 112 nichos nuevos en el Cementerio Municipal - COPE Alcoy<\/title>\n<meta name=\"robots\" content=\"index, follow, max-snippet:-1, max-image-preview:large, max-video-preview:-1\" \/>\n<link rel=\"canonical\" href=\"https:\/\/www.copealcoy.es\/es\/cocentaina-construye-112-nichos-nuevos-cementerio-municipal\/\" \/>\n<meta property=\"og:locale\" content=\"es_ES\" \/>\n<meta property=\"og:type\" content=\"article\" \/>\n<meta property=\"og:title\" content=\"Cocentaina construye 112 nichos nuevos en el Cementerio Municipal - COPE Alcoy\" \/>\n<meta property=\"og:description\" content=\"El Ayuntamiento de Cocentaina ha iniciado la construcci\u00f3n de 112 nuevos nichos que se ubican en la parte central del...\" \/>\n<meta property=\"og:url\" content=\"https:\/\/www.copealcoy.es\/es\/cocentaina-construye-112-nichos-nuevos-cementerio-municipal\/\" \/>\n<meta property=\"og:site_name\" content=\"COPE Alcoy\" \/>\n<meta property=\"article:published_time\" content=\"2016-11-28T16:13:08+00:00\" \/>\n<meta property=\"og:image\" content=\"https:\/\/www.copealcoy.es\/wp-content\/uploads\/2016\/11\/Nuevos-nichos-Cementerio-Foto-Gabriel-Pascual-e1480349360597.jpg\" \/>\n\t<meta property=\"og:image:width\" content=\"960\" \/>\n\t<meta property=\"og:image:height\" content=\"566\" \/>\n\t<meta property=\"og:image:type\" content=\"image\/jpeg\" \/>\n<meta name=\"author\" content=\"Cope Alcoy\" \/>\n<meta name=\"twitter:label1\" content=\"Escrito por\" \/>\n\t<meta name=\"twitter:data1\" content=\"Cope Alcoy\" \/>\n\t<meta name=\"twitter:label2\" content=\"Tiempo de lectura\" \/>\n\t<meta name=\"twitter:data2\" content=\"1 minuto\" \/>\n<script type=\"application\/ld+json\" class=\"yoast-schema-graph\">{\"@context\":\"https:\\\/\\\/schema.org\",\"@graph\":[{\"@type\":\"Article\",\"@id\":\"https:\\\/\\\/www.copealcoy.es\\\/es\\\/cocentaina-construye-112-nichos-nuevos-cementerio-municipal\\\/#article\",\"isPartOf\":{\"@id\":\"https:\\\/\\\/www.copealcoy.es\\\/es\\\/cocentaina-construye-112-nichos-nuevos-cementerio-municipal\\\/\"},\"author\":{\"name\":\"Cope Alcoy\",\"@id\":\"https:\\\/\\\/www.copealcoy.es\\\/es\\\/#\\\/schema\\\/person\\\/e777c87fa024e57d40170af9df39882c\"},\"headline\":\"Cocentaina construye 112 nichos nuevos en el Cementerio Municipal\",\"datePublished\":\"2016-11-28T16:13:08+00:00\",\"mainEntityOfPage\":{\"@id\":\"https:\\\/\\\/www.copealcoy.es\\\/es\\\/cocentaina-construye-112-nichos-nuevos-cementerio-municipal\\\/\"},\"wordCount\":240,\"commentCount\":0,\"image\":{\"@id\":\"https:\\\/\\\/www.copealcoy.es\\\/es\\\/cocentaina-construye-112-nichos-nuevos-cementerio-municipal\\\/#primaryimage\"},\"thumbnailUrl\":\"https:\\\/\\\/www.copealcoy.es\\\/wp-content\\\/uploads\\\/2016\\\/11\\\/Nuevos-nichos-Cementerio-Foto-Gabriel-Pascual-e1480349360597.jpg\",\"keywords\":[\"112 nichos nuevos\",\"ampliaci\u00f3n\",\"Antonio Hern\u00e1ndez\",\"Cementerio\",\"Cocentaina\"],\"articleSection\":[\"Comarcas\",\"Noticias\"],\"inLanguage\":\"es\"},{\"@type\":\"WebPage\",\"@id\":\"https:\\\/\\\/www.copealcoy.es\\\/es\\\/cocentaina-construye-112-nichos-nuevos-cementerio-municipal\\\/\",\"url\":\"https:\\\/\\\/www.copealcoy.es\\\/es\\\/cocentaina-construye-112-nichos-nuevos-cementerio-municipal\\\/\",\"name\":\"Cocentaina construye 112 nichos nuevos en el Cementerio Municipal - COPE Alcoy\",\"isPartOf\":{\"@id\":\"https:\\\/\\\/www.copealcoy.es\\\/es\\\/#website\"},\"primaryImageOfPage\":{\"@id\":\"https:\\\/\\\/www.copealcoy.es\\\/es\\\/cocentaina-construye-112-nichos-nuevos-cementerio-municipal\\\/#primaryimage\"},\"image\":{\"@id\":\"https:\\\/\\\/www.copealcoy.es\\\/es\\\/cocentaina-construye-112-nichos-nuevos-cementerio-municipal\\\/#primaryimage\"},\"thumbnailUrl\":\"https:\\\/\\\/www.copealcoy.es\\\/wp-content\\\/uploads\\\/2016\\\/11\\\/Nuevos-nichos-Cementerio-Foto-Gabriel-Pascual-e1480349360597.jpg\",\"datePublished\":\"2016-11-28T16:13:08+00:00\",\"author\":{\"@id\":\"https:\\\/\\\/www.copealcoy.es\\\/es\\\/#\\\/schema\\\/person\\\/e777c87fa024e57d40170af9df39882c\"},\"breadcrumb\":{\"@id\":\"https:\\\/\\\/www.copealcoy.es\\\/es\\\/cocentaina-construye-112-nichos-nuevos-cementerio-municipal\\\/#breadcrumb\"},\"inLanguage\":\"es\",\"potentialAction\":[{\"@type\":\"ReadAction\",\"target\":[\"https:\\\/\\\/www.copealcoy.es\\\/es\\\/cocentaina-construye-112-nichos-nuevos-cementerio-municipal\\\/\"]}]},{\"@type\":\"ImageObject\",\"inLanguage\":\"es\",\"@id\":\"https:\\\/\\\/www.copealcoy.es\\\/es\\\/cocentaina-construye-112-nichos-nuevos-cementerio-municipal\\\/#primaryimage\",\"url\":\"https:\\\/\\\/www.copealcoy.es\\\/wp-content\\\/uploads\\\/2016\\\/11\\\/Nuevos-nichos-Cementerio-Foto-Gabriel-Pascual-e1480349360597.jpg\",\"contentUrl\":\"https:\\\/\\\/www.copealcoy.es\\\/wp-content\\\/uploads\\\/2016\\\/11\\\/Nuevos-nichos-Cementerio-Foto-Gabriel-Pascual-e1480349360597.jpg\",\"width\":960,\"height\":566,\"caption\":\"La construcci\u00f3n de los nuevos nichos est\u00e1 ya avanzada \\\/ Foto: G. Pascual\"},{\"@type\":\"BreadcrumbList\",\"@id\":\"https:\\\/\\\/www.copealcoy.es\\\/es\\\/cocentaina-construye-112-nichos-nuevos-cementerio-municipal\\\/#breadcrumb\",\"itemListElement\":[{\"@type\":\"ListItem\",\"position\":1,\"name\":\"Portada\",\"item\":\"https:\\\/\\\/www.copealcoy.es\\\/es\\\/\"},{\"@type\":\"ListItem\",\"position\":2,\"name\":\"Cocentaina construye 112 nichos nuevos en el Cementerio Municipal\"}]},{\"@type\":\"WebSite\",\"@id\":\"https:\\\/\\\/www.copealcoy.es\\\/es\\\/#website\",\"url\":\"https:\\\/\\\/www.copealcoy.es\\\/es\\\/\",\"name\":\"COPE Alcoy\",\"description\":\"Emisora COPE de radio local con emisi\u00f3n online. Pont de Sant Jordi 8-10 03803 Alcoy\",\"potentialAction\":[{\"@type\":\"SearchAction\",\"target\":{\"@type\":\"EntryPoint\",\"urlTemplate\":\"https:\\\/\\\/www.copealcoy.es\\\/es\\\/?s={search_term_string}\"},\"query-input\":{\"@type\":\"PropertyValueSpecification\",\"valueRequired\":true,\"valueName\":\"search_term_string\"}}],\"inLanguage\":\"es\"},{\"@type\":\"Person\",\"@id\":\"https:\\\/\\\/www.copealcoy.es\\\/es\\\/#\\\/schema\\\/person\\\/e777c87fa024e57d40170af9df39882c\",\"name\":\"Cope Alcoy\",\"image\":{\"@type\":\"ImageObject\",\"inLanguage\":\"es\",\"@id\":\"https:\\\/\\\/secure.gravatar.com\\\/avatar\\\/bb65d0283347e303893ba14f0692005417c1e0e690a325a4c5d8bb2b3943ee14?s=96&d=mm&r=g\",\"url\":\"https:\\\/\\\/secure.gravatar.com\\\/avatar\\\/bb65d0283347e303893ba14f0692005417c1e0e690a325a4c5d8bb2b3943ee14?s=96&d=mm&r=g\",\"contentUrl\":\"https:\\\/\\\/secure.gravatar.com\\\/avatar\\\/bb65d0283347e303893ba14f0692005417c1e0e690a325a4c5d8bb2b3943ee14?s=96&d=mm&r=g\",\"caption\":\"Cope Alcoy\"}}]}<\/script>\n<!-- \/ Yoast SEO plugin. -->","yoast_head_json":{"title":"Cocentaina construye 112 nichos nuevos en el Cementerio Municipal - COPE Alcoy","robots":{"index":"index","follow":"follow","max-snippet":"max-snippet:-1","max-image-preview":"max-image-preview:large","max-video-preview":"max-video-preview:-1"},"canonical":"https:\/\/www.copealcoy.es\/es\/cocentaina-construye-112-nichos-nuevos-cementerio-municipal\/","og_locale":"es_ES","og_type":"article","og_title":"Cocentaina construye 112 nichos nuevos en el Cementerio Municipal - COPE Alcoy","og_description":"El Ayuntamiento de Cocentaina ha iniciado la construcci\u00f3n de 112 nuevos nichos que se ubican en la parte central del...","og_url":"https:\/\/www.copealcoy.es\/es\/cocentaina-construye-112-nichos-nuevos-cementerio-municipal\/","og_site_name":"COPE Alcoy","article_published_time":"2016-11-28T16:13:08+00:00","og_image":[{"width":960,"height":566,"url":"https:\/\/www.copealcoy.es\/wp-content\/uploads\/2016\/11\/Nuevos-nichos-Cementerio-Foto-Gabriel-Pascual-e1480349360597.jpg","type":"image\/jpeg"}],"author":"Cope Alcoy","twitter_misc":{"Escrito por":"Cope Alcoy","Tiempo de lectura":"1 minuto"},"schema":{"@context":"https:\/\/schema.org","@graph":[{"@type":"Article","@id":"https:\/\/www.copealcoy.es\/es\/cocentaina-construye-112-nichos-nuevos-cementerio-municipal\/#article","isPartOf":{"@id":"https:\/\/www.copealcoy.es\/es\/cocentaina-construye-112-nichos-nuevos-cementerio-municipal\/"},"author":{"name":"Cope Alcoy","@id":"https:\/\/www.copealcoy.es\/es\/#\/schema\/person\/e777c87fa024e57d40170af9df39882c"},"headline":"Cocentaina construye 112 nichos nuevos en el Cementerio Municipal","datePublished":"2016-11-28T16:13:08+00:00","mainEntityOfPage":{"@id":"https:\/\/www.copealcoy.es\/es\/cocentaina-construye-112-nichos-nuevos-cementerio-municipal\/"},"wordCount":240,"commentCount":0,"image":{"@id":"https:\/\/www.copealcoy.es\/es\/cocentaina-construye-112-nichos-nuevos-cementerio-municipal\/#primaryimage"},"thumbnailUrl":"https:\/\/www.copealcoy.es\/wp-content\/uploads\/2016\/11\/Nuevos-nichos-Cementerio-Foto-Gabriel-Pascual-e1480349360597.jpg","keywords":["112 nichos nuevos","ampliaci\u00f3n","Antonio Hern\u00e1ndez","Cementerio","Cocentaina"],"articleSection":["Comarcas","Noticias"],"inLanguage":"es"},{"@type":"WebPage","@id":"https:\/\/www.copealcoy.es\/es\/cocentaina-construye-112-nichos-nuevos-cementerio-municipal\/","url":"https:\/\/www.copealcoy.es\/es\/cocentaina-construye-112-nichos-nuevos-cementerio-municipal\/","name":"Cocentaina construye 112 nichos nuevos en el Cementerio Municipal - COPE Alcoy","isPartOf":{"@id":"https:\/\/www.copealcoy.es\/es\/#website"},"primaryImageOfPage":{"@id":"https:\/\/www.copealcoy.es\/es\/cocentaina-construye-112-nichos-nuevos-cementerio-municipal\/#primaryimage"},"image":{"@id":"https:\/\/www.copealcoy.es\/es\/cocentaina-construye-112-nichos-nuevos-cementerio-municipal\/#primaryimage"},"thumbnailUrl":"https:\/\/www.copealcoy.es\/wp-content\/uploads\/2016\/11\/Nuevos-nichos-Cementerio-Foto-Gabriel-Pascual-e1480349360597.jpg","datePublished":"2016-11-28T16:13:08+00:00","author":{"@id":"https:\/\/www.copealcoy.es\/es\/#\/schema\/person\/e777c87fa024e57d40170af9df39882c"},"breadcrumb":{"@id":"https:\/\/www.copealcoy.es\/es\/cocentaina-construye-112-nichos-nuevos-cementerio-municipal\/#breadcrumb"},"inLanguage":"es","potentialAction":[{"@type":"ReadAction","target":["https:\/\/www.copealcoy.es\/es\/cocentaina-construye-112-nichos-nuevos-cementerio-municipal\/"]}]},{"@type":"ImageObject","inLanguage":"es","@id":"https:\/\/www.copealcoy.es\/es\/cocentaina-construye-112-nichos-nuevos-cementerio-municipal\/#primaryimage","url":"https:\/\/www.copealcoy.es\/wp-content\/uploads\/2016\/11\/Nuevos-nichos-Cementerio-Foto-Gabriel-Pascual-e1480349360597.jpg","contentUrl":"https:\/\/www.copealcoy.es\/wp-content\/uploads\/2016\/11\/Nuevos-nichos-Cementerio-Foto-Gabriel-Pascual-e1480349360597.jpg","width":960,"height":566,"caption":"La construcci\u00f3n de los nuevos nichos est\u00e1 ya avanzada \/ Foto: G. Pascual"},{"@type":"BreadcrumbList","@id":"https:\/\/www.copealcoy.es\/es\/cocentaina-construye-112-nichos-nuevos-cementerio-municipal\/#breadcrumb","itemListElement":[{"@type":"ListItem","position":1,"name":"Portada","item":"https:\/\/www.copealcoy.es\/es\/"},{"@type":"ListItem","position":2,"name":"Cocentaina construye 112 nichos nuevos en el Cementerio Municipal"}]},{"@type":"WebSite","@id":"https:\/\/www.copealcoy.es\/es\/#website","url":"https:\/\/www.copealcoy.es\/es\/","name":"COPE Alcoy","description":"Emisora COPE de radio local con emisi\u00f3n online. Pont de Sant Jordi 8-10 03803 Alcoy","potentialAction":[{"@type":"SearchAction","target":{"@type":"EntryPoint","urlTemplate":"https:\/\/www.copealcoy.es\/es\/?s={search_term_string}"},"query-input":{"@type":"PropertyValueSpecification","valueRequired":true,"valueName":"search_term_string"}}],"inLanguage":"es"},{"@type":"Person","@id":"https:\/\/www.copealcoy.es\/es\/#\/schema\/person\/e777c87fa024e57d40170af9df39882c","name":"Cope Alcoy","image":{"@type":"ImageObject","inLanguage":"es","@id":"https:\/\/secure.gravatar.com\/avatar\/bb65d0283347e303893ba14f0692005417c1e0e690a325a4c5d8bb2b3943ee14?s=96&d=mm&r=g","url":"https:\/\/secure.gravatar.com\/avatar\/bb65d0283347e303893ba14f0692005417c1e0e690a325a4c5d8bb2b3943ee14?s=96&d=mm&r=g","contentUrl":"https:\/\/secure.gravatar.com\/avatar\/bb65d0283347e303893ba14f0692005417c1e0e690a325a4c5d8bb2b3943ee14?s=96&d=mm&r=g","caption":"Cope Alcoy"}}]}},"_links":{"self":[{"href":"https:\/\/www.copealcoy.es\/es\/wp-json\/wp\/v2\/posts\/26871","targetHints":{"allow":["GET"]}}],"collection":[{"href":"https:\/\/www.copealcoy.es\/es\/wp-json\/wp\/v2\/posts"}],"about":[{"href":"https:\/\/www.copealcoy.es\/es\/wp-json\/wp\/v2\/types\/post"}],"author":[{"embeddable":true,"href":"https:\/\/www.copealcoy.es\/es\/wp-json\/wp\/v2\/users\/1"}],"replies":[{"embeddable":true,"href":"https:\/\/www.copealcoy.es\/es\/wp-json\/wp\/v2\/comments?post=26871"}],"version-history":[{"count":0,"href":"https:\/\/www.copealcoy.es\/es\/wp-json\/wp\/v2\/posts\/26871\/revisions"}],"wp:featuredmedia":[{"embeddable":true,"href":"https:\/\/www.copealcoy.es\/es\/wp-json\/wp\/v2\/media\/26872"}],"wp:attachment":[{"href":"https:\/\/www.copealcoy.es\/es\/wp-json\/wp\/v2\/media?parent=26871"}],"wp:term":[{"taxonomy":"category","embeddable":true,"href":"https:\/\/www.copealcoy.es\/es\/wp-json\/wp\/v2\/categories?post=26871"},{"taxonomy":"post_tag","embeddable":true,"href":"https:\/\/www.copealcoy.es\/es\/wp-json\/wp\/v2\/tags?post=26871"}],"curies":[{"name":"wp","href":"https:\/\/api.w.org\/{rel}","templated":true}]}}