{"id":26856,"date":"2016-11-27T11:09:19","date_gmt":"2016-11-27T11:09:19","guid":{"rendered":"http:\/\/copealcoi.es\/new\/?p=26856"},"modified":"2016-11-27T11:09:19","modified_gmt":"2016-11-27T11:09:19","slug":"javier-lerma-nuevo-sargento-cristiano","status":"publish","type":"post","link":"https:\/\/www.copealcoy.es\/es\/javier-lerma-nuevo-sargento-cristiano\/","title":{"rendered":"Javier Lerma es el nuevo Sargento Cristiano"},"content":{"rendered":"<p style=\"text-align: justify;\"><strong>Javier Lerma<\/strong>, de la Fil\u00e0 Verdes, fue elegido en la tarde de ayer como nuevo <strong>Sargento Cristiano<\/strong> para las fiestas de moros y cristianos de Alcoy de los pr\u00f3ximos cuatro a\u00f1os. El joven de 22 a\u00f1os, que compet\u00eda con otros cuatro aspirantes al cargo, hizo las <strong>correspondientes evoluciones<\/strong> que marcan las bases del Certamen y tras comunicarse el fallo del jurado <strong>recibi\u00f3 numerosas felicitaciones<\/strong> por parte de todos los asistentes. Recordar que el concurso tuvo lugar en la sede de la Fil\u00e0 Navarros y fue seguido por un elevado n\u00famero de\u00a0festers.<\/p>\n<p style=\"text-align: justify;\">El nuevo Sargento Cristiano se estrenar\u00e1 oficialmente en el cargo <strong>el pr\u00f3ximo 16 de abril<\/strong> en el acto de La Gloria que arrancar\u00e1, como es habitual, a las diez de la ma\u00f1ana desde la Plaza de Espa\u00f1a.<\/p>\n","protected":false},"excerpt":{"rendered":"<p>Javier Lerma, de la Fil\u00e0 Verdes, fue elegido en la tarde de ayer como nuevo Sargento Cristiano para las fiestas&#8230;<\/p>\n","protected":false},"author":1,"featured_media":26857,"comment_status":"open","ping_status":"open","sticky":false,"template":"","format":"standard","meta":{"footnotes":""},"categories":[97,78,75],"tags":[1494,3346,3345,3332],"class_list":["post-26856","post","type-post","status-publish","format-standard","has-post-thumbnail","hentry","category-alcoy","category-fiestaycultura","category-noticias","tag-alcoy","tag-fila-verds","tag-javier-lerma","tag-sargento-cristiano"],"yoast_head":"<!-- This site is optimized with the Yoast SEO plugin v27.3 - https:\/\/yoast.com\/product\/yoast-seo-wordpress\/ -->\n<title>Javier Lerma es el nuevo Sargento Cristiano - COPE Alcoy<\/title>\n<meta name=\"robots\" content=\"index, follow, max-snippet:-1, max-image-preview:large, max-video-preview:-1\" \/>\n<link rel=\"canonical\" href=\"https:\/\/www.copealcoy.es\/es\/javier-lerma-nuevo-sargento-cristiano\/\" \/>\n<meta property=\"og:locale\" content=\"es_ES\" \/>\n<meta property=\"og:type\" content=\"article\" \/>\n<meta property=\"og:title\" content=\"Javier Lerma es el nuevo Sargento Cristiano - COPE Alcoy\" \/>\n<meta property=\"og:description\" content=\"Javier Lerma, de la Fil\u00e0 Verdes, fue elegido en la tarde de ayer como nuevo Sargento Cristiano para las fiestas...\" \/>\n<meta property=\"og:url\" content=\"https:\/\/www.copealcoy.es\/es\/javier-lerma-nuevo-sargento-cristiano\/\" \/>\n<meta property=\"og:site_name\" content=\"COPE Alcoy\" \/>\n<meta property=\"article:published_time\" content=\"2016-11-27T11:09:19+00:00\" \/>\n<meta property=\"og:image\" content=\"https:\/\/www.copealcoy.es\/wp-content\/uploads\/2016\/11\/15267728_965273836949435_8499555640471502369_n.jpg\" \/>\n\t<meta property=\"og:image:width\" content=\"776\" \/>\n\t<meta property=\"og:image:height\" content=\"635\" \/>\n\t<meta property=\"og:image:type\" content=\"image\/jpeg\" \/>\n<meta name=\"author\" content=\"Cope Alcoy\" \/>\n<meta name=\"twitter:label1\" content=\"Escrito por\" \/>\n\t<meta name=\"twitter:data1\" content=\"Cope Alcoy\" \/>\n\t<meta name=\"twitter:label2\" content=\"Tiempo de lectura\" \/>\n\t<meta name=\"twitter:data2\" content=\"1 minuto\" \/>\n<script type=\"application\/ld+json\" class=\"yoast-schema-graph\">{\"@context\":\"https:\\\/\\\/schema.org\",\"@graph\":[{\"@type\":\"Article\",\"@id\":\"https:\\\/\\\/www.copealcoy.es\\\/es\\\/javier-lerma-nuevo-sargento-cristiano\\\/#article\",\"isPartOf\":{\"@id\":\"https:\\\/\\\/www.copealcoy.es\\\/es\\\/javier-lerma-nuevo-sargento-cristiano\\\/\"},\"author\":{\"name\":\"Cope Alcoy\",\"@id\":\"https:\\\/\\\/www.copealcoy.es\\\/es\\\/#\\\/schema\\\/person\\\/e777c87fa024e57d40170af9df39882c\"},\"headline\":\"Javier Lerma es el nuevo Sargento Cristiano\",\"datePublished\":\"2016-11-27T11:09:19+00:00\",\"mainEntityOfPage\":{\"@id\":\"https:\\\/\\\/www.copealcoy.es\\\/es\\\/javier-lerma-nuevo-sargento-cristiano\\\/\"},\"wordCount\":142,\"commentCount\":0,\"image\":{\"@id\":\"https:\\\/\\\/www.copealcoy.es\\\/es\\\/javier-lerma-nuevo-sargento-cristiano\\\/#primaryimage\"},\"thumbnailUrl\":\"https:\\\/\\\/www.copealcoy.es\\\/wp-content\\\/uploads\\\/2016\\\/11\\\/15267728_965273836949435_8499555640471502369_n.jpg\",\"keywords\":[\"Alcoy\",\"Fil\u00e0 Verds\",\"Javier Lerma\",\"Sargento Cristiano\"],\"articleSection\":[\"Alcoy\",\"Fiesta y Cultura\",\"Noticias\"],\"inLanguage\":\"es\"},{\"@type\":\"WebPage\",\"@id\":\"https:\\\/\\\/www.copealcoy.es\\\/es\\\/javier-lerma-nuevo-sargento-cristiano\\\/\",\"url\":\"https:\\\/\\\/www.copealcoy.es\\\/es\\\/javier-lerma-nuevo-sargento-cristiano\\\/\",\"name\":\"Javier Lerma es el nuevo Sargento Cristiano - COPE Alcoy\",\"isPartOf\":{\"@id\":\"https:\\\/\\\/www.copealcoy.es\\\/es\\\/#website\"},\"primaryImageOfPage\":{\"@id\":\"https:\\\/\\\/www.copealcoy.es\\\/es\\\/javier-lerma-nuevo-sargento-cristiano\\\/#primaryimage\"},\"image\":{\"@id\":\"https:\\\/\\\/www.copealcoy.es\\\/es\\\/javier-lerma-nuevo-sargento-cristiano\\\/#primaryimage\"},\"thumbnailUrl\":\"https:\\\/\\\/www.copealcoy.es\\\/wp-content\\\/uploads\\\/2016\\\/11\\\/15267728_965273836949435_8499555640471502369_n.jpg\",\"datePublished\":\"2016-11-27T11:09:19+00:00\",\"author\":{\"@id\":\"https:\\\/\\\/www.copealcoy.es\\\/es\\\/#\\\/schema\\\/person\\\/e777c87fa024e57d40170af9df39882c\"},\"breadcrumb\":{\"@id\":\"https:\\\/\\\/www.copealcoy.es\\\/es\\\/javier-lerma-nuevo-sargento-cristiano\\\/#breadcrumb\"},\"inLanguage\":\"es\",\"potentialAction\":[{\"@type\":\"ReadAction\",\"target\":[\"https:\\\/\\\/www.copealcoy.es\\\/es\\\/javier-lerma-nuevo-sargento-cristiano\\\/\"]}]},{\"@type\":\"ImageObject\",\"inLanguage\":\"es\",\"@id\":\"https:\\\/\\\/www.copealcoy.es\\\/es\\\/javier-lerma-nuevo-sargento-cristiano\\\/#primaryimage\",\"url\":\"https:\\\/\\\/www.copealcoy.es\\\/wp-content\\\/uploads\\\/2016\\\/11\\\/15267728_965273836949435_8499555640471502369_n.jpg\",\"contentUrl\":\"https:\\\/\\\/www.copealcoy.es\\\/wp-content\\\/uploads\\\/2016\\\/11\\\/15267728_965273836949435_8499555640471502369_n.jpg\",\"width\":776,\"height\":635,\"caption\":\"Javier Lerma es el nuevo Sargento Cristiano \\\/ Foto: R. Llopis\"},{\"@type\":\"BreadcrumbList\",\"@id\":\"https:\\\/\\\/www.copealcoy.es\\\/es\\\/javier-lerma-nuevo-sargento-cristiano\\\/#breadcrumb\",\"itemListElement\":[{\"@type\":\"ListItem\",\"position\":1,\"name\":\"Portada\",\"item\":\"https:\\\/\\\/www.copealcoy.es\\\/es\\\/\"},{\"@type\":\"ListItem\",\"position\":2,\"name\":\"Javier Lerma es el nuevo Sargento Cristiano\"}]},{\"@type\":\"WebSite\",\"@id\":\"https:\\\/\\\/www.copealcoy.es\\\/es\\\/#website\",\"url\":\"https:\\\/\\\/www.copealcoy.es\\\/es\\\/\",\"name\":\"COPE Alcoy\",\"description\":\"Emisora COPE de radio local con emisi\u00f3n online. Pont de Sant Jordi 8-10 03803 Alcoy\",\"potentialAction\":[{\"@type\":\"SearchAction\",\"target\":{\"@type\":\"EntryPoint\",\"urlTemplate\":\"https:\\\/\\\/www.copealcoy.es\\\/es\\\/?s={search_term_string}\"},\"query-input\":{\"@type\":\"PropertyValueSpecification\",\"valueRequired\":true,\"valueName\":\"search_term_string\"}}],\"inLanguage\":\"es\"},{\"@type\":\"Person\",\"@id\":\"https:\\\/\\\/www.copealcoy.es\\\/es\\\/#\\\/schema\\\/person\\\/e777c87fa024e57d40170af9df39882c\",\"name\":\"Cope Alcoy\",\"image\":{\"@type\":\"ImageObject\",\"inLanguage\":\"es\",\"@id\":\"https:\\\/\\\/secure.gravatar.com\\\/avatar\\\/bb65d0283347e303893ba14f0692005417c1e0e690a325a4c5d8bb2b3943ee14?s=96&d=mm&r=g\",\"url\":\"https:\\\/\\\/secure.gravatar.com\\\/avatar\\\/bb65d0283347e303893ba14f0692005417c1e0e690a325a4c5d8bb2b3943ee14?s=96&d=mm&r=g\",\"contentUrl\":\"https:\\\/\\\/secure.gravatar.com\\\/avatar\\\/bb65d0283347e303893ba14f0692005417c1e0e690a325a4c5d8bb2b3943ee14?s=96&d=mm&r=g\",\"caption\":\"Cope Alcoy\"}}]}<\/script>\n<!-- \/ Yoast SEO plugin. -->","yoast_head_json":{"title":"Javier Lerma es el nuevo Sargento Cristiano - COPE Alcoy","robots":{"index":"index","follow":"follow","max-snippet":"max-snippet:-1","max-image-preview":"max-image-preview:large","max-video-preview":"max-video-preview:-1"},"canonical":"https:\/\/www.copealcoy.es\/es\/javier-lerma-nuevo-sargento-cristiano\/","og_locale":"es_ES","og_type":"article","og_title":"Javier Lerma es el nuevo Sargento Cristiano - COPE Alcoy","og_description":"Javier Lerma, de la Fil\u00e0 Verdes, fue elegido en la tarde de ayer como nuevo Sargento Cristiano para las fiestas...","og_url":"https:\/\/www.copealcoy.es\/es\/javier-lerma-nuevo-sargento-cristiano\/","og_site_name":"COPE Alcoy","article_published_time":"2016-11-27T11:09:19+00:00","og_image":[{"width":776,"height":635,"url":"https:\/\/www.copealcoy.es\/wp-content\/uploads\/2016\/11\/15267728_965273836949435_8499555640471502369_n.jpg","type":"image\/jpeg"}],"author":"Cope Alcoy","twitter_misc":{"Escrito por":"Cope Alcoy","Tiempo de lectura":"1 minuto"},"schema":{"@context":"https:\/\/schema.org","@graph":[{"@type":"Article","@id":"https:\/\/www.copealcoy.es\/es\/javier-lerma-nuevo-sargento-cristiano\/#article","isPartOf":{"@id":"https:\/\/www.copealcoy.es\/es\/javier-lerma-nuevo-sargento-cristiano\/"},"author":{"name":"Cope Alcoy","@id":"https:\/\/www.copealcoy.es\/es\/#\/schema\/person\/e777c87fa024e57d40170af9df39882c"},"headline":"Javier Lerma es el nuevo Sargento Cristiano","datePublished":"2016-11-27T11:09:19+00:00","mainEntityOfPage":{"@id":"https:\/\/www.copealcoy.es\/es\/javier-lerma-nuevo-sargento-cristiano\/"},"wordCount":142,"commentCount":0,"image":{"@id":"https:\/\/www.copealcoy.es\/es\/javier-lerma-nuevo-sargento-cristiano\/#primaryimage"},"thumbnailUrl":"https:\/\/www.copealcoy.es\/wp-content\/uploads\/2016\/11\/15267728_965273836949435_8499555640471502369_n.jpg","keywords":["Alcoy","Fil\u00e0 Verds","Javier Lerma","Sargento Cristiano"],"articleSection":["Alcoy","Fiesta y Cultura","Noticias"],"inLanguage":"es"},{"@type":"WebPage","@id":"https:\/\/www.copealcoy.es\/es\/javier-lerma-nuevo-sargento-cristiano\/","url":"https:\/\/www.copealcoy.es\/es\/javier-lerma-nuevo-sargento-cristiano\/","name":"Javier Lerma es el nuevo Sargento Cristiano - COPE Alcoy","isPartOf":{"@id":"https:\/\/www.copealcoy.es\/es\/#website"},"primaryImageOfPage":{"@id":"https:\/\/www.copealcoy.es\/es\/javier-lerma-nuevo-sargento-cristiano\/#primaryimage"},"image":{"@id":"https:\/\/www.copealcoy.es\/es\/javier-lerma-nuevo-sargento-cristiano\/#primaryimage"},"thumbnailUrl":"https:\/\/www.copealcoy.es\/wp-content\/uploads\/2016\/11\/15267728_965273836949435_8499555640471502369_n.jpg","datePublished":"2016-11-27T11:09:19+00:00","author":{"@id":"https:\/\/www.copealcoy.es\/es\/#\/schema\/person\/e777c87fa024e57d40170af9df39882c"},"breadcrumb":{"@id":"https:\/\/www.copealcoy.es\/es\/javier-lerma-nuevo-sargento-cristiano\/#breadcrumb"},"inLanguage":"es","potentialAction":[{"@type":"ReadAction","target":["https:\/\/www.copealcoy.es\/es\/javier-lerma-nuevo-sargento-cristiano\/"]}]},{"@type":"ImageObject","inLanguage":"es","@id":"https:\/\/www.copealcoy.es\/es\/javier-lerma-nuevo-sargento-cristiano\/#primaryimage","url":"https:\/\/www.copealcoy.es\/wp-content\/uploads\/2016\/11\/15267728_965273836949435_8499555640471502369_n.jpg","contentUrl":"https:\/\/www.copealcoy.es\/wp-content\/uploads\/2016\/11\/15267728_965273836949435_8499555640471502369_n.jpg","width":776,"height":635,"caption":"Javier Lerma es el nuevo Sargento Cristiano \/ Foto: R. Llopis"},{"@type":"BreadcrumbList","@id":"https:\/\/www.copealcoy.es\/es\/javier-lerma-nuevo-sargento-cristiano\/#breadcrumb","itemListElement":[{"@type":"ListItem","position":1,"name":"Portada","item":"https:\/\/www.copealcoy.es\/es\/"},{"@type":"ListItem","position":2,"name":"Javier Lerma es el nuevo Sargento Cristiano"}]},{"@type":"WebSite","@id":"https:\/\/www.copealcoy.es\/es\/#website","url":"https:\/\/www.copealcoy.es\/es\/","name":"COPE Alcoy","description":"Emisora COPE de radio local con emisi\u00f3n online. Pont de Sant Jordi 8-10 03803 Alcoy","potentialAction":[{"@type":"SearchAction","target":{"@type":"EntryPoint","urlTemplate":"https:\/\/www.copealcoy.es\/es\/?s={search_term_string}"},"query-input":{"@type":"PropertyValueSpecification","valueRequired":true,"valueName":"search_term_string"}}],"inLanguage":"es"},{"@type":"Person","@id":"https:\/\/www.copealcoy.es\/es\/#\/schema\/person\/e777c87fa024e57d40170af9df39882c","name":"Cope Alcoy","image":{"@type":"ImageObject","inLanguage":"es","@id":"https:\/\/secure.gravatar.com\/avatar\/bb65d0283347e303893ba14f0692005417c1e0e690a325a4c5d8bb2b3943ee14?s=96&d=mm&r=g","url":"https:\/\/secure.gravatar.com\/avatar\/bb65d0283347e303893ba14f0692005417c1e0e690a325a4c5d8bb2b3943ee14?s=96&d=mm&r=g","contentUrl":"https:\/\/secure.gravatar.com\/avatar\/bb65d0283347e303893ba14f0692005417c1e0e690a325a4c5d8bb2b3943ee14?s=96&d=mm&r=g","caption":"Cope Alcoy"}}]}},"_links":{"self":[{"href":"https:\/\/www.copealcoy.es\/es\/wp-json\/wp\/v2\/posts\/26856","targetHints":{"allow":["GET"]}}],"collection":[{"href":"https:\/\/www.copealcoy.es\/es\/wp-json\/wp\/v2\/posts"}],"about":[{"href":"https:\/\/www.copealcoy.es\/es\/wp-json\/wp\/v2\/types\/post"}],"author":[{"embeddable":true,"href":"https:\/\/www.copealcoy.es\/es\/wp-json\/wp\/v2\/users\/1"}],"replies":[{"embeddable":true,"href":"https:\/\/www.copealcoy.es\/es\/wp-json\/wp\/v2\/comments?post=26856"}],"version-history":[{"count":0,"href":"https:\/\/www.copealcoy.es\/es\/wp-json\/wp\/v2\/posts\/26856\/revisions"}],"wp:featuredmedia":[{"embeddable":true,"href":"https:\/\/www.copealcoy.es\/es\/wp-json\/wp\/v2\/media\/26857"}],"wp:attachment":[{"href":"https:\/\/www.copealcoy.es\/es\/wp-json\/wp\/v2\/media?parent=26856"}],"wp:term":[{"taxonomy":"category","embeddable":true,"href":"https:\/\/www.copealcoy.es\/es\/wp-json\/wp\/v2\/categories?post=26856"},{"taxonomy":"post_tag","embeddable":true,"href":"https:\/\/www.copealcoy.es\/es\/wp-json\/wp\/v2\/tags?post=26856"}],"curies":[{"name":"wp","href":"https:\/\/api.w.org\/{rel}","templated":true}]}}