{"id":26817,"date":"2016-11-25T16:23:31","date_gmt":"2016-11-25T16:23:31","guid":{"rendered":"http:\/\/copealcoi.es\/new\/?p=26817"},"modified":"2016-11-25T16:23:31","modified_gmt":"2016-11-25T16:23:31","slug":"los-comercios-alcoy-se-suman-al-black-friday","status":"publish","type":"post","link":"https:\/\/www.copealcoy.es\/es\/los-comercios-alcoy-se-suman-al-black-friday\/","title":{"rendered":"Los comercios de Alcoy se suman al Black Friday"},"content":{"rendered":"<p style=\"text-align: justify;\">Los comercios de Alcoy se suman este viernes al<strong> Black Friday<\/strong>, conocido tambi\u00e9n como el viernes negro, y una tradici\u00f3n proveniente de las rebajas que se celebran en Estados Unidos en la jornada posterior al D\u00eda de Acci\u00f3n de Gracias. Durante todo el d\u00eda de hoy los comercios pertenecientes a la <a href=\"https:\/\/es-es.facebook.com\/alcoycomercial\/\"><strong>Federaci\u00f3n Alcoy Comercial<\/strong><\/a> ofrecer\u00e1n <strong>importantes descuentos<\/strong> y adem\u00e1s han decorado las entradas de la calle con <strong>una alfombra negra as\u00ed como plantas<\/strong>. Los establecimientos <strong>estar\u00e1n abiertos hasta las diez de la noche<\/strong> para facilitar las compras a todos los clientes de Alcoy y tambi\u00e9n de las comarcas del Comtat y de L\u00b4Alcoi\u00e0<\/p>\n<p><iframe loading=\"lazy\" title=\"RP Black Friday\" width=\"1200\" height=\"675\" src=\"https:\/\/www.youtube.com\/embed\/68DP-gERg28?feature=oembed\" frameborder=\"0\" allow=\"accelerometer; autoplay; encrypted-media; gyroscope; picture-in-picture\" allowfullscreen><\/iframe><\/p>\n<p style=\"text-align: justify;\">\n","protected":false},"excerpt":{"rendered":"<p>Los comercios de Alcoy se suman este viernes al Black Friday, conocido tambi\u00e9n como el viernes negro, y una tradici\u00f3n&#8230;<\/p>\n","protected":false},"author":1,"featured_media":26818,"comment_status":"open","ping_status":"open","sticky":false,"template":"","format":"standard","meta":{"footnotes":""},"categories":[97,75],"tags":[1494,1643,467,3336],"class_list":["post-26817","post","type-post","status-publish","format-standard","has-post-thumbnail","hentry","category-alcoy","category-noticias","tag-alcoy","tag-black-friday","tag-comercio","tag-federacion-alcoy-comercial"],"yoast_head":"<!-- This site is optimized with the Yoast SEO plugin v27.3 - https:\/\/yoast.com\/product\/yoast-seo-wordpress\/ -->\n<title>Los comercios de Alcoy se suman al Black Friday - COPE Alcoy<\/title>\n<meta name=\"robots\" content=\"index, follow, max-snippet:-1, max-image-preview:large, max-video-preview:-1\" \/>\n<link rel=\"canonical\" href=\"https:\/\/www.copealcoy.es\/es\/los-comercios-alcoy-se-suman-al-black-friday\/\" \/>\n<meta property=\"og:locale\" content=\"es_ES\" \/>\n<meta property=\"og:type\" content=\"article\" \/>\n<meta property=\"og:title\" content=\"Los comercios de Alcoy se suman al Black Friday - COPE Alcoy\" \/>\n<meta property=\"og:description\" content=\"Los comercios de Alcoy se suman este viernes al Black Friday, conocido tambi\u00e9n como el viernes negro, y una tradici\u00f3n...\" \/>\n<meta property=\"og:url\" content=\"https:\/\/www.copealcoy.es\/es\/los-comercios-alcoy-se-suman-al-black-friday\/\" \/>\n<meta property=\"og:site_name\" content=\"COPE Alcoy\" \/>\n<meta property=\"article:published_time\" content=\"2016-11-25T16:23:31+00:00\" \/>\n<meta property=\"og:image\" content=\"https:\/\/www.copealcoy.es\/wp-content\/uploads\/2016\/11\/15181646_1857819234440775_5647018400332985983_n-e1480090985612.jpg\" \/>\n\t<meta property=\"og:image:width\" content=\"957\" \/>\n\t<meta property=\"og:image:height\" content=\"571\" \/>\n\t<meta property=\"og:image:type\" content=\"image\/jpeg\" \/>\n<meta name=\"author\" content=\"Cope Alcoy\" \/>\n<meta name=\"twitter:label1\" content=\"Escrito por\" \/>\n\t<meta name=\"twitter:data1\" content=\"Cope Alcoy\" \/>\n\t<meta name=\"twitter:label2\" content=\"Tiempo de lectura\" \/>\n\t<meta name=\"twitter:data2\" content=\"1 minuto\" \/>\n<script type=\"application\/ld+json\" class=\"yoast-schema-graph\">{\"@context\":\"https:\\\/\\\/schema.org\",\"@graph\":[{\"@type\":\"Article\",\"@id\":\"https:\\\/\\\/www.copealcoy.es\\\/es\\\/los-comercios-alcoy-se-suman-al-black-friday\\\/#article\",\"isPartOf\":{\"@id\":\"https:\\\/\\\/www.copealcoy.es\\\/es\\\/los-comercios-alcoy-se-suman-al-black-friday\\\/\"},\"author\":{\"name\":\"Cope Alcoy\",\"@id\":\"https:\\\/\\\/www.copealcoy.es\\\/es\\\/#\\\/schema\\\/person\\\/e777c87fa024e57d40170af9df39882c\"},\"headline\":\"Los comercios de Alcoy se suman al Black Friday\",\"datePublished\":\"2016-11-25T16:23:31+00:00\",\"mainEntityOfPage\":{\"@id\":\"https:\\\/\\\/www.copealcoy.es\\\/es\\\/los-comercios-alcoy-se-suman-al-black-friday\\\/\"},\"wordCount\":130,\"commentCount\":0,\"image\":{\"@id\":\"https:\\\/\\\/www.copealcoy.es\\\/es\\\/los-comercios-alcoy-se-suman-al-black-friday\\\/#primaryimage\"},\"thumbnailUrl\":\"https:\\\/\\\/www.copealcoy.es\\\/wp-content\\\/uploads\\\/2016\\\/11\\\/15181646_1857819234440775_5647018400332985983_n-e1480090985612.jpg\",\"keywords\":[\"Alcoy\",\"Black Friday\",\"Comercio\",\"Federaci\u00f3n Alcoy Comercial\"],\"articleSection\":[\"Alcoy\",\"Noticias\"],\"inLanguage\":\"es\"},{\"@type\":\"WebPage\",\"@id\":\"https:\\\/\\\/www.copealcoy.es\\\/es\\\/los-comercios-alcoy-se-suman-al-black-friday\\\/\",\"url\":\"https:\\\/\\\/www.copealcoy.es\\\/es\\\/los-comercios-alcoy-se-suman-al-black-friday\\\/\",\"name\":\"Los comercios de Alcoy se suman al Black Friday - COPE Alcoy\",\"isPartOf\":{\"@id\":\"https:\\\/\\\/www.copealcoy.es\\\/es\\\/#website\"},\"primaryImageOfPage\":{\"@id\":\"https:\\\/\\\/www.copealcoy.es\\\/es\\\/los-comercios-alcoy-se-suman-al-black-friday\\\/#primaryimage\"},\"image\":{\"@id\":\"https:\\\/\\\/www.copealcoy.es\\\/es\\\/los-comercios-alcoy-se-suman-al-black-friday\\\/#primaryimage\"},\"thumbnailUrl\":\"https:\\\/\\\/www.copealcoy.es\\\/wp-content\\\/uploads\\\/2016\\\/11\\\/15181646_1857819234440775_5647018400332985983_n-e1480090985612.jpg\",\"datePublished\":\"2016-11-25T16:23:31+00:00\",\"author\":{\"@id\":\"https:\\\/\\\/www.copealcoy.es\\\/es\\\/#\\\/schema\\\/person\\\/e777c87fa024e57d40170af9df39882c\"},\"breadcrumb\":{\"@id\":\"https:\\\/\\\/www.copealcoy.es\\\/es\\\/los-comercios-alcoy-se-suman-al-black-friday\\\/#breadcrumb\"},\"inLanguage\":\"es\",\"potentialAction\":[{\"@type\":\"ReadAction\",\"target\":[\"https:\\\/\\\/www.copealcoy.es\\\/es\\\/los-comercios-alcoy-se-suman-al-black-friday\\\/\"]}]},{\"@type\":\"ImageObject\",\"inLanguage\":\"es\",\"@id\":\"https:\\\/\\\/www.copealcoy.es\\\/es\\\/los-comercios-alcoy-se-suman-al-black-friday\\\/#primaryimage\",\"url\":\"https:\\\/\\\/www.copealcoy.es\\\/wp-content\\\/uploads\\\/2016\\\/11\\\/15181646_1857819234440775_5647018400332985983_n-e1480090985612.jpg\",\"contentUrl\":\"https:\\\/\\\/www.copealcoy.es\\\/wp-content\\\/uploads\\\/2016\\\/11\\\/15181646_1857819234440775_5647018400332985983_n-e1480090985612.jpg\",\"width\":957,\"height\":571,\"caption\":\"Los comercios de Alcoy ofrecen hoy importantes descuentos\"},{\"@type\":\"BreadcrumbList\",\"@id\":\"https:\\\/\\\/www.copealcoy.es\\\/es\\\/los-comercios-alcoy-se-suman-al-black-friday\\\/#breadcrumb\",\"itemListElement\":[{\"@type\":\"ListItem\",\"position\":1,\"name\":\"Portada\",\"item\":\"https:\\\/\\\/www.copealcoy.es\\\/es\\\/\"},{\"@type\":\"ListItem\",\"position\":2,\"name\":\"Los comercios de Alcoy se suman al Black Friday\"}]},{\"@type\":\"WebSite\",\"@id\":\"https:\\\/\\\/www.copealcoy.es\\\/es\\\/#website\",\"url\":\"https:\\\/\\\/www.copealcoy.es\\\/es\\\/\",\"name\":\"COPE Alcoy\",\"description\":\"Emisora COPE de radio local con emisi\u00f3n online. Pont de Sant Jordi 8-10 03803 Alcoy\",\"potentialAction\":[{\"@type\":\"SearchAction\",\"target\":{\"@type\":\"EntryPoint\",\"urlTemplate\":\"https:\\\/\\\/www.copealcoy.es\\\/es\\\/?s={search_term_string}\"},\"query-input\":{\"@type\":\"PropertyValueSpecification\",\"valueRequired\":true,\"valueName\":\"search_term_string\"}}],\"inLanguage\":\"es\"},{\"@type\":\"Person\",\"@id\":\"https:\\\/\\\/www.copealcoy.es\\\/es\\\/#\\\/schema\\\/person\\\/e777c87fa024e57d40170af9df39882c\",\"name\":\"Cope Alcoy\",\"image\":{\"@type\":\"ImageObject\",\"inLanguage\":\"es\",\"@id\":\"https:\\\/\\\/secure.gravatar.com\\\/avatar\\\/bb65d0283347e303893ba14f0692005417c1e0e690a325a4c5d8bb2b3943ee14?s=96&d=mm&r=g\",\"url\":\"https:\\\/\\\/secure.gravatar.com\\\/avatar\\\/bb65d0283347e303893ba14f0692005417c1e0e690a325a4c5d8bb2b3943ee14?s=96&d=mm&r=g\",\"contentUrl\":\"https:\\\/\\\/secure.gravatar.com\\\/avatar\\\/bb65d0283347e303893ba14f0692005417c1e0e690a325a4c5d8bb2b3943ee14?s=96&d=mm&r=g\",\"caption\":\"Cope Alcoy\"}}]}<\/script>\n<!-- \/ Yoast SEO plugin. -->","yoast_head_json":{"title":"Los comercios de Alcoy se suman al Black Friday - COPE Alcoy","robots":{"index":"index","follow":"follow","max-snippet":"max-snippet:-1","max-image-preview":"max-image-preview:large","max-video-preview":"max-video-preview:-1"},"canonical":"https:\/\/www.copealcoy.es\/es\/los-comercios-alcoy-se-suman-al-black-friday\/","og_locale":"es_ES","og_type":"article","og_title":"Los comercios de Alcoy se suman al Black Friday - COPE Alcoy","og_description":"Los comercios de Alcoy se suman este viernes al Black Friday, conocido tambi\u00e9n como el viernes negro, y una tradici\u00f3n...","og_url":"https:\/\/www.copealcoy.es\/es\/los-comercios-alcoy-se-suman-al-black-friday\/","og_site_name":"COPE Alcoy","article_published_time":"2016-11-25T16:23:31+00:00","og_image":[{"width":957,"height":571,"url":"https:\/\/www.copealcoy.es\/wp-content\/uploads\/2016\/11\/15181646_1857819234440775_5647018400332985983_n-e1480090985612.jpg","type":"image\/jpeg"}],"author":"Cope Alcoy","twitter_misc":{"Escrito por":"Cope Alcoy","Tiempo de lectura":"1 minuto"},"schema":{"@context":"https:\/\/schema.org","@graph":[{"@type":"Article","@id":"https:\/\/www.copealcoy.es\/es\/los-comercios-alcoy-se-suman-al-black-friday\/#article","isPartOf":{"@id":"https:\/\/www.copealcoy.es\/es\/los-comercios-alcoy-se-suman-al-black-friday\/"},"author":{"name":"Cope Alcoy","@id":"https:\/\/www.copealcoy.es\/es\/#\/schema\/person\/e777c87fa024e57d40170af9df39882c"},"headline":"Los comercios de Alcoy se suman al Black Friday","datePublished":"2016-11-25T16:23:31+00:00","mainEntityOfPage":{"@id":"https:\/\/www.copealcoy.es\/es\/los-comercios-alcoy-se-suman-al-black-friday\/"},"wordCount":130,"commentCount":0,"image":{"@id":"https:\/\/www.copealcoy.es\/es\/los-comercios-alcoy-se-suman-al-black-friday\/#primaryimage"},"thumbnailUrl":"https:\/\/www.copealcoy.es\/wp-content\/uploads\/2016\/11\/15181646_1857819234440775_5647018400332985983_n-e1480090985612.jpg","keywords":["Alcoy","Black Friday","Comercio","Federaci\u00f3n Alcoy Comercial"],"articleSection":["Alcoy","Noticias"],"inLanguage":"es"},{"@type":"WebPage","@id":"https:\/\/www.copealcoy.es\/es\/los-comercios-alcoy-se-suman-al-black-friday\/","url":"https:\/\/www.copealcoy.es\/es\/los-comercios-alcoy-se-suman-al-black-friday\/","name":"Los comercios de Alcoy se suman al Black Friday - COPE Alcoy","isPartOf":{"@id":"https:\/\/www.copealcoy.es\/es\/#website"},"primaryImageOfPage":{"@id":"https:\/\/www.copealcoy.es\/es\/los-comercios-alcoy-se-suman-al-black-friday\/#primaryimage"},"image":{"@id":"https:\/\/www.copealcoy.es\/es\/los-comercios-alcoy-se-suman-al-black-friday\/#primaryimage"},"thumbnailUrl":"https:\/\/www.copealcoy.es\/wp-content\/uploads\/2016\/11\/15181646_1857819234440775_5647018400332985983_n-e1480090985612.jpg","datePublished":"2016-11-25T16:23:31+00:00","author":{"@id":"https:\/\/www.copealcoy.es\/es\/#\/schema\/person\/e777c87fa024e57d40170af9df39882c"},"breadcrumb":{"@id":"https:\/\/www.copealcoy.es\/es\/los-comercios-alcoy-se-suman-al-black-friday\/#breadcrumb"},"inLanguage":"es","potentialAction":[{"@type":"ReadAction","target":["https:\/\/www.copealcoy.es\/es\/los-comercios-alcoy-se-suman-al-black-friday\/"]}]},{"@type":"ImageObject","inLanguage":"es","@id":"https:\/\/www.copealcoy.es\/es\/los-comercios-alcoy-se-suman-al-black-friday\/#primaryimage","url":"https:\/\/www.copealcoy.es\/wp-content\/uploads\/2016\/11\/15181646_1857819234440775_5647018400332985983_n-e1480090985612.jpg","contentUrl":"https:\/\/www.copealcoy.es\/wp-content\/uploads\/2016\/11\/15181646_1857819234440775_5647018400332985983_n-e1480090985612.jpg","width":957,"height":571,"caption":"Los comercios de Alcoy ofrecen hoy importantes descuentos"},{"@type":"BreadcrumbList","@id":"https:\/\/www.copealcoy.es\/es\/los-comercios-alcoy-se-suman-al-black-friday\/#breadcrumb","itemListElement":[{"@type":"ListItem","position":1,"name":"Portada","item":"https:\/\/www.copealcoy.es\/es\/"},{"@type":"ListItem","position":2,"name":"Los comercios de Alcoy se suman al Black Friday"}]},{"@type":"WebSite","@id":"https:\/\/www.copealcoy.es\/es\/#website","url":"https:\/\/www.copealcoy.es\/es\/","name":"COPE Alcoy","description":"Emisora COPE de radio local con emisi\u00f3n online. Pont de Sant Jordi 8-10 03803 Alcoy","potentialAction":[{"@type":"SearchAction","target":{"@type":"EntryPoint","urlTemplate":"https:\/\/www.copealcoy.es\/es\/?s={search_term_string}"},"query-input":{"@type":"PropertyValueSpecification","valueRequired":true,"valueName":"search_term_string"}}],"inLanguage":"es"},{"@type":"Person","@id":"https:\/\/www.copealcoy.es\/es\/#\/schema\/person\/e777c87fa024e57d40170af9df39882c","name":"Cope Alcoy","image":{"@type":"ImageObject","inLanguage":"es","@id":"https:\/\/secure.gravatar.com\/avatar\/bb65d0283347e303893ba14f0692005417c1e0e690a325a4c5d8bb2b3943ee14?s=96&d=mm&r=g","url":"https:\/\/secure.gravatar.com\/avatar\/bb65d0283347e303893ba14f0692005417c1e0e690a325a4c5d8bb2b3943ee14?s=96&d=mm&r=g","contentUrl":"https:\/\/secure.gravatar.com\/avatar\/bb65d0283347e303893ba14f0692005417c1e0e690a325a4c5d8bb2b3943ee14?s=96&d=mm&r=g","caption":"Cope Alcoy"}}]}},"_links":{"self":[{"href":"https:\/\/www.copealcoy.es\/es\/wp-json\/wp\/v2\/posts\/26817","targetHints":{"allow":["GET"]}}],"collection":[{"href":"https:\/\/www.copealcoy.es\/es\/wp-json\/wp\/v2\/posts"}],"about":[{"href":"https:\/\/www.copealcoy.es\/es\/wp-json\/wp\/v2\/types\/post"}],"author":[{"embeddable":true,"href":"https:\/\/www.copealcoy.es\/es\/wp-json\/wp\/v2\/users\/1"}],"replies":[{"embeddable":true,"href":"https:\/\/www.copealcoy.es\/es\/wp-json\/wp\/v2\/comments?post=26817"}],"version-history":[{"count":0,"href":"https:\/\/www.copealcoy.es\/es\/wp-json\/wp\/v2\/posts\/26817\/revisions"}],"wp:featuredmedia":[{"embeddable":true,"href":"https:\/\/www.copealcoy.es\/es\/wp-json\/wp\/v2\/media\/26818"}],"wp:attachment":[{"href":"https:\/\/www.copealcoy.es\/es\/wp-json\/wp\/v2\/media?parent=26817"}],"wp:term":[{"taxonomy":"category","embeddable":true,"href":"https:\/\/www.copealcoy.es\/es\/wp-json\/wp\/v2\/categories?post=26817"},{"taxonomy":"post_tag","embeddable":true,"href":"https:\/\/www.copealcoy.es\/es\/wp-json\/wp\/v2\/tags?post=26817"}],"curies":[{"name":"wp","href":"https:\/\/api.w.org\/{rel}","templated":true}]}}