{"id":26758,"date":"2016-11-23T16:19:32","date_gmt":"2016-11-23T16:19:32","guid":{"rendered":"http:\/\/copealcoi.es\/new\/?p=26758"},"modified":"2016-11-23T16:19:32","modified_gmt":"2016-11-23T16:19:32","slug":"elegidas-las-propuestas-surgidas-de-los-presupuestos-participativos-de-muro","status":"publish","type":"post","link":"https:\/\/www.copealcoy.es\/es\/elegidas-las-propuestas-surgidas-de-los-presupuestos-participativos-de-muro\/","title":{"rendered":"Elegidas las propuestas surgidas de los presupuestos participativos de Muro"},"content":{"rendered":"<p style=\"text-align: justify;\">La campa\u00f1a de los <strong>presupuestos participativos de Muro<\/strong> de este 2016 concluy\u00f3 el pasado 21 de noviembre con el <strong>recuento de los votos y la elecci\u00f3n de las propuestas finales<\/strong> planteadas por la ciudadan\u00eda que permitir\u00e1n ejecutar varias inversiones hasta alcanzar los <strong>40.000 euros<\/strong>.<\/p>\n<p style=\"text-align: justify;\">Hay que destacar, seg\u00fan la informaci\u00f3n facilitada por el Ayuntamiento, que se contabilizaron <strong>201 votos<\/strong>, 10 de ellos nulos; procedentes de los vecinos de Muro mayores de 16 a\u00f1os que ten\u00edan derecho a votar en esta iniciativa. De esta forma los participantes escogieron de entre las 16 propuestas que hab\u00edan quedado clasificadas a finales de noviembre dejando los siguientes resultados por prioridad de voto. En primer lugar las mureras y mureros han pedido con 102 votos la <strong>compra y renovaci\u00f3n de equipos inform\u00e1ticos\u00a0en la Biblioteca<\/strong> seguido de la creaci\u00f3n de una zona al aire libre para <strong>gimnasia de mayores<\/strong> con 86 votos, la dotaci\u00f3n de <strong>equipamiento t\u00e9cnico<\/strong> al Centro Cultural Polivalente con 64 votos,<strong> canastas de b\u00e1squet regulables de altura<\/strong> con 43 votos, adecuaci\u00f3n de butacas y colocaci\u00f3n de puertas de seguridad en el Centro Cultural con 43 votos y un <strong>gimnasio de calle<\/strong> con 40 votos. Por su parte ha quedado excluida la idea de acondicionar la <strong>pista exterior de patinaje<\/strong> por superar el coste permitido aunque se estudiar\u00e1 su posible realizaci\u00f3n a trav\u00e9s del remanente de tesorer\u00eda.<\/p>\n<p style=\"text-align: justify;\">El edil de Participaci\u00f3n Ciudadana,<strong> Kike Pascual<\/strong>, recuerda que todas estas actuaciones se incluir\u00e1n en el presupuesto municipal del pr\u00f3ximo a\u00f1o con su correspondiente <strong>seguimiento y evaluaci\u00f3n final<\/strong> <em>\u201cquiero dar las gracias a todos los que han hecho posible estos primeros presupuestos participativos y nuestro objetivo futuro pasar\u00e1 por seguir manteniendo encendida la llama de la democracia del futuro, una democracia donde la gente pueda tomar cada vez m\u00e1s decisiones pol\u00edticas que les afectan\u201d,<\/em> resalta. Por \u00faltimo el concejal indica que de cara al a\u00f1o que viene se quiere <strong>mejorar el proceso de los presupuestos participativos<\/strong> aplicando una ampliaci\u00f3n de horarios, votaciones telem\u00e1ticas e incluso mayor difusi\u00f3n para fomentar la implicaci\u00f3n de los vecinos.<\/p>\n","protected":false},"excerpt":{"rendered":"<p>La campa\u00f1a de los presupuestos participativos de Muro de este 2016 concluy\u00f3 el pasado 21 de noviembre con el recuento&#8230;<\/p>\n","protected":false},"author":1,"featured_media":15032,"comment_status":"open","ping_status":"open","sticky":false,"template":"","format":"standard","meta":{"footnotes":""},"categories":[98,75],"tags":[237,3319,135,819],"class_list":["post-26758","post","type-post","status-publish","format-standard","has-post-thumbnail","hentry","category-comarcas","category-noticias","tag-comtat","tag-kike-pascual","tag-muro","tag-presupuestos-participativos"],"yoast_head":"<!-- This site is optimized with the Yoast SEO plugin v27.3 - https:\/\/yoast.com\/product\/yoast-seo-wordpress\/ -->\n<title>Elegidas las propuestas surgidas de los presupuestos participativos de Muro - COPE Alcoy<\/title>\n<meta name=\"robots\" content=\"index, follow, max-snippet:-1, max-image-preview:large, max-video-preview:-1\" \/>\n<link rel=\"canonical\" href=\"https:\/\/www.copealcoy.es\/es\/elegidas-las-propuestas-surgidas-de-los-presupuestos-participativos-de-muro\/\" \/>\n<meta property=\"og:locale\" content=\"es_ES\" \/>\n<meta property=\"og:type\" content=\"article\" \/>\n<meta property=\"og:title\" content=\"Elegidas las propuestas surgidas de los presupuestos participativos de Muro - COPE Alcoy\" \/>\n<meta property=\"og:description\" content=\"La campa\u00f1a de los presupuestos participativos de Muro de este 2016 concluy\u00f3 el pasado 21 de noviembre con el recuento...\" \/>\n<meta property=\"og:url\" content=\"https:\/\/www.copealcoy.es\/es\/elegidas-las-propuestas-surgidas-de-los-presupuestos-participativos-de-muro\/\" \/>\n<meta property=\"og:site_name\" content=\"COPE Alcoy\" \/>\n<meta property=\"article:published_time\" content=\"2016-11-23T16:19:32+00:00\" \/>\n<meta property=\"og:image\" content=\"https:\/\/www.copealcoy.es\/wp-content\/uploads\/2015\/08\/22240726.jpg\" \/>\n\t<meta property=\"og:image:width\" content=\"1280\" \/>\n\t<meta property=\"og:image:height\" content=\"853\" \/>\n\t<meta property=\"og:image:type\" content=\"image\/jpeg\" \/>\n<meta name=\"author\" content=\"Cope Alcoy\" \/>\n<meta name=\"twitter:label1\" content=\"Escrito por\" \/>\n\t<meta name=\"twitter:data1\" content=\"Cope Alcoy\" \/>\n\t<meta name=\"twitter:label2\" content=\"Tiempo de lectura\" \/>\n\t<meta name=\"twitter:data2\" content=\"2 minutos\" \/>\n<script type=\"application\/ld+json\" class=\"yoast-schema-graph\">{\"@context\":\"https:\\\/\\\/schema.org\",\"@graph\":[{\"@type\":\"Article\",\"@id\":\"https:\\\/\\\/www.copealcoy.es\\\/es\\\/elegidas-las-propuestas-surgidas-de-los-presupuestos-participativos-de-muro\\\/#article\",\"isPartOf\":{\"@id\":\"https:\\\/\\\/www.copealcoy.es\\\/es\\\/elegidas-las-propuestas-surgidas-de-los-presupuestos-participativos-de-muro\\\/\"},\"author\":{\"name\":\"Cope Alcoy\",\"@id\":\"https:\\\/\\\/www.copealcoy.es\\\/es\\\/#\\\/schema\\\/person\\\/e777c87fa024e57d40170af9df39882c\"},\"headline\":\"Elegidas las propuestas surgidas de los presupuestos participativos de Muro\",\"datePublished\":\"2016-11-23T16:19:32+00:00\",\"mainEntityOfPage\":{\"@id\":\"https:\\\/\\\/www.copealcoy.es\\\/es\\\/elegidas-las-propuestas-surgidas-de-los-presupuestos-participativos-de-muro\\\/\"},\"wordCount\":367,\"commentCount\":0,\"image\":{\"@id\":\"https:\\\/\\\/www.copealcoy.es\\\/es\\\/elegidas-las-propuestas-surgidas-de-los-presupuestos-participativos-de-muro\\\/#primaryimage\"},\"thumbnailUrl\":\"https:\\\/\\\/www.copealcoy.es\\\/wp-content\\\/uploads\\\/2015\\\/08\\\/22240726.jpg\",\"keywords\":[\"Comtat\",\"Kike Pascual\",\"Muro\",\"Presupuestos participativos\"],\"articleSection\":[\"Comarcas\",\"Noticias\"],\"inLanguage\":\"es\"},{\"@type\":\"WebPage\",\"@id\":\"https:\\\/\\\/www.copealcoy.es\\\/es\\\/elegidas-las-propuestas-surgidas-de-los-presupuestos-participativos-de-muro\\\/\",\"url\":\"https:\\\/\\\/www.copealcoy.es\\\/es\\\/elegidas-las-propuestas-surgidas-de-los-presupuestos-participativos-de-muro\\\/\",\"name\":\"Elegidas las propuestas surgidas de los presupuestos participativos de Muro - COPE Alcoy\",\"isPartOf\":{\"@id\":\"https:\\\/\\\/www.copealcoy.es\\\/es\\\/#website\"},\"primaryImageOfPage\":{\"@id\":\"https:\\\/\\\/www.copealcoy.es\\\/es\\\/elegidas-las-propuestas-surgidas-de-los-presupuestos-participativos-de-muro\\\/#primaryimage\"},\"image\":{\"@id\":\"https:\\\/\\\/www.copealcoy.es\\\/es\\\/elegidas-las-propuestas-surgidas-de-los-presupuestos-participativos-de-muro\\\/#primaryimage\"},\"thumbnailUrl\":\"https:\\\/\\\/www.copealcoy.es\\\/wp-content\\\/uploads\\\/2015\\\/08\\\/22240726.jpg\",\"datePublished\":\"2016-11-23T16:19:32+00:00\",\"author\":{\"@id\":\"https:\\\/\\\/www.copealcoy.es\\\/es\\\/#\\\/schema\\\/person\\\/e777c87fa024e57d40170af9df39882c\"},\"breadcrumb\":{\"@id\":\"https:\\\/\\\/www.copealcoy.es\\\/es\\\/elegidas-las-propuestas-surgidas-de-los-presupuestos-participativos-de-muro\\\/#breadcrumb\"},\"inLanguage\":\"es\",\"potentialAction\":[{\"@type\":\"ReadAction\",\"target\":[\"https:\\\/\\\/www.copealcoy.es\\\/es\\\/elegidas-las-propuestas-surgidas-de-los-presupuestos-participativos-de-muro\\\/\"]}]},{\"@type\":\"ImageObject\",\"inLanguage\":\"es\",\"@id\":\"https:\\\/\\\/www.copealcoy.es\\\/es\\\/elegidas-las-propuestas-surgidas-de-los-presupuestos-participativos-de-muro\\\/#primaryimage\",\"url\":\"https:\\\/\\\/www.copealcoy.es\\\/wp-content\\\/uploads\\\/2015\\\/08\\\/22240726.jpg\",\"contentUrl\":\"https:\\\/\\\/www.copealcoy.es\\\/wp-content\\\/uploads\\\/2015\\\/08\\\/22240726.jpg\",\"width\":1280,\"height\":853},{\"@type\":\"BreadcrumbList\",\"@id\":\"https:\\\/\\\/www.copealcoy.es\\\/es\\\/elegidas-las-propuestas-surgidas-de-los-presupuestos-participativos-de-muro\\\/#breadcrumb\",\"itemListElement\":[{\"@type\":\"ListItem\",\"position\":1,\"name\":\"Portada\",\"item\":\"https:\\\/\\\/www.copealcoy.es\\\/es\\\/\"},{\"@type\":\"ListItem\",\"position\":2,\"name\":\"Elegidas las propuestas surgidas de los presupuestos participativos de Muro\"}]},{\"@type\":\"WebSite\",\"@id\":\"https:\\\/\\\/www.copealcoy.es\\\/es\\\/#website\",\"url\":\"https:\\\/\\\/www.copealcoy.es\\\/es\\\/\",\"name\":\"COPE Alcoy\",\"description\":\"Emisora COPE de radio local con emisi\u00f3n online. Pont de Sant Jordi 8-10 03803 Alcoy\",\"potentialAction\":[{\"@type\":\"SearchAction\",\"target\":{\"@type\":\"EntryPoint\",\"urlTemplate\":\"https:\\\/\\\/www.copealcoy.es\\\/es\\\/?s={search_term_string}\"},\"query-input\":{\"@type\":\"PropertyValueSpecification\",\"valueRequired\":true,\"valueName\":\"search_term_string\"}}],\"inLanguage\":\"es\"},{\"@type\":\"Person\",\"@id\":\"https:\\\/\\\/www.copealcoy.es\\\/es\\\/#\\\/schema\\\/person\\\/e777c87fa024e57d40170af9df39882c\",\"name\":\"Cope Alcoy\",\"image\":{\"@type\":\"ImageObject\",\"inLanguage\":\"es\",\"@id\":\"https:\\\/\\\/secure.gravatar.com\\\/avatar\\\/bb65d0283347e303893ba14f0692005417c1e0e690a325a4c5d8bb2b3943ee14?s=96&d=mm&r=g\",\"url\":\"https:\\\/\\\/secure.gravatar.com\\\/avatar\\\/bb65d0283347e303893ba14f0692005417c1e0e690a325a4c5d8bb2b3943ee14?s=96&d=mm&r=g\",\"contentUrl\":\"https:\\\/\\\/secure.gravatar.com\\\/avatar\\\/bb65d0283347e303893ba14f0692005417c1e0e690a325a4c5d8bb2b3943ee14?s=96&d=mm&r=g\",\"caption\":\"Cope Alcoy\"}}]}<\/script>\n<!-- \/ Yoast SEO plugin. -->","yoast_head_json":{"title":"Elegidas las propuestas surgidas de los presupuestos participativos de Muro - COPE Alcoy","robots":{"index":"index","follow":"follow","max-snippet":"max-snippet:-1","max-image-preview":"max-image-preview:large","max-video-preview":"max-video-preview:-1"},"canonical":"https:\/\/www.copealcoy.es\/es\/elegidas-las-propuestas-surgidas-de-los-presupuestos-participativos-de-muro\/","og_locale":"es_ES","og_type":"article","og_title":"Elegidas las propuestas surgidas de los presupuestos participativos de Muro - COPE Alcoy","og_description":"La campa\u00f1a de los presupuestos participativos de Muro de este 2016 concluy\u00f3 el pasado 21 de noviembre con el recuento...","og_url":"https:\/\/www.copealcoy.es\/es\/elegidas-las-propuestas-surgidas-de-los-presupuestos-participativos-de-muro\/","og_site_name":"COPE Alcoy","article_published_time":"2016-11-23T16:19:32+00:00","og_image":[{"width":1280,"height":853,"url":"https:\/\/www.copealcoy.es\/wp-content\/uploads\/2015\/08\/22240726.jpg","type":"image\/jpeg"}],"author":"Cope Alcoy","twitter_misc":{"Escrito por":"Cope Alcoy","Tiempo de lectura":"2 minutos"},"schema":{"@context":"https:\/\/schema.org","@graph":[{"@type":"Article","@id":"https:\/\/www.copealcoy.es\/es\/elegidas-las-propuestas-surgidas-de-los-presupuestos-participativos-de-muro\/#article","isPartOf":{"@id":"https:\/\/www.copealcoy.es\/es\/elegidas-las-propuestas-surgidas-de-los-presupuestos-participativos-de-muro\/"},"author":{"name":"Cope Alcoy","@id":"https:\/\/www.copealcoy.es\/es\/#\/schema\/person\/e777c87fa024e57d40170af9df39882c"},"headline":"Elegidas las propuestas surgidas de los presupuestos participativos de Muro","datePublished":"2016-11-23T16:19:32+00:00","mainEntityOfPage":{"@id":"https:\/\/www.copealcoy.es\/es\/elegidas-las-propuestas-surgidas-de-los-presupuestos-participativos-de-muro\/"},"wordCount":367,"commentCount":0,"image":{"@id":"https:\/\/www.copealcoy.es\/es\/elegidas-las-propuestas-surgidas-de-los-presupuestos-participativos-de-muro\/#primaryimage"},"thumbnailUrl":"https:\/\/www.copealcoy.es\/wp-content\/uploads\/2015\/08\/22240726.jpg","keywords":["Comtat","Kike Pascual","Muro","Presupuestos participativos"],"articleSection":["Comarcas","Noticias"],"inLanguage":"es"},{"@type":"WebPage","@id":"https:\/\/www.copealcoy.es\/es\/elegidas-las-propuestas-surgidas-de-los-presupuestos-participativos-de-muro\/","url":"https:\/\/www.copealcoy.es\/es\/elegidas-las-propuestas-surgidas-de-los-presupuestos-participativos-de-muro\/","name":"Elegidas las propuestas surgidas de los presupuestos participativos de Muro - COPE Alcoy","isPartOf":{"@id":"https:\/\/www.copealcoy.es\/es\/#website"},"primaryImageOfPage":{"@id":"https:\/\/www.copealcoy.es\/es\/elegidas-las-propuestas-surgidas-de-los-presupuestos-participativos-de-muro\/#primaryimage"},"image":{"@id":"https:\/\/www.copealcoy.es\/es\/elegidas-las-propuestas-surgidas-de-los-presupuestos-participativos-de-muro\/#primaryimage"},"thumbnailUrl":"https:\/\/www.copealcoy.es\/wp-content\/uploads\/2015\/08\/22240726.jpg","datePublished":"2016-11-23T16:19:32+00:00","author":{"@id":"https:\/\/www.copealcoy.es\/es\/#\/schema\/person\/e777c87fa024e57d40170af9df39882c"},"breadcrumb":{"@id":"https:\/\/www.copealcoy.es\/es\/elegidas-las-propuestas-surgidas-de-los-presupuestos-participativos-de-muro\/#breadcrumb"},"inLanguage":"es","potentialAction":[{"@type":"ReadAction","target":["https:\/\/www.copealcoy.es\/es\/elegidas-las-propuestas-surgidas-de-los-presupuestos-participativos-de-muro\/"]}]},{"@type":"ImageObject","inLanguage":"es","@id":"https:\/\/www.copealcoy.es\/es\/elegidas-las-propuestas-surgidas-de-los-presupuestos-participativos-de-muro\/#primaryimage","url":"https:\/\/www.copealcoy.es\/wp-content\/uploads\/2015\/08\/22240726.jpg","contentUrl":"https:\/\/www.copealcoy.es\/wp-content\/uploads\/2015\/08\/22240726.jpg","width":1280,"height":853},{"@type":"BreadcrumbList","@id":"https:\/\/www.copealcoy.es\/es\/elegidas-las-propuestas-surgidas-de-los-presupuestos-participativos-de-muro\/#breadcrumb","itemListElement":[{"@type":"ListItem","position":1,"name":"Portada","item":"https:\/\/www.copealcoy.es\/es\/"},{"@type":"ListItem","position":2,"name":"Elegidas las propuestas surgidas de los presupuestos participativos de Muro"}]},{"@type":"WebSite","@id":"https:\/\/www.copealcoy.es\/es\/#website","url":"https:\/\/www.copealcoy.es\/es\/","name":"COPE Alcoy","description":"Emisora COPE de radio local con emisi\u00f3n online. Pont de Sant Jordi 8-10 03803 Alcoy","potentialAction":[{"@type":"SearchAction","target":{"@type":"EntryPoint","urlTemplate":"https:\/\/www.copealcoy.es\/es\/?s={search_term_string}"},"query-input":{"@type":"PropertyValueSpecification","valueRequired":true,"valueName":"search_term_string"}}],"inLanguage":"es"},{"@type":"Person","@id":"https:\/\/www.copealcoy.es\/es\/#\/schema\/person\/e777c87fa024e57d40170af9df39882c","name":"Cope Alcoy","image":{"@type":"ImageObject","inLanguage":"es","@id":"https:\/\/secure.gravatar.com\/avatar\/bb65d0283347e303893ba14f0692005417c1e0e690a325a4c5d8bb2b3943ee14?s=96&d=mm&r=g","url":"https:\/\/secure.gravatar.com\/avatar\/bb65d0283347e303893ba14f0692005417c1e0e690a325a4c5d8bb2b3943ee14?s=96&d=mm&r=g","contentUrl":"https:\/\/secure.gravatar.com\/avatar\/bb65d0283347e303893ba14f0692005417c1e0e690a325a4c5d8bb2b3943ee14?s=96&d=mm&r=g","caption":"Cope Alcoy"}}]}},"_links":{"self":[{"href":"https:\/\/www.copealcoy.es\/es\/wp-json\/wp\/v2\/posts\/26758","targetHints":{"allow":["GET"]}}],"collection":[{"href":"https:\/\/www.copealcoy.es\/es\/wp-json\/wp\/v2\/posts"}],"about":[{"href":"https:\/\/www.copealcoy.es\/es\/wp-json\/wp\/v2\/types\/post"}],"author":[{"embeddable":true,"href":"https:\/\/www.copealcoy.es\/es\/wp-json\/wp\/v2\/users\/1"}],"replies":[{"embeddable":true,"href":"https:\/\/www.copealcoy.es\/es\/wp-json\/wp\/v2\/comments?post=26758"}],"version-history":[{"count":0,"href":"https:\/\/www.copealcoy.es\/es\/wp-json\/wp\/v2\/posts\/26758\/revisions"}],"wp:featuredmedia":[{"embeddable":true,"href":"https:\/\/www.copealcoy.es\/es\/wp-json\/wp\/v2\/media\/15032"}],"wp:attachment":[{"href":"https:\/\/www.copealcoy.es\/es\/wp-json\/wp\/v2\/media?parent=26758"}],"wp:term":[{"taxonomy":"category","embeddable":true,"href":"https:\/\/www.copealcoy.es\/es\/wp-json\/wp\/v2\/categories?post=26758"},{"taxonomy":"post_tag","embeddable":true,"href":"https:\/\/www.copealcoy.es\/es\/wp-json\/wp\/v2\/tags?post=26758"}],"curies":[{"name":"wp","href":"https:\/\/api.w.org\/{rel}","templated":true}]}}