{"id":26745,"date":"2016-11-22T18:09:37","date_gmt":"2016-11-22T18:09:37","guid":{"rendered":"http:\/\/copealcoi.es\/new\/?p=26745"},"modified":"2016-11-22T18:09:37","modified_gmt":"2016-11-22T18:09:37","slug":"el-pp-cree-que-el-homenaje-a-camilo-sesto-se-podria-haber-organizado-mejor","status":"publish","type":"post","link":"https:\/\/www.copealcoy.es\/es\/el-pp-cree-que-el-homenaje-a-camilo-sesto-se-podria-haber-organizado-mejor\/","title":{"rendered":"El PP cree que el homenaje a Camilo Sesto se podr\u00eda haber organizado mejor"},"content":{"rendered":"<p style=\"text-align: justify;\">El <strong>Partido Popular de Alcoy<\/strong> ha asegurado que en el acto de <strong>homenaje a Camilo Sesto<\/strong> del pasado viernes el <strong>Club de Fans del cantante<\/strong> no tuvo el protagonismo que merec\u00eda. As\u00ed lo ha destacado este martes en el <strong>Tiempo de An\u00e1lisis de La Ma\u00f1ana de Cope Alcoy<\/strong> el portavoz del PP en el Ayuntamiento de Alcoy, <strong>Rafa Mir\u00f3<\/strong>, que al mismo tiempo ha indicado que el <strong>discurso institucional<\/strong> del alcalde <em>&#8220;ocup\u00f3 mucho tiempo. Sabemos que es algo que se tiene que hacer pero d\u00e1ndole otro formato&#8221;,<\/em> ha matizado. Adem\u00e1s Mir\u00f3 ha a\u00f1adido que el <strong>uso del valenciano<\/strong> en la mayor parte de los discursos<em> &#8220;dificult\u00f3 el entendimiento de las intervenciones a los muchos fans venidos de otros pa\u00edses que siguieron el evento en directo y a los que tambi\u00e9n disfrutaron del mismo a trav\u00e9s de Internet&#8221;<\/em>, y entiende adem\u00e1s que <strong>el acto podr\u00eda haberse organizado de otra manera<\/strong> <em>&#8220;d\u00e1ndole mayor difusi\u00f3n los d\u00edas previas y consiguiendo que este homenaje en los d\u00edas posteriores\u00a0no quede en nada&#8221;<\/em>\u00a0se\u00f1ala.<\/p>\n<audio class=\"wp-audio-shortcode\" id=\"audio-26745-1\" preload=\"none\" style=\"width: 100%;\" controls=\"controls\"><source type=\"audio\/mpeg\" src=\"https:\/\/www.copealcoy.es\/wp-content\/uploads\/2016\/11\/2016.11.22-MIR\u00d3-CAMILO.mp3?_=1\" \/><a href=\"https:\/\/www.copealcoy.es\/wp-content\/uploads\/2016\/11\/2016.11.22-MIR\u00d3-CAMILO.mp3\">https:\/\/www.copealcoy.es\/wp-content\/uploads\/2016\/11\/2016.11.22-MIR\u00d3-CAMILO.mp3<\/a><\/audio>\n<p style=\"text-align: justify;\">Por \u00faltimo el portavoz popular insta al Gobierno Municipal a que trabaje en el proyecto para que Alcoy cuente pronto con <strong>una calle dedicada a Camilo Sesto<\/strong> <em>&#8220;los fans ya se lo pidieron contundentemente al alcalde el viernes&#8221;,<\/em> ha concluido Mir\u00f3.<\/p>\n<p><span lang=\"ES-TRAD\" style=\"font-family: 'Eras Medium ITC','sans-serif';\"><span style=\"color: #000000;\">\u00a0<\/span><\/span><\/p>\n","protected":false},"excerpt":{"rendered":"<p>El Partido Popular de Alcoy ha asegurado que en el acto de homenaje a Camilo Sesto del pasado viernes el&#8230;<\/p>\n","protected":false},"author":1,"featured_media":26675,"comment_status":"open","ping_status":"open","sticky":false,"template":"","format":"standard","meta":{"footnotes":""},"categories":[97,75,79],"tags":[1494,2559,901,227,563],"class_list":["post-26745","post","type-post","status-publish","format-standard","has-post-thumbnail","hentry","category-alcoy","category-noticias","category-politicayeconomia","tag-alcoy","tag-camilo-sesto","tag-homenaje","tag-pp","tag-rafa-miro"],"yoast_head":"<!-- This site is optimized with the Yoast SEO plugin v27.3 - https:\/\/yoast.com\/product\/yoast-seo-wordpress\/ -->\n<title>El PP cree que el homenaje a Camilo Sesto se podr\u00eda haber organizado mejor - COPE Alcoy<\/title>\n<meta name=\"robots\" content=\"index, follow, max-snippet:-1, max-image-preview:large, max-video-preview:-1\" \/>\n<link rel=\"canonical\" href=\"https:\/\/www.copealcoy.es\/es\/el-pp-cree-que-el-homenaje-a-camilo-sesto-se-podria-haber-organizado-mejor\/\" \/>\n<meta property=\"og:locale\" content=\"es_ES\" \/>\n<meta property=\"og:type\" content=\"article\" \/>\n<meta property=\"og:title\" content=\"El PP cree que el homenaje a Camilo Sesto se podr\u00eda haber organizado mejor - COPE Alcoy\" \/>\n<meta property=\"og:description\" content=\"El Partido Popular de Alcoy ha asegurado que en el acto de homenaje a Camilo Sesto del pasado viernes el...\" \/>\n<meta property=\"og:url\" content=\"https:\/\/www.copealcoy.es\/es\/el-pp-cree-que-el-homenaje-a-camilo-sesto-se-podria-haber-organizado-mejor\/\" \/>\n<meta property=\"og:site_name\" content=\"COPE Alcoy\" \/>\n<meta property=\"article:published_time\" content=\"2016-11-22T18:09:37+00:00\" \/>\n<meta property=\"og:image\" content=\"https:\/\/www.copealcoy.es\/wp-content\/uploads\/2016\/11\/IMG_5654.jpg\" \/>\n\t<meta property=\"og:image:width\" content=\"2048\" \/>\n\t<meta property=\"og:image:height\" content=\"1356\" \/>\n\t<meta property=\"og:image:type\" content=\"image\/jpeg\" \/>\n<meta name=\"author\" content=\"Cope Alcoy\" \/>\n<meta name=\"twitter:label1\" content=\"Escrito por\" \/>\n\t<meta name=\"twitter:data1\" content=\"Cope Alcoy\" \/>\n\t<meta name=\"twitter:label2\" content=\"Tiempo de lectura\" \/>\n\t<meta name=\"twitter:data2\" content=\"1 minuto\" \/>\n<script type=\"application\/ld+json\" class=\"yoast-schema-graph\">{\"@context\":\"https:\\\/\\\/schema.org\",\"@graph\":[{\"@type\":\"Article\",\"@id\":\"https:\\\/\\\/www.copealcoy.es\\\/es\\\/el-pp-cree-que-el-homenaje-a-camilo-sesto-se-podria-haber-organizado-mejor\\\/#article\",\"isPartOf\":{\"@id\":\"https:\\\/\\\/www.copealcoy.es\\\/es\\\/el-pp-cree-que-el-homenaje-a-camilo-sesto-se-podria-haber-organizado-mejor\\\/\"},\"author\":{\"name\":\"Cope Alcoy\",\"@id\":\"https:\\\/\\\/www.copealcoy.es\\\/es\\\/#\\\/schema\\\/person\\\/e777c87fa024e57d40170af9df39882c\"},\"headline\":\"El PP cree que el homenaje a Camilo Sesto se podr\u00eda haber organizado mejor\",\"datePublished\":\"2016-11-22T18:09:37+00:00\",\"mainEntityOfPage\":{\"@id\":\"https:\\\/\\\/www.copealcoy.es\\\/es\\\/el-pp-cree-que-el-homenaje-a-camilo-sesto-se-podria-haber-organizado-mejor\\\/\"},\"wordCount\":253,\"commentCount\":0,\"image\":{\"@id\":\"https:\\\/\\\/www.copealcoy.es\\\/es\\\/el-pp-cree-que-el-homenaje-a-camilo-sesto-se-podria-haber-organizado-mejor\\\/#primaryimage\"},\"thumbnailUrl\":\"https:\\\/\\\/www.copealcoy.es\\\/wp-content\\\/uploads\\\/2016\\\/11\\\/IMG_5654.jpg\",\"keywords\":[\"Alcoy\",\"Camilo Sesto\",\"Homenaje\",\"PP\",\"Rafa Mir\u00f3\"],\"articleSection\":[\"Alcoy\",\"Noticias\",\"Pol\u00edtica y Econom\u00eda\"],\"inLanguage\":\"es\"},{\"@type\":\"WebPage\",\"@id\":\"https:\\\/\\\/www.copealcoy.es\\\/es\\\/el-pp-cree-que-el-homenaje-a-camilo-sesto-se-podria-haber-organizado-mejor\\\/\",\"url\":\"https:\\\/\\\/www.copealcoy.es\\\/es\\\/el-pp-cree-que-el-homenaje-a-camilo-sesto-se-podria-haber-organizado-mejor\\\/\",\"name\":\"El PP cree que el homenaje a Camilo Sesto se podr\u00eda haber organizado mejor - COPE Alcoy\",\"isPartOf\":{\"@id\":\"https:\\\/\\\/www.copealcoy.es\\\/es\\\/#website\"},\"primaryImageOfPage\":{\"@id\":\"https:\\\/\\\/www.copealcoy.es\\\/es\\\/el-pp-cree-que-el-homenaje-a-camilo-sesto-se-podria-haber-organizado-mejor\\\/#primaryimage\"},\"image\":{\"@id\":\"https:\\\/\\\/www.copealcoy.es\\\/es\\\/el-pp-cree-que-el-homenaje-a-camilo-sesto-se-podria-haber-organizado-mejor\\\/#primaryimage\"},\"thumbnailUrl\":\"https:\\\/\\\/www.copealcoy.es\\\/wp-content\\\/uploads\\\/2016\\\/11\\\/IMG_5654.jpg\",\"datePublished\":\"2016-11-22T18:09:37+00:00\",\"author\":{\"@id\":\"https:\\\/\\\/www.copealcoy.es\\\/es\\\/#\\\/schema\\\/person\\\/e777c87fa024e57d40170af9df39882c\"},\"breadcrumb\":{\"@id\":\"https:\\\/\\\/www.copealcoy.es\\\/es\\\/el-pp-cree-que-el-homenaje-a-camilo-sesto-se-podria-haber-organizado-mejor\\\/#breadcrumb\"},\"inLanguage\":\"es\",\"potentialAction\":[{\"@type\":\"ReadAction\",\"target\":[\"https:\\\/\\\/www.copealcoy.es\\\/es\\\/el-pp-cree-que-el-homenaje-a-camilo-sesto-se-podria-haber-organizado-mejor\\\/\"]}]},{\"@type\":\"ImageObject\",\"inLanguage\":\"es\",\"@id\":\"https:\\\/\\\/www.copealcoy.es\\\/es\\\/el-pp-cree-que-el-homenaje-a-camilo-sesto-se-podria-haber-organizado-mejor\\\/#primaryimage\",\"url\":\"https:\\\/\\\/www.copealcoy.es\\\/wp-content\\\/uploads\\\/2016\\\/11\\\/IMG_5654.jpg\",\"contentUrl\":\"https:\\\/\\\/www.copealcoy.es\\\/wp-content\\\/uploads\\\/2016\\\/11\\\/IMG_5654.jpg\",\"width\":2048,\"height\":1356},{\"@type\":\"BreadcrumbList\",\"@id\":\"https:\\\/\\\/www.copealcoy.es\\\/es\\\/el-pp-cree-que-el-homenaje-a-camilo-sesto-se-podria-haber-organizado-mejor\\\/#breadcrumb\",\"itemListElement\":[{\"@type\":\"ListItem\",\"position\":1,\"name\":\"Portada\",\"item\":\"https:\\\/\\\/www.copealcoy.es\\\/es\\\/\"},{\"@type\":\"ListItem\",\"position\":2,\"name\":\"El PP cree que el homenaje a Camilo Sesto se podr\u00eda haber organizado mejor\"}]},{\"@type\":\"WebSite\",\"@id\":\"https:\\\/\\\/www.copealcoy.es\\\/es\\\/#website\",\"url\":\"https:\\\/\\\/www.copealcoy.es\\\/es\\\/\",\"name\":\"COPE Alcoy\",\"description\":\"Emisora COPE de radio local con emisi\u00f3n online. Pont de Sant Jordi 8-10 03803 Alcoy\",\"potentialAction\":[{\"@type\":\"SearchAction\",\"target\":{\"@type\":\"EntryPoint\",\"urlTemplate\":\"https:\\\/\\\/www.copealcoy.es\\\/es\\\/?s={search_term_string}\"},\"query-input\":{\"@type\":\"PropertyValueSpecification\",\"valueRequired\":true,\"valueName\":\"search_term_string\"}}],\"inLanguage\":\"es\"},{\"@type\":\"Person\",\"@id\":\"https:\\\/\\\/www.copealcoy.es\\\/es\\\/#\\\/schema\\\/person\\\/e777c87fa024e57d40170af9df39882c\",\"name\":\"Cope Alcoy\",\"image\":{\"@type\":\"ImageObject\",\"inLanguage\":\"es\",\"@id\":\"https:\\\/\\\/secure.gravatar.com\\\/avatar\\\/bb65d0283347e303893ba14f0692005417c1e0e690a325a4c5d8bb2b3943ee14?s=96&d=mm&r=g\",\"url\":\"https:\\\/\\\/secure.gravatar.com\\\/avatar\\\/bb65d0283347e303893ba14f0692005417c1e0e690a325a4c5d8bb2b3943ee14?s=96&d=mm&r=g\",\"contentUrl\":\"https:\\\/\\\/secure.gravatar.com\\\/avatar\\\/bb65d0283347e303893ba14f0692005417c1e0e690a325a4c5d8bb2b3943ee14?s=96&d=mm&r=g\",\"caption\":\"Cope Alcoy\"}}]}<\/script>\n<!-- \/ Yoast SEO plugin. -->","yoast_head_json":{"title":"El PP cree que el homenaje a Camilo Sesto se podr\u00eda haber organizado mejor - COPE Alcoy","robots":{"index":"index","follow":"follow","max-snippet":"max-snippet:-1","max-image-preview":"max-image-preview:large","max-video-preview":"max-video-preview:-1"},"canonical":"https:\/\/www.copealcoy.es\/es\/el-pp-cree-que-el-homenaje-a-camilo-sesto-se-podria-haber-organizado-mejor\/","og_locale":"es_ES","og_type":"article","og_title":"El PP cree que el homenaje a Camilo Sesto se podr\u00eda haber organizado mejor - COPE Alcoy","og_description":"El Partido Popular de Alcoy ha asegurado que en el acto de homenaje a Camilo Sesto del pasado viernes el...","og_url":"https:\/\/www.copealcoy.es\/es\/el-pp-cree-que-el-homenaje-a-camilo-sesto-se-podria-haber-organizado-mejor\/","og_site_name":"COPE Alcoy","article_published_time":"2016-11-22T18:09:37+00:00","og_image":[{"width":2048,"height":1356,"url":"https:\/\/www.copealcoy.es\/wp-content\/uploads\/2016\/11\/IMG_5654.jpg","type":"image\/jpeg"}],"author":"Cope Alcoy","twitter_misc":{"Escrito por":"Cope Alcoy","Tiempo de lectura":"1 minuto"},"schema":{"@context":"https:\/\/schema.org","@graph":[{"@type":"Article","@id":"https:\/\/www.copealcoy.es\/es\/el-pp-cree-que-el-homenaje-a-camilo-sesto-se-podria-haber-organizado-mejor\/#article","isPartOf":{"@id":"https:\/\/www.copealcoy.es\/es\/el-pp-cree-que-el-homenaje-a-camilo-sesto-se-podria-haber-organizado-mejor\/"},"author":{"name":"Cope Alcoy","@id":"https:\/\/www.copealcoy.es\/es\/#\/schema\/person\/e777c87fa024e57d40170af9df39882c"},"headline":"El PP cree que el homenaje a Camilo Sesto se podr\u00eda haber organizado mejor","datePublished":"2016-11-22T18:09:37+00:00","mainEntityOfPage":{"@id":"https:\/\/www.copealcoy.es\/es\/el-pp-cree-que-el-homenaje-a-camilo-sesto-se-podria-haber-organizado-mejor\/"},"wordCount":253,"commentCount":0,"image":{"@id":"https:\/\/www.copealcoy.es\/es\/el-pp-cree-que-el-homenaje-a-camilo-sesto-se-podria-haber-organizado-mejor\/#primaryimage"},"thumbnailUrl":"https:\/\/www.copealcoy.es\/wp-content\/uploads\/2016\/11\/IMG_5654.jpg","keywords":["Alcoy","Camilo Sesto","Homenaje","PP","Rafa Mir\u00f3"],"articleSection":["Alcoy","Noticias","Pol\u00edtica y Econom\u00eda"],"inLanguage":"es"},{"@type":"WebPage","@id":"https:\/\/www.copealcoy.es\/es\/el-pp-cree-que-el-homenaje-a-camilo-sesto-se-podria-haber-organizado-mejor\/","url":"https:\/\/www.copealcoy.es\/es\/el-pp-cree-que-el-homenaje-a-camilo-sesto-se-podria-haber-organizado-mejor\/","name":"El PP cree que el homenaje a Camilo Sesto se podr\u00eda haber organizado mejor - COPE Alcoy","isPartOf":{"@id":"https:\/\/www.copealcoy.es\/es\/#website"},"primaryImageOfPage":{"@id":"https:\/\/www.copealcoy.es\/es\/el-pp-cree-que-el-homenaje-a-camilo-sesto-se-podria-haber-organizado-mejor\/#primaryimage"},"image":{"@id":"https:\/\/www.copealcoy.es\/es\/el-pp-cree-que-el-homenaje-a-camilo-sesto-se-podria-haber-organizado-mejor\/#primaryimage"},"thumbnailUrl":"https:\/\/www.copealcoy.es\/wp-content\/uploads\/2016\/11\/IMG_5654.jpg","datePublished":"2016-11-22T18:09:37+00:00","author":{"@id":"https:\/\/www.copealcoy.es\/es\/#\/schema\/person\/e777c87fa024e57d40170af9df39882c"},"breadcrumb":{"@id":"https:\/\/www.copealcoy.es\/es\/el-pp-cree-que-el-homenaje-a-camilo-sesto-se-podria-haber-organizado-mejor\/#breadcrumb"},"inLanguage":"es","potentialAction":[{"@type":"ReadAction","target":["https:\/\/www.copealcoy.es\/es\/el-pp-cree-que-el-homenaje-a-camilo-sesto-se-podria-haber-organizado-mejor\/"]}]},{"@type":"ImageObject","inLanguage":"es","@id":"https:\/\/www.copealcoy.es\/es\/el-pp-cree-que-el-homenaje-a-camilo-sesto-se-podria-haber-organizado-mejor\/#primaryimage","url":"https:\/\/www.copealcoy.es\/wp-content\/uploads\/2016\/11\/IMG_5654.jpg","contentUrl":"https:\/\/www.copealcoy.es\/wp-content\/uploads\/2016\/11\/IMG_5654.jpg","width":2048,"height":1356},{"@type":"BreadcrumbList","@id":"https:\/\/www.copealcoy.es\/es\/el-pp-cree-que-el-homenaje-a-camilo-sesto-se-podria-haber-organizado-mejor\/#breadcrumb","itemListElement":[{"@type":"ListItem","position":1,"name":"Portada","item":"https:\/\/www.copealcoy.es\/es\/"},{"@type":"ListItem","position":2,"name":"El PP cree que el homenaje a Camilo Sesto se podr\u00eda haber organizado mejor"}]},{"@type":"WebSite","@id":"https:\/\/www.copealcoy.es\/es\/#website","url":"https:\/\/www.copealcoy.es\/es\/","name":"COPE Alcoy","description":"Emisora COPE de radio local con emisi\u00f3n online. Pont de Sant Jordi 8-10 03803 Alcoy","potentialAction":[{"@type":"SearchAction","target":{"@type":"EntryPoint","urlTemplate":"https:\/\/www.copealcoy.es\/es\/?s={search_term_string}"},"query-input":{"@type":"PropertyValueSpecification","valueRequired":true,"valueName":"search_term_string"}}],"inLanguage":"es"},{"@type":"Person","@id":"https:\/\/www.copealcoy.es\/es\/#\/schema\/person\/e777c87fa024e57d40170af9df39882c","name":"Cope Alcoy","image":{"@type":"ImageObject","inLanguage":"es","@id":"https:\/\/secure.gravatar.com\/avatar\/bb65d0283347e303893ba14f0692005417c1e0e690a325a4c5d8bb2b3943ee14?s=96&d=mm&r=g","url":"https:\/\/secure.gravatar.com\/avatar\/bb65d0283347e303893ba14f0692005417c1e0e690a325a4c5d8bb2b3943ee14?s=96&d=mm&r=g","contentUrl":"https:\/\/secure.gravatar.com\/avatar\/bb65d0283347e303893ba14f0692005417c1e0e690a325a4c5d8bb2b3943ee14?s=96&d=mm&r=g","caption":"Cope Alcoy"}}]}},"_links":{"self":[{"href":"https:\/\/www.copealcoy.es\/es\/wp-json\/wp\/v2\/posts\/26745","targetHints":{"allow":["GET"]}}],"collection":[{"href":"https:\/\/www.copealcoy.es\/es\/wp-json\/wp\/v2\/posts"}],"about":[{"href":"https:\/\/www.copealcoy.es\/es\/wp-json\/wp\/v2\/types\/post"}],"author":[{"embeddable":true,"href":"https:\/\/www.copealcoy.es\/es\/wp-json\/wp\/v2\/users\/1"}],"replies":[{"embeddable":true,"href":"https:\/\/www.copealcoy.es\/es\/wp-json\/wp\/v2\/comments?post=26745"}],"version-history":[{"count":0,"href":"https:\/\/www.copealcoy.es\/es\/wp-json\/wp\/v2\/posts\/26745\/revisions"}],"wp:featuredmedia":[{"embeddable":true,"href":"https:\/\/www.copealcoy.es\/es\/wp-json\/wp\/v2\/media\/26675"}],"wp:attachment":[{"href":"https:\/\/www.copealcoy.es\/es\/wp-json\/wp\/v2\/media?parent=26745"}],"wp:term":[{"taxonomy":"category","embeddable":true,"href":"https:\/\/www.copealcoy.es\/es\/wp-json\/wp\/v2\/categories?post=26745"},{"taxonomy":"post_tag","embeddable":true,"href":"https:\/\/www.copealcoy.es\/es\/wp-json\/wp\/v2\/tags?post=26745"}],"curies":[{"name":"wp","href":"https:\/\/api.w.org\/{rel}","templated":true}]}}