{"id":26597,"date":"2016-11-16T19:53:48","date_gmt":"2016-11-16T19:53:48","guid":{"rendered":"http:\/\/copealcoi.es\/new\/?p=26597"},"modified":"2016-11-16T19:53:48","modified_gmt":"2016-11-16T19:53:48","slug":"col%c2%b7lectiu-03820-compromis-insta-a-poner-en-valor-las-murallas-de-cocentaina","status":"publish","type":"post","link":"https:\/\/www.copealcoy.es\/es\/col%c2%b7lectiu-03820-compromis-insta-a-poner-en-valor-las-murallas-de-cocentaina\/","title":{"rendered":"Col\u00b7lectiu 03820 &#8211; Comprom\u00eds insta a poner en valor las murallas de Cocentaina"},"content":{"rendered":"<p style=\"text-align: justify;\">El Grupo Municipal de\u00a0Col\u00b7lectiu 03820 &#8211; Comprom\u00eds lanzar\u00e1 una propuesta en el pr\u00f3ximo pleno del Ayuntamiento de Cocentaina para que desde el Gobierno Local se impulsen <strong>medidas<\/strong> de cara a <strong>poner en valor los restos de muralla<\/strong> de la poblaci\u00f3n.<\/p>\n<p style=\"text-align: justify;\">El portavoz de esta formaci\u00f3n pol\u00edtica, <strong>Xavi Anduix<\/strong>, ha indicado al respecto que con esta iniciativa se pretende instar a que <strong>se identifiquen los valores del conjunto monumental<\/strong> y los <strong>criterios para su conservaci\u00f3n<\/strong> de cara el futuro as\u00ed como la <strong>elaboraci\u00f3n de un Plan Director<\/strong> que determine la problem\u00e1tica por la que atraviesan. Adem\u00e1s se propone tambi\u00e9n la <strong>creaci\u00f3n de una partida presupuestaria espec\u00edfica<\/strong> para la conservaci\u00f3n de estos restos hist\u00f3ricos <em>&#8220;este conjunto, calificado como Bien de Inter\u00e9s Cultural (BIC), ha sufrido, a lo largo de su historia, graves agresiones, como por ejemplo\u00a0el derribo de sus puertas a finales del siglo XIX o las ocurridas durante los \u00faltimos 50 a\u00f1os con la p\u00e9rdida de algunas torres y tramos de muralla, muchas de ellas por intereses urban\u00edsticos, actuaciones personales no controladas o por negligencias de la propia administraci\u00f3n local&#8221;<\/em>, afirma Anduix.<\/p>\n<p style=\"text-align: justify;\">Por \u00faltimo desde\u00a0Col\u00b7lectiu 03820 &#8211; Comprom\u00eds inciden en la necesidad de que se fomente la<strong> participaci\u00f3n ciudadana y de los agentes implicados<\/strong> en la conservaci\u00f3n <em>&#8220;tienen que ser actores indispensables para conseguir el objetivo de conservaci\u00f3n y de recuperaci\u00f3n de la muralla&#8221;<\/em>, concluye.<\/p>\n<p>&nbsp;<\/p>\n<p>&nbsp;<\/p>\n<p>&nbsp;<\/p>\n","protected":false},"excerpt":{"rendered":"<p>El Grupo Municipal de\u00a0Col\u00b7lectiu 03820 &#8211; Comprom\u00eds lanzar\u00e1 una propuesta en el pr\u00f3ximo pleno del Ayuntamiento de Cocentaina para que&#8230;<\/p>\n","protected":false},"author":1,"featured_media":26598,"comment_status":"open","ping_status":"open","sticky":false,"template":"","format":"standard","meta":{"footnotes":""},"categories":[98,75],"tags":[132,1359,152,3286,2872],"class_list":["post-26597","post","type-post","status-publish","format-standard","has-post-thumbnail","hentry","category-comarcas","category-noticias","tag-cocentaina","tag-collectiu-03820","tag-compromis","tag-murallas","tag-poner-en-valor"],"yoast_head":"<!-- This site is optimized with the Yoast SEO plugin v27.3 - https:\/\/yoast.com\/product\/yoast-seo-wordpress\/ -->\n<title>Col\u00b7lectiu 03820 - Comprom\u00eds insta a poner en valor las murallas de Cocentaina - COPE Alcoy<\/title>\n<meta name=\"robots\" content=\"index, follow, max-snippet:-1, max-image-preview:large, max-video-preview:-1\" \/>\n<link rel=\"canonical\" href=\"https:\/\/www.copealcoy.es\/es\/col%c2%b7lectiu-03820-compromis-insta-a-poner-en-valor-las-murallas-de-cocentaina\/\" \/>\n<meta property=\"og:locale\" content=\"es_ES\" \/>\n<meta property=\"og:type\" content=\"article\" \/>\n<meta property=\"og:title\" content=\"Col\u00b7lectiu 03820 - Comprom\u00eds insta a poner en valor las murallas de Cocentaina - COPE Alcoy\" \/>\n<meta property=\"og:description\" content=\"El Grupo Municipal de\u00a0Col\u00b7lectiu 03820 &#8211; Comprom\u00eds lanzar\u00e1 una propuesta en el pr\u00f3ximo pleno del Ayuntamiento de Cocentaina para que...\" \/>\n<meta property=\"og:url\" content=\"https:\/\/www.copealcoy.es\/es\/col%c2%b7lectiu-03820-compromis-insta-a-poner-en-valor-las-murallas-de-cocentaina\/\" \/>\n<meta property=\"og:site_name\" content=\"COPE Alcoy\" \/>\n<meta property=\"article:published_time\" content=\"2016-11-16T19:53:48+00:00\" \/>\n<meta property=\"og:image\" content=\"https:\/\/www.copealcoy.es\/wp-content\/uploads\/2016\/11\/img_32504.jpg\" \/>\n\t<meta property=\"og:image:width\" content=\"670\" \/>\n\t<meta property=\"og:image:height\" content=\"377\" \/>\n\t<meta property=\"og:image:type\" content=\"image\/jpeg\" \/>\n<meta name=\"author\" content=\"Cope Alcoy\" \/>\n<meta name=\"twitter:label1\" content=\"Escrito por\" \/>\n\t<meta name=\"twitter:data1\" content=\"Cope Alcoy\" \/>\n\t<meta name=\"twitter:label2\" content=\"Tiempo de lectura\" \/>\n\t<meta name=\"twitter:data2\" content=\"1 minuto\" \/>\n<script type=\"application\/ld+json\" class=\"yoast-schema-graph\">{\"@context\":\"https:\\\/\\\/schema.org\",\"@graph\":[{\"@type\":\"Article\",\"@id\":\"https:\\\/\\\/www.copealcoy.es\\\/es\\\/col%c2%b7lectiu-03820-compromis-insta-a-poner-en-valor-las-murallas-de-cocentaina\\\/#article\",\"isPartOf\":{\"@id\":\"https:\\\/\\\/www.copealcoy.es\\\/es\\\/col%c2%b7lectiu-03820-compromis-insta-a-poner-en-valor-las-murallas-de-cocentaina\\\/\"},\"author\":{\"name\":\"Cope Alcoy\",\"@id\":\"https:\\\/\\\/www.copealcoy.es\\\/es\\\/#\\\/schema\\\/person\\\/e777c87fa024e57d40170af9df39882c\"},\"headline\":\"Col\u00b7lectiu 03820 &#8211; Comprom\u00eds insta a poner en valor las murallas de Cocentaina\",\"datePublished\":\"2016-11-16T19:53:48+00:00\",\"mainEntityOfPage\":{\"@id\":\"https:\\\/\\\/www.copealcoy.es\\\/es\\\/col%c2%b7lectiu-03820-compromis-insta-a-poner-en-valor-las-murallas-de-cocentaina\\\/\"},\"wordCount\":267,\"commentCount\":0,\"image\":{\"@id\":\"https:\\\/\\\/www.copealcoy.es\\\/es\\\/col%c2%b7lectiu-03820-compromis-insta-a-poner-en-valor-las-murallas-de-cocentaina\\\/#primaryimage\"},\"thumbnailUrl\":\"https:\\\/\\\/www.copealcoy.es\\\/wp-content\\\/uploads\\\/2016\\\/11\\\/img_32504.jpg\",\"keywords\":[\"Cocentaina\",\"Col\u00b7lectiu 03820\",\"Comprom\u00eds\",\"murallas\",\"poner en valor\"],\"articleSection\":[\"Comarcas\",\"Noticias\"],\"inLanguage\":\"es\"},{\"@type\":\"WebPage\",\"@id\":\"https:\\\/\\\/www.copealcoy.es\\\/es\\\/col%c2%b7lectiu-03820-compromis-insta-a-poner-en-valor-las-murallas-de-cocentaina\\\/\",\"url\":\"https:\\\/\\\/www.copealcoy.es\\\/es\\\/col%c2%b7lectiu-03820-compromis-insta-a-poner-en-valor-las-murallas-de-cocentaina\\\/\",\"name\":\"Col\u00b7lectiu 03820 - Comprom\u00eds insta a poner en valor las murallas de Cocentaina - COPE Alcoy\",\"isPartOf\":{\"@id\":\"https:\\\/\\\/www.copealcoy.es\\\/es\\\/#website\"},\"primaryImageOfPage\":{\"@id\":\"https:\\\/\\\/www.copealcoy.es\\\/es\\\/col%c2%b7lectiu-03820-compromis-insta-a-poner-en-valor-las-murallas-de-cocentaina\\\/#primaryimage\"},\"image\":{\"@id\":\"https:\\\/\\\/www.copealcoy.es\\\/es\\\/col%c2%b7lectiu-03820-compromis-insta-a-poner-en-valor-las-murallas-de-cocentaina\\\/#primaryimage\"},\"thumbnailUrl\":\"https:\\\/\\\/www.copealcoy.es\\\/wp-content\\\/uploads\\\/2016\\\/11\\\/img_32504.jpg\",\"datePublished\":\"2016-11-16T19:53:48+00:00\",\"author\":{\"@id\":\"https:\\\/\\\/www.copealcoy.es\\\/es\\\/#\\\/schema\\\/person\\\/e777c87fa024e57d40170af9df39882c\"},\"breadcrumb\":{\"@id\":\"https:\\\/\\\/www.copealcoy.es\\\/es\\\/col%c2%b7lectiu-03820-compromis-insta-a-poner-en-valor-las-murallas-de-cocentaina\\\/#breadcrumb\"},\"inLanguage\":\"es\",\"potentialAction\":[{\"@type\":\"ReadAction\",\"target\":[\"https:\\\/\\\/www.copealcoy.es\\\/es\\\/col%c2%b7lectiu-03820-compromis-insta-a-poner-en-valor-las-murallas-de-cocentaina\\\/\"]}]},{\"@type\":\"ImageObject\",\"inLanguage\":\"es\",\"@id\":\"https:\\\/\\\/www.copealcoy.es\\\/es\\\/col%c2%b7lectiu-03820-compromis-insta-a-poner-en-valor-las-murallas-de-cocentaina\\\/#primaryimage\",\"url\":\"https:\\\/\\\/www.copealcoy.es\\\/wp-content\\\/uploads\\\/2016\\\/11\\\/img_32504.jpg\",\"contentUrl\":\"https:\\\/\\\/www.copealcoy.es\\\/wp-content\\\/uploads\\\/2016\\\/11\\\/img_32504.jpg\",\"width\":670,\"height\":377,\"caption\":\"Un fragmento de la Muralla de Cocentaina\"},{\"@type\":\"BreadcrumbList\",\"@id\":\"https:\\\/\\\/www.copealcoy.es\\\/es\\\/col%c2%b7lectiu-03820-compromis-insta-a-poner-en-valor-las-murallas-de-cocentaina\\\/#breadcrumb\",\"itemListElement\":[{\"@type\":\"ListItem\",\"position\":1,\"name\":\"Portada\",\"item\":\"https:\\\/\\\/www.copealcoy.es\\\/es\\\/\"},{\"@type\":\"ListItem\",\"position\":2,\"name\":\"Col\u00b7lectiu 03820 &#8211; Comprom\u00eds insta a poner en valor las murallas de Cocentaina\"}]},{\"@type\":\"WebSite\",\"@id\":\"https:\\\/\\\/www.copealcoy.es\\\/es\\\/#website\",\"url\":\"https:\\\/\\\/www.copealcoy.es\\\/es\\\/\",\"name\":\"COPE Alcoy\",\"description\":\"Emisora COPE de radio local con emisi\u00f3n online. Pont de Sant Jordi 8-10 03803 Alcoy\",\"potentialAction\":[{\"@type\":\"SearchAction\",\"target\":{\"@type\":\"EntryPoint\",\"urlTemplate\":\"https:\\\/\\\/www.copealcoy.es\\\/es\\\/?s={search_term_string}\"},\"query-input\":{\"@type\":\"PropertyValueSpecification\",\"valueRequired\":true,\"valueName\":\"search_term_string\"}}],\"inLanguage\":\"es\"},{\"@type\":\"Person\",\"@id\":\"https:\\\/\\\/www.copealcoy.es\\\/es\\\/#\\\/schema\\\/person\\\/e777c87fa024e57d40170af9df39882c\",\"name\":\"Cope Alcoy\",\"image\":{\"@type\":\"ImageObject\",\"inLanguage\":\"es\",\"@id\":\"https:\\\/\\\/secure.gravatar.com\\\/avatar\\\/bb65d0283347e303893ba14f0692005417c1e0e690a325a4c5d8bb2b3943ee14?s=96&d=mm&r=g\",\"url\":\"https:\\\/\\\/secure.gravatar.com\\\/avatar\\\/bb65d0283347e303893ba14f0692005417c1e0e690a325a4c5d8bb2b3943ee14?s=96&d=mm&r=g\",\"contentUrl\":\"https:\\\/\\\/secure.gravatar.com\\\/avatar\\\/bb65d0283347e303893ba14f0692005417c1e0e690a325a4c5d8bb2b3943ee14?s=96&d=mm&r=g\",\"caption\":\"Cope Alcoy\"}}]}<\/script>\n<!-- \/ Yoast SEO plugin. -->","yoast_head_json":{"title":"Col\u00b7lectiu 03820 - Comprom\u00eds insta a poner en valor las murallas de Cocentaina - COPE Alcoy","robots":{"index":"index","follow":"follow","max-snippet":"max-snippet:-1","max-image-preview":"max-image-preview:large","max-video-preview":"max-video-preview:-1"},"canonical":"https:\/\/www.copealcoy.es\/es\/col%c2%b7lectiu-03820-compromis-insta-a-poner-en-valor-las-murallas-de-cocentaina\/","og_locale":"es_ES","og_type":"article","og_title":"Col\u00b7lectiu 03820 - Comprom\u00eds insta a poner en valor las murallas de Cocentaina - COPE Alcoy","og_description":"El Grupo Municipal de\u00a0Col\u00b7lectiu 03820 &#8211; Comprom\u00eds lanzar\u00e1 una propuesta en el pr\u00f3ximo pleno del Ayuntamiento de Cocentaina para que...","og_url":"https:\/\/www.copealcoy.es\/es\/col%c2%b7lectiu-03820-compromis-insta-a-poner-en-valor-las-murallas-de-cocentaina\/","og_site_name":"COPE Alcoy","article_published_time":"2016-11-16T19:53:48+00:00","og_image":[{"width":670,"height":377,"url":"https:\/\/www.copealcoy.es\/wp-content\/uploads\/2016\/11\/img_32504.jpg","type":"image\/jpeg"}],"author":"Cope Alcoy","twitter_misc":{"Escrito por":"Cope Alcoy","Tiempo de lectura":"1 minuto"},"schema":{"@context":"https:\/\/schema.org","@graph":[{"@type":"Article","@id":"https:\/\/www.copealcoy.es\/es\/col%c2%b7lectiu-03820-compromis-insta-a-poner-en-valor-las-murallas-de-cocentaina\/#article","isPartOf":{"@id":"https:\/\/www.copealcoy.es\/es\/col%c2%b7lectiu-03820-compromis-insta-a-poner-en-valor-las-murallas-de-cocentaina\/"},"author":{"name":"Cope Alcoy","@id":"https:\/\/www.copealcoy.es\/es\/#\/schema\/person\/e777c87fa024e57d40170af9df39882c"},"headline":"Col\u00b7lectiu 03820 &#8211; Comprom\u00eds insta a poner en valor las murallas de Cocentaina","datePublished":"2016-11-16T19:53:48+00:00","mainEntityOfPage":{"@id":"https:\/\/www.copealcoy.es\/es\/col%c2%b7lectiu-03820-compromis-insta-a-poner-en-valor-las-murallas-de-cocentaina\/"},"wordCount":267,"commentCount":0,"image":{"@id":"https:\/\/www.copealcoy.es\/es\/col%c2%b7lectiu-03820-compromis-insta-a-poner-en-valor-las-murallas-de-cocentaina\/#primaryimage"},"thumbnailUrl":"https:\/\/www.copealcoy.es\/wp-content\/uploads\/2016\/11\/img_32504.jpg","keywords":["Cocentaina","Col\u00b7lectiu 03820","Comprom\u00eds","murallas","poner en valor"],"articleSection":["Comarcas","Noticias"],"inLanguage":"es"},{"@type":"WebPage","@id":"https:\/\/www.copealcoy.es\/es\/col%c2%b7lectiu-03820-compromis-insta-a-poner-en-valor-las-murallas-de-cocentaina\/","url":"https:\/\/www.copealcoy.es\/es\/col%c2%b7lectiu-03820-compromis-insta-a-poner-en-valor-las-murallas-de-cocentaina\/","name":"Col\u00b7lectiu 03820 - Comprom\u00eds insta a poner en valor las murallas de Cocentaina - COPE Alcoy","isPartOf":{"@id":"https:\/\/www.copealcoy.es\/es\/#website"},"primaryImageOfPage":{"@id":"https:\/\/www.copealcoy.es\/es\/col%c2%b7lectiu-03820-compromis-insta-a-poner-en-valor-las-murallas-de-cocentaina\/#primaryimage"},"image":{"@id":"https:\/\/www.copealcoy.es\/es\/col%c2%b7lectiu-03820-compromis-insta-a-poner-en-valor-las-murallas-de-cocentaina\/#primaryimage"},"thumbnailUrl":"https:\/\/www.copealcoy.es\/wp-content\/uploads\/2016\/11\/img_32504.jpg","datePublished":"2016-11-16T19:53:48+00:00","author":{"@id":"https:\/\/www.copealcoy.es\/es\/#\/schema\/person\/e777c87fa024e57d40170af9df39882c"},"breadcrumb":{"@id":"https:\/\/www.copealcoy.es\/es\/col%c2%b7lectiu-03820-compromis-insta-a-poner-en-valor-las-murallas-de-cocentaina\/#breadcrumb"},"inLanguage":"es","potentialAction":[{"@type":"ReadAction","target":["https:\/\/www.copealcoy.es\/es\/col%c2%b7lectiu-03820-compromis-insta-a-poner-en-valor-las-murallas-de-cocentaina\/"]}]},{"@type":"ImageObject","inLanguage":"es","@id":"https:\/\/www.copealcoy.es\/es\/col%c2%b7lectiu-03820-compromis-insta-a-poner-en-valor-las-murallas-de-cocentaina\/#primaryimage","url":"https:\/\/www.copealcoy.es\/wp-content\/uploads\/2016\/11\/img_32504.jpg","contentUrl":"https:\/\/www.copealcoy.es\/wp-content\/uploads\/2016\/11\/img_32504.jpg","width":670,"height":377,"caption":"Un fragmento de la Muralla de Cocentaina"},{"@type":"BreadcrumbList","@id":"https:\/\/www.copealcoy.es\/es\/col%c2%b7lectiu-03820-compromis-insta-a-poner-en-valor-las-murallas-de-cocentaina\/#breadcrumb","itemListElement":[{"@type":"ListItem","position":1,"name":"Portada","item":"https:\/\/www.copealcoy.es\/es\/"},{"@type":"ListItem","position":2,"name":"Col\u00b7lectiu 03820 &#8211; Comprom\u00eds insta a poner en valor las murallas de Cocentaina"}]},{"@type":"WebSite","@id":"https:\/\/www.copealcoy.es\/es\/#website","url":"https:\/\/www.copealcoy.es\/es\/","name":"COPE Alcoy","description":"Emisora COPE de radio local con emisi\u00f3n online. Pont de Sant Jordi 8-10 03803 Alcoy","potentialAction":[{"@type":"SearchAction","target":{"@type":"EntryPoint","urlTemplate":"https:\/\/www.copealcoy.es\/es\/?s={search_term_string}"},"query-input":{"@type":"PropertyValueSpecification","valueRequired":true,"valueName":"search_term_string"}}],"inLanguage":"es"},{"@type":"Person","@id":"https:\/\/www.copealcoy.es\/es\/#\/schema\/person\/e777c87fa024e57d40170af9df39882c","name":"Cope Alcoy","image":{"@type":"ImageObject","inLanguage":"es","@id":"https:\/\/secure.gravatar.com\/avatar\/bb65d0283347e303893ba14f0692005417c1e0e690a325a4c5d8bb2b3943ee14?s=96&d=mm&r=g","url":"https:\/\/secure.gravatar.com\/avatar\/bb65d0283347e303893ba14f0692005417c1e0e690a325a4c5d8bb2b3943ee14?s=96&d=mm&r=g","contentUrl":"https:\/\/secure.gravatar.com\/avatar\/bb65d0283347e303893ba14f0692005417c1e0e690a325a4c5d8bb2b3943ee14?s=96&d=mm&r=g","caption":"Cope Alcoy"}}]}},"_links":{"self":[{"href":"https:\/\/www.copealcoy.es\/es\/wp-json\/wp\/v2\/posts\/26597","targetHints":{"allow":["GET"]}}],"collection":[{"href":"https:\/\/www.copealcoy.es\/es\/wp-json\/wp\/v2\/posts"}],"about":[{"href":"https:\/\/www.copealcoy.es\/es\/wp-json\/wp\/v2\/types\/post"}],"author":[{"embeddable":true,"href":"https:\/\/www.copealcoy.es\/es\/wp-json\/wp\/v2\/users\/1"}],"replies":[{"embeddable":true,"href":"https:\/\/www.copealcoy.es\/es\/wp-json\/wp\/v2\/comments?post=26597"}],"version-history":[{"count":0,"href":"https:\/\/www.copealcoy.es\/es\/wp-json\/wp\/v2\/posts\/26597\/revisions"}],"wp:featuredmedia":[{"embeddable":true,"href":"https:\/\/www.copealcoy.es\/es\/wp-json\/wp\/v2\/media\/26598"}],"wp:attachment":[{"href":"https:\/\/www.copealcoy.es\/es\/wp-json\/wp\/v2\/media?parent=26597"}],"wp:term":[{"taxonomy":"category","embeddable":true,"href":"https:\/\/www.copealcoy.es\/es\/wp-json\/wp\/v2\/categories?post=26597"},{"taxonomy":"post_tag","embeddable":true,"href":"https:\/\/www.copealcoy.es\/es\/wp-json\/wp\/v2\/tags?post=26597"}],"curies":[{"name":"wp","href":"https:\/\/api.w.org\/{rel}","templated":true}]}}