{"id":26451,"date":"2016-11-11T20:32:18","date_gmt":"2016-11-11T20:32:18","guid":{"rendered":"http:\/\/copealcoi.es\/new\/?p=26451"},"modified":"2016-11-13T20:08:07","modified_gmt":"2016-11-13T20:08:07","slug":"alcoy-reclama-un-paso-peatonal-provisional-en-el-puente-fernando-reig","status":"publish","type":"post","link":"https:\/\/www.copealcoy.es\/es\/alcoy-reclama-un-paso-peatonal-provisional-en-el-puente-fernando-reig\/","title":{"rendered":"Alcoy reclama un paso peatonal provisional en el puente Fernando Reig"},"content":{"rendered":"<p style=\"text-align: justify;\">El <strong>Ayuntamiento de Alcoy<\/strong> ha vuelto a reclamar\u00a0al Ministerio de Fomento <strong>que estudie la posibilidad<\/strong>, con todas las medidas de seguridad pertinentes, de habilitar<strong> un paso peatonal en el puente Fernando Reig<\/strong> para facilitar sobre todo el acceso hacia el Instituto Pare Vitoria.<\/p>\n<p style=\"text-align: justify;\"><strong>Antonio Franc\u00e9s,<\/strong> alcalde de la ciudad, destacaba la pasada semana en La Ma\u00f1ana de Cope Alcoy que <strong>esta cuesti\u00f3n se ha abordado con los t\u00e9cnicos<\/strong> <em>&#8220;aunque en estos momentos no tenemos ninguna respuesta todav\u00eda. Creemos que es necesario poder estudiar esta propuesta porque son muchos los que sufren cada d\u00eda las consecuencias del cierre del Puente Fernando Reig&#8221;<\/em>, afirm\u00f3 el primer edil. Adem\u00e1s Franc\u00e9s reiter\u00f3 la <strong>necesidad de que se abra cuanto antes el vial<\/strong> <em>&#8220;llevamos muchos meses sin tener respuestas claras, todav\u00eda no sabemos con exactitud qu\u00e9 ha sucedido y tampoco se nos habla de fechas de apertura. Lo poco que conocemos es que se sigue trabajando en la zona pero nada m\u00e1s&#8221;,<\/em> confirm\u00f3 el alcalde.<\/p>\n<p style=\"text-align: justify;\">Recordar que el puente Fernando Reig de Alcoy lleva <strong>cerrado al tr\u00e1fico desde el pasado mes de agosto<\/strong> despu\u00e9s de que los operarios que trabajaban en el acondicionamiento del mismo oyesen <a href=\"https:\/\/www.copealcoy.es\/confirmada-la-rotura-de-un-tirante-del-puente-fernando-reig\/\"><span style=\"text-decoration: underline;\"><strong>un fuerte ruido proveniente de la rotura de un tirante<\/strong><\/span><\/a> seg\u00fan se confirm\u00f3 semanas m\u00e1s tardes.<\/p>\n<p style=\"text-align: justify;\">\n","protected":false},"excerpt":{"rendered":"<p>El Ayuntamiento de Alcoy ha vuelto a reclamar\u00a0al Ministerio de Fomento que estudie la posibilidad, con todas las medidas de&#8230;<\/p>\n","protected":false},"author":1,"featured_media":24218,"comment_status":"open","ping_status":"open","sticky":false,"template":"","format":"standard","meta":{"footnotes":""},"categories":[97,75,79,125],"tags":[1494,1793,3258,1859,367,401],"class_list":["post-26451","post","type-post","status-publish","format-standard","has-post-thumbnail","hentry","category-alcoy","category-noticias","category-politicayeconomia","category-portada","tag-alcoy","tag-antonio-frances","tag-paso-peatonal","tag-puente-fernando-reig","tag-seguridad","tag-trafico"],"yoast_head":"<!-- This site is optimized with the Yoast SEO plugin v27.3 - https:\/\/yoast.com\/product\/yoast-seo-wordpress\/ -->\n<title>Alcoy reclama un paso peatonal provisional en el puente Fernando Reig - COPE Alcoy<\/title>\n<meta name=\"robots\" content=\"index, follow, max-snippet:-1, max-image-preview:large, max-video-preview:-1\" \/>\n<link rel=\"canonical\" href=\"https:\/\/www.copealcoy.es\/es\/alcoy-reclama-un-paso-peatonal-provisional-en-el-puente-fernando-reig\/\" \/>\n<meta property=\"og:locale\" content=\"es_ES\" \/>\n<meta property=\"og:type\" content=\"article\" \/>\n<meta property=\"og:title\" content=\"Alcoy reclama un paso peatonal provisional en el puente Fernando Reig - COPE Alcoy\" \/>\n<meta property=\"og:description\" content=\"El Ayuntamiento de Alcoy ha vuelto a reclamar\u00a0al Ministerio de Fomento que estudie la posibilidad, con todas las medidas de...\" \/>\n<meta property=\"og:url\" content=\"https:\/\/www.copealcoy.es\/es\/alcoy-reclama-un-paso-peatonal-provisional-en-el-puente-fernando-reig\/\" \/>\n<meta property=\"og:site_name\" content=\"COPE Alcoy\" \/>\n<meta property=\"article:published_time\" content=\"2016-11-11T20:32:18+00:00\" \/>\n<meta property=\"article:modified_time\" content=\"2016-11-13T20:08:07+00:00\" \/>\n<meta property=\"og:image\" content=\"https:\/\/www.copealcoy.es\/wp-content\/uploads\/2016\/08\/13906633_10210542157658308_6894967624826974914_n.jpg\" \/>\n\t<meta property=\"og:image:width\" content=\"640\" \/>\n\t<meta property=\"og:image:height\" content=\"357\" \/>\n\t<meta property=\"og:image:type\" content=\"image\/jpeg\" \/>\n<meta name=\"author\" content=\"Cope Alcoy\" \/>\n<meta name=\"twitter:label1\" content=\"Escrito por\" \/>\n\t<meta name=\"twitter:data1\" content=\"Cope Alcoy\" \/>\n\t<meta name=\"twitter:label2\" content=\"Tiempo de lectura\" \/>\n\t<meta name=\"twitter:data2\" content=\"1 minuto\" \/>\n<script type=\"application\/ld+json\" class=\"yoast-schema-graph\">{\"@context\":\"https:\\\/\\\/schema.org\",\"@graph\":[{\"@type\":\"Article\",\"@id\":\"https:\\\/\\\/www.copealcoy.es\\\/es\\\/alcoy-reclama-un-paso-peatonal-provisional-en-el-puente-fernando-reig\\\/#article\",\"isPartOf\":{\"@id\":\"https:\\\/\\\/www.copealcoy.es\\\/es\\\/alcoy-reclama-un-paso-peatonal-provisional-en-el-puente-fernando-reig\\\/\"},\"author\":{\"name\":\"Cope Alcoy\",\"@id\":\"https:\\\/\\\/www.copealcoy.es\\\/es\\\/#\\\/schema\\\/person\\\/e777c87fa024e57d40170af9df39882c\"},\"headline\":\"Alcoy reclama un paso peatonal provisional en el puente Fernando Reig\",\"datePublished\":\"2016-11-11T20:32:18+00:00\",\"dateModified\":\"2016-11-13T20:08:07+00:00\",\"mainEntityOfPage\":{\"@id\":\"https:\\\/\\\/www.copealcoy.es\\\/es\\\/alcoy-reclama-un-paso-peatonal-provisional-en-el-puente-fernando-reig\\\/\"},\"wordCount\":233,\"commentCount\":0,\"image\":{\"@id\":\"https:\\\/\\\/www.copealcoy.es\\\/es\\\/alcoy-reclama-un-paso-peatonal-provisional-en-el-puente-fernando-reig\\\/#primaryimage\"},\"thumbnailUrl\":\"https:\\\/\\\/www.copealcoy.es\\\/wp-content\\\/uploads\\\/2016\\\/08\\\/13906633_10210542157658308_6894967624826974914_n.jpg\",\"keywords\":[\"Alcoy\",\"Antonio Franc\u00e9s\",\"paso peatonal\",\"Puente Fernando Reig\",\"Seguridad\",\"Tr\u00e1fico\"],\"articleSection\":[\"Alcoy\",\"Noticias\",\"Pol\u00edtica y Econom\u00eda\",\"Portada\"],\"inLanguage\":\"es\"},{\"@type\":\"WebPage\",\"@id\":\"https:\\\/\\\/www.copealcoy.es\\\/es\\\/alcoy-reclama-un-paso-peatonal-provisional-en-el-puente-fernando-reig\\\/\",\"url\":\"https:\\\/\\\/www.copealcoy.es\\\/es\\\/alcoy-reclama-un-paso-peatonal-provisional-en-el-puente-fernando-reig\\\/\",\"name\":\"Alcoy reclama un paso peatonal provisional en el puente Fernando Reig - COPE Alcoy\",\"isPartOf\":{\"@id\":\"https:\\\/\\\/www.copealcoy.es\\\/es\\\/#website\"},\"primaryImageOfPage\":{\"@id\":\"https:\\\/\\\/www.copealcoy.es\\\/es\\\/alcoy-reclama-un-paso-peatonal-provisional-en-el-puente-fernando-reig\\\/#primaryimage\"},\"image\":{\"@id\":\"https:\\\/\\\/www.copealcoy.es\\\/es\\\/alcoy-reclama-un-paso-peatonal-provisional-en-el-puente-fernando-reig\\\/#primaryimage\"},\"thumbnailUrl\":\"https:\\\/\\\/www.copealcoy.es\\\/wp-content\\\/uploads\\\/2016\\\/08\\\/13906633_10210542157658308_6894967624826974914_n.jpg\",\"datePublished\":\"2016-11-11T20:32:18+00:00\",\"dateModified\":\"2016-11-13T20:08:07+00:00\",\"author\":{\"@id\":\"https:\\\/\\\/www.copealcoy.es\\\/es\\\/#\\\/schema\\\/person\\\/e777c87fa024e57d40170af9df39882c\"},\"breadcrumb\":{\"@id\":\"https:\\\/\\\/www.copealcoy.es\\\/es\\\/alcoy-reclama-un-paso-peatonal-provisional-en-el-puente-fernando-reig\\\/#breadcrumb\"},\"inLanguage\":\"es\",\"potentialAction\":[{\"@type\":\"ReadAction\",\"target\":[\"https:\\\/\\\/www.copealcoy.es\\\/es\\\/alcoy-reclama-un-paso-peatonal-provisional-en-el-puente-fernando-reig\\\/\"]}]},{\"@type\":\"ImageObject\",\"inLanguage\":\"es\",\"@id\":\"https:\\\/\\\/www.copealcoy.es\\\/es\\\/alcoy-reclama-un-paso-peatonal-provisional-en-el-puente-fernando-reig\\\/#primaryimage\",\"url\":\"https:\\\/\\\/www.copealcoy.es\\\/wp-content\\\/uploads\\\/2016\\\/08\\\/13906633_10210542157658308_6894967624826974914_n.jpg\",\"contentUrl\":\"https:\\\/\\\/www.copealcoy.es\\\/wp-content\\\/uploads\\\/2016\\\/08\\\/13906633_10210542157658308_6894967624826974914_n.jpg\",\"width\":640,\"height\":357,\"caption\":\"El puente Fernando Reig est\u00e1 cerrado al tr\u00e1fico desde agosto\"},{\"@type\":\"BreadcrumbList\",\"@id\":\"https:\\\/\\\/www.copealcoy.es\\\/es\\\/alcoy-reclama-un-paso-peatonal-provisional-en-el-puente-fernando-reig\\\/#breadcrumb\",\"itemListElement\":[{\"@type\":\"ListItem\",\"position\":1,\"name\":\"Portada\",\"item\":\"https:\\\/\\\/www.copealcoy.es\\\/es\\\/\"},{\"@type\":\"ListItem\",\"position\":2,\"name\":\"Alcoy reclama un paso peatonal provisional en el puente Fernando Reig\"}]},{\"@type\":\"WebSite\",\"@id\":\"https:\\\/\\\/www.copealcoy.es\\\/es\\\/#website\",\"url\":\"https:\\\/\\\/www.copealcoy.es\\\/es\\\/\",\"name\":\"COPE Alcoy\",\"description\":\"Emisora COPE de radio local con emisi\u00f3n online. Pont de Sant Jordi 8-10 03803 Alcoy\",\"potentialAction\":[{\"@type\":\"SearchAction\",\"target\":{\"@type\":\"EntryPoint\",\"urlTemplate\":\"https:\\\/\\\/www.copealcoy.es\\\/es\\\/?s={search_term_string}\"},\"query-input\":{\"@type\":\"PropertyValueSpecification\",\"valueRequired\":true,\"valueName\":\"search_term_string\"}}],\"inLanguage\":\"es\"},{\"@type\":\"Person\",\"@id\":\"https:\\\/\\\/www.copealcoy.es\\\/es\\\/#\\\/schema\\\/person\\\/e777c87fa024e57d40170af9df39882c\",\"name\":\"Cope Alcoy\",\"image\":{\"@type\":\"ImageObject\",\"inLanguage\":\"es\",\"@id\":\"https:\\\/\\\/secure.gravatar.com\\\/avatar\\\/bb65d0283347e303893ba14f0692005417c1e0e690a325a4c5d8bb2b3943ee14?s=96&d=mm&r=g\",\"url\":\"https:\\\/\\\/secure.gravatar.com\\\/avatar\\\/bb65d0283347e303893ba14f0692005417c1e0e690a325a4c5d8bb2b3943ee14?s=96&d=mm&r=g\",\"contentUrl\":\"https:\\\/\\\/secure.gravatar.com\\\/avatar\\\/bb65d0283347e303893ba14f0692005417c1e0e690a325a4c5d8bb2b3943ee14?s=96&d=mm&r=g\",\"caption\":\"Cope Alcoy\"}}]}<\/script>\n<!-- \/ Yoast SEO plugin. -->","yoast_head_json":{"title":"Alcoy reclama un paso peatonal provisional en el puente Fernando Reig - COPE Alcoy","robots":{"index":"index","follow":"follow","max-snippet":"max-snippet:-1","max-image-preview":"max-image-preview:large","max-video-preview":"max-video-preview:-1"},"canonical":"https:\/\/www.copealcoy.es\/es\/alcoy-reclama-un-paso-peatonal-provisional-en-el-puente-fernando-reig\/","og_locale":"es_ES","og_type":"article","og_title":"Alcoy reclama un paso peatonal provisional en el puente Fernando Reig - COPE Alcoy","og_description":"El Ayuntamiento de Alcoy ha vuelto a reclamar\u00a0al Ministerio de Fomento que estudie la posibilidad, con todas las medidas de...","og_url":"https:\/\/www.copealcoy.es\/es\/alcoy-reclama-un-paso-peatonal-provisional-en-el-puente-fernando-reig\/","og_site_name":"COPE Alcoy","article_published_time":"2016-11-11T20:32:18+00:00","article_modified_time":"2016-11-13T20:08:07+00:00","og_image":[{"width":640,"height":357,"url":"https:\/\/www.copealcoy.es\/wp-content\/uploads\/2016\/08\/13906633_10210542157658308_6894967624826974914_n.jpg","type":"image\/jpeg"}],"author":"Cope Alcoy","twitter_misc":{"Escrito por":"Cope Alcoy","Tiempo de lectura":"1 minuto"},"schema":{"@context":"https:\/\/schema.org","@graph":[{"@type":"Article","@id":"https:\/\/www.copealcoy.es\/es\/alcoy-reclama-un-paso-peatonal-provisional-en-el-puente-fernando-reig\/#article","isPartOf":{"@id":"https:\/\/www.copealcoy.es\/es\/alcoy-reclama-un-paso-peatonal-provisional-en-el-puente-fernando-reig\/"},"author":{"name":"Cope Alcoy","@id":"https:\/\/www.copealcoy.es\/es\/#\/schema\/person\/e777c87fa024e57d40170af9df39882c"},"headline":"Alcoy reclama un paso peatonal provisional en el puente Fernando Reig","datePublished":"2016-11-11T20:32:18+00:00","dateModified":"2016-11-13T20:08:07+00:00","mainEntityOfPage":{"@id":"https:\/\/www.copealcoy.es\/es\/alcoy-reclama-un-paso-peatonal-provisional-en-el-puente-fernando-reig\/"},"wordCount":233,"commentCount":0,"image":{"@id":"https:\/\/www.copealcoy.es\/es\/alcoy-reclama-un-paso-peatonal-provisional-en-el-puente-fernando-reig\/#primaryimage"},"thumbnailUrl":"https:\/\/www.copealcoy.es\/wp-content\/uploads\/2016\/08\/13906633_10210542157658308_6894967624826974914_n.jpg","keywords":["Alcoy","Antonio Franc\u00e9s","paso peatonal","Puente Fernando Reig","Seguridad","Tr\u00e1fico"],"articleSection":["Alcoy","Noticias","Pol\u00edtica y Econom\u00eda","Portada"],"inLanguage":"es"},{"@type":"WebPage","@id":"https:\/\/www.copealcoy.es\/es\/alcoy-reclama-un-paso-peatonal-provisional-en-el-puente-fernando-reig\/","url":"https:\/\/www.copealcoy.es\/es\/alcoy-reclama-un-paso-peatonal-provisional-en-el-puente-fernando-reig\/","name":"Alcoy reclama un paso peatonal provisional en el puente Fernando Reig - COPE Alcoy","isPartOf":{"@id":"https:\/\/www.copealcoy.es\/es\/#website"},"primaryImageOfPage":{"@id":"https:\/\/www.copealcoy.es\/es\/alcoy-reclama-un-paso-peatonal-provisional-en-el-puente-fernando-reig\/#primaryimage"},"image":{"@id":"https:\/\/www.copealcoy.es\/es\/alcoy-reclama-un-paso-peatonal-provisional-en-el-puente-fernando-reig\/#primaryimage"},"thumbnailUrl":"https:\/\/www.copealcoy.es\/wp-content\/uploads\/2016\/08\/13906633_10210542157658308_6894967624826974914_n.jpg","datePublished":"2016-11-11T20:32:18+00:00","dateModified":"2016-11-13T20:08:07+00:00","author":{"@id":"https:\/\/www.copealcoy.es\/es\/#\/schema\/person\/e777c87fa024e57d40170af9df39882c"},"breadcrumb":{"@id":"https:\/\/www.copealcoy.es\/es\/alcoy-reclama-un-paso-peatonal-provisional-en-el-puente-fernando-reig\/#breadcrumb"},"inLanguage":"es","potentialAction":[{"@type":"ReadAction","target":["https:\/\/www.copealcoy.es\/es\/alcoy-reclama-un-paso-peatonal-provisional-en-el-puente-fernando-reig\/"]}]},{"@type":"ImageObject","inLanguage":"es","@id":"https:\/\/www.copealcoy.es\/es\/alcoy-reclama-un-paso-peatonal-provisional-en-el-puente-fernando-reig\/#primaryimage","url":"https:\/\/www.copealcoy.es\/wp-content\/uploads\/2016\/08\/13906633_10210542157658308_6894967624826974914_n.jpg","contentUrl":"https:\/\/www.copealcoy.es\/wp-content\/uploads\/2016\/08\/13906633_10210542157658308_6894967624826974914_n.jpg","width":640,"height":357,"caption":"El puente Fernando Reig est\u00e1 cerrado al tr\u00e1fico desde agosto"},{"@type":"BreadcrumbList","@id":"https:\/\/www.copealcoy.es\/es\/alcoy-reclama-un-paso-peatonal-provisional-en-el-puente-fernando-reig\/#breadcrumb","itemListElement":[{"@type":"ListItem","position":1,"name":"Portada","item":"https:\/\/www.copealcoy.es\/es\/"},{"@type":"ListItem","position":2,"name":"Alcoy reclama un paso peatonal provisional en el puente Fernando Reig"}]},{"@type":"WebSite","@id":"https:\/\/www.copealcoy.es\/es\/#website","url":"https:\/\/www.copealcoy.es\/es\/","name":"COPE Alcoy","description":"Emisora COPE de radio local con emisi\u00f3n online. Pont de Sant Jordi 8-10 03803 Alcoy","potentialAction":[{"@type":"SearchAction","target":{"@type":"EntryPoint","urlTemplate":"https:\/\/www.copealcoy.es\/es\/?s={search_term_string}"},"query-input":{"@type":"PropertyValueSpecification","valueRequired":true,"valueName":"search_term_string"}}],"inLanguage":"es"},{"@type":"Person","@id":"https:\/\/www.copealcoy.es\/es\/#\/schema\/person\/e777c87fa024e57d40170af9df39882c","name":"Cope Alcoy","image":{"@type":"ImageObject","inLanguage":"es","@id":"https:\/\/secure.gravatar.com\/avatar\/bb65d0283347e303893ba14f0692005417c1e0e690a325a4c5d8bb2b3943ee14?s=96&d=mm&r=g","url":"https:\/\/secure.gravatar.com\/avatar\/bb65d0283347e303893ba14f0692005417c1e0e690a325a4c5d8bb2b3943ee14?s=96&d=mm&r=g","contentUrl":"https:\/\/secure.gravatar.com\/avatar\/bb65d0283347e303893ba14f0692005417c1e0e690a325a4c5d8bb2b3943ee14?s=96&d=mm&r=g","caption":"Cope Alcoy"}}]}},"_links":{"self":[{"href":"https:\/\/www.copealcoy.es\/es\/wp-json\/wp\/v2\/posts\/26451","targetHints":{"allow":["GET"]}}],"collection":[{"href":"https:\/\/www.copealcoy.es\/es\/wp-json\/wp\/v2\/posts"}],"about":[{"href":"https:\/\/www.copealcoy.es\/es\/wp-json\/wp\/v2\/types\/post"}],"author":[{"embeddable":true,"href":"https:\/\/www.copealcoy.es\/es\/wp-json\/wp\/v2\/users\/1"}],"replies":[{"embeddable":true,"href":"https:\/\/www.copealcoy.es\/es\/wp-json\/wp\/v2\/comments?post=26451"}],"version-history":[{"count":0,"href":"https:\/\/www.copealcoy.es\/es\/wp-json\/wp\/v2\/posts\/26451\/revisions"}],"wp:featuredmedia":[{"embeddable":true,"href":"https:\/\/www.copealcoy.es\/es\/wp-json\/wp\/v2\/media\/24218"}],"wp:attachment":[{"href":"https:\/\/www.copealcoy.es\/es\/wp-json\/wp\/v2\/media?parent=26451"}],"wp:term":[{"taxonomy":"category","embeddable":true,"href":"https:\/\/www.copealcoy.es\/es\/wp-json\/wp\/v2\/categories?post=26451"},{"taxonomy":"post_tag","embeddable":true,"href":"https:\/\/www.copealcoy.es\/es\/wp-json\/wp\/v2\/tags?post=26451"}],"curies":[{"name":"wp","href":"https:\/\/api.w.org\/{rel}","templated":true}]}}