{"id":26197,"date":"2016-11-04T20:09:42","date_gmt":"2016-11-04T20:09:42","guid":{"rendered":"http:\/\/copealcoi.es\/new\/?p=26197"},"modified":"2016-11-04T20:10:36","modified_gmt":"2016-11-04T20:10:36","slug":"la-diputacion-invertira-105-000-euros-en-la-cova-de-lor-de-beniarres","status":"publish","type":"post","link":"https:\/\/www.copealcoy.es\/es\/la-diputacion-invertira-105-000-euros-en-la-cova-de-lor-de-beniarres\/","title":{"rendered":"La Diputaci\u00f3n invertir\u00e1 105.000 euros en &#8216;La Cova de l\u00b4Or&#8217; de Beniarr\u00e9s"},"content":{"rendered":"<p style=\"text-align: justify;\">La Diputaci\u00f3n Provincial de Alicante invertir\u00e1 <strong>105.000 euros para acondicionar \u00b4La Cova de l\u00b4Or&#8217; de Beniarr\u00e9s<\/strong>, una actuaci\u00f3n que permitir\u00e1 visitar este yacimiento considerado uno de los m\u00e1s importantes del Neol\u00edtico en Europa.<\/p>\n<p style=\"text-align: justify;\">El presidente, <strong>C\u00e9sar S\u00e1nchez<\/strong>, y el alcalde de esta localidad del Comtat, <strong>Lu\u00eds Tom\u00e1s<\/strong>, han firmado un convenio de colaboraci\u00f3n para la ejecuci\u00f3n de esta intervenci\u00f3n que consistir\u00e1 en\u00a0la mejora y se\u00f1alizaci\u00f3n de caminos, adecuaci\u00f3n del entorno, instalaci\u00f3n de un nuevo cerramiento, limpieza del interior, actuaciones arqueol\u00f3gicas, musealizaci\u00f3n, iluminaci\u00f3n y colocaci\u00f3n de pasarelas para facilitar el recorrido. La <strong>inversi\u00f3n<\/strong> para la ejecuci\u00f3n del proyecto se realizar\u00e1 en <strong>varias anualidades,<\/strong> contempl\u00e1ndose 25.000 euros para 2016 y 60.000 para 2017 mientras que en 2018 y 2018 se aportar\u00e1n desde la Diputaci\u00f3n un total de 10.000 euros para la difusi\u00f3n y dinamizaci\u00f3n cultural de este bien patrimonial.<\/p>\n<p style=\"text-align: justify;\"><strong>Jaime Lloret<\/strong>, Diputado de Arquitectura, ha destacado la importancia de\u00a0estos trabajos y ha apuntado que desde el Gobierno Provincial se pretende convertir este emplazamiento en un <strong>reclamo que genere rutas tur\u00edsticas<\/strong> de la costa al interior <em>&#8220;queremos poner en valor estos hitos patrimoniales e hist\u00f3ricos del interior y convertirlos en un reclamo para que millones de turistas que se acercan a las costas de nuestra provincia conozcan tambi\u00e9n los municipios de interior&#8221;<\/em>, afirma. Tambi\u00e9n el alcalde, <strong>Lu\u00eds Tom\u00e1s<\/strong>, ha explicado que la cueva <em>&#8220;est\u00e1 en estos momentos cerrada al p\u00fablico y lo que se pretende con esta important\u00edsima ayuda de la Diputaci\u00f3n es musealizarla y hacerla visitable de forma controlada. Adem\u00e1s con este proyecto se conseguir\u00e1 que lleguen m\u00e1s visitantes hasta nuestro pueblo&#8221;<\/em>, detalla.<\/p>\n<p style=\"text-align: justify;\">Indicar que la Cova de l\u00b4Or es un yacimiento que, por su contenido y trascendencia, es considerado <strong>Bien de Inter\u00e9s Cultural (BIC)<\/strong> y tiene un reconocimiento cient\u00edfico a nivel internacional por los datos que ofrece sobre el Neol\u00edtico. De igual forma se han encontrado <strong>varios materiales art\u00edsticos<\/strong> en los \u00faltimos a\u00f1os que han permitido averiguar que este enclave ser\u00eda\u00a0un santuario para aquellas gentes que introdujeron en estas tierras la alfarer\u00eda y el trabajo de la piedra mediante la t\u00e9cnica del pulimento.<\/p>\n","protected":false},"excerpt":{"rendered":"<p>La Diputaci\u00f3n Provincial de Alicante invertir\u00e1 105.000 euros para acondicionar \u00b4La Cova de l\u00b4Or&#8217; de Beniarr\u00e9s, una actuaci\u00f3n que permitir\u00e1&#8230;<\/p>\n","protected":false},"author":1,"featured_media":26198,"comment_status":"open","ping_status":"open","sticky":false,"template":"","format":"standard","meta":{"footnotes":""},"categories":[98,75],"tags":[851,1759,237,3211,234],"class_list":["post-26197","post","type-post","status-publish","format-standard","has-post-thumbnail","hentry","category-comarcas","category-noticias","tag-beniarres","tag-cesar-sanchez","tag-comtat","tag-cova-de-lor","tag-diputacion"],"yoast_head":"<!-- This site is optimized with the Yoast SEO plugin v27.3 - https:\/\/yoast.com\/product\/yoast-seo-wordpress\/ -->\n<title>La Diputaci\u00f3n invertir\u00e1 105.000 euros en &#039;La Cova de l\u00b4Or&#039; de Beniarr\u00e9s - COPE Alcoy<\/title>\n<meta name=\"robots\" content=\"index, follow, max-snippet:-1, max-image-preview:large, max-video-preview:-1\" \/>\n<link rel=\"canonical\" href=\"https:\/\/www.copealcoy.es\/es\/la-diputacion-invertira-105-000-euros-en-la-cova-de-lor-de-beniarres\/\" \/>\n<meta property=\"og:locale\" content=\"es_ES\" \/>\n<meta property=\"og:type\" content=\"article\" \/>\n<meta property=\"og:title\" content=\"La Diputaci\u00f3n invertir\u00e1 105.000 euros en &#039;La Cova de l\u00b4Or&#039; de Beniarr\u00e9s - COPE Alcoy\" \/>\n<meta property=\"og:description\" content=\"La Diputaci\u00f3n Provincial de Alicante invertir\u00e1 105.000 euros para acondicionar \u00b4La Cova de l\u00b4Or&#8217; de Beniarr\u00e9s, una actuaci\u00f3n que permitir\u00e1...\" \/>\n<meta property=\"og:url\" content=\"https:\/\/www.copealcoy.es\/es\/la-diputacion-invertira-105-000-euros-en-la-cova-de-lor-de-beniarres\/\" \/>\n<meta property=\"og:site_name\" content=\"COPE Alcoy\" \/>\n<meta property=\"article:published_time\" content=\"2016-11-04T20:09:42+00:00\" \/>\n<meta property=\"article:modified_time\" content=\"2016-11-04T20:10:36+00:00\" \/>\n<meta property=\"og:image\" content=\"https:\/\/www.copealcoy.es\/wp-content\/uploads\/2016\/11\/14958972_10210958321294690_1261643812_o.jpg\" \/>\n\t<meta property=\"og:image:width\" content=\"1334\" \/>\n\t<meta property=\"og:image:height\" content=\"889\" \/>\n\t<meta property=\"og:image:type\" content=\"image\/jpeg\" \/>\n<meta name=\"author\" content=\"Cope Alcoy\" \/>\n<meta name=\"twitter:label1\" content=\"Escrito por\" \/>\n\t<meta name=\"twitter:data1\" content=\"Cope Alcoy\" \/>\n\t<meta name=\"twitter:label2\" content=\"Tiempo de lectura\" \/>\n\t<meta name=\"twitter:data2\" content=\"2 minutos\" \/>\n<script type=\"application\/ld+json\" class=\"yoast-schema-graph\">{\"@context\":\"https:\\\/\\\/schema.org\",\"@graph\":[{\"@type\":\"Article\",\"@id\":\"https:\\\/\\\/www.copealcoy.es\\\/es\\\/la-diputacion-invertira-105-000-euros-en-la-cova-de-lor-de-beniarres\\\/#article\",\"isPartOf\":{\"@id\":\"https:\\\/\\\/www.copealcoy.es\\\/es\\\/la-diputacion-invertira-105-000-euros-en-la-cova-de-lor-de-beniarres\\\/\"},\"author\":{\"name\":\"Cope Alcoy\",\"@id\":\"https:\\\/\\\/www.copealcoy.es\\\/es\\\/#\\\/schema\\\/person\\\/e777c87fa024e57d40170af9df39882c\"},\"headline\":\"La Diputaci\u00f3n invertir\u00e1 105.000 euros en &#8216;La Cova de l\u00b4Or&#8217; de Beniarr\u00e9s\",\"datePublished\":\"2016-11-04T20:09:42+00:00\",\"dateModified\":\"2016-11-04T20:10:36+00:00\",\"mainEntityOfPage\":{\"@id\":\"https:\\\/\\\/www.copealcoy.es\\\/es\\\/la-diputacion-invertira-105-000-euros-en-la-cova-de-lor-de-beniarres\\\/\"},\"wordCount\":399,\"commentCount\":0,\"image\":{\"@id\":\"https:\\\/\\\/www.copealcoy.es\\\/es\\\/la-diputacion-invertira-105-000-euros-en-la-cova-de-lor-de-beniarres\\\/#primaryimage\"},\"thumbnailUrl\":\"https:\\\/\\\/www.copealcoy.es\\\/wp-content\\\/uploads\\\/2016\\\/11\\\/14958972_10210958321294690_1261643812_o.jpg\",\"keywords\":[\"Beniarres\",\"C\u00e9sar S\u00e1nchez\",\"Comtat\",\"Cova de l\u00b4Or\",\"Diputaci\u00f3n\"],\"articleSection\":[\"Comarcas\",\"Noticias\"],\"inLanguage\":\"es\"},{\"@type\":\"WebPage\",\"@id\":\"https:\\\/\\\/www.copealcoy.es\\\/es\\\/la-diputacion-invertira-105-000-euros-en-la-cova-de-lor-de-beniarres\\\/\",\"url\":\"https:\\\/\\\/www.copealcoy.es\\\/es\\\/la-diputacion-invertira-105-000-euros-en-la-cova-de-lor-de-beniarres\\\/\",\"name\":\"La Diputaci\u00f3n invertir\u00e1 105.000 euros en 'La Cova de l\u00b4Or' de Beniarr\u00e9s - COPE Alcoy\",\"isPartOf\":{\"@id\":\"https:\\\/\\\/www.copealcoy.es\\\/es\\\/#website\"},\"primaryImageOfPage\":{\"@id\":\"https:\\\/\\\/www.copealcoy.es\\\/es\\\/la-diputacion-invertira-105-000-euros-en-la-cova-de-lor-de-beniarres\\\/#primaryimage\"},\"image\":{\"@id\":\"https:\\\/\\\/www.copealcoy.es\\\/es\\\/la-diputacion-invertira-105-000-euros-en-la-cova-de-lor-de-beniarres\\\/#primaryimage\"},\"thumbnailUrl\":\"https:\\\/\\\/www.copealcoy.es\\\/wp-content\\\/uploads\\\/2016\\\/11\\\/14958972_10210958321294690_1261643812_o.jpg\",\"datePublished\":\"2016-11-04T20:09:42+00:00\",\"dateModified\":\"2016-11-04T20:10:36+00:00\",\"author\":{\"@id\":\"https:\\\/\\\/www.copealcoy.es\\\/es\\\/#\\\/schema\\\/person\\\/e777c87fa024e57d40170af9df39882c\"},\"breadcrumb\":{\"@id\":\"https:\\\/\\\/www.copealcoy.es\\\/es\\\/la-diputacion-invertira-105-000-euros-en-la-cova-de-lor-de-beniarres\\\/#breadcrumb\"},\"inLanguage\":\"es\",\"potentialAction\":[{\"@type\":\"ReadAction\",\"target\":[\"https:\\\/\\\/www.copealcoy.es\\\/es\\\/la-diputacion-invertira-105-000-euros-en-la-cova-de-lor-de-beniarres\\\/\"]}]},{\"@type\":\"ImageObject\",\"inLanguage\":\"es\",\"@id\":\"https:\\\/\\\/www.copealcoy.es\\\/es\\\/la-diputacion-invertira-105-000-euros-en-la-cova-de-lor-de-beniarres\\\/#primaryimage\",\"url\":\"https:\\\/\\\/www.copealcoy.es\\\/wp-content\\\/uploads\\\/2016\\\/11\\\/14958972_10210958321294690_1261643812_o.jpg\",\"contentUrl\":\"https:\\\/\\\/www.copealcoy.es\\\/wp-content\\\/uploads\\\/2016\\\/11\\\/14958972_10210958321294690_1261643812_o.jpg\",\"width\":1334,\"height\":889,\"caption\":\"Un instante de la firma del convenio entre la Diputaci\u00f3n y el Ayuntamiento de Beniarr\u00e9s\"},{\"@type\":\"BreadcrumbList\",\"@id\":\"https:\\\/\\\/www.copealcoy.es\\\/es\\\/la-diputacion-invertira-105-000-euros-en-la-cova-de-lor-de-beniarres\\\/#breadcrumb\",\"itemListElement\":[{\"@type\":\"ListItem\",\"position\":1,\"name\":\"Portada\",\"item\":\"https:\\\/\\\/www.copealcoy.es\\\/es\\\/\"},{\"@type\":\"ListItem\",\"position\":2,\"name\":\"La Diputaci\u00f3n invertir\u00e1 105.000 euros en &#8216;La Cova de l\u00b4Or&#8217; de Beniarr\u00e9s\"}]},{\"@type\":\"WebSite\",\"@id\":\"https:\\\/\\\/www.copealcoy.es\\\/es\\\/#website\",\"url\":\"https:\\\/\\\/www.copealcoy.es\\\/es\\\/\",\"name\":\"COPE Alcoy\",\"description\":\"Emisora COPE de radio local con emisi\u00f3n online. Pont de Sant Jordi 8-10 03803 Alcoy\",\"potentialAction\":[{\"@type\":\"SearchAction\",\"target\":{\"@type\":\"EntryPoint\",\"urlTemplate\":\"https:\\\/\\\/www.copealcoy.es\\\/es\\\/?s={search_term_string}\"},\"query-input\":{\"@type\":\"PropertyValueSpecification\",\"valueRequired\":true,\"valueName\":\"search_term_string\"}}],\"inLanguage\":\"es\"},{\"@type\":\"Person\",\"@id\":\"https:\\\/\\\/www.copealcoy.es\\\/es\\\/#\\\/schema\\\/person\\\/e777c87fa024e57d40170af9df39882c\",\"name\":\"Cope Alcoy\",\"image\":{\"@type\":\"ImageObject\",\"inLanguage\":\"es\",\"@id\":\"https:\\\/\\\/secure.gravatar.com\\\/avatar\\\/bb65d0283347e303893ba14f0692005417c1e0e690a325a4c5d8bb2b3943ee14?s=96&d=mm&r=g\",\"url\":\"https:\\\/\\\/secure.gravatar.com\\\/avatar\\\/bb65d0283347e303893ba14f0692005417c1e0e690a325a4c5d8bb2b3943ee14?s=96&d=mm&r=g\",\"contentUrl\":\"https:\\\/\\\/secure.gravatar.com\\\/avatar\\\/bb65d0283347e303893ba14f0692005417c1e0e690a325a4c5d8bb2b3943ee14?s=96&d=mm&r=g\",\"caption\":\"Cope Alcoy\"}}]}<\/script>\n<!-- \/ Yoast SEO plugin. -->","yoast_head_json":{"title":"La Diputaci\u00f3n invertir\u00e1 105.000 euros en 'La Cova de l\u00b4Or' de Beniarr\u00e9s - COPE Alcoy","robots":{"index":"index","follow":"follow","max-snippet":"max-snippet:-1","max-image-preview":"max-image-preview:large","max-video-preview":"max-video-preview:-1"},"canonical":"https:\/\/www.copealcoy.es\/es\/la-diputacion-invertira-105-000-euros-en-la-cova-de-lor-de-beniarres\/","og_locale":"es_ES","og_type":"article","og_title":"La Diputaci\u00f3n invertir\u00e1 105.000 euros en 'La Cova de l\u00b4Or' de Beniarr\u00e9s - COPE Alcoy","og_description":"La Diputaci\u00f3n Provincial de Alicante invertir\u00e1 105.000 euros para acondicionar \u00b4La Cova de l\u00b4Or&#8217; de Beniarr\u00e9s, una actuaci\u00f3n que permitir\u00e1...","og_url":"https:\/\/www.copealcoy.es\/es\/la-diputacion-invertira-105-000-euros-en-la-cova-de-lor-de-beniarres\/","og_site_name":"COPE Alcoy","article_published_time":"2016-11-04T20:09:42+00:00","article_modified_time":"2016-11-04T20:10:36+00:00","og_image":[{"width":1334,"height":889,"url":"https:\/\/www.copealcoy.es\/wp-content\/uploads\/2016\/11\/14958972_10210958321294690_1261643812_o.jpg","type":"image\/jpeg"}],"author":"Cope Alcoy","twitter_misc":{"Escrito por":"Cope Alcoy","Tiempo de lectura":"2 minutos"},"schema":{"@context":"https:\/\/schema.org","@graph":[{"@type":"Article","@id":"https:\/\/www.copealcoy.es\/es\/la-diputacion-invertira-105-000-euros-en-la-cova-de-lor-de-beniarres\/#article","isPartOf":{"@id":"https:\/\/www.copealcoy.es\/es\/la-diputacion-invertira-105-000-euros-en-la-cova-de-lor-de-beniarres\/"},"author":{"name":"Cope Alcoy","@id":"https:\/\/www.copealcoy.es\/es\/#\/schema\/person\/e777c87fa024e57d40170af9df39882c"},"headline":"La Diputaci\u00f3n invertir\u00e1 105.000 euros en &#8216;La Cova de l\u00b4Or&#8217; de Beniarr\u00e9s","datePublished":"2016-11-04T20:09:42+00:00","dateModified":"2016-11-04T20:10:36+00:00","mainEntityOfPage":{"@id":"https:\/\/www.copealcoy.es\/es\/la-diputacion-invertira-105-000-euros-en-la-cova-de-lor-de-beniarres\/"},"wordCount":399,"commentCount":0,"image":{"@id":"https:\/\/www.copealcoy.es\/es\/la-diputacion-invertira-105-000-euros-en-la-cova-de-lor-de-beniarres\/#primaryimage"},"thumbnailUrl":"https:\/\/www.copealcoy.es\/wp-content\/uploads\/2016\/11\/14958972_10210958321294690_1261643812_o.jpg","keywords":["Beniarres","C\u00e9sar S\u00e1nchez","Comtat","Cova de l\u00b4Or","Diputaci\u00f3n"],"articleSection":["Comarcas","Noticias"],"inLanguage":"es"},{"@type":"WebPage","@id":"https:\/\/www.copealcoy.es\/es\/la-diputacion-invertira-105-000-euros-en-la-cova-de-lor-de-beniarres\/","url":"https:\/\/www.copealcoy.es\/es\/la-diputacion-invertira-105-000-euros-en-la-cova-de-lor-de-beniarres\/","name":"La Diputaci\u00f3n invertir\u00e1 105.000 euros en 'La Cova de l\u00b4Or' de Beniarr\u00e9s - COPE Alcoy","isPartOf":{"@id":"https:\/\/www.copealcoy.es\/es\/#website"},"primaryImageOfPage":{"@id":"https:\/\/www.copealcoy.es\/es\/la-diputacion-invertira-105-000-euros-en-la-cova-de-lor-de-beniarres\/#primaryimage"},"image":{"@id":"https:\/\/www.copealcoy.es\/es\/la-diputacion-invertira-105-000-euros-en-la-cova-de-lor-de-beniarres\/#primaryimage"},"thumbnailUrl":"https:\/\/www.copealcoy.es\/wp-content\/uploads\/2016\/11\/14958972_10210958321294690_1261643812_o.jpg","datePublished":"2016-11-04T20:09:42+00:00","dateModified":"2016-11-04T20:10:36+00:00","author":{"@id":"https:\/\/www.copealcoy.es\/es\/#\/schema\/person\/e777c87fa024e57d40170af9df39882c"},"breadcrumb":{"@id":"https:\/\/www.copealcoy.es\/es\/la-diputacion-invertira-105-000-euros-en-la-cova-de-lor-de-beniarres\/#breadcrumb"},"inLanguage":"es","potentialAction":[{"@type":"ReadAction","target":["https:\/\/www.copealcoy.es\/es\/la-diputacion-invertira-105-000-euros-en-la-cova-de-lor-de-beniarres\/"]}]},{"@type":"ImageObject","inLanguage":"es","@id":"https:\/\/www.copealcoy.es\/es\/la-diputacion-invertira-105-000-euros-en-la-cova-de-lor-de-beniarres\/#primaryimage","url":"https:\/\/www.copealcoy.es\/wp-content\/uploads\/2016\/11\/14958972_10210958321294690_1261643812_o.jpg","contentUrl":"https:\/\/www.copealcoy.es\/wp-content\/uploads\/2016\/11\/14958972_10210958321294690_1261643812_o.jpg","width":1334,"height":889,"caption":"Un instante de la firma del convenio entre la Diputaci\u00f3n y el Ayuntamiento de Beniarr\u00e9s"},{"@type":"BreadcrumbList","@id":"https:\/\/www.copealcoy.es\/es\/la-diputacion-invertira-105-000-euros-en-la-cova-de-lor-de-beniarres\/#breadcrumb","itemListElement":[{"@type":"ListItem","position":1,"name":"Portada","item":"https:\/\/www.copealcoy.es\/es\/"},{"@type":"ListItem","position":2,"name":"La Diputaci\u00f3n invertir\u00e1 105.000 euros en &#8216;La Cova de l\u00b4Or&#8217; de Beniarr\u00e9s"}]},{"@type":"WebSite","@id":"https:\/\/www.copealcoy.es\/es\/#website","url":"https:\/\/www.copealcoy.es\/es\/","name":"COPE Alcoy","description":"Emisora COPE de radio local con emisi\u00f3n online. Pont de Sant Jordi 8-10 03803 Alcoy","potentialAction":[{"@type":"SearchAction","target":{"@type":"EntryPoint","urlTemplate":"https:\/\/www.copealcoy.es\/es\/?s={search_term_string}"},"query-input":{"@type":"PropertyValueSpecification","valueRequired":true,"valueName":"search_term_string"}}],"inLanguage":"es"},{"@type":"Person","@id":"https:\/\/www.copealcoy.es\/es\/#\/schema\/person\/e777c87fa024e57d40170af9df39882c","name":"Cope Alcoy","image":{"@type":"ImageObject","inLanguage":"es","@id":"https:\/\/secure.gravatar.com\/avatar\/bb65d0283347e303893ba14f0692005417c1e0e690a325a4c5d8bb2b3943ee14?s=96&d=mm&r=g","url":"https:\/\/secure.gravatar.com\/avatar\/bb65d0283347e303893ba14f0692005417c1e0e690a325a4c5d8bb2b3943ee14?s=96&d=mm&r=g","contentUrl":"https:\/\/secure.gravatar.com\/avatar\/bb65d0283347e303893ba14f0692005417c1e0e690a325a4c5d8bb2b3943ee14?s=96&d=mm&r=g","caption":"Cope Alcoy"}}]}},"_links":{"self":[{"href":"https:\/\/www.copealcoy.es\/es\/wp-json\/wp\/v2\/posts\/26197","targetHints":{"allow":["GET"]}}],"collection":[{"href":"https:\/\/www.copealcoy.es\/es\/wp-json\/wp\/v2\/posts"}],"about":[{"href":"https:\/\/www.copealcoy.es\/es\/wp-json\/wp\/v2\/types\/post"}],"author":[{"embeddable":true,"href":"https:\/\/www.copealcoy.es\/es\/wp-json\/wp\/v2\/users\/1"}],"replies":[{"embeddable":true,"href":"https:\/\/www.copealcoy.es\/es\/wp-json\/wp\/v2\/comments?post=26197"}],"version-history":[{"count":0,"href":"https:\/\/www.copealcoy.es\/es\/wp-json\/wp\/v2\/posts\/26197\/revisions"}],"wp:featuredmedia":[{"embeddable":true,"href":"https:\/\/www.copealcoy.es\/es\/wp-json\/wp\/v2\/media\/26198"}],"wp:attachment":[{"href":"https:\/\/www.copealcoy.es\/es\/wp-json\/wp\/v2\/media?parent=26197"}],"wp:term":[{"taxonomy":"category","embeddable":true,"href":"https:\/\/www.copealcoy.es\/es\/wp-json\/wp\/v2\/categories?post=26197"},{"taxonomy":"post_tag","embeddable":true,"href":"https:\/\/www.copealcoy.es\/es\/wp-json\/wp\/v2\/tags?post=26197"}],"curies":[{"name":"wp","href":"https:\/\/api.w.org\/{rel}","templated":true}]}}