{"id":26180,"date":"2016-11-05T07:45:35","date_gmt":"2016-11-05T07:45:35","guid":{"rendered":"http:\/\/copealcoi.es\/new\/?p=26180"},"modified":"2016-11-05T11:33:43","modified_gmt":"2016-11-05T11:33:43","slug":"__trashed","status":"publish","type":"post","link":"https:\/\/www.copealcoy.es\/es\/__trashed\/","title":{"rendered":"Baldov\u00ed en el Esmorzar de Fira del Col\u00b7lectiu-Comprom\u00eds"},"content":{"rendered":"<p style=\"text-align: justify;\">La coalici\u00f3n\u00a0Col\u00b7lectiu 03820-Comprom\u00eds de Cocentaina celebr\u00f3 el pasado martes 1 de noviembre el cl\u00e1sico &#8216;<strong>Esmorzar de Fira&#8217;<\/strong> con motivo de la <strong>Fira de Tots Sants<\/strong> y al que asistieron <strong>un centenar de personas<\/strong> entre militantes, ediles y alcaldes de la comarca.<\/p>\n<p style=\"text-align: justify;\">A la cita no falt\u00f3 el Diputado Nacional de Comprom\u00eds, <strong>Joan Baldov\u00ed<\/strong>, y el edil en el Ayuntamiento contestano, <strong>Jordi Pla<\/strong>, tom\u00f3 la palabra para indicar que la Fira <em>&#8220;representa todo aquello que nos hace grandes como pueblo: historia, cultura, econom\u00eda y agricultura&#8221;<\/em> al mismo tiempo que anim\u00f3 a todos los asistentes a seguir creciendo <em>&#8220;como proyecto pol\u00edtico&#8221;<\/em>, afirm\u00f3.<\/p>\n<p style=\"text-align: justify;\">Se\u00f1alar que Comprom\u00eds tambi\u00e9n dio su <strong>respaldo institucional<\/strong> a la Fira de Tots Sants de Cocentaina y en el acto de la inauguraci\u00f3n del s\u00e1bado 29 de octubre, al margen de alcaldes y concejales del Comtat y L\u00b4Alcoi\u00e0, estuvieron presentes el President de Les Corts, <strong>Enric Morera<\/strong>, el de Econom\u00eda Sostenible, <strong>Rafael Climent<\/strong>, o la diputada provincial de Turismo en Valencia; <strong>Pilar Moncho<\/strong>.<\/p>\n<p>&nbsp;<\/p>\n","protected":false},"excerpt":{"rendered":"<p>La coalici\u00f3n\u00a0Col\u00b7lectiu 03820-Comprom\u00eds de Cocentaina celebr\u00f3 el pasado martes 1 de noviembre el cl\u00e1sico &#8216;Esmorzar de Fira&#8217; con motivo de&#8230;<\/p>\n","protected":false},"author":1,"featured_media":26266,"comment_status":"open","ping_status":"open","sticky":false,"template":"","format":"standard","meta":{"footnotes":""},"categories":[98,75],"tags":[132,610,152,3216,635,3217,2092],"class_list":["post-26180","post","type-post","status-publish","format-standard","has-post-thumbnail","hentry","category-comarcas","category-noticias","tag-cocentaina","tag-col-lectiu-03820","tag-compromis","tag-esmorzar-de-fira","tag-fira-de-tots-sants","tag-joan-baldovi","tag-jordi-pla"],"yoast_head":"<!-- This site is optimized with the Yoast SEO plugin v27.3 - https:\/\/yoast.com\/product\/yoast-seo-wordpress\/ -->\n<title>Baldov\u00ed en el Esmorzar de Fira del Col\u00b7lectiu-Comprom\u00eds - COPE Alcoy<\/title>\n<meta name=\"robots\" content=\"index, follow, max-snippet:-1, max-image-preview:large, max-video-preview:-1\" \/>\n<link rel=\"canonical\" href=\"https:\/\/www.copealcoy.es\/es\/__trashed\/\" \/>\n<meta property=\"og:locale\" content=\"es_ES\" \/>\n<meta property=\"og:type\" content=\"article\" \/>\n<meta property=\"og:title\" content=\"Baldov\u00ed en el Esmorzar de Fira del Col\u00b7lectiu-Comprom\u00eds - COPE Alcoy\" \/>\n<meta property=\"og:description\" content=\"La coalici\u00f3n\u00a0Col\u00b7lectiu 03820-Comprom\u00eds de Cocentaina celebr\u00f3 el pasado martes 1 de noviembre el cl\u00e1sico &#8216;Esmorzar de Fira&#8217; con motivo de...\" \/>\n<meta property=\"og:url\" content=\"https:\/\/www.copealcoy.es\/es\/__trashed\/\" \/>\n<meta property=\"og:site_name\" content=\"COPE Alcoy\" \/>\n<meta property=\"article:published_time\" content=\"2016-11-05T07:45:35+00:00\" \/>\n<meta property=\"article:modified_time\" content=\"2016-11-05T11:33:43+00:00\" \/>\n<meta property=\"og:image\" content=\"https:\/\/www.copealcoy.es\/wp-content\/uploads\/2016\/11\/img_32192.jpg\" \/>\n\t<meta property=\"og:image:width\" content=\"670\" \/>\n\t<meta property=\"og:image:height\" content=\"377\" \/>\n\t<meta property=\"og:image:type\" content=\"image\/jpeg\" \/>\n<meta name=\"author\" content=\"Cope Alcoy\" \/>\n<meta name=\"twitter:label1\" content=\"Escrito por\" \/>\n\t<meta name=\"twitter:data1\" content=\"Cope Alcoy\" \/>\n\t<meta name=\"twitter:label2\" content=\"Tiempo de lectura\" \/>\n\t<meta name=\"twitter:data2\" content=\"1 minuto\" \/>\n<script type=\"application\/ld+json\" class=\"yoast-schema-graph\">{\"@context\":\"https:\\\/\\\/schema.org\",\"@graph\":[{\"@type\":\"Article\",\"@id\":\"https:\\\/\\\/www.copealcoy.es\\\/es\\\/__trashed\\\/#article\",\"isPartOf\":{\"@id\":\"https:\\\/\\\/www.copealcoy.es\\\/es\\\/__trashed\\\/\"},\"author\":{\"name\":\"Cope Alcoy\",\"@id\":\"https:\\\/\\\/www.copealcoy.es\\\/es\\\/#\\\/schema\\\/person\\\/e777c87fa024e57d40170af9df39882c\"},\"headline\":\"Baldov\u00ed en el Esmorzar de Fira del Col\u00b7lectiu-Comprom\u00eds\",\"datePublished\":\"2016-11-05T07:45:35+00:00\",\"dateModified\":\"2016-11-05T11:33:43+00:00\",\"mainEntityOfPage\":{\"@id\":\"https:\\\/\\\/www.copealcoy.es\\\/es\\\/__trashed\\\/\"},\"wordCount\":187,\"commentCount\":0,\"image\":{\"@id\":\"https:\\\/\\\/www.copealcoy.es\\\/es\\\/__trashed\\\/#primaryimage\"},\"thumbnailUrl\":\"https:\\\/\\\/www.copealcoy.es\\\/wp-content\\\/uploads\\\/2016\\\/11\\\/img_32192.jpg\",\"keywords\":[\"Cocentaina\",\"Col.lectiu 03820\",\"Comprom\u00eds\",\"Esmorzar de Fira\",\"Fira de Tots Sants\",\"Joan Baldov\u00ed\",\"Jordi Pla\"],\"articleSection\":[\"Comarcas\",\"Noticias\"],\"inLanguage\":\"es\"},{\"@type\":\"WebPage\",\"@id\":\"https:\\\/\\\/www.copealcoy.es\\\/es\\\/__trashed\\\/\",\"url\":\"https:\\\/\\\/www.copealcoy.es\\\/es\\\/__trashed\\\/\",\"name\":\"Baldov\u00ed en el Esmorzar de Fira del Col\u00b7lectiu-Comprom\u00eds - COPE Alcoy\",\"isPartOf\":{\"@id\":\"https:\\\/\\\/www.copealcoy.es\\\/es\\\/#website\"},\"primaryImageOfPage\":{\"@id\":\"https:\\\/\\\/www.copealcoy.es\\\/es\\\/__trashed\\\/#primaryimage\"},\"image\":{\"@id\":\"https:\\\/\\\/www.copealcoy.es\\\/es\\\/__trashed\\\/#primaryimage\"},\"thumbnailUrl\":\"https:\\\/\\\/www.copealcoy.es\\\/wp-content\\\/uploads\\\/2016\\\/11\\\/img_32192.jpg\",\"datePublished\":\"2016-11-05T07:45:35+00:00\",\"dateModified\":\"2016-11-05T11:33:43+00:00\",\"author\":{\"@id\":\"https:\\\/\\\/www.copealcoy.es\\\/es\\\/#\\\/schema\\\/person\\\/e777c87fa024e57d40170af9df39882c\"},\"breadcrumb\":{\"@id\":\"https:\\\/\\\/www.copealcoy.es\\\/es\\\/__trashed\\\/#breadcrumb\"},\"inLanguage\":\"es\",\"potentialAction\":[{\"@type\":\"ReadAction\",\"target\":[\"https:\\\/\\\/www.copealcoy.es\\\/es\\\/__trashed\\\/\"]}]},{\"@type\":\"ImageObject\",\"inLanguage\":\"es\",\"@id\":\"https:\\\/\\\/www.copealcoy.es\\\/es\\\/__trashed\\\/#primaryimage\",\"url\":\"https:\\\/\\\/www.copealcoy.es\\\/wp-content\\\/uploads\\\/2016\\\/11\\\/img_32192.jpg\",\"contentUrl\":\"https:\\\/\\\/www.copealcoy.es\\\/wp-content\\\/uploads\\\/2016\\\/11\\\/img_32192.jpg\",\"width\":670,\"height\":377,\"caption\":\"Joan Baldov\u00eda acudi\u00f3 al Esmorzar de Fira organizado por Col\u00b7lectiu 03820- Comprom\u00eds\"},{\"@type\":\"BreadcrumbList\",\"@id\":\"https:\\\/\\\/www.copealcoy.es\\\/es\\\/__trashed\\\/#breadcrumb\",\"itemListElement\":[{\"@type\":\"ListItem\",\"position\":1,\"name\":\"Portada\",\"item\":\"https:\\\/\\\/www.copealcoy.es\\\/es\\\/\"},{\"@type\":\"ListItem\",\"position\":2,\"name\":\"Baldov\u00ed en el Esmorzar de Fira del Col\u00b7lectiu-Comprom\u00eds\"}]},{\"@type\":\"WebSite\",\"@id\":\"https:\\\/\\\/www.copealcoy.es\\\/es\\\/#website\",\"url\":\"https:\\\/\\\/www.copealcoy.es\\\/es\\\/\",\"name\":\"COPE Alcoy\",\"description\":\"Emisora COPE de radio local con emisi\u00f3n online. Pont de Sant Jordi 8-10 03803 Alcoy\",\"potentialAction\":[{\"@type\":\"SearchAction\",\"target\":{\"@type\":\"EntryPoint\",\"urlTemplate\":\"https:\\\/\\\/www.copealcoy.es\\\/es\\\/?s={search_term_string}\"},\"query-input\":{\"@type\":\"PropertyValueSpecification\",\"valueRequired\":true,\"valueName\":\"search_term_string\"}}],\"inLanguage\":\"es\"},{\"@type\":\"Person\",\"@id\":\"https:\\\/\\\/www.copealcoy.es\\\/es\\\/#\\\/schema\\\/person\\\/e777c87fa024e57d40170af9df39882c\",\"name\":\"Cope Alcoy\",\"image\":{\"@type\":\"ImageObject\",\"inLanguage\":\"es\",\"@id\":\"https:\\\/\\\/secure.gravatar.com\\\/avatar\\\/bb65d0283347e303893ba14f0692005417c1e0e690a325a4c5d8bb2b3943ee14?s=96&d=mm&r=g\",\"url\":\"https:\\\/\\\/secure.gravatar.com\\\/avatar\\\/bb65d0283347e303893ba14f0692005417c1e0e690a325a4c5d8bb2b3943ee14?s=96&d=mm&r=g\",\"contentUrl\":\"https:\\\/\\\/secure.gravatar.com\\\/avatar\\\/bb65d0283347e303893ba14f0692005417c1e0e690a325a4c5d8bb2b3943ee14?s=96&d=mm&r=g\",\"caption\":\"Cope Alcoy\"}}]}<\/script>\n<!-- \/ Yoast SEO plugin. -->","yoast_head_json":{"title":"Baldov\u00ed en el Esmorzar de Fira del Col\u00b7lectiu-Comprom\u00eds - COPE Alcoy","robots":{"index":"index","follow":"follow","max-snippet":"max-snippet:-1","max-image-preview":"max-image-preview:large","max-video-preview":"max-video-preview:-1"},"canonical":"https:\/\/www.copealcoy.es\/es\/__trashed\/","og_locale":"es_ES","og_type":"article","og_title":"Baldov\u00ed en el Esmorzar de Fira del Col\u00b7lectiu-Comprom\u00eds - COPE Alcoy","og_description":"La coalici\u00f3n\u00a0Col\u00b7lectiu 03820-Comprom\u00eds de Cocentaina celebr\u00f3 el pasado martes 1 de noviembre el cl\u00e1sico &#8216;Esmorzar de Fira&#8217; con motivo de...","og_url":"https:\/\/www.copealcoy.es\/es\/__trashed\/","og_site_name":"COPE Alcoy","article_published_time":"2016-11-05T07:45:35+00:00","article_modified_time":"2016-11-05T11:33:43+00:00","og_image":[{"width":670,"height":377,"url":"https:\/\/www.copealcoy.es\/wp-content\/uploads\/2016\/11\/img_32192.jpg","type":"image\/jpeg"}],"author":"Cope Alcoy","twitter_misc":{"Escrito por":"Cope Alcoy","Tiempo de lectura":"1 minuto"},"schema":{"@context":"https:\/\/schema.org","@graph":[{"@type":"Article","@id":"https:\/\/www.copealcoy.es\/es\/__trashed\/#article","isPartOf":{"@id":"https:\/\/www.copealcoy.es\/es\/__trashed\/"},"author":{"name":"Cope Alcoy","@id":"https:\/\/www.copealcoy.es\/es\/#\/schema\/person\/e777c87fa024e57d40170af9df39882c"},"headline":"Baldov\u00ed en el Esmorzar de Fira del Col\u00b7lectiu-Comprom\u00eds","datePublished":"2016-11-05T07:45:35+00:00","dateModified":"2016-11-05T11:33:43+00:00","mainEntityOfPage":{"@id":"https:\/\/www.copealcoy.es\/es\/__trashed\/"},"wordCount":187,"commentCount":0,"image":{"@id":"https:\/\/www.copealcoy.es\/es\/__trashed\/#primaryimage"},"thumbnailUrl":"https:\/\/www.copealcoy.es\/wp-content\/uploads\/2016\/11\/img_32192.jpg","keywords":["Cocentaina","Col.lectiu 03820","Comprom\u00eds","Esmorzar de Fira","Fira de Tots Sants","Joan Baldov\u00ed","Jordi Pla"],"articleSection":["Comarcas","Noticias"],"inLanguage":"es"},{"@type":"WebPage","@id":"https:\/\/www.copealcoy.es\/es\/__trashed\/","url":"https:\/\/www.copealcoy.es\/es\/__trashed\/","name":"Baldov\u00ed en el Esmorzar de Fira del Col\u00b7lectiu-Comprom\u00eds - COPE Alcoy","isPartOf":{"@id":"https:\/\/www.copealcoy.es\/es\/#website"},"primaryImageOfPage":{"@id":"https:\/\/www.copealcoy.es\/es\/__trashed\/#primaryimage"},"image":{"@id":"https:\/\/www.copealcoy.es\/es\/__trashed\/#primaryimage"},"thumbnailUrl":"https:\/\/www.copealcoy.es\/wp-content\/uploads\/2016\/11\/img_32192.jpg","datePublished":"2016-11-05T07:45:35+00:00","dateModified":"2016-11-05T11:33:43+00:00","author":{"@id":"https:\/\/www.copealcoy.es\/es\/#\/schema\/person\/e777c87fa024e57d40170af9df39882c"},"breadcrumb":{"@id":"https:\/\/www.copealcoy.es\/es\/__trashed\/#breadcrumb"},"inLanguage":"es","potentialAction":[{"@type":"ReadAction","target":["https:\/\/www.copealcoy.es\/es\/__trashed\/"]}]},{"@type":"ImageObject","inLanguage":"es","@id":"https:\/\/www.copealcoy.es\/es\/__trashed\/#primaryimage","url":"https:\/\/www.copealcoy.es\/wp-content\/uploads\/2016\/11\/img_32192.jpg","contentUrl":"https:\/\/www.copealcoy.es\/wp-content\/uploads\/2016\/11\/img_32192.jpg","width":670,"height":377,"caption":"Joan Baldov\u00eda acudi\u00f3 al Esmorzar de Fira organizado por Col\u00b7lectiu 03820- Comprom\u00eds"},{"@type":"BreadcrumbList","@id":"https:\/\/www.copealcoy.es\/es\/__trashed\/#breadcrumb","itemListElement":[{"@type":"ListItem","position":1,"name":"Portada","item":"https:\/\/www.copealcoy.es\/es\/"},{"@type":"ListItem","position":2,"name":"Baldov\u00ed en el Esmorzar de Fira del Col\u00b7lectiu-Comprom\u00eds"}]},{"@type":"WebSite","@id":"https:\/\/www.copealcoy.es\/es\/#website","url":"https:\/\/www.copealcoy.es\/es\/","name":"COPE Alcoy","description":"Emisora COPE de radio local con emisi\u00f3n online. Pont de Sant Jordi 8-10 03803 Alcoy","potentialAction":[{"@type":"SearchAction","target":{"@type":"EntryPoint","urlTemplate":"https:\/\/www.copealcoy.es\/es\/?s={search_term_string}"},"query-input":{"@type":"PropertyValueSpecification","valueRequired":true,"valueName":"search_term_string"}}],"inLanguage":"es"},{"@type":"Person","@id":"https:\/\/www.copealcoy.es\/es\/#\/schema\/person\/e777c87fa024e57d40170af9df39882c","name":"Cope Alcoy","image":{"@type":"ImageObject","inLanguage":"es","@id":"https:\/\/secure.gravatar.com\/avatar\/bb65d0283347e303893ba14f0692005417c1e0e690a325a4c5d8bb2b3943ee14?s=96&d=mm&r=g","url":"https:\/\/secure.gravatar.com\/avatar\/bb65d0283347e303893ba14f0692005417c1e0e690a325a4c5d8bb2b3943ee14?s=96&d=mm&r=g","contentUrl":"https:\/\/secure.gravatar.com\/avatar\/bb65d0283347e303893ba14f0692005417c1e0e690a325a4c5d8bb2b3943ee14?s=96&d=mm&r=g","caption":"Cope Alcoy"}}]}},"_links":{"self":[{"href":"https:\/\/www.copealcoy.es\/es\/wp-json\/wp\/v2\/posts\/26180","targetHints":{"allow":["GET"]}}],"collection":[{"href":"https:\/\/www.copealcoy.es\/es\/wp-json\/wp\/v2\/posts"}],"about":[{"href":"https:\/\/www.copealcoy.es\/es\/wp-json\/wp\/v2\/types\/post"}],"author":[{"embeddable":true,"href":"https:\/\/www.copealcoy.es\/es\/wp-json\/wp\/v2\/users\/1"}],"replies":[{"embeddable":true,"href":"https:\/\/www.copealcoy.es\/es\/wp-json\/wp\/v2\/comments?post=26180"}],"version-history":[{"count":0,"href":"https:\/\/www.copealcoy.es\/es\/wp-json\/wp\/v2\/posts\/26180\/revisions"}],"wp:featuredmedia":[{"embeddable":true,"href":"https:\/\/www.copealcoy.es\/es\/wp-json\/wp\/v2\/media\/26266"}],"wp:attachment":[{"href":"https:\/\/www.copealcoy.es\/es\/wp-json\/wp\/v2\/media?parent=26180"}],"wp:term":[{"taxonomy":"category","embeddable":true,"href":"https:\/\/www.copealcoy.es\/es\/wp-json\/wp\/v2\/categories?post=26180"},{"taxonomy":"post_tag","embeddable":true,"href":"https:\/\/www.copealcoy.es\/es\/wp-json\/wp\/v2\/tags?post=26180"}],"curies":[{"name":"wp","href":"https:\/\/api.w.org\/{rel}","templated":true}]}}