{"id":26097,"date":"2016-11-01T01:29:43","date_gmt":"2016-11-01T01:29:43","guid":{"rendered":"http:\/\/copealcoi.es\/new\/?p=26097"},"modified":"2016-11-01T01:29:43","modified_gmt":"2016-11-01T01:29:43","slug":"cope-alcoy-se-vuelca-la-fira-tots-sants","status":"publish","type":"post","link":"https:\/\/www.copealcoy.es\/es\/cope-alcoy-se-vuelca-la-fira-tots-sants\/","title":{"rendered":"Cope Alcoy se vuelca con la Fira de Tots Sants"},"content":{"rendered":"<p style=\"text-align: justify;\">Cope Alcoy se est\u00e1 volcando un a\u00f1o m\u00e1s en la <strong>difusi\u00f3n de la Fira de Tots Sants de Cocentaina a trav\u00e9s de la radio<\/strong>, en el 89.6 de la FM, as\u00ed como en nuestras redes sociales: Facebook, Twitter e Instragram.<\/p>\n<p style=\"text-align: justify;\">Tras ofrecer toda la informaci\u00f3n relativa a la inauguraci\u00f3n oficial de la Fira, el pasado <strong>domingo<\/strong> emitimos un <strong>programa especial<\/strong> a partir de las doce del mediod\u00eda en el que contamos <strong>toda la actualidad de la 670 edici\u00f3n del Certamen<\/strong> con nuestros compa\u00f1eros <strong>Gabriel Pascual y Ximo Sandoval<\/strong>. Por el stand, cedido por el Ayuntamiento de Cocentaina e instalado en el Passeig del Comtat, pasaron la alcaldesa, <strong>Mireia Estepa<\/strong>, y la edil de Fira, <strong>Mariona Carbonell<\/strong>; para ofrecernos una valoraci\u00f3n de como hab\u00edan transcurrido las primeras horas de la feria de 2016. Adem\u00e1s los ediles de seguridad y limpieza viaria, <strong>Marcos Castell\u00f3 y Susana Reig<\/strong>, nos contaron todos los detalles respecto a lo que la Fira implica en sus respectivas \u00e1reas mientras que el director gerente del MARQ, <strong>Jos\u00e9 Alberto Cort\u00e9s<\/strong>, nos explic\u00f3 qu\u00e9 podemos ver en la exposici\u00f3n cultural &#8216;La Llum de Roma&#8217; que se puede visitar estos d\u00edas en el Palau Comtal. De igual forma estuvieron con nosotros los <strong>portavoces de todos los grupos pol\u00edticos<\/strong> con representaci\u00f3n en la Corporaci\u00f3n Municipal para detallarnos su valoraci\u00f3n sobre la Fira y hablamos de la gu\u00eda tur\u00edstica <strong>&#8216;Cocentaina al teu pas: Passejades per la Hist\u00f2ria&#8217;<\/strong> con tres de sus autores: <strong>Rafa Enguix, Susi Orts y Enric Molt\u00f3.<\/strong> Finalmente nos acompa\u00f1aron el director del Campus de Alcoy de la UPV, <strong>Juan Ignacio Torregrosa<\/strong>, el presidente de JOVEMPA, <strong>Quino Palac\u00ed<\/strong>, y <strong>Vicente Sanch\u00eds<\/strong>, responsable del \u00c1gora Alcoi; para hablar de la importancia que el sector de las <strong>Nuevas Tecnolog\u00edas<\/strong> va adquiriendo en la feria contestana.<\/p>\n<p style=\"text-align: justify;\">Ya ayer lunes fue el turno de un nuevo programa especial para toda la Comunidad Valenciana, conducido por <strong>Gabriel Pascual, Neus \u00dabeda y Carles Villeta<\/strong>, \u00a0en el que volvimos a contar con la presencia de la alcaldesa y la concejala de Fira al mismo tiempo que hablamos de la Fira Caballar con <strong>Graciela Llor\u00e9ns<\/strong>; de la Escuela de Equitaci\u00f3n Peluca. Tambi\u00e9n contamos la oferta que <strong>Punto Itech Alcoy, Mercedes Visauto y Licores SINC<\/strong> presentan en la Fira mientras que <strong>Ra\u00fal Belda y Roberto Juan Anduix<\/strong> nos explicaron\u00a0todo lo que hay preparado de cara a la 36 edici\u00f3n del Certamen Coral Fira de Tots Sants. Finalmente estuvo con nosotros la concejala de Turismo en el Ayuntamiento de Alcoy, <strong>Lorena Zamorano<\/strong>, que nos habl\u00f3 de la promoci\u00f3n que la ciudad hace en la Fira sobre #AlcoiCiutatDelNadal.<\/p>\n<p style=\"text-align: justify;\">La difusi\u00f3n de la Fira contin\u00faa con m\u00e1s informaci\u00f3n en este portal web,<strong> www.copealcoy.es<\/strong>, en el que actualizamos todos los datos que va dejando la 670 edici\u00f3n.<\/p>\n<p style=\"text-align: justify;\">\n<p style=\"text-align: justify;\">\n","protected":false},"excerpt":{"rendered":"<p>Cope Alcoy se est\u00e1 volcando un a\u00f1o m\u00e1s en la difusi\u00f3n de la Fira de Tots Sants de Cocentaina a&#8230;<\/p>\n","protected":false},"author":1,"featured_media":26098,"comment_status":"open","ping_status":"open","sticky":false,"template":"","format":"standard","meta":{"footnotes":""},"categories":[1577,75],"tags":[989,1494,1045,990,988,148],"class_list":["post-26097","post","type-post","status-publish","format-standard","has-post-thumbnail","hentry","category-cope-alcoy","category-noticias","tag-actualidad","tag-alcoy","tag-cope-alcoy","tag-informacion","tag-noticias","tag-radio"],"yoast_head":"<!-- This site is optimized with the Yoast SEO plugin v27.3 - https:\/\/yoast.com\/product\/yoast-seo-wordpress\/ -->\n<title>Cope Alcoy se vuelca con la Fira de Tots Sants - COPE Alcoy<\/title>\n<meta name=\"robots\" content=\"index, follow, max-snippet:-1, max-image-preview:large, max-video-preview:-1\" \/>\n<link rel=\"canonical\" href=\"https:\/\/www.copealcoy.es\/es\/cope-alcoy-se-vuelca-la-fira-tots-sants\/\" \/>\n<meta property=\"og:locale\" content=\"es_ES\" \/>\n<meta property=\"og:type\" content=\"article\" \/>\n<meta property=\"og:title\" content=\"Cope Alcoy se vuelca con la Fira de Tots Sants - COPE Alcoy\" \/>\n<meta property=\"og:description\" content=\"Cope Alcoy se est\u00e1 volcando un a\u00f1o m\u00e1s en la difusi\u00f3n de la Fira de Tots Sants de Cocentaina a...\" \/>\n<meta property=\"og:url\" content=\"https:\/\/www.copealcoy.es\/es\/cope-alcoy-se-vuelca-la-fira-tots-sants\/\" \/>\n<meta property=\"og:site_name\" content=\"COPE Alcoy\" \/>\n<meta property=\"article:published_time\" content=\"2016-11-01T01:29:43+00:00\" \/>\n<meta property=\"og:image\" content=\"https:\/\/www.copealcoy.es\/wp-content\/uploads\/2016\/11\/14568062_946849258791893_5983665492381771977_n.jpg\" \/>\n\t<meta property=\"og:image:width\" content=\"960\" \/>\n\t<meta property=\"og:image:height\" content=\"720\" \/>\n\t<meta property=\"og:image:type\" content=\"image\/jpeg\" \/>\n<meta name=\"author\" content=\"Cope Alcoy\" \/>\n<meta name=\"twitter:label1\" content=\"Escrito por\" \/>\n\t<meta name=\"twitter:data1\" content=\"Cope Alcoy\" \/>\n\t<meta name=\"twitter:label2\" content=\"Tiempo de lectura\" \/>\n\t<meta name=\"twitter:data2\" content=\"2 minutos\" \/>\n<script type=\"application\/ld+json\" class=\"yoast-schema-graph\">{\"@context\":\"https:\\\/\\\/schema.org\",\"@graph\":[{\"@type\":\"Article\",\"@id\":\"https:\\\/\\\/www.copealcoy.es\\\/es\\\/cope-alcoy-se-vuelca-la-fira-tots-sants\\\/#article\",\"isPartOf\":{\"@id\":\"https:\\\/\\\/www.copealcoy.es\\\/es\\\/cope-alcoy-se-vuelca-la-fira-tots-sants\\\/\"},\"author\":{\"name\":\"Cope Alcoy\",\"@id\":\"https:\\\/\\\/www.copealcoy.es\\\/es\\\/#\\\/schema\\\/person\\\/e777c87fa024e57d40170af9df39882c\"},\"headline\":\"Cope Alcoy se vuelca con la Fira de Tots Sants\",\"datePublished\":\"2016-11-01T01:29:43+00:00\",\"mainEntityOfPage\":{\"@id\":\"https:\\\/\\\/www.copealcoy.es\\\/es\\\/cope-alcoy-se-vuelca-la-fira-tots-sants\\\/\"},\"wordCount\":497,\"commentCount\":0,\"image\":{\"@id\":\"https:\\\/\\\/www.copealcoy.es\\\/es\\\/cope-alcoy-se-vuelca-la-fira-tots-sants\\\/#primaryimage\"},\"thumbnailUrl\":\"https:\\\/\\\/www.copealcoy.es\\\/wp-content\\\/uploads\\\/2016\\\/11\\\/14568062_946849258791893_5983665492381771977_n.jpg\",\"keywords\":[\"Actualidad\",\"Alcoy\",\"Cope Alcoy\",\"Informaci\u00f3n\",\"Noticias\",\"Radio\"],\"articleSection\":[\"Cope Alcoy\",\"Noticias\"],\"inLanguage\":\"es\"},{\"@type\":\"WebPage\",\"@id\":\"https:\\\/\\\/www.copealcoy.es\\\/es\\\/cope-alcoy-se-vuelca-la-fira-tots-sants\\\/\",\"url\":\"https:\\\/\\\/www.copealcoy.es\\\/es\\\/cope-alcoy-se-vuelca-la-fira-tots-sants\\\/\",\"name\":\"Cope Alcoy se vuelca con la Fira de Tots Sants - COPE Alcoy\",\"isPartOf\":{\"@id\":\"https:\\\/\\\/www.copealcoy.es\\\/es\\\/#website\"},\"primaryImageOfPage\":{\"@id\":\"https:\\\/\\\/www.copealcoy.es\\\/es\\\/cope-alcoy-se-vuelca-la-fira-tots-sants\\\/#primaryimage\"},\"image\":{\"@id\":\"https:\\\/\\\/www.copealcoy.es\\\/es\\\/cope-alcoy-se-vuelca-la-fira-tots-sants\\\/#primaryimage\"},\"thumbnailUrl\":\"https:\\\/\\\/www.copealcoy.es\\\/wp-content\\\/uploads\\\/2016\\\/11\\\/14568062_946849258791893_5983665492381771977_n.jpg\",\"datePublished\":\"2016-11-01T01:29:43+00:00\",\"author\":{\"@id\":\"https:\\\/\\\/www.copealcoy.es\\\/es\\\/#\\\/schema\\\/person\\\/e777c87fa024e57d40170af9df39882c\"},\"breadcrumb\":{\"@id\":\"https:\\\/\\\/www.copealcoy.es\\\/es\\\/cope-alcoy-se-vuelca-la-fira-tots-sants\\\/#breadcrumb\"},\"inLanguage\":\"es\",\"potentialAction\":[{\"@type\":\"ReadAction\",\"target\":[\"https:\\\/\\\/www.copealcoy.es\\\/es\\\/cope-alcoy-se-vuelca-la-fira-tots-sants\\\/\"]}]},{\"@type\":\"ImageObject\",\"inLanguage\":\"es\",\"@id\":\"https:\\\/\\\/www.copealcoy.es\\\/es\\\/cope-alcoy-se-vuelca-la-fira-tots-sants\\\/#primaryimage\",\"url\":\"https:\\\/\\\/www.copealcoy.es\\\/wp-content\\\/uploads\\\/2016\\\/11\\\/14568062_946849258791893_5983665492381771977_n.jpg\",\"contentUrl\":\"https:\\\/\\\/www.copealcoy.es\\\/wp-content\\\/uploads\\\/2016\\\/11\\\/14568062_946849258791893_5983665492381771977_n.jpg\",\"width\":960,\"height\":720,\"caption\":\"Numerosos invitados pasaron por nuestro stand\"},{\"@type\":\"BreadcrumbList\",\"@id\":\"https:\\\/\\\/www.copealcoy.es\\\/es\\\/cope-alcoy-se-vuelca-la-fira-tots-sants\\\/#breadcrumb\",\"itemListElement\":[{\"@type\":\"ListItem\",\"position\":1,\"name\":\"Portada\",\"item\":\"https:\\\/\\\/www.copealcoy.es\\\/es\\\/\"},{\"@type\":\"ListItem\",\"position\":2,\"name\":\"Cope Alcoy se vuelca con la Fira de Tots Sants\"}]},{\"@type\":\"WebSite\",\"@id\":\"https:\\\/\\\/www.copealcoy.es\\\/es\\\/#website\",\"url\":\"https:\\\/\\\/www.copealcoy.es\\\/es\\\/\",\"name\":\"COPE Alcoy\",\"description\":\"Emisora COPE de radio local con emisi\u00f3n online. Pont de Sant Jordi 8-10 03803 Alcoy\",\"potentialAction\":[{\"@type\":\"SearchAction\",\"target\":{\"@type\":\"EntryPoint\",\"urlTemplate\":\"https:\\\/\\\/www.copealcoy.es\\\/es\\\/?s={search_term_string}\"},\"query-input\":{\"@type\":\"PropertyValueSpecification\",\"valueRequired\":true,\"valueName\":\"search_term_string\"}}],\"inLanguage\":\"es\"},{\"@type\":\"Person\",\"@id\":\"https:\\\/\\\/www.copealcoy.es\\\/es\\\/#\\\/schema\\\/person\\\/e777c87fa024e57d40170af9df39882c\",\"name\":\"Cope Alcoy\",\"image\":{\"@type\":\"ImageObject\",\"inLanguage\":\"es\",\"@id\":\"https:\\\/\\\/secure.gravatar.com\\\/avatar\\\/bb65d0283347e303893ba14f0692005417c1e0e690a325a4c5d8bb2b3943ee14?s=96&d=mm&r=g\",\"url\":\"https:\\\/\\\/secure.gravatar.com\\\/avatar\\\/bb65d0283347e303893ba14f0692005417c1e0e690a325a4c5d8bb2b3943ee14?s=96&d=mm&r=g\",\"contentUrl\":\"https:\\\/\\\/secure.gravatar.com\\\/avatar\\\/bb65d0283347e303893ba14f0692005417c1e0e690a325a4c5d8bb2b3943ee14?s=96&d=mm&r=g\",\"caption\":\"Cope Alcoy\"}}]}<\/script>\n<!-- \/ Yoast SEO plugin. -->","yoast_head_json":{"title":"Cope Alcoy se vuelca con la Fira de Tots Sants - COPE Alcoy","robots":{"index":"index","follow":"follow","max-snippet":"max-snippet:-1","max-image-preview":"max-image-preview:large","max-video-preview":"max-video-preview:-1"},"canonical":"https:\/\/www.copealcoy.es\/es\/cope-alcoy-se-vuelca-la-fira-tots-sants\/","og_locale":"es_ES","og_type":"article","og_title":"Cope Alcoy se vuelca con la Fira de Tots Sants - COPE Alcoy","og_description":"Cope Alcoy se est\u00e1 volcando un a\u00f1o m\u00e1s en la difusi\u00f3n de la Fira de Tots Sants de Cocentaina a...","og_url":"https:\/\/www.copealcoy.es\/es\/cope-alcoy-se-vuelca-la-fira-tots-sants\/","og_site_name":"COPE Alcoy","article_published_time":"2016-11-01T01:29:43+00:00","og_image":[{"width":960,"height":720,"url":"https:\/\/www.copealcoy.es\/wp-content\/uploads\/2016\/11\/14568062_946849258791893_5983665492381771977_n.jpg","type":"image\/jpeg"}],"author":"Cope Alcoy","twitter_misc":{"Escrito por":"Cope Alcoy","Tiempo de lectura":"2 minutos"},"schema":{"@context":"https:\/\/schema.org","@graph":[{"@type":"Article","@id":"https:\/\/www.copealcoy.es\/es\/cope-alcoy-se-vuelca-la-fira-tots-sants\/#article","isPartOf":{"@id":"https:\/\/www.copealcoy.es\/es\/cope-alcoy-se-vuelca-la-fira-tots-sants\/"},"author":{"name":"Cope Alcoy","@id":"https:\/\/www.copealcoy.es\/es\/#\/schema\/person\/e777c87fa024e57d40170af9df39882c"},"headline":"Cope Alcoy se vuelca con la Fira de Tots Sants","datePublished":"2016-11-01T01:29:43+00:00","mainEntityOfPage":{"@id":"https:\/\/www.copealcoy.es\/es\/cope-alcoy-se-vuelca-la-fira-tots-sants\/"},"wordCount":497,"commentCount":0,"image":{"@id":"https:\/\/www.copealcoy.es\/es\/cope-alcoy-se-vuelca-la-fira-tots-sants\/#primaryimage"},"thumbnailUrl":"https:\/\/www.copealcoy.es\/wp-content\/uploads\/2016\/11\/14568062_946849258791893_5983665492381771977_n.jpg","keywords":["Actualidad","Alcoy","Cope Alcoy","Informaci\u00f3n","Noticias","Radio"],"articleSection":["Cope Alcoy","Noticias"],"inLanguage":"es"},{"@type":"WebPage","@id":"https:\/\/www.copealcoy.es\/es\/cope-alcoy-se-vuelca-la-fira-tots-sants\/","url":"https:\/\/www.copealcoy.es\/es\/cope-alcoy-se-vuelca-la-fira-tots-sants\/","name":"Cope Alcoy se vuelca con la Fira de Tots Sants - COPE Alcoy","isPartOf":{"@id":"https:\/\/www.copealcoy.es\/es\/#website"},"primaryImageOfPage":{"@id":"https:\/\/www.copealcoy.es\/es\/cope-alcoy-se-vuelca-la-fira-tots-sants\/#primaryimage"},"image":{"@id":"https:\/\/www.copealcoy.es\/es\/cope-alcoy-se-vuelca-la-fira-tots-sants\/#primaryimage"},"thumbnailUrl":"https:\/\/www.copealcoy.es\/wp-content\/uploads\/2016\/11\/14568062_946849258791893_5983665492381771977_n.jpg","datePublished":"2016-11-01T01:29:43+00:00","author":{"@id":"https:\/\/www.copealcoy.es\/es\/#\/schema\/person\/e777c87fa024e57d40170af9df39882c"},"breadcrumb":{"@id":"https:\/\/www.copealcoy.es\/es\/cope-alcoy-se-vuelca-la-fira-tots-sants\/#breadcrumb"},"inLanguage":"es","potentialAction":[{"@type":"ReadAction","target":["https:\/\/www.copealcoy.es\/es\/cope-alcoy-se-vuelca-la-fira-tots-sants\/"]}]},{"@type":"ImageObject","inLanguage":"es","@id":"https:\/\/www.copealcoy.es\/es\/cope-alcoy-se-vuelca-la-fira-tots-sants\/#primaryimage","url":"https:\/\/www.copealcoy.es\/wp-content\/uploads\/2016\/11\/14568062_946849258791893_5983665492381771977_n.jpg","contentUrl":"https:\/\/www.copealcoy.es\/wp-content\/uploads\/2016\/11\/14568062_946849258791893_5983665492381771977_n.jpg","width":960,"height":720,"caption":"Numerosos invitados pasaron por nuestro stand"},{"@type":"BreadcrumbList","@id":"https:\/\/www.copealcoy.es\/es\/cope-alcoy-se-vuelca-la-fira-tots-sants\/#breadcrumb","itemListElement":[{"@type":"ListItem","position":1,"name":"Portada","item":"https:\/\/www.copealcoy.es\/es\/"},{"@type":"ListItem","position":2,"name":"Cope Alcoy se vuelca con la Fira de Tots Sants"}]},{"@type":"WebSite","@id":"https:\/\/www.copealcoy.es\/es\/#website","url":"https:\/\/www.copealcoy.es\/es\/","name":"COPE Alcoy","description":"Emisora COPE de radio local con emisi\u00f3n online. Pont de Sant Jordi 8-10 03803 Alcoy","potentialAction":[{"@type":"SearchAction","target":{"@type":"EntryPoint","urlTemplate":"https:\/\/www.copealcoy.es\/es\/?s={search_term_string}"},"query-input":{"@type":"PropertyValueSpecification","valueRequired":true,"valueName":"search_term_string"}}],"inLanguage":"es"},{"@type":"Person","@id":"https:\/\/www.copealcoy.es\/es\/#\/schema\/person\/e777c87fa024e57d40170af9df39882c","name":"Cope Alcoy","image":{"@type":"ImageObject","inLanguage":"es","@id":"https:\/\/secure.gravatar.com\/avatar\/bb65d0283347e303893ba14f0692005417c1e0e690a325a4c5d8bb2b3943ee14?s=96&d=mm&r=g","url":"https:\/\/secure.gravatar.com\/avatar\/bb65d0283347e303893ba14f0692005417c1e0e690a325a4c5d8bb2b3943ee14?s=96&d=mm&r=g","contentUrl":"https:\/\/secure.gravatar.com\/avatar\/bb65d0283347e303893ba14f0692005417c1e0e690a325a4c5d8bb2b3943ee14?s=96&d=mm&r=g","caption":"Cope Alcoy"}}]}},"_links":{"self":[{"href":"https:\/\/www.copealcoy.es\/es\/wp-json\/wp\/v2\/posts\/26097","targetHints":{"allow":["GET"]}}],"collection":[{"href":"https:\/\/www.copealcoy.es\/es\/wp-json\/wp\/v2\/posts"}],"about":[{"href":"https:\/\/www.copealcoy.es\/es\/wp-json\/wp\/v2\/types\/post"}],"author":[{"embeddable":true,"href":"https:\/\/www.copealcoy.es\/es\/wp-json\/wp\/v2\/users\/1"}],"replies":[{"embeddable":true,"href":"https:\/\/www.copealcoy.es\/es\/wp-json\/wp\/v2\/comments?post=26097"}],"version-history":[{"count":0,"href":"https:\/\/www.copealcoy.es\/es\/wp-json\/wp\/v2\/posts\/26097\/revisions"}],"wp:featuredmedia":[{"embeddable":true,"href":"https:\/\/www.copealcoy.es\/es\/wp-json\/wp\/v2\/media\/26098"}],"wp:attachment":[{"href":"https:\/\/www.copealcoy.es\/es\/wp-json\/wp\/v2\/media?parent=26097"}],"wp:term":[{"taxonomy":"category","embeddable":true,"href":"https:\/\/www.copealcoy.es\/es\/wp-json\/wp\/v2\/categories?post=26097"},{"taxonomy":"post_tag","embeddable":true,"href":"https:\/\/www.copealcoy.es\/es\/wp-json\/wp\/v2\/tags?post=26097"}],"curies":[{"name":"wp","href":"https:\/\/api.w.org\/{rel}","templated":true}]}}