{"id":25999,"date":"2016-10-26T16:16:34","date_gmt":"2016-10-26T16:16:34","guid":{"rendered":"http:\/\/copealcoi.es\/new\/?p=25999"},"modified":"2016-10-26T16:20:19","modified_gmt":"2016-10-26T16:20:19","slug":"los-errores-detectados-por-guanyar-obligan-a-ampliar-el-plazo-de-exposicion-del-pgou","status":"publish","type":"post","link":"https:\/\/www.copealcoy.es\/es\/los-errores-detectados-por-guanyar-obligan-a-ampliar-el-plazo-de-exposicion-del-pgou\/","title":{"rendered":"Los errores detectados por Guanyar obligan a ampliar el plazo de exposici\u00f3n del PGOU"},"content":{"rendered":"<p style=\"text-align: justify;\">El <strong>Ayuntamiento de Alcoy<\/strong> ampliar\u00e1 finalmente hasta el pr\u00f3ximo cinco de enero el <strong>plazo de exposici\u00f3n p\u00fablica<\/strong> del nuevo Plan General de Ordenaci\u00f3n Urbana (PGOU), que finalizaba este mes de noviembre, para que los ciudadanos sigan consult\u00e1ndolo y puedan tener oportunidad de presentar alegaciones.<\/p>\n<p style=\"text-align: justify;\">Esta medida se ha adoptado <strong>despu\u00e9s de que los t\u00e9cnicos municipales hayan confirmado que l<span style=\"text-decoration: underline;\"><a href=\"https:\/\/www.copealcoy.es\/guanyar-asegura-documentos-incorrectos-la-exposicion-publica-del-pgou\/\">os errores en la documentaci\u00f3n <\/a><\/span>que denunci\u00f3 Guanyar a principios del mes de octubre eran ciertos<\/strong>. Hay que recordar que la plataforma comunic\u00f3 que los documentos expuestos al p\u00fablico no conten\u00edan los acuerdos alcanzados en el pleno del mes de junio por parte de todos los grupos pol\u00edticos e incluso detallaron que exist\u00edan cambios en los planos.<\/p>\n<p style=\"text-align: justify;\">Ante esto el edil de Urbanismo, <strong>Manolo Gomicia<\/strong>, explica que toda esta confusi\u00f3n se ha generado<em> &#8220;por un error&#8221;<\/em> y afirma que cuando se producen las declaraciones de Guanyar sobre el error en el documento <em>&#8220;no se me hab\u00eda informado desde el departamento de esta situaci\u00f3n y al entrar en la web vi el documento correcto&#8221;<\/em>. Adem\u00e1s a\u00f1ade que posteriormente el responsable\u00a0municipal del procedimiento <em>&#8220;me inform\u00f3\u00a0que Guanyar hab\u00eda ido al departamento el 7 de octubre y al constatar que el documento de acuerdos no era el correcto, este funcionario lo comunica a inform\u00e1tica que cambia inmediatamente. Tuvimos\u00a0constancia de este hecho el d\u00eda 14 de octubre tras las declaraciones realizadas en prensa&#8221;<\/em>, aclara.<\/p>\n<p style=\"text-align: justify;\">Por \u00faltimo Gomicia expresa que con <strong>la decisi\u00f3n de ampliar el plazo<\/strong> <em>&#8220;se quiere despejar cualquier tipo de duda sobre el proceso y dar oportunidad a que todos los ciudadanos puedan presentar alegaciones&#8221;,<\/em> concluye.<\/p>\n<p><strong>Guanyar ve positiva la decisi\u00f3n\u00a0<\/strong><\/p>\n<p style=\"text-align: justify;\">Desde Guanyar Alcoy se han congratulado de esta decisi\u00f3n y piden <strong>m\u00e1s control<\/strong> para evitar nuevos errores. Adem\u00e1s incide en que\u00a0el proceso para elaborar el nuevo PGOU <strong>ha nacido viciado<\/strong> desde el primer momento <em>&#8220;porque no se ha actuado con transparencia, eficiencia y atendido a las propuestas de la oposici\u00f3n&#8221;<\/em> detalla la portavoz, Estefan\u00eda Blanes.<\/p>\n<p>&nbsp;<\/p>\n<p>&nbsp;<\/p>\n","protected":false},"excerpt":{"rendered":"<p>El Ayuntamiento de Alcoy ampliar\u00e1 finalmente hasta el pr\u00f3ximo cinco de enero el plazo de exposici\u00f3n p\u00fablica del nuevo Plan&#8230;<\/p>\n","protected":false},"author":1,"featured_media":24753,"comment_status":"open","ping_status":"open","sticky":false,"template":"","format":"standard","meta":{"footnotes":""},"categories":[97,75,79],"tags":[1494,1338,3187,275,3188],"class_list":["post-25999","post","type-post","status-publish","format-standard","has-post-thumbnail","hentry","category-alcoy","category-noticias","category-politicayeconomia","tag-alcoy","tag-ampliacion","tag-error","tag-pgou","tag-plazo-de-exposicion-publica"],"yoast_head":"<!-- This site is optimized with the Yoast SEO plugin v27.3 - https:\/\/yoast.com\/product\/yoast-seo-wordpress\/ -->\n<title>Los errores detectados por Guanyar obligan a ampliar el plazo de exposici\u00f3n del PGOU - COPE Alcoy<\/title>\n<meta name=\"robots\" content=\"index, follow, max-snippet:-1, max-image-preview:large, max-video-preview:-1\" \/>\n<link rel=\"canonical\" href=\"https:\/\/www.copealcoy.es\/es\/los-errores-detectados-por-guanyar-obligan-a-ampliar-el-plazo-de-exposicion-del-pgou\/\" \/>\n<meta property=\"og:locale\" content=\"es_ES\" \/>\n<meta property=\"og:type\" content=\"article\" \/>\n<meta property=\"og:title\" content=\"Los errores detectados por Guanyar obligan a ampliar el plazo de exposici\u00f3n del PGOU - COPE Alcoy\" \/>\n<meta property=\"og:description\" content=\"El Ayuntamiento de Alcoy ampliar\u00e1 finalmente hasta el pr\u00f3ximo cinco de enero el plazo de exposici\u00f3n p\u00fablica del nuevo Plan...\" \/>\n<meta property=\"og:url\" content=\"https:\/\/www.copealcoy.es\/es\/los-errores-detectados-por-guanyar-obligan-a-ampliar-el-plazo-de-exposicion-del-pgou\/\" \/>\n<meta property=\"og:site_name\" content=\"COPE Alcoy\" \/>\n<meta property=\"article:published_time\" content=\"2016-10-26T16:16:34+00:00\" \/>\n<meta property=\"article:modified_time\" content=\"2016-10-26T16:20:19+00:00\" \/>\n<meta property=\"og:image\" content=\"https:\/\/www.copealcoy.es\/wp-content\/uploads\/2016\/09\/14291678_1517389921620520_2085899212776391076_n.jpg\" \/>\n\t<meta property=\"og:image:width\" content=\"960\" \/>\n\t<meta property=\"og:image:height\" content=\"640\" \/>\n\t<meta property=\"og:image:type\" content=\"image\/jpeg\" \/>\n<meta name=\"author\" content=\"Cope Alcoy\" \/>\n<meta name=\"twitter:label1\" content=\"Escrito por\" \/>\n\t<meta name=\"twitter:data1\" content=\"Cope Alcoy\" \/>\n\t<meta name=\"twitter:label2\" content=\"Tiempo de lectura\" \/>\n\t<meta name=\"twitter:data2\" content=\"2 minutos\" \/>\n<script type=\"application\/ld+json\" class=\"yoast-schema-graph\">{\"@context\":\"https:\\\/\\\/schema.org\",\"@graph\":[{\"@type\":\"Article\",\"@id\":\"https:\\\/\\\/www.copealcoy.es\\\/es\\\/los-errores-detectados-por-guanyar-obligan-a-ampliar-el-plazo-de-exposicion-del-pgou\\\/#article\",\"isPartOf\":{\"@id\":\"https:\\\/\\\/www.copealcoy.es\\\/es\\\/los-errores-detectados-por-guanyar-obligan-a-ampliar-el-plazo-de-exposicion-del-pgou\\\/\"},\"author\":{\"name\":\"Cope Alcoy\",\"@id\":\"https:\\\/\\\/www.copealcoy.es\\\/es\\\/#\\\/schema\\\/person\\\/e777c87fa024e57d40170af9df39882c\"},\"headline\":\"Los errores detectados por Guanyar obligan a ampliar el plazo de exposici\u00f3n del PGOU\",\"datePublished\":\"2016-10-26T16:16:34+00:00\",\"dateModified\":\"2016-10-26T16:20:19+00:00\",\"mainEntityOfPage\":{\"@id\":\"https:\\\/\\\/www.copealcoy.es\\\/es\\\/los-errores-detectados-por-guanyar-obligan-a-ampliar-el-plazo-de-exposicion-del-pgou\\\/\"},\"wordCount\":368,\"commentCount\":0,\"image\":{\"@id\":\"https:\\\/\\\/www.copealcoy.es\\\/es\\\/los-errores-detectados-por-guanyar-obligan-a-ampliar-el-plazo-de-exposicion-del-pgou\\\/#primaryimage\"},\"thumbnailUrl\":\"https:\\\/\\\/www.copealcoy.es\\\/wp-content\\\/uploads\\\/2016\\\/09\\\/14291678_1517389921620520_2085899212776391076_n.jpg\",\"keywords\":[\"Alcoy\",\"ampliaci\u00f3n\",\"error\",\"PGOU\",\"plazo de exposici\u00f3n p\u00fablica\"],\"articleSection\":[\"Alcoy\",\"Noticias\",\"Pol\u00edtica y Econom\u00eda\"],\"inLanguage\":\"es\"},{\"@type\":\"WebPage\",\"@id\":\"https:\\\/\\\/www.copealcoy.es\\\/es\\\/los-errores-detectados-por-guanyar-obligan-a-ampliar-el-plazo-de-exposicion-del-pgou\\\/\",\"url\":\"https:\\\/\\\/www.copealcoy.es\\\/es\\\/los-errores-detectados-por-guanyar-obligan-a-ampliar-el-plazo-de-exposicion-del-pgou\\\/\",\"name\":\"Los errores detectados por Guanyar obligan a ampliar el plazo de exposici\u00f3n del PGOU - COPE Alcoy\",\"isPartOf\":{\"@id\":\"https:\\\/\\\/www.copealcoy.es\\\/es\\\/#website\"},\"primaryImageOfPage\":{\"@id\":\"https:\\\/\\\/www.copealcoy.es\\\/es\\\/los-errores-detectados-por-guanyar-obligan-a-ampliar-el-plazo-de-exposicion-del-pgou\\\/#primaryimage\"},\"image\":{\"@id\":\"https:\\\/\\\/www.copealcoy.es\\\/es\\\/los-errores-detectados-por-guanyar-obligan-a-ampliar-el-plazo-de-exposicion-del-pgou\\\/#primaryimage\"},\"thumbnailUrl\":\"https:\\\/\\\/www.copealcoy.es\\\/wp-content\\\/uploads\\\/2016\\\/09\\\/14291678_1517389921620520_2085899212776391076_n.jpg\",\"datePublished\":\"2016-10-26T16:16:34+00:00\",\"dateModified\":\"2016-10-26T16:20:19+00:00\",\"author\":{\"@id\":\"https:\\\/\\\/www.copealcoy.es\\\/es\\\/#\\\/schema\\\/person\\\/e777c87fa024e57d40170af9df39882c\"},\"breadcrumb\":{\"@id\":\"https:\\\/\\\/www.copealcoy.es\\\/es\\\/los-errores-detectados-por-guanyar-obligan-a-ampliar-el-plazo-de-exposicion-del-pgou\\\/#breadcrumb\"},\"inLanguage\":\"es\",\"potentialAction\":[{\"@type\":\"ReadAction\",\"target\":[\"https:\\\/\\\/www.copealcoy.es\\\/es\\\/los-errores-detectados-por-guanyar-obligan-a-ampliar-el-plazo-de-exposicion-del-pgou\\\/\"]}]},{\"@type\":\"ImageObject\",\"inLanguage\":\"es\",\"@id\":\"https:\\\/\\\/www.copealcoy.es\\\/es\\\/los-errores-detectados-por-guanyar-obligan-a-ampliar-el-plazo-de-exposicion-del-pgou\\\/#primaryimage\",\"url\":\"https:\\\/\\\/www.copealcoy.es\\\/wp-content\\\/uploads\\\/2016\\\/09\\\/14291678_1517389921620520_2085899212776391076_n.jpg\",\"contentUrl\":\"https:\\\/\\\/www.copealcoy.es\\\/wp-content\\\/uploads\\\/2016\\\/09\\\/14291678_1517389921620520_2085899212776391076_n.jpg\",\"width\":960,\"height\":640,\"caption\":\"La oficina se ubica en la calle San Lorenzo, 6\"},{\"@type\":\"BreadcrumbList\",\"@id\":\"https:\\\/\\\/www.copealcoy.es\\\/es\\\/los-errores-detectados-por-guanyar-obligan-a-ampliar-el-plazo-de-exposicion-del-pgou\\\/#breadcrumb\",\"itemListElement\":[{\"@type\":\"ListItem\",\"position\":1,\"name\":\"Portada\",\"item\":\"https:\\\/\\\/www.copealcoy.es\\\/es\\\/\"},{\"@type\":\"ListItem\",\"position\":2,\"name\":\"Los errores detectados por Guanyar obligan a ampliar el plazo de exposici\u00f3n del PGOU\"}]},{\"@type\":\"WebSite\",\"@id\":\"https:\\\/\\\/www.copealcoy.es\\\/es\\\/#website\",\"url\":\"https:\\\/\\\/www.copealcoy.es\\\/es\\\/\",\"name\":\"COPE Alcoy\",\"description\":\"Emisora COPE de radio local con emisi\u00f3n online. Pont de Sant Jordi 8-10 03803 Alcoy\",\"potentialAction\":[{\"@type\":\"SearchAction\",\"target\":{\"@type\":\"EntryPoint\",\"urlTemplate\":\"https:\\\/\\\/www.copealcoy.es\\\/es\\\/?s={search_term_string}\"},\"query-input\":{\"@type\":\"PropertyValueSpecification\",\"valueRequired\":true,\"valueName\":\"search_term_string\"}}],\"inLanguage\":\"es\"},{\"@type\":\"Person\",\"@id\":\"https:\\\/\\\/www.copealcoy.es\\\/es\\\/#\\\/schema\\\/person\\\/e777c87fa024e57d40170af9df39882c\",\"name\":\"Cope Alcoy\",\"image\":{\"@type\":\"ImageObject\",\"inLanguage\":\"es\",\"@id\":\"https:\\\/\\\/secure.gravatar.com\\\/avatar\\\/bb65d0283347e303893ba14f0692005417c1e0e690a325a4c5d8bb2b3943ee14?s=96&d=mm&r=g\",\"url\":\"https:\\\/\\\/secure.gravatar.com\\\/avatar\\\/bb65d0283347e303893ba14f0692005417c1e0e690a325a4c5d8bb2b3943ee14?s=96&d=mm&r=g\",\"contentUrl\":\"https:\\\/\\\/secure.gravatar.com\\\/avatar\\\/bb65d0283347e303893ba14f0692005417c1e0e690a325a4c5d8bb2b3943ee14?s=96&d=mm&r=g\",\"caption\":\"Cope Alcoy\"}}]}<\/script>\n<!-- \/ Yoast SEO plugin. -->","yoast_head_json":{"title":"Los errores detectados por Guanyar obligan a ampliar el plazo de exposici\u00f3n del PGOU - COPE Alcoy","robots":{"index":"index","follow":"follow","max-snippet":"max-snippet:-1","max-image-preview":"max-image-preview:large","max-video-preview":"max-video-preview:-1"},"canonical":"https:\/\/www.copealcoy.es\/es\/los-errores-detectados-por-guanyar-obligan-a-ampliar-el-plazo-de-exposicion-del-pgou\/","og_locale":"es_ES","og_type":"article","og_title":"Los errores detectados por Guanyar obligan a ampliar el plazo de exposici\u00f3n del PGOU - COPE Alcoy","og_description":"El Ayuntamiento de Alcoy ampliar\u00e1 finalmente hasta el pr\u00f3ximo cinco de enero el plazo de exposici\u00f3n p\u00fablica del nuevo Plan...","og_url":"https:\/\/www.copealcoy.es\/es\/los-errores-detectados-por-guanyar-obligan-a-ampliar-el-plazo-de-exposicion-del-pgou\/","og_site_name":"COPE Alcoy","article_published_time":"2016-10-26T16:16:34+00:00","article_modified_time":"2016-10-26T16:20:19+00:00","og_image":[{"width":960,"height":640,"url":"https:\/\/www.copealcoy.es\/wp-content\/uploads\/2016\/09\/14291678_1517389921620520_2085899212776391076_n.jpg","type":"image\/jpeg"}],"author":"Cope Alcoy","twitter_misc":{"Escrito por":"Cope Alcoy","Tiempo de lectura":"2 minutos"},"schema":{"@context":"https:\/\/schema.org","@graph":[{"@type":"Article","@id":"https:\/\/www.copealcoy.es\/es\/los-errores-detectados-por-guanyar-obligan-a-ampliar-el-plazo-de-exposicion-del-pgou\/#article","isPartOf":{"@id":"https:\/\/www.copealcoy.es\/es\/los-errores-detectados-por-guanyar-obligan-a-ampliar-el-plazo-de-exposicion-del-pgou\/"},"author":{"name":"Cope Alcoy","@id":"https:\/\/www.copealcoy.es\/es\/#\/schema\/person\/e777c87fa024e57d40170af9df39882c"},"headline":"Los errores detectados por Guanyar obligan a ampliar el plazo de exposici\u00f3n del PGOU","datePublished":"2016-10-26T16:16:34+00:00","dateModified":"2016-10-26T16:20:19+00:00","mainEntityOfPage":{"@id":"https:\/\/www.copealcoy.es\/es\/los-errores-detectados-por-guanyar-obligan-a-ampliar-el-plazo-de-exposicion-del-pgou\/"},"wordCount":368,"commentCount":0,"image":{"@id":"https:\/\/www.copealcoy.es\/es\/los-errores-detectados-por-guanyar-obligan-a-ampliar-el-plazo-de-exposicion-del-pgou\/#primaryimage"},"thumbnailUrl":"https:\/\/www.copealcoy.es\/wp-content\/uploads\/2016\/09\/14291678_1517389921620520_2085899212776391076_n.jpg","keywords":["Alcoy","ampliaci\u00f3n","error","PGOU","plazo de exposici\u00f3n p\u00fablica"],"articleSection":["Alcoy","Noticias","Pol\u00edtica y Econom\u00eda"],"inLanguage":"es"},{"@type":"WebPage","@id":"https:\/\/www.copealcoy.es\/es\/los-errores-detectados-por-guanyar-obligan-a-ampliar-el-plazo-de-exposicion-del-pgou\/","url":"https:\/\/www.copealcoy.es\/es\/los-errores-detectados-por-guanyar-obligan-a-ampliar-el-plazo-de-exposicion-del-pgou\/","name":"Los errores detectados por Guanyar obligan a ampliar el plazo de exposici\u00f3n del PGOU - COPE Alcoy","isPartOf":{"@id":"https:\/\/www.copealcoy.es\/es\/#website"},"primaryImageOfPage":{"@id":"https:\/\/www.copealcoy.es\/es\/los-errores-detectados-por-guanyar-obligan-a-ampliar-el-plazo-de-exposicion-del-pgou\/#primaryimage"},"image":{"@id":"https:\/\/www.copealcoy.es\/es\/los-errores-detectados-por-guanyar-obligan-a-ampliar-el-plazo-de-exposicion-del-pgou\/#primaryimage"},"thumbnailUrl":"https:\/\/www.copealcoy.es\/wp-content\/uploads\/2016\/09\/14291678_1517389921620520_2085899212776391076_n.jpg","datePublished":"2016-10-26T16:16:34+00:00","dateModified":"2016-10-26T16:20:19+00:00","author":{"@id":"https:\/\/www.copealcoy.es\/es\/#\/schema\/person\/e777c87fa024e57d40170af9df39882c"},"breadcrumb":{"@id":"https:\/\/www.copealcoy.es\/es\/los-errores-detectados-por-guanyar-obligan-a-ampliar-el-plazo-de-exposicion-del-pgou\/#breadcrumb"},"inLanguage":"es","potentialAction":[{"@type":"ReadAction","target":["https:\/\/www.copealcoy.es\/es\/los-errores-detectados-por-guanyar-obligan-a-ampliar-el-plazo-de-exposicion-del-pgou\/"]}]},{"@type":"ImageObject","inLanguage":"es","@id":"https:\/\/www.copealcoy.es\/es\/los-errores-detectados-por-guanyar-obligan-a-ampliar-el-plazo-de-exposicion-del-pgou\/#primaryimage","url":"https:\/\/www.copealcoy.es\/wp-content\/uploads\/2016\/09\/14291678_1517389921620520_2085899212776391076_n.jpg","contentUrl":"https:\/\/www.copealcoy.es\/wp-content\/uploads\/2016\/09\/14291678_1517389921620520_2085899212776391076_n.jpg","width":960,"height":640,"caption":"La oficina se ubica en la calle San Lorenzo, 6"},{"@type":"BreadcrumbList","@id":"https:\/\/www.copealcoy.es\/es\/los-errores-detectados-por-guanyar-obligan-a-ampliar-el-plazo-de-exposicion-del-pgou\/#breadcrumb","itemListElement":[{"@type":"ListItem","position":1,"name":"Portada","item":"https:\/\/www.copealcoy.es\/es\/"},{"@type":"ListItem","position":2,"name":"Los errores detectados por Guanyar obligan a ampliar el plazo de exposici\u00f3n del PGOU"}]},{"@type":"WebSite","@id":"https:\/\/www.copealcoy.es\/es\/#website","url":"https:\/\/www.copealcoy.es\/es\/","name":"COPE Alcoy","description":"Emisora COPE de radio local con emisi\u00f3n online. Pont de Sant Jordi 8-10 03803 Alcoy","potentialAction":[{"@type":"SearchAction","target":{"@type":"EntryPoint","urlTemplate":"https:\/\/www.copealcoy.es\/es\/?s={search_term_string}"},"query-input":{"@type":"PropertyValueSpecification","valueRequired":true,"valueName":"search_term_string"}}],"inLanguage":"es"},{"@type":"Person","@id":"https:\/\/www.copealcoy.es\/es\/#\/schema\/person\/e777c87fa024e57d40170af9df39882c","name":"Cope Alcoy","image":{"@type":"ImageObject","inLanguage":"es","@id":"https:\/\/secure.gravatar.com\/avatar\/bb65d0283347e303893ba14f0692005417c1e0e690a325a4c5d8bb2b3943ee14?s=96&d=mm&r=g","url":"https:\/\/secure.gravatar.com\/avatar\/bb65d0283347e303893ba14f0692005417c1e0e690a325a4c5d8bb2b3943ee14?s=96&d=mm&r=g","contentUrl":"https:\/\/secure.gravatar.com\/avatar\/bb65d0283347e303893ba14f0692005417c1e0e690a325a4c5d8bb2b3943ee14?s=96&d=mm&r=g","caption":"Cope Alcoy"}}]}},"_links":{"self":[{"href":"https:\/\/www.copealcoy.es\/es\/wp-json\/wp\/v2\/posts\/25999","targetHints":{"allow":["GET"]}}],"collection":[{"href":"https:\/\/www.copealcoy.es\/es\/wp-json\/wp\/v2\/posts"}],"about":[{"href":"https:\/\/www.copealcoy.es\/es\/wp-json\/wp\/v2\/types\/post"}],"author":[{"embeddable":true,"href":"https:\/\/www.copealcoy.es\/es\/wp-json\/wp\/v2\/users\/1"}],"replies":[{"embeddable":true,"href":"https:\/\/www.copealcoy.es\/es\/wp-json\/wp\/v2\/comments?post=25999"}],"version-history":[{"count":0,"href":"https:\/\/www.copealcoy.es\/es\/wp-json\/wp\/v2\/posts\/25999\/revisions"}],"wp:featuredmedia":[{"embeddable":true,"href":"https:\/\/www.copealcoy.es\/es\/wp-json\/wp\/v2\/media\/24753"}],"wp:attachment":[{"href":"https:\/\/www.copealcoy.es\/es\/wp-json\/wp\/v2\/media?parent=25999"}],"wp:term":[{"taxonomy":"category","embeddable":true,"href":"https:\/\/www.copealcoy.es\/es\/wp-json\/wp\/v2\/categories?post=25999"},{"taxonomy":"post_tag","embeddable":true,"href":"https:\/\/www.copealcoy.es\/es\/wp-json\/wp\/v2\/tags?post=25999"}],"curies":[{"name":"wp","href":"https:\/\/api.w.org\/{rel}","templated":true}]}}