{"id":25866,"date":"2016-10-21T14:48:21","date_gmt":"2016-10-21T14:48:21","guid":{"rendered":"http:\/\/copealcoi.es\/new\/?p=25866"},"modified":"2016-10-21T14:50:44","modified_gmt":"2016-10-21T14:50:44","slug":"camilo-sesto-recibira-homenaje-alcoy-18-noviembre","status":"publish","type":"post","link":"https:\/\/www.copealcoy.es\/es\/camilo-sesto-recibira-homenaje-alcoy-18-noviembre\/","title":{"rendered":"Camil\u00f3 Sesto recibir\u00e1 el homenaje de Alcoy el 18 de noviembre"},"content":{"rendered":"<p style=\"text-align: justify;\">El tan esperado <strong>homenaje al cantante alcoyano Camilo Sesto<\/strong> tendr\u00e1 lugar finalmente el pr\u00f3ximo <strong>18 de noviembre<\/strong> seg\u00fan han informado desde el \u00e1rea de Cultura del Ayuntamiento de Alcoy. En esa jornada el artista recibir\u00e1 la <strong>Medalla de Oro de la ciudad<\/strong> de manos del alcalde, Antonio Franc\u00e9s, y ser\u00e1 nombrado <strong>Hijo Predilecto<\/strong> en el transcurso de un acto que se celebrar\u00e1 en el Teatro Calder\u00f3n a partir de las ocho de la tarde y al que se podr\u00e1 acceder por invitaci\u00f3n. No obstante <strong>se colocar\u00e1 una pantalla gigante<\/strong> en el exterior para que todos puedan seguir de cerca y en directo el momento.<\/p>\n<p style=\"text-align: justify;\"><strong>Ra\u00fcl Llopis<\/strong>, edil de Cultura, indica al respecto que la noche comenzar\u00e1 con la <strong>actuaci\u00f3n de la Corporaci\u00f3n Musical Primitiva<\/strong> interpretando varios temas del cantante alcoyano antes de dar paso a la entrega de galardones. Adem\u00e1s Llopis detalla que <strong>se ha mantenido una reuni\u00f3n<\/strong> reciente entre Ayuntamiento\u00a0y el representante del cantante, Eduardo Guerv\u00f3s, para concretar los detalles de la ceremonia <em>&#8220;ha sido un encuentro muy interesante, Camilo est\u00e1 muy ilusionado y creo que ser\u00e1 un d\u00eda muy emotivo que quedar\u00e1 en el recuerdo de todos sus fans y admiradores&#8221;<\/em>, afirma.<\/p>\n<p style=\"text-align: justify;\">Recordar tambi\u00e9n que <strong>todav\u00eda se pueden presentar las adhesiones<\/strong> a la declaraci\u00f3n de Camilo Sesto como Hijo Predilecto de Alcoy, un proceso que est\u00e1 traspasando las fronteras <em>&#8220;hay mucha gente que quiere compartir con el cantante este d\u00eda tan especial en su vida, vamos a trabajar para que sea un acto especial que quede en el recuerdo de todos ellos&#8221;<\/em>, concluye.<\/p>\n<p>&nbsp;<\/p>\n","protected":false},"excerpt":{"rendered":"<p>El tan esperado homenaje al cantante alcoyano Camilo Sesto tendr\u00e1 lugar finalmente el pr\u00f3ximo 18 de noviembre seg\u00fan han informado&#8230;<\/p>\n","protected":false},"author":1,"featured_media":25867,"comment_status":"open","ping_status":"open","sticky":false,"template":"","format":"standard","meta":{"footnotes":""},"categories":[97,78,75,125],"tags":[3161,1494,2559,901],"class_list":["post-25866","post","type-post","status-publish","format-standard","has-post-thumbnail","hentry","category-alcoy","category-fiestaycultura","category-noticias","category-portada","tag-18-de-noviembre","tag-alcoy","tag-camilo-sesto","tag-homenaje"],"yoast_head":"<!-- This site is optimized with the Yoast SEO plugin v27.3 - https:\/\/yoast.com\/product\/yoast-seo-wordpress\/ -->\n<title>Camil\u00f3 Sesto recibir\u00e1 el homenaje de Alcoy el 18 de noviembre - COPE Alcoy<\/title>\n<meta name=\"robots\" content=\"index, follow, max-snippet:-1, max-image-preview:large, max-video-preview:-1\" \/>\n<link rel=\"canonical\" href=\"https:\/\/www.copealcoy.es\/es\/camilo-sesto-recibira-homenaje-alcoy-18-noviembre\/\" \/>\n<meta property=\"og:locale\" content=\"es_ES\" \/>\n<meta property=\"og:type\" content=\"article\" \/>\n<meta property=\"og:title\" content=\"Camil\u00f3 Sesto recibir\u00e1 el homenaje de Alcoy el 18 de noviembre - COPE Alcoy\" \/>\n<meta property=\"og:description\" content=\"El tan esperado homenaje al cantante alcoyano Camilo Sesto tendr\u00e1 lugar finalmente el pr\u00f3ximo 18 de noviembre seg\u00fan han informado...\" \/>\n<meta property=\"og:url\" content=\"https:\/\/www.copealcoy.es\/es\/camilo-sesto-recibira-homenaje-alcoy-18-noviembre\/\" \/>\n<meta property=\"og:site_name\" content=\"COPE Alcoy\" \/>\n<meta property=\"article:published_time\" content=\"2016-10-21T14:48:21+00:00\" \/>\n<meta property=\"article:modified_time\" content=\"2016-10-21T14:50:44+00:00\" \/>\n<meta property=\"og:image\" content=\"https:\/\/www.copealcoy.es\/wp-content\/uploads\/2016\/10\/MG_1234_20161021021133.jpg\" \/>\n\t<meta property=\"og:image:width\" content=\"4196\" \/>\n\t<meta property=\"og:image:height\" content=\"2730\" \/>\n\t<meta property=\"og:image:type\" content=\"image\/jpeg\" \/>\n<meta name=\"author\" content=\"Cope Alcoy\" \/>\n<meta name=\"twitter:label1\" content=\"Escrito por\" \/>\n\t<meta name=\"twitter:data1\" content=\"Cope Alcoy\" \/>\n\t<meta name=\"twitter:label2\" content=\"Tiempo de lectura\" \/>\n\t<meta name=\"twitter:data2\" content=\"1 minuto\" \/>\n<script type=\"application\/ld+json\" class=\"yoast-schema-graph\">{\"@context\":\"https:\\\/\\\/schema.org\",\"@graph\":[{\"@type\":\"Article\",\"@id\":\"https:\\\/\\\/www.copealcoy.es\\\/es\\\/camilo-sesto-recibira-homenaje-alcoy-18-noviembre\\\/#article\",\"isPartOf\":{\"@id\":\"https:\\\/\\\/www.copealcoy.es\\\/es\\\/camilo-sesto-recibira-homenaje-alcoy-18-noviembre\\\/\"},\"author\":{\"name\":\"Cope Alcoy\",\"@id\":\"https:\\\/\\\/www.copealcoy.es\\\/es\\\/#\\\/schema\\\/person\\\/e777c87fa024e57d40170af9df39882c\"},\"headline\":\"Camil\u00f3 Sesto recibir\u00e1 el homenaje de Alcoy el 18 de noviembre\",\"datePublished\":\"2016-10-21T14:48:21+00:00\",\"dateModified\":\"2016-10-21T14:50:44+00:00\",\"mainEntityOfPage\":{\"@id\":\"https:\\\/\\\/www.copealcoy.es\\\/es\\\/camilo-sesto-recibira-homenaje-alcoy-18-noviembre\\\/\"},\"wordCount\":282,\"commentCount\":0,\"image\":{\"@id\":\"https:\\\/\\\/www.copealcoy.es\\\/es\\\/camilo-sesto-recibira-homenaje-alcoy-18-noviembre\\\/#primaryimage\"},\"thumbnailUrl\":\"https:\\\/\\\/www.copealcoy.es\\\/wp-content\\\/uploads\\\/2016\\\/10\\\/MG_1234_20161021021133.jpg\",\"keywords\":[\"18 de noviembre\",\"Alcoy\",\"Camilo Sesto\",\"Homenaje\"],\"articleSection\":[\"Alcoy\",\"Fiesta y Cultura\",\"Noticias\",\"Portada\"],\"inLanguage\":\"es\"},{\"@type\":\"WebPage\",\"@id\":\"https:\\\/\\\/www.copealcoy.es\\\/es\\\/camilo-sesto-recibira-homenaje-alcoy-18-noviembre\\\/\",\"url\":\"https:\\\/\\\/www.copealcoy.es\\\/es\\\/camilo-sesto-recibira-homenaje-alcoy-18-noviembre\\\/\",\"name\":\"Camil\u00f3 Sesto recibir\u00e1 el homenaje de Alcoy el 18 de noviembre - COPE Alcoy\",\"isPartOf\":{\"@id\":\"https:\\\/\\\/www.copealcoy.es\\\/es\\\/#website\"},\"primaryImageOfPage\":{\"@id\":\"https:\\\/\\\/www.copealcoy.es\\\/es\\\/camilo-sesto-recibira-homenaje-alcoy-18-noviembre\\\/#primaryimage\"},\"image\":{\"@id\":\"https:\\\/\\\/www.copealcoy.es\\\/es\\\/camilo-sesto-recibira-homenaje-alcoy-18-noviembre\\\/#primaryimage\"},\"thumbnailUrl\":\"https:\\\/\\\/www.copealcoy.es\\\/wp-content\\\/uploads\\\/2016\\\/10\\\/MG_1234_20161021021133.jpg\",\"datePublished\":\"2016-10-21T14:48:21+00:00\",\"dateModified\":\"2016-10-21T14:50:44+00:00\",\"author\":{\"@id\":\"https:\\\/\\\/www.copealcoy.es\\\/es\\\/#\\\/schema\\\/person\\\/e777c87fa024e57d40170af9df39882c\"},\"breadcrumb\":{\"@id\":\"https:\\\/\\\/www.copealcoy.es\\\/es\\\/camilo-sesto-recibira-homenaje-alcoy-18-noviembre\\\/#breadcrumb\"},\"inLanguage\":\"es\",\"potentialAction\":[{\"@type\":\"ReadAction\",\"target\":[\"https:\\\/\\\/www.copealcoy.es\\\/es\\\/camilo-sesto-recibira-homenaje-alcoy-18-noviembre\\\/\"]}]},{\"@type\":\"ImageObject\",\"inLanguage\":\"es\",\"@id\":\"https:\\\/\\\/www.copealcoy.es\\\/es\\\/camilo-sesto-recibira-homenaje-alcoy-18-noviembre\\\/#primaryimage\",\"url\":\"https:\\\/\\\/www.copealcoy.es\\\/wp-content\\\/uploads\\\/2016\\\/10\\\/MG_1234_20161021021133.jpg\",\"contentUrl\":\"https:\\\/\\\/www.copealcoy.es\\\/wp-content\\\/uploads\\\/2016\\\/10\\\/MG_1234_20161021021133.jpg\",\"width\":4196,\"height\":2730,\"caption\":\"Reuni\u00f3n mantenida para preparar el homenaje\"},{\"@type\":\"BreadcrumbList\",\"@id\":\"https:\\\/\\\/www.copealcoy.es\\\/es\\\/camilo-sesto-recibira-homenaje-alcoy-18-noviembre\\\/#breadcrumb\",\"itemListElement\":[{\"@type\":\"ListItem\",\"position\":1,\"name\":\"Portada\",\"item\":\"https:\\\/\\\/www.copealcoy.es\\\/es\\\/\"},{\"@type\":\"ListItem\",\"position\":2,\"name\":\"Camil\u00f3 Sesto recibir\u00e1 el homenaje de Alcoy el 18 de noviembre\"}]},{\"@type\":\"WebSite\",\"@id\":\"https:\\\/\\\/www.copealcoy.es\\\/es\\\/#website\",\"url\":\"https:\\\/\\\/www.copealcoy.es\\\/es\\\/\",\"name\":\"COPE Alcoy\",\"description\":\"Emisora COPE de radio local con emisi\u00f3n online. Pont de Sant Jordi 8-10 03803 Alcoy\",\"potentialAction\":[{\"@type\":\"SearchAction\",\"target\":{\"@type\":\"EntryPoint\",\"urlTemplate\":\"https:\\\/\\\/www.copealcoy.es\\\/es\\\/?s={search_term_string}\"},\"query-input\":{\"@type\":\"PropertyValueSpecification\",\"valueRequired\":true,\"valueName\":\"search_term_string\"}}],\"inLanguage\":\"es\"},{\"@type\":\"Person\",\"@id\":\"https:\\\/\\\/www.copealcoy.es\\\/es\\\/#\\\/schema\\\/person\\\/e777c87fa024e57d40170af9df39882c\",\"name\":\"Cope Alcoy\",\"image\":{\"@type\":\"ImageObject\",\"inLanguage\":\"es\",\"@id\":\"https:\\\/\\\/secure.gravatar.com\\\/avatar\\\/bb65d0283347e303893ba14f0692005417c1e0e690a325a4c5d8bb2b3943ee14?s=96&d=mm&r=g\",\"url\":\"https:\\\/\\\/secure.gravatar.com\\\/avatar\\\/bb65d0283347e303893ba14f0692005417c1e0e690a325a4c5d8bb2b3943ee14?s=96&d=mm&r=g\",\"contentUrl\":\"https:\\\/\\\/secure.gravatar.com\\\/avatar\\\/bb65d0283347e303893ba14f0692005417c1e0e690a325a4c5d8bb2b3943ee14?s=96&d=mm&r=g\",\"caption\":\"Cope Alcoy\"}}]}<\/script>\n<!-- \/ Yoast SEO plugin. -->","yoast_head_json":{"title":"Camil\u00f3 Sesto recibir\u00e1 el homenaje de Alcoy el 18 de noviembre - COPE Alcoy","robots":{"index":"index","follow":"follow","max-snippet":"max-snippet:-1","max-image-preview":"max-image-preview:large","max-video-preview":"max-video-preview:-1"},"canonical":"https:\/\/www.copealcoy.es\/es\/camilo-sesto-recibira-homenaje-alcoy-18-noviembre\/","og_locale":"es_ES","og_type":"article","og_title":"Camil\u00f3 Sesto recibir\u00e1 el homenaje de Alcoy el 18 de noviembre - COPE Alcoy","og_description":"El tan esperado homenaje al cantante alcoyano Camilo Sesto tendr\u00e1 lugar finalmente el pr\u00f3ximo 18 de noviembre seg\u00fan han informado...","og_url":"https:\/\/www.copealcoy.es\/es\/camilo-sesto-recibira-homenaje-alcoy-18-noviembre\/","og_site_name":"COPE Alcoy","article_published_time":"2016-10-21T14:48:21+00:00","article_modified_time":"2016-10-21T14:50:44+00:00","og_image":[{"width":4196,"height":2730,"url":"https:\/\/www.copealcoy.es\/wp-content\/uploads\/2016\/10\/MG_1234_20161021021133.jpg","type":"image\/jpeg"}],"author":"Cope Alcoy","twitter_misc":{"Escrito por":"Cope Alcoy","Tiempo de lectura":"1 minuto"},"schema":{"@context":"https:\/\/schema.org","@graph":[{"@type":"Article","@id":"https:\/\/www.copealcoy.es\/es\/camilo-sesto-recibira-homenaje-alcoy-18-noviembre\/#article","isPartOf":{"@id":"https:\/\/www.copealcoy.es\/es\/camilo-sesto-recibira-homenaje-alcoy-18-noviembre\/"},"author":{"name":"Cope Alcoy","@id":"https:\/\/www.copealcoy.es\/es\/#\/schema\/person\/e777c87fa024e57d40170af9df39882c"},"headline":"Camil\u00f3 Sesto recibir\u00e1 el homenaje de Alcoy el 18 de noviembre","datePublished":"2016-10-21T14:48:21+00:00","dateModified":"2016-10-21T14:50:44+00:00","mainEntityOfPage":{"@id":"https:\/\/www.copealcoy.es\/es\/camilo-sesto-recibira-homenaje-alcoy-18-noviembre\/"},"wordCount":282,"commentCount":0,"image":{"@id":"https:\/\/www.copealcoy.es\/es\/camilo-sesto-recibira-homenaje-alcoy-18-noviembre\/#primaryimage"},"thumbnailUrl":"https:\/\/www.copealcoy.es\/wp-content\/uploads\/2016\/10\/MG_1234_20161021021133.jpg","keywords":["18 de noviembre","Alcoy","Camilo Sesto","Homenaje"],"articleSection":["Alcoy","Fiesta y Cultura","Noticias","Portada"],"inLanguage":"es"},{"@type":"WebPage","@id":"https:\/\/www.copealcoy.es\/es\/camilo-sesto-recibira-homenaje-alcoy-18-noviembre\/","url":"https:\/\/www.copealcoy.es\/es\/camilo-sesto-recibira-homenaje-alcoy-18-noviembre\/","name":"Camil\u00f3 Sesto recibir\u00e1 el homenaje de Alcoy el 18 de noviembre - COPE Alcoy","isPartOf":{"@id":"https:\/\/www.copealcoy.es\/es\/#website"},"primaryImageOfPage":{"@id":"https:\/\/www.copealcoy.es\/es\/camilo-sesto-recibira-homenaje-alcoy-18-noviembre\/#primaryimage"},"image":{"@id":"https:\/\/www.copealcoy.es\/es\/camilo-sesto-recibira-homenaje-alcoy-18-noviembre\/#primaryimage"},"thumbnailUrl":"https:\/\/www.copealcoy.es\/wp-content\/uploads\/2016\/10\/MG_1234_20161021021133.jpg","datePublished":"2016-10-21T14:48:21+00:00","dateModified":"2016-10-21T14:50:44+00:00","author":{"@id":"https:\/\/www.copealcoy.es\/es\/#\/schema\/person\/e777c87fa024e57d40170af9df39882c"},"breadcrumb":{"@id":"https:\/\/www.copealcoy.es\/es\/camilo-sesto-recibira-homenaje-alcoy-18-noviembre\/#breadcrumb"},"inLanguage":"es","potentialAction":[{"@type":"ReadAction","target":["https:\/\/www.copealcoy.es\/es\/camilo-sesto-recibira-homenaje-alcoy-18-noviembre\/"]}]},{"@type":"ImageObject","inLanguage":"es","@id":"https:\/\/www.copealcoy.es\/es\/camilo-sesto-recibira-homenaje-alcoy-18-noviembre\/#primaryimage","url":"https:\/\/www.copealcoy.es\/wp-content\/uploads\/2016\/10\/MG_1234_20161021021133.jpg","contentUrl":"https:\/\/www.copealcoy.es\/wp-content\/uploads\/2016\/10\/MG_1234_20161021021133.jpg","width":4196,"height":2730,"caption":"Reuni\u00f3n mantenida para preparar el homenaje"},{"@type":"BreadcrumbList","@id":"https:\/\/www.copealcoy.es\/es\/camilo-sesto-recibira-homenaje-alcoy-18-noviembre\/#breadcrumb","itemListElement":[{"@type":"ListItem","position":1,"name":"Portada","item":"https:\/\/www.copealcoy.es\/es\/"},{"@type":"ListItem","position":2,"name":"Camil\u00f3 Sesto recibir\u00e1 el homenaje de Alcoy el 18 de noviembre"}]},{"@type":"WebSite","@id":"https:\/\/www.copealcoy.es\/es\/#website","url":"https:\/\/www.copealcoy.es\/es\/","name":"COPE Alcoy","description":"Emisora COPE de radio local con emisi\u00f3n online. Pont de Sant Jordi 8-10 03803 Alcoy","potentialAction":[{"@type":"SearchAction","target":{"@type":"EntryPoint","urlTemplate":"https:\/\/www.copealcoy.es\/es\/?s={search_term_string}"},"query-input":{"@type":"PropertyValueSpecification","valueRequired":true,"valueName":"search_term_string"}}],"inLanguage":"es"},{"@type":"Person","@id":"https:\/\/www.copealcoy.es\/es\/#\/schema\/person\/e777c87fa024e57d40170af9df39882c","name":"Cope Alcoy","image":{"@type":"ImageObject","inLanguage":"es","@id":"https:\/\/secure.gravatar.com\/avatar\/bb65d0283347e303893ba14f0692005417c1e0e690a325a4c5d8bb2b3943ee14?s=96&d=mm&r=g","url":"https:\/\/secure.gravatar.com\/avatar\/bb65d0283347e303893ba14f0692005417c1e0e690a325a4c5d8bb2b3943ee14?s=96&d=mm&r=g","contentUrl":"https:\/\/secure.gravatar.com\/avatar\/bb65d0283347e303893ba14f0692005417c1e0e690a325a4c5d8bb2b3943ee14?s=96&d=mm&r=g","caption":"Cope Alcoy"}}]}},"_links":{"self":[{"href":"https:\/\/www.copealcoy.es\/es\/wp-json\/wp\/v2\/posts\/25866","targetHints":{"allow":["GET"]}}],"collection":[{"href":"https:\/\/www.copealcoy.es\/es\/wp-json\/wp\/v2\/posts"}],"about":[{"href":"https:\/\/www.copealcoy.es\/es\/wp-json\/wp\/v2\/types\/post"}],"author":[{"embeddable":true,"href":"https:\/\/www.copealcoy.es\/es\/wp-json\/wp\/v2\/users\/1"}],"replies":[{"embeddable":true,"href":"https:\/\/www.copealcoy.es\/es\/wp-json\/wp\/v2\/comments?post=25866"}],"version-history":[{"count":0,"href":"https:\/\/www.copealcoy.es\/es\/wp-json\/wp\/v2\/posts\/25866\/revisions"}],"wp:featuredmedia":[{"embeddable":true,"href":"https:\/\/www.copealcoy.es\/es\/wp-json\/wp\/v2\/media\/25867"}],"wp:attachment":[{"href":"https:\/\/www.copealcoy.es\/es\/wp-json\/wp\/v2\/media?parent=25866"}],"wp:term":[{"taxonomy":"category","embeddable":true,"href":"https:\/\/www.copealcoy.es\/es\/wp-json\/wp\/v2\/categories?post=25866"},{"taxonomy":"post_tag","embeddable":true,"href":"https:\/\/www.copealcoy.es\/es\/wp-json\/wp\/v2\/tags?post=25866"}],"curies":[{"name":"wp","href":"https:\/\/api.w.org\/{rel}","templated":true}]}}