{"id":25846,"date":"2016-10-20T16:36:55","date_gmt":"2016-10-20T16:36:55","guid":{"rendered":"http:\/\/copealcoi.es\/new\/?p=25846"},"modified":"2016-10-21T14:48:59","modified_gmt":"2016-10-21T14:48:59","slug":"jose-antonio-llinares-dirigira-himno-fiestas-2017","status":"publish","type":"post","link":"https:\/\/www.copealcoy.es\/es\/jose-antonio-llinares-dirigira-himno-fiestas-2017\/","title":{"rendered":"Jos\u00e9 Antonio Llinares dirigir\u00e1 el Himno de Fiestas en 2017"},"content":{"rendered":"<p style=\"text-align: justify;\">Jos\u00e9 Antonio Llinares <strong>dirigir\u00e1 el Himno de Fiestas de Alcoy del pr\u00f3ximo a\u00f1o 2017<\/strong> en el acto que marca el inicio de los moros y cristianos en honor a San Jorge. As\u00ed lo ha dado a conocer este jueves el \u00e1rea de Fiestas del Ayuntamiento justo en v\u00edsperas del Mig Any y en la jornada en la que tambi\u00e9n se ha informado que <strong><span style=\"text-decoration: underline;\"><a href=\"https:\/\/www.copealcoy.es\/nani-serrano-creara-cartel-fiestas-del-proximo-ano\/\">Nani Serrano dise\u00f1ar\u00e1 el cartel.<\/a><\/span><\/strong><\/p>\n<p style=\"text-align: justify;\">Llinares cuenta con un <strong>destacado curr\u00edculum en el \u00e1mbito de la m\u00fasica<\/strong> e inici\u00f3 sus estudios en la Societat Musical Nova d\u00b4Alcoi continuando despu\u00e9s los mismos en la materia de Clarinete en el Conservatorio Juan Cant\u00f3 de la mano de Eduardo Terol. M\u00e1s tarde obtuvo el t\u00edtulo superior de esta especialidad en el Conservatorio \u00d3scar Espl\u00e1 de Alicante y ejerci\u00f3 de director invitado en varias agrupaciones musicales. Tambi\u00e9n ha realizado numerosos cursos de direcci\u00f3n bajo las \u00f3rdenes de destacados profesores y tras pasar por varias orquestas forma parte actualmente de la Sinf\u00f3nica Alcoyana. Desde 1986 es componente de <strong>la M\u00fasica Nova<\/strong> donde es profesor de Clarinete en la escuela y subdirector de la banda.<\/p>\n<p style=\"text-align: justify;\">El director del Himno de 2017, que recoger\u00e1 el testigo de Hiroshi Fujii, dirige desde 2007 la<strong> Societat Musical d\u00b4Alcoleja y la Uni\u00f3n Musical de Beniarr\u00e9s<\/strong> desde 2012. Ambas han obtenido reconocimientos durante su etapa de director en los \u00faltimos a\u00f1os destacando en el primero de los casos la obtenci\u00f3n del <strong>Primer Premio del desfile del &#8216;D\u00eda dels M\u00fasics&#8217;<\/strong> en el 2014.<\/p>\n<p style=\"text-align: justify;\"><strong>Ra\u00fcl Llopis<\/strong>, concejal de Fiestas, se\u00f1alar que la elecci\u00f3n de Jos\u00e9 Antonio Llinares como director se produce en el a\u00f1o en el que La Nova celebra su 150 aniversario <em>&#8220;adem\u00e1s se cumplir\u00e1n tambi\u00e9n 20 a\u00f1os desde que su padre dirigi\u00f3 el Nostra Festa. Estamos ante una persona de sobra conocida en el tejido cultural de Alcoy \u00a0y de la que estamos seguros que vivir\u00e1 este momento especial con gran intensidad rodeado de su banda y de los suyos&#8221;<\/em>, indica.<\/p>\n<p style=\"text-align: justify;\">Por \u00faltimo destacar que en 2017 tambi\u00e9n se conmemorar\u00e1n <strong>cien a\u00f1os\u00a0del Himno de fiestas<\/strong> actual, una pieza que cuenta con una m\u00fasica proveniente\u00a0de la marcha Mora &#8220;El Sig&#8221;, y \u00a0extra\u00edda de la zarzuela &#8220;La Bella Zaida&#8221; de Gonzalo Barrachina. El Himno tuvo primero letra en castellano, obra\u00a0del periodista Eugenio Molt\u00f3, y posteriormente fue adaptado al valenciano por el poeta Jos\u00e9 Sanz Moya.<\/p>\n","protected":false},"excerpt":{"rendered":"<p>Jos\u00e9 Antonio Llinares dirigir\u00e1 el Himno de Fiestas de Alcoy del pr\u00f3ximo a\u00f1o 2017 en el acto que marca el&#8230;<\/p>\n","protected":false},"author":1,"featured_media":25852,"comment_status":"open","ping_status":"open","sticky":false,"template":"","format":"standard","meta":{"footnotes":""},"categories":[97,78,75,125],"tags":[1494,2765,3154,856,3155],"class_list":["post-25846","post","type-post","status-publish","format-standard","has-post-thumbnail","hentry","category-alcoy","category-fiestaycultura","category-noticias","category-portada","tag-alcoy","tag-himno-de-fiestas","tag-jose-antonio-llinares","tag-moros-i-cristians","tag-nova-alcoi"],"yoast_head":"<!-- This site is optimized with the Yoast SEO plugin v27.3 - https:\/\/yoast.com\/product\/yoast-seo-wordpress\/ -->\n<title>Jos\u00e9 Antonio Llinares dirigir\u00e1 el Himno de Fiestas en 2017 - COPE Alcoy<\/title>\n<meta name=\"robots\" content=\"index, follow, max-snippet:-1, max-image-preview:large, max-video-preview:-1\" \/>\n<link rel=\"canonical\" href=\"https:\/\/www.copealcoy.es\/es\/jose-antonio-llinares-dirigira-himno-fiestas-2017\/\" \/>\n<meta property=\"og:locale\" content=\"es_ES\" \/>\n<meta property=\"og:type\" content=\"article\" \/>\n<meta property=\"og:title\" content=\"Jos\u00e9 Antonio Llinares dirigir\u00e1 el Himno de Fiestas en 2017 - COPE Alcoy\" \/>\n<meta property=\"og:description\" content=\"Jos\u00e9 Antonio Llinares dirigir\u00e1 el Himno de Fiestas de Alcoy del pr\u00f3ximo a\u00f1o 2017 en el acto que marca el...\" \/>\n<meta property=\"og:url\" content=\"https:\/\/www.copealcoy.es\/es\/jose-antonio-llinares-dirigira-himno-fiestas-2017\/\" \/>\n<meta property=\"og:site_name\" content=\"COPE Alcoy\" \/>\n<meta property=\"article:published_time\" content=\"2016-10-20T16:36:55+00:00\" \/>\n<meta property=\"article:modified_time\" content=\"2016-10-21T14:48:59+00:00\" \/>\n<meta property=\"og:image\" content=\"https:\/\/www.copealcoy.es\/wp-content\/uploads\/2016\/10\/Jose_antonio_llinares_2_20161020011337.jpg\" \/>\n\t<meta property=\"og:image:width\" content=\"1157\" \/>\n\t<meta property=\"og:image:height\" content=\"829\" \/>\n\t<meta property=\"og:image:type\" content=\"image\/jpeg\" \/>\n<meta name=\"author\" content=\"Cope Alcoy\" \/>\n<meta name=\"twitter:label1\" content=\"Escrito por\" \/>\n\t<meta name=\"twitter:data1\" content=\"Cope Alcoy\" \/>\n\t<meta name=\"twitter:label2\" content=\"Tiempo de lectura\" \/>\n\t<meta name=\"twitter:data2\" content=\"2 minutos\" \/>\n<script type=\"application\/ld+json\" class=\"yoast-schema-graph\">{\"@context\":\"https:\\\/\\\/schema.org\",\"@graph\":[{\"@type\":\"Article\",\"@id\":\"https:\\\/\\\/www.copealcoy.es\\\/es\\\/jose-antonio-llinares-dirigira-himno-fiestas-2017\\\/#article\",\"isPartOf\":{\"@id\":\"https:\\\/\\\/www.copealcoy.es\\\/es\\\/jose-antonio-llinares-dirigira-himno-fiestas-2017\\\/\"},\"author\":{\"name\":\"Cope Alcoy\",\"@id\":\"https:\\\/\\\/www.copealcoy.es\\\/es\\\/#\\\/schema\\\/person\\\/e777c87fa024e57d40170af9df39882c\"},\"headline\":\"Jos\u00e9 Antonio Llinares dirigir\u00e1 el Himno de Fiestas en 2017\",\"datePublished\":\"2016-10-20T16:36:55+00:00\",\"dateModified\":\"2016-10-21T14:48:59+00:00\",\"mainEntityOfPage\":{\"@id\":\"https:\\\/\\\/www.copealcoy.es\\\/es\\\/jose-antonio-llinares-dirigira-himno-fiestas-2017\\\/\"},\"wordCount\":423,\"commentCount\":0,\"image\":{\"@id\":\"https:\\\/\\\/www.copealcoy.es\\\/es\\\/jose-antonio-llinares-dirigira-himno-fiestas-2017\\\/#primaryimage\"},\"thumbnailUrl\":\"https:\\\/\\\/www.copealcoy.es\\\/wp-content\\\/uploads\\\/2016\\\/10\\\/Jose_antonio_llinares_2_20161020011337.jpg\",\"keywords\":[\"Alcoy\",\"Himno de Fiestas\",\"Jos\u00e9 Antonio Llinares\",\"Moros i Cristians\",\"Nova Alcoi\"],\"articleSection\":[\"Alcoy\",\"Fiesta y Cultura\",\"Noticias\",\"Portada\"],\"inLanguage\":\"es\"},{\"@type\":\"WebPage\",\"@id\":\"https:\\\/\\\/www.copealcoy.es\\\/es\\\/jose-antonio-llinares-dirigira-himno-fiestas-2017\\\/\",\"url\":\"https:\\\/\\\/www.copealcoy.es\\\/es\\\/jose-antonio-llinares-dirigira-himno-fiestas-2017\\\/\",\"name\":\"Jos\u00e9 Antonio Llinares dirigir\u00e1 el Himno de Fiestas en 2017 - COPE Alcoy\",\"isPartOf\":{\"@id\":\"https:\\\/\\\/www.copealcoy.es\\\/es\\\/#website\"},\"primaryImageOfPage\":{\"@id\":\"https:\\\/\\\/www.copealcoy.es\\\/es\\\/jose-antonio-llinares-dirigira-himno-fiestas-2017\\\/#primaryimage\"},\"image\":{\"@id\":\"https:\\\/\\\/www.copealcoy.es\\\/es\\\/jose-antonio-llinares-dirigira-himno-fiestas-2017\\\/#primaryimage\"},\"thumbnailUrl\":\"https:\\\/\\\/www.copealcoy.es\\\/wp-content\\\/uploads\\\/2016\\\/10\\\/Jose_antonio_llinares_2_20161020011337.jpg\",\"datePublished\":\"2016-10-20T16:36:55+00:00\",\"dateModified\":\"2016-10-21T14:48:59+00:00\",\"author\":{\"@id\":\"https:\\\/\\\/www.copealcoy.es\\\/es\\\/#\\\/schema\\\/person\\\/e777c87fa024e57d40170af9df39882c\"},\"breadcrumb\":{\"@id\":\"https:\\\/\\\/www.copealcoy.es\\\/es\\\/jose-antonio-llinares-dirigira-himno-fiestas-2017\\\/#breadcrumb\"},\"inLanguage\":\"es\",\"potentialAction\":[{\"@type\":\"ReadAction\",\"target\":[\"https:\\\/\\\/www.copealcoy.es\\\/es\\\/jose-antonio-llinares-dirigira-himno-fiestas-2017\\\/\"]}]},{\"@type\":\"ImageObject\",\"inLanguage\":\"es\",\"@id\":\"https:\\\/\\\/www.copealcoy.es\\\/es\\\/jose-antonio-llinares-dirigira-himno-fiestas-2017\\\/#primaryimage\",\"url\":\"https:\\\/\\\/www.copealcoy.es\\\/wp-content\\\/uploads\\\/2016\\\/10\\\/Jose_antonio_llinares_2_20161020011337.jpg\",\"contentUrl\":\"https:\\\/\\\/www.copealcoy.es\\\/wp-content\\\/uploads\\\/2016\\\/10\\\/Jose_antonio_llinares_2_20161020011337.jpg\",\"width\":1157,\"height\":829,\"caption\":\"Jos\u00e9 Antonio Llinares (en el Centro) participando en un acto musical la pasada primavera\"},{\"@type\":\"BreadcrumbList\",\"@id\":\"https:\\\/\\\/www.copealcoy.es\\\/es\\\/jose-antonio-llinares-dirigira-himno-fiestas-2017\\\/#breadcrumb\",\"itemListElement\":[{\"@type\":\"ListItem\",\"position\":1,\"name\":\"Portada\",\"item\":\"https:\\\/\\\/www.copealcoy.es\\\/es\\\/\"},{\"@type\":\"ListItem\",\"position\":2,\"name\":\"Jos\u00e9 Antonio Llinares dirigir\u00e1 el Himno de Fiestas en 2017\"}]},{\"@type\":\"WebSite\",\"@id\":\"https:\\\/\\\/www.copealcoy.es\\\/es\\\/#website\",\"url\":\"https:\\\/\\\/www.copealcoy.es\\\/es\\\/\",\"name\":\"COPE Alcoy\",\"description\":\"Emisora COPE de radio local con emisi\u00f3n online. Pont de Sant Jordi 8-10 03803 Alcoy\",\"potentialAction\":[{\"@type\":\"SearchAction\",\"target\":{\"@type\":\"EntryPoint\",\"urlTemplate\":\"https:\\\/\\\/www.copealcoy.es\\\/es\\\/?s={search_term_string}\"},\"query-input\":{\"@type\":\"PropertyValueSpecification\",\"valueRequired\":true,\"valueName\":\"search_term_string\"}}],\"inLanguage\":\"es\"},{\"@type\":\"Person\",\"@id\":\"https:\\\/\\\/www.copealcoy.es\\\/es\\\/#\\\/schema\\\/person\\\/e777c87fa024e57d40170af9df39882c\",\"name\":\"Cope Alcoy\",\"image\":{\"@type\":\"ImageObject\",\"inLanguage\":\"es\",\"@id\":\"https:\\\/\\\/secure.gravatar.com\\\/avatar\\\/bb65d0283347e303893ba14f0692005417c1e0e690a325a4c5d8bb2b3943ee14?s=96&d=mm&r=g\",\"url\":\"https:\\\/\\\/secure.gravatar.com\\\/avatar\\\/bb65d0283347e303893ba14f0692005417c1e0e690a325a4c5d8bb2b3943ee14?s=96&d=mm&r=g\",\"contentUrl\":\"https:\\\/\\\/secure.gravatar.com\\\/avatar\\\/bb65d0283347e303893ba14f0692005417c1e0e690a325a4c5d8bb2b3943ee14?s=96&d=mm&r=g\",\"caption\":\"Cope Alcoy\"}}]}<\/script>\n<!-- \/ Yoast SEO plugin. -->","yoast_head_json":{"title":"Jos\u00e9 Antonio Llinares dirigir\u00e1 el Himno de Fiestas en 2017 - COPE Alcoy","robots":{"index":"index","follow":"follow","max-snippet":"max-snippet:-1","max-image-preview":"max-image-preview:large","max-video-preview":"max-video-preview:-1"},"canonical":"https:\/\/www.copealcoy.es\/es\/jose-antonio-llinares-dirigira-himno-fiestas-2017\/","og_locale":"es_ES","og_type":"article","og_title":"Jos\u00e9 Antonio Llinares dirigir\u00e1 el Himno de Fiestas en 2017 - COPE Alcoy","og_description":"Jos\u00e9 Antonio Llinares dirigir\u00e1 el Himno de Fiestas de Alcoy del pr\u00f3ximo a\u00f1o 2017 en el acto que marca el...","og_url":"https:\/\/www.copealcoy.es\/es\/jose-antonio-llinares-dirigira-himno-fiestas-2017\/","og_site_name":"COPE Alcoy","article_published_time":"2016-10-20T16:36:55+00:00","article_modified_time":"2016-10-21T14:48:59+00:00","og_image":[{"width":1157,"height":829,"url":"https:\/\/www.copealcoy.es\/wp-content\/uploads\/2016\/10\/Jose_antonio_llinares_2_20161020011337.jpg","type":"image\/jpeg"}],"author":"Cope Alcoy","twitter_misc":{"Escrito por":"Cope Alcoy","Tiempo de lectura":"2 minutos"},"schema":{"@context":"https:\/\/schema.org","@graph":[{"@type":"Article","@id":"https:\/\/www.copealcoy.es\/es\/jose-antonio-llinares-dirigira-himno-fiestas-2017\/#article","isPartOf":{"@id":"https:\/\/www.copealcoy.es\/es\/jose-antonio-llinares-dirigira-himno-fiestas-2017\/"},"author":{"name":"Cope Alcoy","@id":"https:\/\/www.copealcoy.es\/es\/#\/schema\/person\/e777c87fa024e57d40170af9df39882c"},"headline":"Jos\u00e9 Antonio Llinares dirigir\u00e1 el Himno de Fiestas en 2017","datePublished":"2016-10-20T16:36:55+00:00","dateModified":"2016-10-21T14:48:59+00:00","mainEntityOfPage":{"@id":"https:\/\/www.copealcoy.es\/es\/jose-antonio-llinares-dirigira-himno-fiestas-2017\/"},"wordCount":423,"commentCount":0,"image":{"@id":"https:\/\/www.copealcoy.es\/es\/jose-antonio-llinares-dirigira-himno-fiestas-2017\/#primaryimage"},"thumbnailUrl":"https:\/\/www.copealcoy.es\/wp-content\/uploads\/2016\/10\/Jose_antonio_llinares_2_20161020011337.jpg","keywords":["Alcoy","Himno de Fiestas","Jos\u00e9 Antonio Llinares","Moros i Cristians","Nova Alcoi"],"articleSection":["Alcoy","Fiesta y Cultura","Noticias","Portada"],"inLanguage":"es"},{"@type":"WebPage","@id":"https:\/\/www.copealcoy.es\/es\/jose-antonio-llinares-dirigira-himno-fiestas-2017\/","url":"https:\/\/www.copealcoy.es\/es\/jose-antonio-llinares-dirigira-himno-fiestas-2017\/","name":"Jos\u00e9 Antonio Llinares dirigir\u00e1 el Himno de Fiestas en 2017 - COPE Alcoy","isPartOf":{"@id":"https:\/\/www.copealcoy.es\/es\/#website"},"primaryImageOfPage":{"@id":"https:\/\/www.copealcoy.es\/es\/jose-antonio-llinares-dirigira-himno-fiestas-2017\/#primaryimage"},"image":{"@id":"https:\/\/www.copealcoy.es\/es\/jose-antonio-llinares-dirigira-himno-fiestas-2017\/#primaryimage"},"thumbnailUrl":"https:\/\/www.copealcoy.es\/wp-content\/uploads\/2016\/10\/Jose_antonio_llinares_2_20161020011337.jpg","datePublished":"2016-10-20T16:36:55+00:00","dateModified":"2016-10-21T14:48:59+00:00","author":{"@id":"https:\/\/www.copealcoy.es\/es\/#\/schema\/person\/e777c87fa024e57d40170af9df39882c"},"breadcrumb":{"@id":"https:\/\/www.copealcoy.es\/es\/jose-antonio-llinares-dirigira-himno-fiestas-2017\/#breadcrumb"},"inLanguage":"es","potentialAction":[{"@type":"ReadAction","target":["https:\/\/www.copealcoy.es\/es\/jose-antonio-llinares-dirigira-himno-fiestas-2017\/"]}]},{"@type":"ImageObject","inLanguage":"es","@id":"https:\/\/www.copealcoy.es\/es\/jose-antonio-llinares-dirigira-himno-fiestas-2017\/#primaryimage","url":"https:\/\/www.copealcoy.es\/wp-content\/uploads\/2016\/10\/Jose_antonio_llinares_2_20161020011337.jpg","contentUrl":"https:\/\/www.copealcoy.es\/wp-content\/uploads\/2016\/10\/Jose_antonio_llinares_2_20161020011337.jpg","width":1157,"height":829,"caption":"Jos\u00e9 Antonio Llinares (en el Centro) participando en un acto musical la pasada primavera"},{"@type":"BreadcrumbList","@id":"https:\/\/www.copealcoy.es\/es\/jose-antonio-llinares-dirigira-himno-fiestas-2017\/#breadcrumb","itemListElement":[{"@type":"ListItem","position":1,"name":"Portada","item":"https:\/\/www.copealcoy.es\/es\/"},{"@type":"ListItem","position":2,"name":"Jos\u00e9 Antonio Llinares dirigir\u00e1 el Himno de Fiestas en 2017"}]},{"@type":"WebSite","@id":"https:\/\/www.copealcoy.es\/es\/#website","url":"https:\/\/www.copealcoy.es\/es\/","name":"COPE Alcoy","description":"Emisora COPE de radio local con emisi\u00f3n online. Pont de Sant Jordi 8-10 03803 Alcoy","potentialAction":[{"@type":"SearchAction","target":{"@type":"EntryPoint","urlTemplate":"https:\/\/www.copealcoy.es\/es\/?s={search_term_string}"},"query-input":{"@type":"PropertyValueSpecification","valueRequired":true,"valueName":"search_term_string"}}],"inLanguage":"es"},{"@type":"Person","@id":"https:\/\/www.copealcoy.es\/es\/#\/schema\/person\/e777c87fa024e57d40170af9df39882c","name":"Cope Alcoy","image":{"@type":"ImageObject","inLanguage":"es","@id":"https:\/\/secure.gravatar.com\/avatar\/bb65d0283347e303893ba14f0692005417c1e0e690a325a4c5d8bb2b3943ee14?s=96&d=mm&r=g","url":"https:\/\/secure.gravatar.com\/avatar\/bb65d0283347e303893ba14f0692005417c1e0e690a325a4c5d8bb2b3943ee14?s=96&d=mm&r=g","contentUrl":"https:\/\/secure.gravatar.com\/avatar\/bb65d0283347e303893ba14f0692005417c1e0e690a325a4c5d8bb2b3943ee14?s=96&d=mm&r=g","caption":"Cope Alcoy"}}]}},"_links":{"self":[{"href":"https:\/\/www.copealcoy.es\/es\/wp-json\/wp\/v2\/posts\/25846","targetHints":{"allow":["GET"]}}],"collection":[{"href":"https:\/\/www.copealcoy.es\/es\/wp-json\/wp\/v2\/posts"}],"about":[{"href":"https:\/\/www.copealcoy.es\/es\/wp-json\/wp\/v2\/types\/post"}],"author":[{"embeddable":true,"href":"https:\/\/www.copealcoy.es\/es\/wp-json\/wp\/v2\/users\/1"}],"replies":[{"embeddable":true,"href":"https:\/\/www.copealcoy.es\/es\/wp-json\/wp\/v2\/comments?post=25846"}],"version-history":[{"count":0,"href":"https:\/\/www.copealcoy.es\/es\/wp-json\/wp\/v2\/posts\/25846\/revisions"}],"wp:featuredmedia":[{"embeddable":true,"href":"https:\/\/www.copealcoy.es\/es\/wp-json\/wp\/v2\/media\/25852"}],"wp:attachment":[{"href":"https:\/\/www.copealcoy.es\/es\/wp-json\/wp\/v2\/media?parent=25846"}],"wp:term":[{"taxonomy":"category","embeddable":true,"href":"https:\/\/www.copealcoy.es\/es\/wp-json\/wp\/v2\/categories?post=25846"},{"taxonomy":"post_tag","embeddable":true,"href":"https:\/\/www.copealcoy.es\/es\/wp-json\/wp\/v2\/tags?post=25846"}],"curies":[{"name":"wp","href":"https:\/\/api.w.org\/{rel}","templated":true}]}}