{"id":25660,"date":"2016-10-13T15:43:28","date_gmt":"2016-10-13T15:43:28","guid":{"rendered":"http:\/\/copealcoi.es\/new\/?p=25660"},"modified":"2016-10-13T15:43:28","modified_gmt":"2016-10-13T15:43:28","slug":"la-fira-potenciara-sector-del-turismo","status":"publish","type":"post","link":"https:\/\/www.copealcoy.es\/es\/la-fira-potenciara-sector-del-turismo\/","title":{"rendered":"La Fira potenciar\u00e1 el sector del turismo"},"content":{"rendered":"<p style=\"text-align: justify;\">La Fira de Tots Sants de Cocentaina apostar\u00e1 en su 670 edici\u00f3n por el <strong>sector del turismo<\/strong> y reforzar\u00e1 el \u00e1rea dedicada al mismo en el Certamen\u00a0con una superficie de <strong>1.725 metros cuadrados y la presencia de 30 expositores. <\/strong><\/p>\n<p style=\"text-align: justify;\">Desde la organizaci\u00f3n de la Fira han explicado que en este espacio se apostar\u00e1 por dar a conocer las <strong>tradiciones de la Comunidad Valenciana<\/strong> y para ello destacar\u00e1 la presencia de grupos art\u00edsticos\u00a0\u00a0como <em>Els Arreplegats<\/em> de Xixona, el <em>Grup de Danses Carrascal<\/em> de Alcoy, <em>L&#8217;Escald\u00e0 del Ta\u00efm<\/em> de Jes\u00fas Pobre, las mu\u00f1ecas de Onil o las Belleas del Foc de Alicante. Adem\u00e1s se difundir\u00e1n gran parte de los <strong>atractivos tur\u00edsticos valencianos<\/strong> a trav\u00e9s de la presencia del Patronato de turismo Costa Blanca, la Asociaci\u00f3n de Turismo Alicante Interior o la Agencia Valenciana de Turismo. De igual forma estar\u00e1n presentes mostrando sus encantos y entregando informaci\u00f3n al visitante numerosos representantes de\u00a0poblaciones de las<strong> provincias de Alicante, Castell\u00f3n y Valencia\u00a0<\/strong>junto a instituciones como el Oceanogr\u00e1fico de Valencia.<\/p>\n<p style=\"text-align: justify;\"><strong>Mariona Carbonell<\/strong>, edil de Fira en Cocentaina, destaca la importancia de que en este apartado de la Fira se den cita organismos como el Patronato de Turismo Costa Blanca o la Agencia Valenciana de Turismo <em>&#8220;es muy importante que la Fira pueda ser\u00a0el escaparate perfecto para que las poblaciones tur\u00edsticas valencianas muestren sus atractivos. Nosotros les garantizamos miles de visitantes a quienes pueden convencer y animar para seguir disfrutando de todo lo bueno que nos ofrece nuestra tierra&#8221;,<\/em> indica.<\/p>\n","protected":false},"excerpt":{"rendered":"<p>La Fira de Tots Sants de Cocentaina apostar\u00e1 en su 670 edici\u00f3n por el sector del turismo y reforzar\u00e1 el&#8230;<\/p>\n","protected":false},"author":1,"featured_media":10092,"comment_status":"open","ping_status":"open","sticky":false,"template":"","format":"standard","meta":{"footnotes":""},"categories":[98,75],"tags":[132,3107,676,3106,514],"class_list":["post-25660","post","type-post","status-publish","format-standard","has-post-thumbnail","hentry","category-comarcas","category-noticias","tag-cocentaina","tag-el-sector","tag-fira","tag-potenciara","tag-turismo"],"yoast_head":"<!-- This site is optimized with the Yoast SEO plugin v27.3 - https:\/\/yoast.com\/product\/yoast-seo-wordpress\/ -->\n<title>La Fira potenciar\u00e1 el sector del turismo - COPE Alcoy<\/title>\n<meta name=\"robots\" content=\"index, follow, max-snippet:-1, max-image-preview:large, max-video-preview:-1\" \/>\n<link rel=\"canonical\" href=\"https:\/\/www.copealcoy.es\/es\/la-fira-potenciara-sector-del-turismo\/\" \/>\n<meta property=\"og:locale\" content=\"es_ES\" \/>\n<meta property=\"og:type\" content=\"article\" \/>\n<meta property=\"og:title\" content=\"La Fira potenciar\u00e1 el sector del turismo - COPE Alcoy\" \/>\n<meta property=\"og:description\" content=\"La Fira de Tots Sants de Cocentaina apostar\u00e1 en su 670 edici\u00f3n por el sector del turismo y reforzar\u00e1 el...\" \/>\n<meta property=\"og:url\" content=\"https:\/\/www.copealcoy.es\/es\/la-fira-potenciara-sector-del-turismo\/\" \/>\n<meta property=\"og:site_name\" content=\"COPE Alcoy\" \/>\n<meta property=\"article:published_time\" content=\"2016-10-13T15:43:28+00:00\" \/>\n<meta property=\"og:image\" content=\"https:\/\/www.copealcoy.es\/wp-content\/uploads\/2015\/01\/image134.jpg\" \/>\n\t<meta property=\"og:image:width\" content=\"760\" \/>\n\t<meta property=\"og:image:height\" content=\"530\" \/>\n\t<meta property=\"og:image:type\" content=\"image\/jpeg\" \/>\n<meta name=\"author\" content=\"Cope Alcoy\" \/>\n<meta name=\"twitter:label1\" content=\"Escrito por\" \/>\n\t<meta name=\"twitter:data1\" content=\"Cope Alcoy\" \/>\n\t<meta name=\"twitter:label2\" content=\"Tiempo de lectura\" \/>\n\t<meta name=\"twitter:data2\" content=\"1 minuto\" \/>\n<script type=\"application\/ld+json\" class=\"yoast-schema-graph\">{\"@context\":\"https:\\\/\\\/schema.org\",\"@graph\":[{\"@type\":\"Article\",\"@id\":\"https:\\\/\\\/www.copealcoy.es\\\/es\\\/la-fira-potenciara-sector-del-turismo\\\/#article\",\"isPartOf\":{\"@id\":\"https:\\\/\\\/www.copealcoy.es\\\/es\\\/la-fira-potenciara-sector-del-turismo\\\/\"},\"author\":{\"name\":\"Cope Alcoy\",\"@id\":\"https:\\\/\\\/www.copealcoy.es\\\/es\\\/#\\\/schema\\\/person\\\/e777c87fa024e57d40170af9df39882c\"},\"headline\":\"La Fira potenciar\u00e1 el sector del turismo\",\"datePublished\":\"2016-10-13T15:43:28+00:00\",\"mainEntityOfPage\":{\"@id\":\"https:\\\/\\\/www.copealcoy.es\\\/es\\\/la-fira-potenciara-sector-del-turismo\\\/\"},\"wordCount\":269,\"commentCount\":0,\"image\":{\"@id\":\"https:\\\/\\\/www.copealcoy.es\\\/es\\\/la-fira-potenciara-sector-del-turismo\\\/#primaryimage\"},\"thumbnailUrl\":\"https:\\\/\\\/www.copealcoy.es\\\/wp-content\\\/uploads\\\/2015\\\/01\\\/image134.jpg\",\"keywords\":[\"Cocentaina\",\"el sector\",\"Fira\",\"potenciar\u00e1\",\"Turismo\"],\"articleSection\":[\"Comarcas\",\"Noticias\"],\"inLanguage\":\"es\"},{\"@type\":\"WebPage\",\"@id\":\"https:\\\/\\\/www.copealcoy.es\\\/es\\\/la-fira-potenciara-sector-del-turismo\\\/\",\"url\":\"https:\\\/\\\/www.copealcoy.es\\\/es\\\/la-fira-potenciara-sector-del-turismo\\\/\",\"name\":\"La Fira potenciar\u00e1 el sector del turismo - COPE Alcoy\",\"isPartOf\":{\"@id\":\"https:\\\/\\\/www.copealcoy.es\\\/es\\\/#website\"},\"primaryImageOfPage\":{\"@id\":\"https:\\\/\\\/www.copealcoy.es\\\/es\\\/la-fira-potenciara-sector-del-turismo\\\/#primaryimage\"},\"image\":{\"@id\":\"https:\\\/\\\/www.copealcoy.es\\\/es\\\/la-fira-potenciara-sector-del-turismo\\\/#primaryimage\"},\"thumbnailUrl\":\"https:\\\/\\\/www.copealcoy.es\\\/wp-content\\\/uploads\\\/2015\\\/01\\\/image134.jpg\",\"datePublished\":\"2016-10-13T15:43:28+00:00\",\"author\":{\"@id\":\"https:\\\/\\\/www.copealcoy.es\\\/es\\\/#\\\/schema\\\/person\\\/e777c87fa024e57d40170af9df39882c\"},\"breadcrumb\":{\"@id\":\"https:\\\/\\\/www.copealcoy.es\\\/es\\\/la-fira-potenciara-sector-del-turismo\\\/#breadcrumb\"},\"inLanguage\":\"es\",\"potentialAction\":[{\"@type\":\"ReadAction\",\"target\":[\"https:\\\/\\\/www.copealcoy.es\\\/es\\\/la-fira-potenciara-sector-del-turismo\\\/\"]}]},{\"@type\":\"ImageObject\",\"inLanguage\":\"es\",\"@id\":\"https:\\\/\\\/www.copealcoy.es\\\/es\\\/la-fira-potenciara-sector-del-turismo\\\/#primaryimage\",\"url\":\"https:\\\/\\\/www.copealcoy.es\\\/wp-content\\\/uploads\\\/2015\\\/01\\\/image134.jpg\",\"contentUrl\":\"https:\\\/\\\/www.copealcoy.es\\\/wp-content\\\/uploads\\\/2015\\\/01\\\/image134.jpg\",\"width\":760,\"height\":530,\"caption\":\"Afluencia de visitantes a Fira de Tots Sants\"},{\"@type\":\"BreadcrumbList\",\"@id\":\"https:\\\/\\\/www.copealcoy.es\\\/es\\\/la-fira-potenciara-sector-del-turismo\\\/#breadcrumb\",\"itemListElement\":[{\"@type\":\"ListItem\",\"position\":1,\"name\":\"Portada\",\"item\":\"https:\\\/\\\/www.copealcoy.es\\\/es\\\/\"},{\"@type\":\"ListItem\",\"position\":2,\"name\":\"La Fira potenciar\u00e1 el sector del turismo\"}]},{\"@type\":\"WebSite\",\"@id\":\"https:\\\/\\\/www.copealcoy.es\\\/es\\\/#website\",\"url\":\"https:\\\/\\\/www.copealcoy.es\\\/es\\\/\",\"name\":\"COPE Alcoy\",\"description\":\"Emisora COPE de radio local con emisi\u00f3n online. Pont de Sant Jordi 8-10 03803 Alcoy\",\"potentialAction\":[{\"@type\":\"SearchAction\",\"target\":{\"@type\":\"EntryPoint\",\"urlTemplate\":\"https:\\\/\\\/www.copealcoy.es\\\/es\\\/?s={search_term_string}\"},\"query-input\":{\"@type\":\"PropertyValueSpecification\",\"valueRequired\":true,\"valueName\":\"search_term_string\"}}],\"inLanguage\":\"es\"},{\"@type\":\"Person\",\"@id\":\"https:\\\/\\\/www.copealcoy.es\\\/es\\\/#\\\/schema\\\/person\\\/e777c87fa024e57d40170af9df39882c\",\"name\":\"Cope Alcoy\",\"image\":{\"@type\":\"ImageObject\",\"inLanguage\":\"es\",\"@id\":\"https:\\\/\\\/secure.gravatar.com\\\/avatar\\\/bb65d0283347e303893ba14f0692005417c1e0e690a325a4c5d8bb2b3943ee14?s=96&d=mm&r=g\",\"url\":\"https:\\\/\\\/secure.gravatar.com\\\/avatar\\\/bb65d0283347e303893ba14f0692005417c1e0e690a325a4c5d8bb2b3943ee14?s=96&d=mm&r=g\",\"contentUrl\":\"https:\\\/\\\/secure.gravatar.com\\\/avatar\\\/bb65d0283347e303893ba14f0692005417c1e0e690a325a4c5d8bb2b3943ee14?s=96&d=mm&r=g\",\"caption\":\"Cope Alcoy\"}}]}<\/script>\n<!-- \/ Yoast SEO plugin. -->","yoast_head_json":{"title":"La Fira potenciar\u00e1 el sector del turismo - COPE Alcoy","robots":{"index":"index","follow":"follow","max-snippet":"max-snippet:-1","max-image-preview":"max-image-preview:large","max-video-preview":"max-video-preview:-1"},"canonical":"https:\/\/www.copealcoy.es\/es\/la-fira-potenciara-sector-del-turismo\/","og_locale":"es_ES","og_type":"article","og_title":"La Fira potenciar\u00e1 el sector del turismo - COPE Alcoy","og_description":"La Fira de Tots Sants de Cocentaina apostar\u00e1 en su 670 edici\u00f3n por el sector del turismo y reforzar\u00e1 el...","og_url":"https:\/\/www.copealcoy.es\/es\/la-fira-potenciara-sector-del-turismo\/","og_site_name":"COPE Alcoy","article_published_time":"2016-10-13T15:43:28+00:00","og_image":[{"width":760,"height":530,"url":"https:\/\/www.copealcoy.es\/wp-content\/uploads\/2015\/01\/image134.jpg","type":"image\/jpeg"}],"author":"Cope Alcoy","twitter_misc":{"Escrito por":"Cope Alcoy","Tiempo de lectura":"1 minuto"},"schema":{"@context":"https:\/\/schema.org","@graph":[{"@type":"Article","@id":"https:\/\/www.copealcoy.es\/es\/la-fira-potenciara-sector-del-turismo\/#article","isPartOf":{"@id":"https:\/\/www.copealcoy.es\/es\/la-fira-potenciara-sector-del-turismo\/"},"author":{"name":"Cope Alcoy","@id":"https:\/\/www.copealcoy.es\/es\/#\/schema\/person\/e777c87fa024e57d40170af9df39882c"},"headline":"La Fira potenciar\u00e1 el sector del turismo","datePublished":"2016-10-13T15:43:28+00:00","mainEntityOfPage":{"@id":"https:\/\/www.copealcoy.es\/es\/la-fira-potenciara-sector-del-turismo\/"},"wordCount":269,"commentCount":0,"image":{"@id":"https:\/\/www.copealcoy.es\/es\/la-fira-potenciara-sector-del-turismo\/#primaryimage"},"thumbnailUrl":"https:\/\/www.copealcoy.es\/wp-content\/uploads\/2015\/01\/image134.jpg","keywords":["Cocentaina","el sector","Fira","potenciar\u00e1","Turismo"],"articleSection":["Comarcas","Noticias"],"inLanguage":"es"},{"@type":"WebPage","@id":"https:\/\/www.copealcoy.es\/es\/la-fira-potenciara-sector-del-turismo\/","url":"https:\/\/www.copealcoy.es\/es\/la-fira-potenciara-sector-del-turismo\/","name":"La Fira potenciar\u00e1 el sector del turismo - COPE Alcoy","isPartOf":{"@id":"https:\/\/www.copealcoy.es\/es\/#website"},"primaryImageOfPage":{"@id":"https:\/\/www.copealcoy.es\/es\/la-fira-potenciara-sector-del-turismo\/#primaryimage"},"image":{"@id":"https:\/\/www.copealcoy.es\/es\/la-fira-potenciara-sector-del-turismo\/#primaryimage"},"thumbnailUrl":"https:\/\/www.copealcoy.es\/wp-content\/uploads\/2015\/01\/image134.jpg","datePublished":"2016-10-13T15:43:28+00:00","author":{"@id":"https:\/\/www.copealcoy.es\/es\/#\/schema\/person\/e777c87fa024e57d40170af9df39882c"},"breadcrumb":{"@id":"https:\/\/www.copealcoy.es\/es\/la-fira-potenciara-sector-del-turismo\/#breadcrumb"},"inLanguage":"es","potentialAction":[{"@type":"ReadAction","target":["https:\/\/www.copealcoy.es\/es\/la-fira-potenciara-sector-del-turismo\/"]}]},{"@type":"ImageObject","inLanguage":"es","@id":"https:\/\/www.copealcoy.es\/es\/la-fira-potenciara-sector-del-turismo\/#primaryimage","url":"https:\/\/www.copealcoy.es\/wp-content\/uploads\/2015\/01\/image134.jpg","contentUrl":"https:\/\/www.copealcoy.es\/wp-content\/uploads\/2015\/01\/image134.jpg","width":760,"height":530,"caption":"Afluencia de visitantes a Fira de Tots Sants"},{"@type":"BreadcrumbList","@id":"https:\/\/www.copealcoy.es\/es\/la-fira-potenciara-sector-del-turismo\/#breadcrumb","itemListElement":[{"@type":"ListItem","position":1,"name":"Portada","item":"https:\/\/www.copealcoy.es\/es\/"},{"@type":"ListItem","position":2,"name":"La Fira potenciar\u00e1 el sector del turismo"}]},{"@type":"WebSite","@id":"https:\/\/www.copealcoy.es\/es\/#website","url":"https:\/\/www.copealcoy.es\/es\/","name":"COPE Alcoy","description":"Emisora COPE de radio local con emisi\u00f3n online. Pont de Sant Jordi 8-10 03803 Alcoy","potentialAction":[{"@type":"SearchAction","target":{"@type":"EntryPoint","urlTemplate":"https:\/\/www.copealcoy.es\/es\/?s={search_term_string}"},"query-input":{"@type":"PropertyValueSpecification","valueRequired":true,"valueName":"search_term_string"}}],"inLanguage":"es"},{"@type":"Person","@id":"https:\/\/www.copealcoy.es\/es\/#\/schema\/person\/e777c87fa024e57d40170af9df39882c","name":"Cope Alcoy","image":{"@type":"ImageObject","inLanguage":"es","@id":"https:\/\/secure.gravatar.com\/avatar\/bb65d0283347e303893ba14f0692005417c1e0e690a325a4c5d8bb2b3943ee14?s=96&d=mm&r=g","url":"https:\/\/secure.gravatar.com\/avatar\/bb65d0283347e303893ba14f0692005417c1e0e690a325a4c5d8bb2b3943ee14?s=96&d=mm&r=g","contentUrl":"https:\/\/secure.gravatar.com\/avatar\/bb65d0283347e303893ba14f0692005417c1e0e690a325a4c5d8bb2b3943ee14?s=96&d=mm&r=g","caption":"Cope Alcoy"}}]}},"_links":{"self":[{"href":"https:\/\/www.copealcoy.es\/es\/wp-json\/wp\/v2\/posts\/25660","targetHints":{"allow":["GET"]}}],"collection":[{"href":"https:\/\/www.copealcoy.es\/es\/wp-json\/wp\/v2\/posts"}],"about":[{"href":"https:\/\/www.copealcoy.es\/es\/wp-json\/wp\/v2\/types\/post"}],"author":[{"embeddable":true,"href":"https:\/\/www.copealcoy.es\/es\/wp-json\/wp\/v2\/users\/1"}],"replies":[{"embeddable":true,"href":"https:\/\/www.copealcoy.es\/es\/wp-json\/wp\/v2\/comments?post=25660"}],"version-history":[{"count":0,"href":"https:\/\/www.copealcoy.es\/es\/wp-json\/wp\/v2\/posts\/25660\/revisions"}],"wp:featuredmedia":[{"embeddable":true,"href":"https:\/\/www.copealcoy.es\/es\/wp-json\/wp\/v2\/media\/10092"}],"wp:attachment":[{"href":"https:\/\/www.copealcoy.es\/es\/wp-json\/wp\/v2\/media?parent=25660"}],"wp:term":[{"taxonomy":"category","embeddable":true,"href":"https:\/\/www.copealcoy.es\/es\/wp-json\/wp\/v2\/categories?post=25660"},{"taxonomy":"post_tag","embeddable":true,"href":"https:\/\/www.copealcoy.es\/es\/wp-json\/wp\/v2\/tags?post=25660"}],"curies":[{"name":"wp","href":"https:\/\/api.w.org\/{rel}","templated":true}]}}