{"id":25613,"date":"2016-10-12T08:40:18","date_gmt":"2016-10-12T08:40:18","guid":{"rendered":"http:\/\/copealcoi.es\/new\/?p=25613"},"modified":"2016-10-13T16:06:39","modified_gmt":"2016-10-13T16:06:39","slug":"la-diputacion-prepara-la-primera-guia-interior-la-provincia","status":"publish","type":"post","link":"https:\/\/www.copealcoy.es\/es\/la-diputacion-prepara-la-primera-guia-interior-la-provincia\/","title":{"rendered":"La Diputaci\u00f3n prepara la primera Gu\u00eda de Interior de la Provincia"},"content":{"rendered":"<p style=\"text-align: justify;\">La Diputaci\u00f3n Provincial de Alicante est\u00e1 preparando la <strong>primera Gu\u00eda del Interior de la Provincia<\/strong> que recoger\u00e1 los atractivos de los municipios de monta\u00f1a ofreciendo informaci\u00f3n sobre senderismo, medio ambiente, gastronom\u00eda, restaurantes y alojamientos rurales. Para ello se ha preparado <strong>una ruta\u00a0de 420 kil\u00f3metros divididos en 20 etapas<\/strong> y se espera que la publicaci\u00f3n pueda presentarse \u00a0en la pr\u00f3xima edici\u00f3n \u00a0de FITUR que se celebrar\u00e1 entre el 18 y el 22 de enero.<\/p>\n<p style=\"text-align: justify;\">El Diputado de Turismo, <strong>Eduardo Dol\u00f3n<\/strong>, ha mantenido recientemente una reuni\u00f3n con alcaldes, concejales y t\u00e9cnicos para ultimar los detalles de la Gu\u00eda y ha destacado al respecto que la misma va dirigida tanto a profesionales como t\u00e9cnicos. Adem\u00e1s recalca que la Diputaci\u00f3n\u00a0ha establecido <strong>cuatro medios de promoci\u00f3n<\/strong> de la gu\u00eda: un mapa, un folleto de mano, un v\u00eddeo y un libro de promoci\u00f3n para turoperadores y para el sector.\u00a0En este sentido Dol\u00f3n manifiesta que en estos momentos se est\u00e1n <strong>perfilando los contenidos<\/strong> <em>&#8220;vamos a mantener un encuentro en los pr\u00f3ximos d\u00edas con las asociaciones de turismo de interior para supervisar la preparaci\u00f3n de la Gu\u00eda y en esta fase tambi\u00e9n es importante que los diferentes municipios den su aprobaci\u00f3n a lo que quieren que aparezca en el documento&#8221;<\/em>, a\u00f1ade.<\/p>\n<p style=\"text-align: justify;\">Desde el \u00e1rea de Turismo de la Diputaci\u00f3n de Alicante tambi\u00e9n detallan que se est\u00e1 estudiando a corto plazo <strong>elaborar una nueva gu\u00eda<\/strong>, en este caso de <strong>eventos y actividades<\/strong>.<\/p>\n<p>&nbsp;<\/p>\n","protected":false},"excerpt":{"rendered":"<p>La Diputaci\u00f3n Provincial de Alicante est\u00e1 preparando la primera Gu\u00eda del Interior de la Provincia que recoger\u00e1 los atractivos de&#8230;<\/p>\n","protected":false},"author":1,"featured_media":0,"comment_status":"open","ping_status":"open","sticky":false,"template":"","format":"standard","meta":{"footnotes":""},"categories":[98,75,125],"tags":[234,1615,3099,3098],"class_list":["post-25613","post","type-post","status-publish","format-standard","hentry","category-comarcas","category-noticias","category-portada","tag-diputacion","tag-guia","tag-interior-de-la-provincia","tag-prepara"],"yoast_head":"<!-- This site is optimized with the Yoast SEO plugin v27.3 - https:\/\/yoast.com\/product\/yoast-seo-wordpress\/ -->\n<title>La Diputaci\u00f3n prepara la primera Gu\u00eda de Interior de la Provincia - COPE Alcoy<\/title>\n<meta name=\"robots\" content=\"index, follow, max-snippet:-1, max-image-preview:large, max-video-preview:-1\" \/>\n<link rel=\"canonical\" href=\"https:\/\/www.copealcoy.es\/es\/la-diputacion-prepara-la-primera-guia-interior-la-provincia\/\" \/>\n<meta property=\"og:locale\" content=\"es_ES\" \/>\n<meta property=\"og:type\" content=\"article\" \/>\n<meta property=\"og:title\" content=\"La Diputaci\u00f3n prepara la primera Gu\u00eda de Interior de la Provincia - COPE Alcoy\" \/>\n<meta property=\"og:description\" content=\"La Diputaci\u00f3n Provincial de Alicante est\u00e1 preparando la primera Gu\u00eda del Interior de la Provincia que recoger\u00e1 los atractivos de...\" \/>\n<meta property=\"og:url\" content=\"https:\/\/www.copealcoy.es\/es\/la-diputacion-prepara-la-primera-guia-interior-la-provincia\/\" \/>\n<meta property=\"og:site_name\" content=\"COPE Alcoy\" \/>\n<meta property=\"article:published_time\" content=\"2016-10-12T08:40:18+00:00\" \/>\n<meta property=\"article:modified_time\" content=\"2016-10-13T16:06:39+00:00\" \/>\n<meta property=\"og:image\" content=\"https:\/\/www.copealcoy.es\/wp-content\/uploads\/2016\/10\/Dipu_20161011113939.jpg\" \/>\n\t<meta property=\"og:image:width\" content=\"2109\" \/>\n\t<meta property=\"og:image:height\" content=\"961\" \/>\n\t<meta property=\"og:image:type\" content=\"image\/jpeg\" \/>\n<meta name=\"author\" content=\"Cope Alcoy\" \/>\n<meta name=\"twitter:label1\" content=\"Escrito por\" \/>\n\t<meta name=\"twitter:data1\" content=\"Cope Alcoy\" \/>\n\t<meta name=\"twitter:label2\" content=\"Tiempo de lectura\" \/>\n\t<meta name=\"twitter:data2\" content=\"1 minuto\" \/>\n<script type=\"application\/ld+json\" class=\"yoast-schema-graph\">{\"@context\":\"https:\\\/\\\/schema.org\",\"@graph\":[{\"@type\":\"Article\",\"@id\":\"https:\\\/\\\/www.copealcoy.es\\\/es\\\/la-diputacion-prepara-la-primera-guia-interior-la-provincia\\\/#article\",\"isPartOf\":{\"@id\":\"https:\\\/\\\/www.copealcoy.es\\\/es\\\/la-diputacion-prepara-la-primera-guia-interior-la-provincia\\\/\"},\"author\":{\"name\":\"Cope Alcoy\",\"@id\":\"https:\\\/\\\/www.copealcoy.es\\\/es\\\/#\\\/schema\\\/person\\\/e777c87fa024e57d40170af9df39882c\"},\"headline\":\"La Diputaci\u00f3n prepara la primera Gu\u00eda de Interior de la Provincia\",\"datePublished\":\"2016-10-12T08:40:18+00:00\",\"dateModified\":\"2016-10-13T16:06:39+00:00\",\"mainEntityOfPage\":{\"@id\":\"https:\\\/\\\/www.copealcoy.es\\\/es\\\/la-diputacion-prepara-la-primera-guia-interior-la-provincia\\\/\"},\"wordCount\":278,\"commentCount\":0,\"keywords\":[\"Diputaci\u00f3n\",\"Gu\u00eda\",\"interior de la provincia\",\"prepara\"],\"articleSection\":[\"Comarcas\",\"Noticias\",\"Portada\"],\"inLanguage\":\"es\"},{\"@type\":\"WebPage\",\"@id\":\"https:\\\/\\\/www.copealcoy.es\\\/es\\\/la-diputacion-prepara-la-primera-guia-interior-la-provincia\\\/\",\"url\":\"https:\\\/\\\/www.copealcoy.es\\\/es\\\/la-diputacion-prepara-la-primera-guia-interior-la-provincia\\\/\",\"name\":\"La Diputaci\u00f3n prepara la primera Gu\u00eda de Interior de la Provincia - COPE Alcoy\",\"isPartOf\":{\"@id\":\"https:\\\/\\\/www.copealcoy.es\\\/es\\\/#website\"},\"datePublished\":\"2016-10-12T08:40:18+00:00\",\"dateModified\":\"2016-10-13T16:06:39+00:00\",\"author\":{\"@id\":\"https:\\\/\\\/www.copealcoy.es\\\/es\\\/#\\\/schema\\\/person\\\/e777c87fa024e57d40170af9df39882c\"},\"breadcrumb\":{\"@id\":\"https:\\\/\\\/www.copealcoy.es\\\/es\\\/la-diputacion-prepara-la-primera-guia-interior-la-provincia\\\/#breadcrumb\"},\"inLanguage\":\"es\",\"potentialAction\":[{\"@type\":\"ReadAction\",\"target\":[\"https:\\\/\\\/www.copealcoy.es\\\/es\\\/la-diputacion-prepara-la-primera-guia-interior-la-provincia\\\/\"]}]},{\"@type\":\"BreadcrumbList\",\"@id\":\"https:\\\/\\\/www.copealcoy.es\\\/es\\\/la-diputacion-prepara-la-primera-guia-interior-la-provincia\\\/#breadcrumb\",\"itemListElement\":[{\"@type\":\"ListItem\",\"position\":1,\"name\":\"Portada\",\"item\":\"https:\\\/\\\/www.copealcoy.es\\\/es\\\/\"},{\"@type\":\"ListItem\",\"position\":2,\"name\":\"La Diputaci\u00f3n prepara la primera Gu\u00eda de Interior de la Provincia\"}]},{\"@type\":\"WebSite\",\"@id\":\"https:\\\/\\\/www.copealcoy.es\\\/es\\\/#website\",\"url\":\"https:\\\/\\\/www.copealcoy.es\\\/es\\\/\",\"name\":\"COPE Alcoy\",\"description\":\"Emisora COPE de radio local con emisi\u00f3n online. Pont de Sant Jordi 8-10 03803 Alcoy\",\"potentialAction\":[{\"@type\":\"SearchAction\",\"target\":{\"@type\":\"EntryPoint\",\"urlTemplate\":\"https:\\\/\\\/www.copealcoy.es\\\/es\\\/?s={search_term_string}\"},\"query-input\":{\"@type\":\"PropertyValueSpecification\",\"valueRequired\":true,\"valueName\":\"search_term_string\"}}],\"inLanguage\":\"es\"},{\"@type\":\"Person\",\"@id\":\"https:\\\/\\\/www.copealcoy.es\\\/es\\\/#\\\/schema\\\/person\\\/e777c87fa024e57d40170af9df39882c\",\"name\":\"Cope Alcoy\",\"image\":{\"@type\":\"ImageObject\",\"inLanguage\":\"es\",\"@id\":\"https:\\\/\\\/secure.gravatar.com\\\/avatar\\\/bb65d0283347e303893ba14f0692005417c1e0e690a325a4c5d8bb2b3943ee14?s=96&d=mm&r=g\",\"url\":\"https:\\\/\\\/secure.gravatar.com\\\/avatar\\\/bb65d0283347e303893ba14f0692005417c1e0e690a325a4c5d8bb2b3943ee14?s=96&d=mm&r=g\",\"contentUrl\":\"https:\\\/\\\/secure.gravatar.com\\\/avatar\\\/bb65d0283347e303893ba14f0692005417c1e0e690a325a4c5d8bb2b3943ee14?s=96&d=mm&r=g\",\"caption\":\"Cope Alcoy\"}}]}<\/script>\n<!-- \/ Yoast SEO plugin. -->","yoast_head_json":{"title":"La Diputaci\u00f3n prepara la primera Gu\u00eda de Interior de la Provincia - COPE Alcoy","robots":{"index":"index","follow":"follow","max-snippet":"max-snippet:-1","max-image-preview":"max-image-preview:large","max-video-preview":"max-video-preview:-1"},"canonical":"https:\/\/www.copealcoy.es\/es\/la-diputacion-prepara-la-primera-guia-interior-la-provincia\/","og_locale":"es_ES","og_type":"article","og_title":"La Diputaci\u00f3n prepara la primera Gu\u00eda de Interior de la Provincia - COPE Alcoy","og_description":"La Diputaci\u00f3n Provincial de Alicante est\u00e1 preparando la primera Gu\u00eda del Interior de la Provincia que recoger\u00e1 los atractivos de...","og_url":"https:\/\/www.copealcoy.es\/es\/la-diputacion-prepara-la-primera-guia-interior-la-provincia\/","og_site_name":"COPE Alcoy","article_published_time":"2016-10-12T08:40:18+00:00","article_modified_time":"2016-10-13T16:06:39+00:00","og_image":[{"width":2109,"height":961,"url":"https:\/\/www.copealcoy.es\/wp-content\/uploads\/2016\/10\/Dipu_20161011113939.jpg","type":"image\/jpeg"}],"author":"Cope Alcoy","twitter_misc":{"Escrito por":"Cope Alcoy","Tiempo de lectura":"1 minuto"},"schema":{"@context":"https:\/\/schema.org","@graph":[{"@type":"Article","@id":"https:\/\/www.copealcoy.es\/es\/la-diputacion-prepara-la-primera-guia-interior-la-provincia\/#article","isPartOf":{"@id":"https:\/\/www.copealcoy.es\/es\/la-diputacion-prepara-la-primera-guia-interior-la-provincia\/"},"author":{"name":"Cope Alcoy","@id":"https:\/\/www.copealcoy.es\/es\/#\/schema\/person\/e777c87fa024e57d40170af9df39882c"},"headline":"La Diputaci\u00f3n prepara la primera Gu\u00eda de Interior de la Provincia","datePublished":"2016-10-12T08:40:18+00:00","dateModified":"2016-10-13T16:06:39+00:00","mainEntityOfPage":{"@id":"https:\/\/www.copealcoy.es\/es\/la-diputacion-prepara-la-primera-guia-interior-la-provincia\/"},"wordCount":278,"commentCount":0,"keywords":["Diputaci\u00f3n","Gu\u00eda","interior de la provincia","prepara"],"articleSection":["Comarcas","Noticias","Portada"],"inLanguage":"es"},{"@type":"WebPage","@id":"https:\/\/www.copealcoy.es\/es\/la-diputacion-prepara-la-primera-guia-interior-la-provincia\/","url":"https:\/\/www.copealcoy.es\/es\/la-diputacion-prepara-la-primera-guia-interior-la-provincia\/","name":"La Diputaci\u00f3n prepara la primera Gu\u00eda de Interior de la Provincia - COPE Alcoy","isPartOf":{"@id":"https:\/\/www.copealcoy.es\/es\/#website"},"datePublished":"2016-10-12T08:40:18+00:00","dateModified":"2016-10-13T16:06:39+00:00","author":{"@id":"https:\/\/www.copealcoy.es\/es\/#\/schema\/person\/e777c87fa024e57d40170af9df39882c"},"breadcrumb":{"@id":"https:\/\/www.copealcoy.es\/es\/la-diputacion-prepara-la-primera-guia-interior-la-provincia\/#breadcrumb"},"inLanguage":"es","potentialAction":[{"@type":"ReadAction","target":["https:\/\/www.copealcoy.es\/es\/la-diputacion-prepara-la-primera-guia-interior-la-provincia\/"]}]},{"@type":"BreadcrumbList","@id":"https:\/\/www.copealcoy.es\/es\/la-diputacion-prepara-la-primera-guia-interior-la-provincia\/#breadcrumb","itemListElement":[{"@type":"ListItem","position":1,"name":"Portada","item":"https:\/\/www.copealcoy.es\/es\/"},{"@type":"ListItem","position":2,"name":"La Diputaci\u00f3n prepara la primera Gu\u00eda de Interior de la Provincia"}]},{"@type":"WebSite","@id":"https:\/\/www.copealcoy.es\/es\/#website","url":"https:\/\/www.copealcoy.es\/es\/","name":"COPE Alcoy","description":"Emisora COPE de radio local con emisi\u00f3n online. Pont de Sant Jordi 8-10 03803 Alcoy","potentialAction":[{"@type":"SearchAction","target":{"@type":"EntryPoint","urlTemplate":"https:\/\/www.copealcoy.es\/es\/?s={search_term_string}"},"query-input":{"@type":"PropertyValueSpecification","valueRequired":true,"valueName":"search_term_string"}}],"inLanguage":"es"},{"@type":"Person","@id":"https:\/\/www.copealcoy.es\/es\/#\/schema\/person\/e777c87fa024e57d40170af9df39882c","name":"Cope Alcoy","image":{"@type":"ImageObject","inLanguage":"es","@id":"https:\/\/secure.gravatar.com\/avatar\/bb65d0283347e303893ba14f0692005417c1e0e690a325a4c5d8bb2b3943ee14?s=96&d=mm&r=g","url":"https:\/\/secure.gravatar.com\/avatar\/bb65d0283347e303893ba14f0692005417c1e0e690a325a4c5d8bb2b3943ee14?s=96&d=mm&r=g","contentUrl":"https:\/\/secure.gravatar.com\/avatar\/bb65d0283347e303893ba14f0692005417c1e0e690a325a4c5d8bb2b3943ee14?s=96&d=mm&r=g","caption":"Cope Alcoy"}}]}},"_links":{"self":[{"href":"https:\/\/www.copealcoy.es\/es\/wp-json\/wp\/v2\/posts\/25613","targetHints":{"allow":["GET"]}}],"collection":[{"href":"https:\/\/www.copealcoy.es\/es\/wp-json\/wp\/v2\/posts"}],"about":[{"href":"https:\/\/www.copealcoy.es\/es\/wp-json\/wp\/v2\/types\/post"}],"author":[{"embeddable":true,"href":"https:\/\/www.copealcoy.es\/es\/wp-json\/wp\/v2\/users\/1"}],"replies":[{"embeddable":true,"href":"https:\/\/www.copealcoy.es\/es\/wp-json\/wp\/v2\/comments?post=25613"}],"version-history":[{"count":0,"href":"https:\/\/www.copealcoy.es\/es\/wp-json\/wp\/v2\/posts\/25613\/revisions"}],"wp:attachment":[{"href":"https:\/\/www.copealcoy.es\/es\/wp-json\/wp\/v2\/media?parent=25613"}],"wp:term":[{"taxonomy":"category","embeddable":true,"href":"https:\/\/www.copealcoy.es\/es\/wp-json\/wp\/v2\/categories?post=25613"},{"taxonomy":"post_tag","embeddable":true,"href":"https:\/\/www.copealcoy.es\/es\/wp-json\/wp\/v2\/tags?post=25613"}],"curies":[{"name":"wp","href":"https:\/\/api.w.org\/{rel}","templated":true}]}}