{"id":25598,"date":"2016-10-11T10:59:37","date_gmt":"2016-10-11T10:59:37","guid":{"rendered":"http:\/\/copealcoi.es\/new\/?p=25598"},"modified":"2016-10-11T11:15:15","modified_gmt":"2016-10-11T11:15:15","slug":"la-beniata-ya-doble-sentido","status":"publish","type":"post","link":"https:\/\/www.copealcoy.es\/es\/la-beniata-ya-doble-sentido\/","title":{"rendered":"La Beniata ya tiene doble sentido"},"content":{"rendered":"<p style=\"text-align: justify;\">Los operarios de Demarcaci\u00f3n de Carreteras han trabajo esta noche en la <strong>se\u00f1alizaci\u00f3n de La Beniata y Cervantes<\/strong> para que\u00a0a\u00a0primera hora de la ma\u00f1ana de hoy estuviese habilitado el <strong>doble sentido<\/strong> en esta zona de la ciudad. En ambos viales se ha pintado se\u00f1alizaci\u00f3n y se han\u00a0instalado<strong> conos<\/strong> para delimitar los dos carriles al mismo tiempo que en el tramo final del puente de Mar\u00eda Cristina, antes de iniciar la subida por la calle Alicante, se ha colocado un <strong>sem\u00e1foro<\/strong>. Adem\u00e1s se han habilitado <strong>se\u00f1ales<\/strong>,\u00a0varios<strong> pilones<\/strong> y <strong>puntos de luz<\/strong> que advierten de la doble circulaci\u00f3n. Recordar que por este itinerario alternativo, habilitado con motivo del cierre del Puente Fernando Reig, tan solo podr\u00e1n pasar los <strong>turismos y autobuses urbanos<\/strong> mientras que los <strong>veh\u00edculos pesados<\/strong> deber\u00e1n buscar la salida norte de Alcoy en direcci\u00f3n a Cocentaina para desde all\u00ed tomar la Autov\u00eda A7.<\/p>\n<p style=\"text-align: justify;\">Indicar que estos cambios estaban previstos para la madrugada del domingo al lunes pero finalmente <strong>no se hicieron efectivos<\/strong> ante la previsi\u00f3n de lluvias, algo que gener\u00f3 malestar en el Gobierno Municipal <em>&#8220;pedimos m\u00e1s seriedad y rigor al Ministerio porque parece que no son conscientes de los problemas de tr\u00e1fico que est\u00e1n generando las obras del puente<\/em>&#8220;, dijo el alcalde. Tambi\u00e9n desde el PP criticaron la improvisaci\u00f3n del Ayuntamiento ante esta situaci\u00f3n y el portavoz, Rafa Mir\u00f3, lament\u00f3 que no se informara a trav\u00e9s de los medios de comunicaci\u00f3n de que el desdoblamiento no iba a hacerse efectivo.<\/p>\n","protected":false},"excerpt":{"rendered":"<p>Los operarios de Demarcaci\u00f3n de Carreteras han trabajo esta noche en la se\u00f1alizaci\u00f3n de La Beniata y Cervantes para que\u00a0a\u00a0primera&#8230;<\/p>\n","protected":false},"author":1,"featured_media":25603,"comment_status":"open","ping_status":"open","sticky":false,"template":"","format":"standard","meta":{"footnotes":""},"categories":[97,75,125],"tags":[1494,1044,3097,401],"class_list":["post-25598","post","type-post","status-publish","format-standard","has-post-thumbnail","hentry","category-alcoy","category-noticias","category-portada","tag-alcoy","tag-beniata","tag-circulacion","tag-trafico"],"yoast_head":"<!-- This site is optimized with the Yoast SEO plugin v27.3 - https:\/\/yoast.com\/product\/yoast-seo-wordpress\/ -->\n<title>La Beniata ya tiene doble sentido - COPE Alcoy<\/title>\n<meta name=\"robots\" content=\"index, follow, max-snippet:-1, max-image-preview:large, max-video-preview:-1\" \/>\n<link rel=\"canonical\" href=\"https:\/\/www.copealcoy.es\/es\/la-beniata-ya-doble-sentido\/\" \/>\n<meta property=\"og:locale\" content=\"es_ES\" \/>\n<meta property=\"og:type\" content=\"article\" \/>\n<meta property=\"og:title\" content=\"La Beniata ya tiene doble sentido - COPE Alcoy\" \/>\n<meta property=\"og:description\" content=\"Los operarios de Demarcaci\u00f3n de Carreteras han trabajo esta noche en la se\u00f1alizaci\u00f3n de La Beniata y Cervantes para que\u00a0a\u00a0primera...\" \/>\n<meta property=\"og:url\" content=\"https:\/\/www.copealcoy.es\/es\/la-beniata-ya-doble-sentido\/\" \/>\n<meta property=\"og:site_name\" content=\"COPE Alcoy\" \/>\n<meta property=\"article:published_time\" content=\"2016-10-11T10:59:37+00:00\" \/>\n<meta property=\"article:modified_time\" content=\"2016-10-11T11:15:15+00:00\" \/>\n<meta property=\"og:image\" content=\"https:\/\/www.copealcoy.es\/wp-content\/uploads\/2016\/10\/14646833_10210681077323764_1402680161_o.jpg\" \/>\n\t<meta property=\"og:image:width\" content=\"1328\" \/>\n\t<meta property=\"og:image:height\" content=\"747\" \/>\n\t<meta property=\"og:image:type\" content=\"image\/jpeg\" \/>\n<meta name=\"author\" content=\"Cope Alcoy\" \/>\n<meta name=\"twitter:label1\" content=\"Escrito por\" \/>\n\t<meta name=\"twitter:data1\" content=\"Cope Alcoy\" \/>\n\t<meta name=\"twitter:label2\" content=\"Tiempo de lectura\" \/>\n\t<meta name=\"twitter:data2\" content=\"1 minuto\" \/>\n<script type=\"application\/ld+json\" class=\"yoast-schema-graph\">{\"@context\":\"https:\\\/\\\/schema.org\",\"@graph\":[{\"@type\":\"Article\",\"@id\":\"https:\\\/\\\/www.copealcoy.es\\\/es\\\/la-beniata-ya-doble-sentido\\\/#article\",\"isPartOf\":{\"@id\":\"https:\\\/\\\/www.copealcoy.es\\\/es\\\/la-beniata-ya-doble-sentido\\\/\"},\"author\":{\"name\":\"Cope Alcoy\",\"@id\":\"https:\\\/\\\/www.copealcoy.es\\\/es\\\/#\\\/schema\\\/person\\\/e777c87fa024e57d40170af9df39882c\"},\"headline\":\"La Beniata ya tiene doble sentido\",\"datePublished\":\"2016-10-11T10:59:37+00:00\",\"dateModified\":\"2016-10-11T11:15:15+00:00\",\"mainEntityOfPage\":{\"@id\":\"https:\\\/\\\/www.copealcoy.es\\\/es\\\/la-beniata-ya-doble-sentido\\\/\"},\"wordCount\":276,\"commentCount\":0,\"image\":{\"@id\":\"https:\\\/\\\/www.copealcoy.es\\\/es\\\/la-beniata-ya-doble-sentido\\\/#primaryimage\"},\"thumbnailUrl\":\"https:\\\/\\\/www.copealcoy.es\\\/wp-content\\\/uploads\\\/2016\\\/10\\\/14646833_10210681077323764_1402680161_o.jpg\",\"keywords\":[\"Alcoy\",\"Beniata\",\"Circulaci\u00f3n\",\"Tr\u00e1fico\"],\"articleSection\":[\"Alcoy\",\"Noticias\",\"Portada\"],\"inLanguage\":\"es\"},{\"@type\":\"WebPage\",\"@id\":\"https:\\\/\\\/www.copealcoy.es\\\/es\\\/la-beniata-ya-doble-sentido\\\/\",\"url\":\"https:\\\/\\\/www.copealcoy.es\\\/es\\\/la-beniata-ya-doble-sentido\\\/\",\"name\":\"La Beniata ya tiene doble sentido - COPE Alcoy\",\"isPartOf\":{\"@id\":\"https:\\\/\\\/www.copealcoy.es\\\/es\\\/#website\"},\"primaryImageOfPage\":{\"@id\":\"https:\\\/\\\/www.copealcoy.es\\\/es\\\/la-beniata-ya-doble-sentido\\\/#primaryimage\"},\"image\":{\"@id\":\"https:\\\/\\\/www.copealcoy.es\\\/es\\\/la-beniata-ya-doble-sentido\\\/#primaryimage\"},\"thumbnailUrl\":\"https:\\\/\\\/www.copealcoy.es\\\/wp-content\\\/uploads\\\/2016\\\/10\\\/14646833_10210681077323764_1402680161_o.jpg\",\"datePublished\":\"2016-10-11T10:59:37+00:00\",\"dateModified\":\"2016-10-11T11:15:15+00:00\",\"author\":{\"@id\":\"https:\\\/\\\/www.copealcoy.es\\\/es\\\/#\\\/schema\\\/person\\\/e777c87fa024e57d40170af9df39882c\"},\"breadcrumb\":{\"@id\":\"https:\\\/\\\/www.copealcoy.es\\\/es\\\/la-beniata-ya-doble-sentido\\\/#breadcrumb\"},\"inLanguage\":\"es\",\"potentialAction\":[{\"@type\":\"ReadAction\",\"target\":[\"https:\\\/\\\/www.copealcoy.es\\\/es\\\/la-beniata-ya-doble-sentido\\\/\"]}]},{\"@type\":\"ImageObject\",\"inLanguage\":\"es\",\"@id\":\"https:\\\/\\\/www.copealcoy.es\\\/es\\\/la-beniata-ya-doble-sentido\\\/#primaryimage\",\"url\":\"https:\\\/\\\/www.copealcoy.es\\\/wp-content\\\/uploads\\\/2016\\\/10\\\/14646833_10210681077323764_1402680161_o.jpg\",\"contentUrl\":\"https:\\\/\\\/www.copealcoy.es\\\/wp-content\\\/uploads\\\/2016\\\/10\\\/14646833_10210681077323764_1402680161_o.jpg\",\"width\":1328,\"height\":747,\"caption\":\"La Beniata con doble sentido en el tr\u00e1fico\"},{\"@type\":\"BreadcrumbList\",\"@id\":\"https:\\\/\\\/www.copealcoy.es\\\/es\\\/la-beniata-ya-doble-sentido\\\/#breadcrumb\",\"itemListElement\":[{\"@type\":\"ListItem\",\"position\":1,\"name\":\"Portada\",\"item\":\"https:\\\/\\\/www.copealcoy.es\\\/es\\\/\"},{\"@type\":\"ListItem\",\"position\":2,\"name\":\"La Beniata ya tiene doble sentido\"}]},{\"@type\":\"WebSite\",\"@id\":\"https:\\\/\\\/www.copealcoy.es\\\/es\\\/#website\",\"url\":\"https:\\\/\\\/www.copealcoy.es\\\/es\\\/\",\"name\":\"COPE Alcoy\",\"description\":\"Emisora COPE de radio local con emisi\u00f3n online. Pont de Sant Jordi 8-10 03803 Alcoy\",\"potentialAction\":[{\"@type\":\"SearchAction\",\"target\":{\"@type\":\"EntryPoint\",\"urlTemplate\":\"https:\\\/\\\/www.copealcoy.es\\\/es\\\/?s={search_term_string}\"},\"query-input\":{\"@type\":\"PropertyValueSpecification\",\"valueRequired\":true,\"valueName\":\"search_term_string\"}}],\"inLanguage\":\"es\"},{\"@type\":\"Person\",\"@id\":\"https:\\\/\\\/www.copealcoy.es\\\/es\\\/#\\\/schema\\\/person\\\/e777c87fa024e57d40170af9df39882c\",\"name\":\"Cope Alcoy\",\"image\":{\"@type\":\"ImageObject\",\"inLanguage\":\"es\",\"@id\":\"https:\\\/\\\/secure.gravatar.com\\\/avatar\\\/bb65d0283347e303893ba14f0692005417c1e0e690a325a4c5d8bb2b3943ee14?s=96&d=mm&r=g\",\"url\":\"https:\\\/\\\/secure.gravatar.com\\\/avatar\\\/bb65d0283347e303893ba14f0692005417c1e0e690a325a4c5d8bb2b3943ee14?s=96&d=mm&r=g\",\"contentUrl\":\"https:\\\/\\\/secure.gravatar.com\\\/avatar\\\/bb65d0283347e303893ba14f0692005417c1e0e690a325a4c5d8bb2b3943ee14?s=96&d=mm&r=g\",\"caption\":\"Cope Alcoy\"}}]}<\/script>\n<!-- \/ Yoast SEO plugin. -->","yoast_head_json":{"title":"La Beniata ya tiene doble sentido - COPE Alcoy","robots":{"index":"index","follow":"follow","max-snippet":"max-snippet:-1","max-image-preview":"max-image-preview:large","max-video-preview":"max-video-preview:-1"},"canonical":"https:\/\/www.copealcoy.es\/es\/la-beniata-ya-doble-sentido\/","og_locale":"es_ES","og_type":"article","og_title":"La Beniata ya tiene doble sentido - COPE Alcoy","og_description":"Los operarios de Demarcaci\u00f3n de Carreteras han trabajo esta noche en la se\u00f1alizaci\u00f3n de La Beniata y Cervantes para que\u00a0a\u00a0primera...","og_url":"https:\/\/www.copealcoy.es\/es\/la-beniata-ya-doble-sentido\/","og_site_name":"COPE Alcoy","article_published_time":"2016-10-11T10:59:37+00:00","article_modified_time":"2016-10-11T11:15:15+00:00","og_image":[{"width":1328,"height":747,"url":"https:\/\/www.copealcoy.es\/wp-content\/uploads\/2016\/10\/14646833_10210681077323764_1402680161_o.jpg","type":"image\/jpeg"}],"author":"Cope Alcoy","twitter_misc":{"Escrito por":"Cope Alcoy","Tiempo de lectura":"1 minuto"},"schema":{"@context":"https:\/\/schema.org","@graph":[{"@type":"Article","@id":"https:\/\/www.copealcoy.es\/es\/la-beniata-ya-doble-sentido\/#article","isPartOf":{"@id":"https:\/\/www.copealcoy.es\/es\/la-beniata-ya-doble-sentido\/"},"author":{"name":"Cope Alcoy","@id":"https:\/\/www.copealcoy.es\/es\/#\/schema\/person\/e777c87fa024e57d40170af9df39882c"},"headline":"La Beniata ya tiene doble sentido","datePublished":"2016-10-11T10:59:37+00:00","dateModified":"2016-10-11T11:15:15+00:00","mainEntityOfPage":{"@id":"https:\/\/www.copealcoy.es\/es\/la-beniata-ya-doble-sentido\/"},"wordCount":276,"commentCount":0,"image":{"@id":"https:\/\/www.copealcoy.es\/es\/la-beniata-ya-doble-sentido\/#primaryimage"},"thumbnailUrl":"https:\/\/www.copealcoy.es\/wp-content\/uploads\/2016\/10\/14646833_10210681077323764_1402680161_o.jpg","keywords":["Alcoy","Beniata","Circulaci\u00f3n","Tr\u00e1fico"],"articleSection":["Alcoy","Noticias","Portada"],"inLanguage":"es"},{"@type":"WebPage","@id":"https:\/\/www.copealcoy.es\/es\/la-beniata-ya-doble-sentido\/","url":"https:\/\/www.copealcoy.es\/es\/la-beniata-ya-doble-sentido\/","name":"La Beniata ya tiene doble sentido - COPE Alcoy","isPartOf":{"@id":"https:\/\/www.copealcoy.es\/es\/#website"},"primaryImageOfPage":{"@id":"https:\/\/www.copealcoy.es\/es\/la-beniata-ya-doble-sentido\/#primaryimage"},"image":{"@id":"https:\/\/www.copealcoy.es\/es\/la-beniata-ya-doble-sentido\/#primaryimage"},"thumbnailUrl":"https:\/\/www.copealcoy.es\/wp-content\/uploads\/2016\/10\/14646833_10210681077323764_1402680161_o.jpg","datePublished":"2016-10-11T10:59:37+00:00","dateModified":"2016-10-11T11:15:15+00:00","author":{"@id":"https:\/\/www.copealcoy.es\/es\/#\/schema\/person\/e777c87fa024e57d40170af9df39882c"},"breadcrumb":{"@id":"https:\/\/www.copealcoy.es\/es\/la-beniata-ya-doble-sentido\/#breadcrumb"},"inLanguage":"es","potentialAction":[{"@type":"ReadAction","target":["https:\/\/www.copealcoy.es\/es\/la-beniata-ya-doble-sentido\/"]}]},{"@type":"ImageObject","inLanguage":"es","@id":"https:\/\/www.copealcoy.es\/es\/la-beniata-ya-doble-sentido\/#primaryimage","url":"https:\/\/www.copealcoy.es\/wp-content\/uploads\/2016\/10\/14646833_10210681077323764_1402680161_o.jpg","contentUrl":"https:\/\/www.copealcoy.es\/wp-content\/uploads\/2016\/10\/14646833_10210681077323764_1402680161_o.jpg","width":1328,"height":747,"caption":"La Beniata con doble sentido en el tr\u00e1fico"},{"@type":"BreadcrumbList","@id":"https:\/\/www.copealcoy.es\/es\/la-beniata-ya-doble-sentido\/#breadcrumb","itemListElement":[{"@type":"ListItem","position":1,"name":"Portada","item":"https:\/\/www.copealcoy.es\/es\/"},{"@type":"ListItem","position":2,"name":"La Beniata ya tiene doble sentido"}]},{"@type":"WebSite","@id":"https:\/\/www.copealcoy.es\/es\/#website","url":"https:\/\/www.copealcoy.es\/es\/","name":"COPE Alcoy","description":"Emisora COPE de radio local con emisi\u00f3n online. Pont de Sant Jordi 8-10 03803 Alcoy","potentialAction":[{"@type":"SearchAction","target":{"@type":"EntryPoint","urlTemplate":"https:\/\/www.copealcoy.es\/es\/?s={search_term_string}"},"query-input":{"@type":"PropertyValueSpecification","valueRequired":true,"valueName":"search_term_string"}}],"inLanguage":"es"},{"@type":"Person","@id":"https:\/\/www.copealcoy.es\/es\/#\/schema\/person\/e777c87fa024e57d40170af9df39882c","name":"Cope Alcoy","image":{"@type":"ImageObject","inLanguage":"es","@id":"https:\/\/secure.gravatar.com\/avatar\/bb65d0283347e303893ba14f0692005417c1e0e690a325a4c5d8bb2b3943ee14?s=96&d=mm&r=g","url":"https:\/\/secure.gravatar.com\/avatar\/bb65d0283347e303893ba14f0692005417c1e0e690a325a4c5d8bb2b3943ee14?s=96&d=mm&r=g","contentUrl":"https:\/\/secure.gravatar.com\/avatar\/bb65d0283347e303893ba14f0692005417c1e0e690a325a4c5d8bb2b3943ee14?s=96&d=mm&r=g","caption":"Cope Alcoy"}}]}},"_links":{"self":[{"href":"https:\/\/www.copealcoy.es\/es\/wp-json\/wp\/v2\/posts\/25598","targetHints":{"allow":["GET"]}}],"collection":[{"href":"https:\/\/www.copealcoy.es\/es\/wp-json\/wp\/v2\/posts"}],"about":[{"href":"https:\/\/www.copealcoy.es\/es\/wp-json\/wp\/v2\/types\/post"}],"author":[{"embeddable":true,"href":"https:\/\/www.copealcoy.es\/es\/wp-json\/wp\/v2\/users\/1"}],"replies":[{"embeddable":true,"href":"https:\/\/www.copealcoy.es\/es\/wp-json\/wp\/v2\/comments?post=25598"}],"version-history":[{"count":0,"href":"https:\/\/www.copealcoy.es\/es\/wp-json\/wp\/v2\/posts\/25598\/revisions"}],"wp:featuredmedia":[{"embeddable":true,"href":"https:\/\/www.copealcoy.es\/es\/wp-json\/wp\/v2\/media\/25603"}],"wp:attachment":[{"href":"https:\/\/www.copealcoy.es\/es\/wp-json\/wp\/v2\/media?parent=25598"}],"wp:term":[{"taxonomy":"category","embeddable":true,"href":"https:\/\/www.copealcoy.es\/es\/wp-json\/wp\/v2\/categories?post=25598"},{"taxonomy":"post_tag","embeddable":true,"href":"https:\/\/www.copealcoy.es\/es\/wp-json\/wp\/v2\/tags?post=25598"}],"curies":[{"name":"wp","href":"https:\/\/api.w.org\/{rel}","templated":true}]}}