{"id":25573,"date":"2016-10-10T16:00:00","date_gmt":"2016-10-10T16:00:00","guid":{"rendered":"http:\/\/copealcoi.es\/new\/?p=25573"},"modified":"2016-10-10T16:03:51","modified_gmt":"2016-10-10T16:03:51","slug":"alcoy-declarara-camilo-sesto-hijo-predilecto-la-ciudad","status":"publish","type":"post","link":"https:\/\/www.copealcoy.es\/es\/alcoy-declarara-camilo-sesto-hijo-predilecto-la-ciudad\/","title":{"rendered":"Alcoy declarar\u00e1 a Camilo Sesto hijo predilecto de la ciudad"},"content":{"rendered":"<p style=\"text-align: justify;\">Alcoy rendir\u00e1 un merecido <strong>homenaje a Camilo Sesto<\/strong> y el Ayuntamiento le otorgar\u00e1 el t\u00edtulo de<strong> hijo predilecto<\/strong> al mismo tiempo que le entregar\u00e1 la <strong>medalla de oro de la ciudad<\/strong>. Lo ha anunciado este lunes el alcalde, Antonio Franc\u00e9s, quien ha dicho que con este reconocimiento se busca <em>&#8220;saldar la deuda que Alcoy tiene con Camilo Blanes, nuestro artista m\u00e1s internacional&#8221;<\/em>, ha indicado.<\/p>\n<p style=\"text-align: justify;\">El primer edil ha explicado que desde el Gobierno Local ya <strong>se han iniciado contactos<\/strong> para comunicar al artista esta decisi\u00f3n al mismo tiempo que ha a\u00f1adido que en la ma\u00f1ana de este lunes se ha abordado la cuesti\u00f3n con la junta de portavoces para que as\u00ed la propuesta sea llevada al <strong>pleno de finales de octubre<\/strong>. De esta forma el homenaje podr\u00eda ser una realidad en el pr\u00f3ximo mes de <strong>noviembre<\/strong> <em>&#8220;es la fecha m\u00e1s id\u00f3nea ya\u00a0que\u00a0Camilo Sesto se encuentra ahora mismo promocionando su \u00faltimo disco que est\u00e1 siendo el sexto m\u00e1s vendido&#8221;,<\/em> dijo Franc\u00e9s.<\/p>\n<p style=\"text-align: justify;\">En cuanto a las <strong>caracter\u00edsticas que tendr\u00e1 el acto<\/strong> se ha informado que todav\u00eda se est\u00e1 perfilando aunque la idea que se persigue es que sea lo m\u00e1s abierto posible a la ciudadan\u00eda e incluso se planea poder organizar alguna actuaci\u00f3n del cantante. Adem\u00e1s el alcalde ha hablado tambi\u00e9n de la posibilidad de que Alcoy dedique una calle a Camilo Sesto tal y como est\u00e1 promoviendo su club de fans <em>&#8220;es algo que sigue en fase de estudio pero antes hemos querido hacer el reconocimiento institucional de parte de toda la ciudad&#8221;<\/em>, a\u00f1ade.<\/p>\n<p style=\"text-align: justify;\">El homenaje que prepara la ciudad de Alcoy coincide con el <strong>setenta aniversario del cantante<\/strong> que tuvo lugar el pasado 16 de septiembre.<\/p>\n<p><iframe loading=\"lazy\" title=\"RP Homenatge Camilo Sesto\" width=\"1200\" height=\"675\" src=\"https:\/\/www.youtube.com\/embed\/UqVLxWKf3Jc?feature=oembed\" frameborder=\"0\" allow=\"accelerometer; autoplay; encrypted-media; gyroscope; picture-in-picture\" allowfullscreen><\/iframe><\/p>\n","protected":false},"excerpt":{"rendered":"<p>Alcoy rendir\u00e1 un merecido homenaje a Camilo Sesto y el Ayuntamiento le otorgar\u00e1 el t\u00edtulo de hijo predilecto al mismo&#8230;<\/p>\n","protected":false},"author":1,"featured_media":25151,"comment_status":"open","ping_status":"open","sticky":false,"template":"","format":"standard","meta":{"footnotes":""},"categories":[97,75,125],"tags":[1494,2559,1381,3090],"class_list":["post-25573","post","type-post","status-publish","format-standard","has-post-thumbnail","hentry","category-alcoy","category-noticias","category-portada","tag-alcoy","tag-camilo-sesto","tag-ciudad","tag-hijo-predilecto"],"yoast_head":"<!-- This site is optimized with the Yoast SEO plugin v27.3 - https:\/\/yoast.com\/product\/yoast-seo-wordpress\/ -->\n<title>Alcoy declarar\u00e1 a Camilo Sesto hijo predilecto de la ciudad - COPE Alcoy<\/title>\n<meta name=\"robots\" content=\"index, follow, max-snippet:-1, max-image-preview:large, max-video-preview:-1\" \/>\n<link rel=\"canonical\" href=\"https:\/\/www.copealcoy.es\/es\/alcoy-declarara-camilo-sesto-hijo-predilecto-la-ciudad\/\" \/>\n<meta property=\"og:locale\" content=\"es_ES\" \/>\n<meta property=\"og:type\" content=\"article\" \/>\n<meta property=\"og:title\" content=\"Alcoy declarar\u00e1 a Camilo Sesto hijo predilecto de la ciudad - COPE Alcoy\" \/>\n<meta property=\"og:description\" content=\"Alcoy rendir\u00e1 un merecido homenaje a Camilo Sesto y el Ayuntamiento le otorgar\u00e1 el t\u00edtulo de hijo predilecto al mismo...\" \/>\n<meta property=\"og:url\" content=\"https:\/\/www.copealcoy.es\/es\/alcoy-declarara-camilo-sesto-hijo-predilecto-la-ciudad\/\" \/>\n<meta property=\"og:site_name\" content=\"COPE Alcoy\" \/>\n<meta property=\"article:published_time\" content=\"2016-10-10T16:00:00+00:00\" \/>\n<meta property=\"article:modified_time\" content=\"2016-10-10T16:03:51+00:00\" \/>\n<meta property=\"og:image\" content=\"https:\/\/www.copealcoy.es\/wp-content\/uploads\/2016\/09\/14448826_922474627896023_2560526216679436174_n.jpg\" \/>\n\t<meta property=\"og:image:width\" content=\"960\" \/>\n\t<meta property=\"og:image:height\" content=\"514\" \/>\n\t<meta property=\"og:image:type\" content=\"image\/jpeg\" \/>\n<meta name=\"author\" content=\"Cope Alcoy\" \/>\n<meta name=\"twitter:label1\" content=\"Escrito por\" \/>\n\t<meta name=\"twitter:data1\" content=\"Cope Alcoy\" \/>\n\t<meta name=\"twitter:label2\" content=\"Tiempo de lectura\" \/>\n\t<meta name=\"twitter:data2\" content=\"2 minutos\" \/>\n<script type=\"application\/ld+json\" class=\"yoast-schema-graph\">{\"@context\":\"https:\\\/\\\/schema.org\",\"@graph\":[{\"@type\":\"Article\",\"@id\":\"https:\\\/\\\/www.copealcoy.es\\\/es\\\/alcoy-declarara-camilo-sesto-hijo-predilecto-la-ciudad\\\/#article\",\"isPartOf\":{\"@id\":\"https:\\\/\\\/www.copealcoy.es\\\/es\\\/alcoy-declarara-camilo-sesto-hijo-predilecto-la-ciudad\\\/\"},\"author\":{\"name\":\"Cope Alcoy\",\"@id\":\"https:\\\/\\\/www.copealcoy.es\\\/es\\\/#\\\/schema\\\/person\\\/e777c87fa024e57d40170af9df39882c\"},\"headline\":\"Alcoy declarar\u00e1 a Camilo Sesto hijo predilecto de la ciudad\",\"datePublished\":\"2016-10-10T16:00:00+00:00\",\"dateModified\":\"2016-10-10T16:03:51+00:00\",\"mainEntityOfPage\":{\"@id\":\"https:\\\/\\\/www.copealcoy.es\\\/es\\\/alcoy-declarara-camilo-sesto-hijo-predilecto-la-ciudad\\\/\"},\"wordCount\":317,\"commentCount\":0,\"image\":{\"@id\":\"https:\\\/\\\/www.copealcoy.es\\\/es\\\/alcoy-declarara-camilo-sesto-hijo-predilecto-la-ciudad\\\/#primaryimage\"},\"thumbnailUrl\":\"https:\\\/\\\/www.copealcoy.es\\\/wp-content\\\/uploads\\\/2016\\\/09\\\/14448826_922474627896023_2560526216679436174_n.jpg\",\"keywords\":[\"Alcoy\",\"Camilo Sesto\",\"Ciudad\",\"hijo predilecto\"],\"articleSection\":[\"Alcoy\",\"Noticias\",\"Portada\"],\"inLanguage\":\"es\"},{\"@type\":\"WebPage\",\"@id\":\"https:\\\/\\\/www.copealcoy.es\\\/es\\\/alcoy-declarara-camilo-sesto-hijo-predilecto-la-ciudad\\\/\",\"url\":\"https:\\\/\\\/www.copealcoy.es\\\/es\\\/alcoy-declarara-camilo-sesto-hijo-predilecto-la-ciudad\\\/\",\"name\":\"Alcoy declarar\u00e1 a Camilo Sesto hijo predilecto de la ciudad - COPE Alcoy\",\"isPartOf\":{\"@id\":\"https:\\\/\\\/www.copealcoy.es\\\/es\\\/#website\"},\"primaryImageOfPage\":{\"@id\":\"https:\\\/\\\/www.copealcoy.es\\\/es\\\/alcoy-declarara-camilo-sesto-hijo-predilecto-la-ciudad\\\/#primaryimage\"},\"image\":{\"@id\":\"https:\\\/\\\/www.copealcoy.es\\\/es\\\/alcoy-declarara-camilo-sesto-hijo-predilecto-la-ciudad\\\/#primaryimage\"},\"thumbnailUrl\":\"https:\\\/\\\/www.copealcoy.es\\\/wp-content\\\/uploads\\\/2016\\\/09\\\/14448826_922474627896023_2560526216679436174_n.jpg\",\"datePublished\":\"2016-10-10T16:00:00+00:00\",\"dateModified\":\"2016-10-10T16:03:51+00:00\",\"author\":{\"@id\":\"https:\\\/\\\/www.copealcoy.es\\\/es\\\/#\\\/schema\\\/person\\\/e777c87fa024e57d40170af9df39882c\"},\"breadcrumb\":{\"@id\":\"https:\\\/\\\/www.copealcoy.es\\\/es\\\/alcoy-declarara-camilo-sesto-hijo-predilecto-la-ciudad\\\/#breadcrumb\"},\"inLanguage\":\"es\",\"potentialAction\":[{\"@type\":\"ReadAction\",\"target\":[\"https:\\\/\\\/www.copealcoy.es\\\/es\\\/alcoy-declarara-camilo-sesto-hijo-predilecto-la-ciudad\\\/\"]}]},{\"@type\":\"ImageObject\",\"inLanguage\":\"es\",\"@id\":\"https:\\\/\\\/www.copealcoy.es\\\/es\\\/alcoy-declarara-camilo-sesto-hijo-predilecto-la-ciudad\\\/#primaryimage\",\"url\":\"https:\\\/\\\/www.copealcoy.es\\\/wp-content\\\/uploads\\\/2016\\\/09\\\/14448826_922474627896023_2560526216679436174_n.jpg\",\"contentUrl\":\"https:\\\/\\\/www.copealcoy.es\\\/wp-content\\\/uploads\\\/2016\\\/09\\\/14448826_922474627896023_2560526216679436174_n.jpg\",\"width\":960,\"height\":514},{\"@type\":\"BreadcrumbList\",\"@id\":\"https:\\\/\\\/www.copealcoy.es\\\/es\\\/alcoy-declarara-camilo-sesto-hijo-predilecto-la-ciudad\\\/#breadcrumb\",\"itemListElement\":[{\"@type\":\"ListItem\",\"position\":1,\"name\":\"Portada\",\"item\":\"https:\\\/\\\/www.copealcoy.es\\\/es\\\/\"},{\"@type\":\"ListItem\",\"position\":2,\"name\":\"Alcoy declarar\u00e1 a Camilo Sesto hijo predilecto de la ciudad\"}]},{\"@type\":\"WebSite\",\"@id\":\"https:\\\/\\\/www.copealcoy.es\\\/es\\\/#website\",\"url\":\"https:\\\/\\\/www.copealcoy.es\\\/es\\\/\",\"name\":\"COPE Alcoy\",\"description\":\"Emisora COPE de radio local con emisi\u00f3n online. Pont de Sant Jordi 8-10 03803 Alcoy\",\"potentialAction\":[{\"@type\":\"SearchAction\",\"target\":{\"@type\":\"EntryPoint\",\"urlTemplate\":\"https:\\\/\\\/www.copealcoy.es\\\/es\\\/?s={search_term_string}\"},\"query-input\":{\"@type\":\"PropertyValueSpecification\",\"valueRequired\":true,\"valueName\":\"search_term_string\"}}],\"inLanguage\":\"es\"},{\"@type\":\"Person\",\"@id\":\"https:\\\/\\\/www.copealcoy.es\\\/es\\\/#\\\/schema\\\/person\\\/e777c87fa024e57d40170af9df39882c\",\"name\":\"Cope Alcoy\",\"image\":{\"@type\":\"ImageObject\",\"inLanguage\":\"es\",\"@id\":\"https:\\\/\\\/secure.gravatar.com\\\/avatar\\\/bb65d0283347e303893ba14f0692005417c1e0e690a325a4c5d8bb2b3943ee14?s=96&d=mm&r=g\",\"url\":\"https:\\\/\\\/secure.gravatar.com\\\/avatar\\\/bb65d0283347e303893ba14f0692005417c1e0e690a325a4c5d8bb2b3943ee14?s=96&d=mm&r=g\",\"contentUrl\":\"https:\\\/\\\/secure.gravatar.com\\\/avatar\\\/bb65d0283347e303893ba14f0692005417c1e0e690a325a4c5d8bb2b3943ee14?s=96&d=mm&r=g\",\"caption\":\"Cope Alcoy\"}}]}<\/script>\n<!-- \/ Yoast SEO plugin. -->","yoast_head_json":{"title":"Alcoy declarar\u00e1 a Camilo Sesto hijo predilecto de la ciudad - COPE Alcoy","robots":{"index":"index","follow":"follow","max-snippet":"max-snippet:-1","max-image-preview":"max-image-preview:large","max-video-preview":"max-video-preview:-1"},"canonical":"https:\/\/www.copealcoy.es\/es\/alcoy-declarara-camilo-sesto-hijo-predilecto-la-ciudad\/","og_locale":"es_ES","og_type":"article","og_title":"Alcoy declarar\u00e1 a Camilo Sesto hijo predilecto de la ciudad - COPE Alcoy","og_description":"Alcoy rendir\u00e1 un merecido homenaje a Camilo Sesto y el Ayuntamiento le otorgar\u00e1 el t\u00edtulo de hijo predilecto al mismo...","og_url":"https:\/\/www.copealcoy.es\/es\/alcoy-declarara-camilo-sesto-hijo-predilecto-la-ciudad\/","og_site_name":"COPE Alcoy","article_published_time":"2016-10-10T16:00:00+00:00","article_modified_time":"2016-10-10T16:03:51+00:00","og_image":[{"width":960,"height":514,"url":"https:\/\/www.copealcoy.es\/wp-content\/uploads\/2016\/09\/14448826_922474627896023_2560526216679436174_n.jpg","type":"image\/jpeg"}],"author":"Cope Alcoy","twitter_misc":{"Escrito por":"Cope Alcoy","Tiempo de lectura":"2 minutos"},"schema":{"@context":"https:\/\/schema.org","@graph":[{"@type":"Article","@id":"https:\/\/www.copealcoy.es\/es\/alcoy-declarara-camilo-sesto-hijo-predilecto-la-ciudad\/#article","isPartOf":{"@id":"https:\/\/www.copealcoy.es\/es\/alcoy-declarara-camilo-sesto-hijo-predilecto-la-ciudad\/"},"author":{"name":"Cope Alcoy","@id":"https:\/\/www.copealcoy.es\/es\/#\/schema\/person\/e777c87fa024e57d40170af9df39882c"},"headline":"Alcoy declarar\u00e1 a Camilo Sesto hijo predilecto de la ciudad","datePublished":"2016-10-10T16:00:00+00:00","dateModified":"2016-10-10T16:03:51+00:00","mainEntityOfPage":{"@id":"https:\/\/www.copealcoy.es\/es\/alcoy-declarara-camilo-sesto-hijo-predilecto-la-ciudad\/"},"wordCount":317,"commentCount":0,"image":{"@id":"https:\/\/www.copealcoy.es\/es\/alcoy-declarara-camilo-sesto-hijo-predilecto-la-ciudad\/#primaryimage"},"thumbnailUrl":"https:\/\/www.copealcoy.es\/wp-content\/uploads\/2016\/09\/14448826_922474627896023_2560526216679436174_n.jpg","keywords":["Alcoy","Camilo Sesto","Ciudad","hijo predilecto"],"articleSection":["Alcoy","Noticias","Portada"],"inLanguage":"es"},{"@type":"WebPage","@id":"https:\/\/www.copealcoy.es\/es\/alcoy-declarara-camilo-sesto-hijo-predilecto-la-ciudad\/","url":"https:\/\/www.copealcoy.es\/es\/alcoy-declarara-camilo-sesto-hijo-predilecto-la-ciudad\/","name":"Alcoy declarar\u00e1 a Camilo Sesto hijo predilecto de la ciudad - COPE Alcoy","isPartOf":{"@id":"https:\/\/www.copealcoy.es\/es\/#website"},"primaryImageOfPage":{"@id":"https:\/\/www.copealcoy.es\/es\/alcoy-declarara-camilo-sesto-hijo-predilecto-la-ciudad\/#primaryimage"},"image":{"@id":"https:\/\/www.copealcoy.es\/es\/alcoy-declarara-camilo-sesto-hijo-predilecto-la-ciudad\/#primaryimage"},"thumbnailUrl":"https:\/\/www.copealcoy.es\/wp-content\/uploads\/2016\/09\/14448826_922474627896023_2560526216679436174_n.jpg","datePublished":"2016-10-10T16:00:00+00:00","dateModified":"2016-10-10T16:03:51+00:00","author":{"@id":"https:\/\/www.copealcoy.es\/es\/#\/schema\/person\/e777c87fa024e57d40170af9df39882c"},"breadcrumb":{"@id":"https:\/\/www.copealcoy.es\/es\/alcoy-declarara-camilo-sesto-hijo-predilecto-la-ciudad\/#breadcrumb"},"inLanguage":"es","potentialAction":[{"@type":"ReadAction","target":["https:\/\/www.copealcoy.es\/es\/alcoy-declarara-camilo-sesto-hijo-predilecto-la-ciudad\/"]}]},{"@type":"ImageObject","inLanguage":"es","@id":"https:\/\/www.copealcoy.es\/es\/alcoy-declarara-camilo-sesto-hijo-predilecto-la-ciudad\/#primaryimage","url":"https:\/\/www.copealcoy.es\/wp-content\/uploads\/2016\/09\/14448826_922474627896023_2560526216679436174_n.jpg","contentUrl":"https:\/\/www.copealcoy.es\/wp-content\/uploads\/2016\/09\/14448826_922474627896023_2560526216679436174_n.jpg","width":960,"height":514},{"@type":"BreadcrumbList","@id":"https:\/\/www.copealcoy.es\/es\/alcoy-declarara-camilo-sesto-hijo-predilecto-la-ciudad\/#breadcrumb","itemListElement":[{"@type":"ListItem","position":1,"name":"Portada","item":"https:\/\/www.copealcoy.es\/es\/"},{"@type":"ListItem","position":2,"name":"Alcoy declarar\u00e1 a Camilo Sesto hijo predilecto de la ciudad"}]},{"@type":"WebSite","@id":"https:\/\/www.copealcoy.es\/es\/#website","url":"https:\/\/www.copealcoy.es\/es\/","name":"COPE Alcoy","description":"Emisora COPE de radio local con emisi\u00f3n online. Pont de Sant Jordi 8-10 03803 Alcoy","potentialAction":[{"@type":"SearchAction","target":{"@type":"EntryPoint","urlTemplate":"https:\/\/www.copealcoy.es\/es\/?s={search_term_string}"},"query-input":{"@type":"PropertyValueSpecification","valueRequired":true,"valueName":"search_term_string"}}],"inLanguage":"es"},{"@type":"Person","@id":"https:\/\/www.copealcoy.es\/es\/#\/schema\/person\/e777c87fa024e57d40170af9df39882c","name":"Cope Alcoy","image":{"@type":"ImageObject","inLanguage":"es","@id":"https:\/\/secure.gravatar.com\/avatar\/bb65d0283347e303893ba14f0692005417c1e0e690a325a4c5d8bb2b3943ee14?s=96&d=mm&r=g","url":"https:\/\/secure.gravatar.com\/avatar\/bb65d0283347e303893ba14f0692005417c1e0e690a325a4c5d8bb2b3943ee14?s=96&d=mm&r=g","contentUrl":"https:\/\/secure.gravatar.com\/avatar\/bb65d0283347e303893ba14f0692005417c1e0e690a325a4c5d8bb2b3943ee14?s=96&d=mm&r=g","caption":"Cope Alcoy"}}]}},"_links":{"self":[{"href":"https:\/\/www.copealcoy.es\/es\/wp-json\/wp\/v2\/posts\/25573","targetHints":{"allow":["GET"]}}],"collection":[{"href":"https:\/\/www.copealcoy.es\/es\/wp-json\/wp\/v2\/posts"}],"about":[{"href":"https:\/\/www.copealcoy.es\/es\/wp-json\/wp\/v2\/types\/post"}],"author":[{"embeddable":true,"href":"https:\/\/www.copealcoy.es\/es\/wp-json\/wp\/v2\/users\/1"}],"replies":[{"embeddable":true,"href":"https:\/\/www.copealcoy.es\/es\/wp-json\/wp\/v2\/comments?post=25573"}],"version-history":[{"count":0,"href":"https:\/\/www.copealcoy.es\/es\/wp-json\/wp\/v2\/posts\/25573\/revisions"}],"wp:featuredmedia":[{"embeddable":true,"href":"https:\/\/www.copealcoy.es\/es\/wp-json\/wp\/v2\/media\/25151"}],"wp:attachment":[{"href":"https:\/\/www.copealcoy.es\/es\/wp-json\/wp\/v2\/media?parent=25573"}],"wp:term":[{"taxonomy":"category","embeddable":true,"href":"https:\/\/www.copealcoy.es\/es\/wp-json\/wp\/v2\/categories?post=25573"},{"taxonomy":"post_tag","embeddable":true,"href":"https:\/\/www.copealcoy.es\/es\/wp-json\/wp\/v2\/tags?post=25573"}],"curies":[{"name":"wp","href":"https:\/\/api.w.org\/{rel}","templated":true}]}}