{"id":25570,"date":"2016-10-10T15:41:58","date_gmt":"2016-10-10T15:41:58","guid":{"rendered":"http:\/\/copealcoi.es\/new\/?p=25570"},"modified":"2016-10-10T15:41:58","modified_gmt":"2016-10-10T15:41:58","slug":"alcoy-inscribe-registro-la-ermita-la-font-roja","status":"publish","type":"post","link":"https:\/\/www.copealcoy.es\/es\/alcoy-inscribe-registro-la-ermita-la-font-roja\/","title":{"rendered":"Alcoy inscribe en el registro la ermita de la Font Roja"},"content":{"rendered":"<p style=\"text-align: justify;\">La Junta de Gobierno Local del Ayuntamiento de Alcoy aprob\u00f3 el pasado viernes la<strong> inclusi\u00f3n de la ermita de la Fon Roja<\/strong> en el registro de la propiedad con lo cual pasar\u00e1 a formar parte del cat\u00e1logo de bienes del Consistorio. De esta forma se materializar\u00e1 la <strong>inscripci\u00f3n formal del inmueble<\/strong> religioso a nombre del propio Ayuntamiento alcoyano.<\/p>\n<p style=\"text-align: justify;\"><strong>Lorena Zamorano<\/strong>, edil de R\u00e9gimen Jur\u00eddico, explica que una vez finalice este proceso el Ayuntamiento y la Archicofrad\u00eda de la Virgen de los Lirios podr\u00e1n seguir como hasta ahora cuidando la ermita\u00a0pero con total seguridad jur\u00eddica<em> &#8220;e incluso habr\u00e1 m\u00e1s facilidades para hacer una intervenci\u00f3n ya que hasta ahora nos encontr\u00e1bamos con un problema ya que el templo no era de propiedad municipal y por tanto se pon\u00edan trabas\u00a0por parte de los servicios econ\u00f3micos&#8221;<\/em>, indica.<\/p>\n<p style=\"text-align: justify;\">Recordar que la ermita de la Font Roja cumple este a\u00f1o su <strong>125 aniversario<\/strong> tras ser bendecida el 21 de junio de 1.891. Anteriormente exist\u00eda otro santuario en la zona que se inaugur\u00f3 el 21 de junio de agosto de 1.663, diez a\u00f1os despu\u00e9s del milagroso hallazgo de los lirios en el Carrascal.<\/p>\n<p style=\"text-align: justify;\">\n<div id=\"clover-test-1465309672-6\" class=\"clover-test\">\n<div id=\"adm-player-wrapper-1465309672-6\" class=\"adm-player\">\n<div id=\"vjs_video_1420\" class=\"video-js vjs-default-skin vjs_video_1420-dimensions vjs-controls-enabled vjs-has-started vjs-waiting vjs-vast-ad-loading vjs-paused vjs-vpaid-ad vjs-vpaid-flash-ad vjs-user-inactive\">\n<div class=\"vjs-control-bar\"><\/div>\n<\/div>\n<\/div>\n<\/div>\n","protected":false},"excerpt":{"rendered":"<p>La Junta de Gobierno Local del Ayuntamiento de Alcoy aprob\u00f3 el pasado viernes la inclusi\u00f3n de la ermita de la&#8230;<\/p>\n","protected":false},"author":1,"featured_media":25571,"comment_status":"open","ping_status":"open","sticky":false,"template":"","format":"standard","meta":{"footnotes":""},"categories":[97,75],"tags":[1494,2568,2857,3088,3087,3089],"class_list":["post-25570","post","type-post","status-publish","format-standard","has-post-thumbnail","hentry","category-alcoy","category-noticias","tag-alcoy","tag-el","tag-en","tag-ermita-de-la-font-roja","tag-inscribe","tag-registro"],"yoast_head":"<!-- This site is optimized with the Yoast SEO plugin v27.3 - https:\/\/yoast.com\/product\/yoast-seo-wordpress\/ -->\n<title>Alcoy inscribe en el registro la ermita de la Font Roja - COPE Alcoy<\/title>\n<meta name=\"robots\" content=\"index, follow, max-snippet:-1, max-image-preview:large, max-video-preview:-1\" \/>\n<link rel=\"canonical\" href=\"https:\/\/www.copealcoy.es\/es\/alcoy-inscribe-registro-la-ermita-la-font-roja\/\" \/>\n<meta property=\"og:locale\" content=\"es_ES\" \/>\n<meta property=\"og:type\" content=\"article\" \/>\n<meta property=\"og:title\" content=\"Alcoy inscribe en el registro la ermita de la Font Roja - COPE Alcoy\" \/>\n<meta property=\"og:description\" content=\"La Junta de Gobierno Local del Ayuntamiento de Alcoy aprob\u00f3 el pasado viernes la inclusi\u00f3n de la ermita de la...\" \/>\n<meta property=\"og:url\" content=\"https:\/\/www.copealcoy.es\/es\/alcoy-inscribe-registro-la-ermita-la-font-roja\/\" \/>\n<meta property=\"og:site_name\" content=\"COPE Alcoy\" \/>\n<meta property=\"article:published_time\" content=\"2016-10-10T15:41:58+00:00\" \/>\n<meta property=\"og:image\" content=\"https:\/\/www.copealcoy.es\/wp-content\/uploads\/2016\/10\/P1030868-e1476114102426.jpg\" \/>\n\t<meta property=\"og:image:width\" content=\"1584\" \/>\n\t<meta property=\"og:image:height\" content=\"900\" \/>\n\t<meta property=\"og:image:type\" content=\"image\/jpeg\" \/>\n<meta name=\"author\" content=\"Cope Alcoy\" \/>\n<meta name=\"twitter:label1\" content=\"Escrito por\" \/>\n\t<meta name=\"twitter:data1\" content=\"Cope Alcoy\" \/>\n\t<meta name=\"twitter:label2\" content=\"Tiempo de lectura\" \/>\n\t<meta name=\"twitter:data2\" content=\"1 minuto\" \/>\n<script type=\"application\/ld+json\" class=\"yoast-schema-graph\">{\"@context\":\"https:\\\/\\\/schema.org\",\"@graph\":[{\"@type\":\"Article\",\"@id\":\"https:\\\/\\\/www.copealcoy.es\\\/es\\\/alcoy-inscribe-registro-la-ermita-la-font-roja\\\/#article\",\"isPartOf\":{\"@id\":\"https:\\\/\\\/www.copealcoy.es\\\/es\\\/alcoy-inscribe-registro-la-ermita-la-font-roja\\\/\"},\"author\":{\"name\":\"Cope Alcoy\",\"@id\":\"https:\\\/\\\/www.copealcoy.es\\\/es\\\/#\\\/schema\\\/person\\\/e777c87fa024e57d40170af9df39882c\"},\"headline\":\"Alcoy inscribe en el registro la ermita de la Font Roja\",\"datePublished\":\"2016-10-10T15:41:58+00:00\",\"mainEntityOfPage\":{\"@id\":\"https:\\\/\\\/www.copealcoy.es\\\/es\\\/alcoy-inscribe-registro-la-ermita-la-font-roja\\\/\"},\"wordCount\":211,\"commentCount\":0,\"image\":{\"@id\":\"https:\\\/\\\/www.copealcoy.es\\\/es\\\/alcoy-inscribe-registro-la-ermita-la-font-roja\\\/#primaryimage\"},\"thumbnailUrl\":\"https:\\\/\\\/www.copealcoy.es\\\/wp-content\\\/uploads\\\/2016\\\/10\\\/P1030868-e1476114102426.jpg\",\"keywords\":[\"Alcoy\",\"el\",\"en\",\"ermita de la Font Roja\",\"inscribe\",\"registro\"],\"articleSection\":[\"Alcoy\",\"Noticias\"],\"inLanguage\":\"es\"},{\"@type\":\"WebPage\",\"@id\":\"https:\\\/\\\/www.copealcoy.es\\\/es\\\/alcoy-inscribe-registro-la-ermita-la-font-roja\\\/\",\"url\":\"https:\\\/\\\/www.copealcoy.es\\\/es\\\/alcoy-inscribe-registro-la-ermita-la-font-roja\\\/\",\"name\":\"Alcoy inscribe en el registro la ermita de la Font Roja - COPE Alcoy\",\"isPartOf\":{\"@id\":\"https:\\\/\\\/www.copealcoy.es\\\/es\\\/#website\"},\"primaryImageOfPage\":{\"@id\":\"https:\\\/\\\/www.copealcoy.es\\\/es\\\/alcoy-inscribe-registro-la-ermita-la-font-roja\\\/#primaryimage\"},\"image\":{\"@id\":\"https:\\\/\\\/www.copealcoy.es\\\/es\\\/alcoy-inscribe-registro-la-ermita-la-font-roja\\\/#primaryimage\"},\"thumbnailUrl\":\"https:\\\/\\\/www.copealcoy.es\\\/wp-content\\\/uploads\\\/2016\\\/10\\\/P1030868-e1476114102426.jpg\",\"datePublished\":\"2016-10-10T15:41:58+00:00\",\"author\":{\"@id\":\"https:\\\/\\\/www.copealcoy.es\\\/es\\\/#\\\/schema\\\/person\\\/e777c87fa024e57d40170af9df39882c\"},\"breadcrumb\":{\"@id\":\"https:\\\/\\\/www.copealcoy.es\\\/es\\\/alcoy-inscribe-registro-la-ermita-la-font-roja\\\/#breadcrumb\"},\"inLanguage\":\"es\",\"potentialAction\":[{\"@type\":\"ReadAction\",\"target\":[\"https:\\\/\\\/www.copealcoy.es\\\/es\\\/alcoy-inscribe-registro-la-ermita-la-font-roja\\\/\"]}]},{\"@type\":\"ImageObject\",\"inLanguage\":\"es\",\"@id\":\"https:\\\/\\\/www.copealcoy.es\\\/es\\\/alcoy-inscribe-registro-la-ermita-la-font-roja\\\/#primaryimage\",\"url\":\"https:\\\/\\\/www.copealcoy.es\\\/wp-content\\\/uploads\\\/2016\\\/10\\\/P1030868-e1476114102426.jpg\",\"contentUrl\":\"https:\\\/\\\/www.copealcoy.es\\\/wp-content\\\/uploads\\\/2016\\\/10\\\/P1030868-e1476114102426.jpg\",\"width\":1584,\"height\":900},{\"@type\":\"BreadcrumbList\",\"@id\":\"https:\\\/\\\/www.copealcoy.es\\\/es\\\/alcoy-inscribe-registro-la-ermita-la-font-roja\\\/#breadcrumb\",\"itemListElement\":[{\"@type\":\"ListItem\",\"position\":1,\"name\":\"Portada\",\"item\":\"https:\\\/\\\/www.copealcoy.es\\\/es\\\/\"},{\"@type\":\"ListItem\",\"position\":2,\"name\":\"Alcoy inscribe en el registro la ermita de la Font Roja\"}]},{\"@type\":\"WebSite\",\"@id\":\"https:\\\/\\\/www.copealcoy.es\\\/es\\\/#website\",\"url\":\"https:\\\/\\\/www.copealcoy.es\\\/es\\\/\",\"name\":\"COPE Alcoy\",\"description\":\"Emisora COPE de radio local con emisi\u00f3n online. Pont de Sant Jordi 8-10 03803 Alcoy\",\"potentialAction\":[{\"@type\":\"SearchAction\",\"target\":{\"@type\":\"EntryPoint\",\"urlTemplate\":\"https:\\\/\\\/www.copealcoy.es\\\/es\\\/?s={search_term_string}\"},\"query-input\":{\"@type\":\"PropertyValueSpecification\",\"valueRequired\":true,\"valueName\":\"search_term_string\"}}],\"inLanguage\":\"es\"},{\"@type\":\"Person\",\"@id\":\"https:\\\/\\\/www.copealcoy.es\\\/es\\\/#\\\/schema\\\/person\\\/e777c87fa024e57d40170af9df39882c\",\"name\":\"Cope Alcoy\",\"image\":{\"@type\":\"ImageObject\",\"inLanguage\":\"es\",\"@id\":\"https:\\\/\\\/secure.gravatar.com\\\/avatar\\\/bb65d0283347e303893ba14f0692005417c1e0e690a325a4c5d8bb2b3943ee14?s=96&d=mm&r=g\",\"url\":\"https:\\\/\\\/secure.gravatar.com\\\/avatar\\\/bb65d0283347e303893ba14f0692005417c1e0e690a325a4c5d8bb2b3943ee14?s=96&d=mm&r=g\",\"contentUrl\":\"https:\\\/\\\/secure.gravatar.com\\\/avatar\\\/bb65d0283347e303893ba14f0692005417c1e0e690a325a4c5d8bb2b3943ee14?s=96&d=mm&r=g\",\"caption\":\"Cope Alcoy\"}}]}<\/script>\n<!-- \/ Yoast SEO plugin. -->","yoast_head_json":{"title":"Alcoy inscribe en el registro la ermita de la Font Roja - COPE Alcoy","robots":{"index":"index","follow":"follow","max-snippet":"max-snippet:-1","max-image-preview":"max-image-preview:large","max-video-preview":"max-video-preview:-1"},"canonical":"https:\/\/www.copealcoy.es\/es\/alcoy-inscribe-registro-la-ermita-la-font-roja\/","og_locale":"es_ES","og_type":"article","og_title":"Alcoy inscribe en el registro la ermita de la Font Roja - COPE Alcoy","og_description":"La Junta de Gobierno Local del Ayuntamiento de Alcoy aprob\u00f3 el pasado viernes la inclusi\u00f3n de la ermita de la...","og_url":"https:\/\/www.copealcoy.es\/es\/alcoy-inscribe-registro-la-ermita-la-font-roja\/","og_site_name":"COPE Alcoy","article_published_time":"2016-10-10T15:41:58+00:00","og_image":[{"width":1584,"height":900,"url":"https:\/\/www.copealcoy.es\/wp-content\/uploads\/2016\/10\/P1030868-e1476114102426.jpg","type":"image\/jpeg"}],"author":"Cope Alcoy","twitter_misc":{"Escrito por":"Cope Alcoy","Tiempo de lectura":"1 minuto"},"schema":{"@context":"https:\/\/schema.org","@graph":[{"@type":"Article","@id":"https:\/\/www.copealcoy.es\/es\/alcoy-inscribe-registro-la-ermita-la-font-roja\/#article","isPartOf":{"@id":"https:\/\/www.copealcoy.es\/es\/alcoy-inscribe-registro-la-ermita-la-font-roja\/"},"author":{"name":"Cope Alcoy","@id":"https:\/\/www.copealcoy.es\/es\/#\/schema\/person\/e777c87fa024e57d40170af9df39882c"},"headline":"Alcoy inscribe en el registro la ermita de la Font Roja","datePublished":"2016-10-10T15:41:58+00:00","mainEntityOfPage":{"@id":"https:\/\/www.copealcoy.es\/es\/alcoy-inscribe-registro-la-ermita-la-font-roja\/"},"wordCount":211,"commentCount":0,"image":{"@id":"https:\/\/www.copealcoy.es\/es\/alcoy-inscribe-registro-la-ermita-la-font-roja\/#primaryimage"},"thumbnailUrl":"https:\/\/www.copealcoy.es\/wp-content\/uploads\/2016\/10\/P1030868-e1476114102426.jpg","keywords":["Alcoy","el","en","ermita de la Font Roja","inscribe","registro"],"articleSection":["Alcoy","Noticias"],"inLanguage":"es"},{"@type":"WebPage","@id":"https:\/\/www.copealcoy.es\/es\/alcoy-inscribe-registro-la-ermita-la-font-roja\/","url":"https:\/\/www.copealcoy.es\/es\/alcoy-inscribe-registro-la-ermita-la-font-roja\/","name":"Alcoy inscribe en el registro la ermita de la Font Roja - COPE Alcoy","isPartOf":{"@id":"https:\/\/www.copealcoy.es\/es\/#website"},"primaryImageOfPage":{"@id":"https:\/\/www.copealcoy.es\/es\/alcoy-inscribe-registro-la-ermita-la-font-roja\/#primaryimage"},"image":{"@id":"https:\/\/www.copealcoy.es\/es\/alcoy-inscribe-registro-la-ermita-la-font-roja\/#primaryimage"},"thumbnailUrl":"https:\/\/www.copealcoy.es\/wp-content\/uploads\/2016\/10\/P1030868-e1476114102426.jpg","datePublished":"2016-10-10T15:41:58+00:00","author":{"@id":"https:\/\/www.copealcoy.es\/es\/#\/schema\/person\/e777c87fa024e57d40170af9df39882c"},"breadcrumb":{"@id":"https:\/\/www.copealcoy.es\/es\/alcoy-inscribe-registro-la-ermita-la-font-roja\/#breadcrumb"},"inLanguage":"es","potentialAction":[{"@type":"ReadAction","target":["https:\/\/www.copealcoy.es\/es\/alcoy-inscribe-registro-la-ermita-la-font-roja\/"]}]},{"@type":"ImageObject","inLanguage":"es","@id":"https:\/\/www.copealcoy.es\/es\/alcoy-inscribe-registro-la-ermita-la-font-roja\/#primaryimage","url":"https:\/\/www.copealcoy.es\/wp-content\/uploads\/2016\/10\/P1030868-e1476114102426.jpg","contentUrl":"https:\/\/www.copealcoy.es\/wp-content\/uploads\/2016\/10\/P1030868-e1476114102426.jpg","width":1584,"height":900},{"@type":"BreadcrumbList","@id":"https:\/\/www.copealcoy.es\/es\/alcoy-inscribe-registro-la-ermita-la-font-roja\/#breadcrumb","itemListElement":[{"@type":"ListItem","position":1,"name":"Portada","item":"https:\/\/www.copealcoy.es\/es\/"},{"@type":"ListItem","position":2,"name":"Alcoy inscribe en el registro la ermita de la Font Roja"}]},{"@type":"WebSite","@id":"https:\/\/www.copealcoy.es\/es\/#website","url":"https:\/\/www.copealcoy.es\/es\/","name":"COPE Alcoy","description":"Emisora COPE de radio local con emisi\u00f3n online. Pont de Sant Jordi 8-10 03803 Alcoy","potentialAction":[{"@type":"SearchAction","target":{"@type":"EntryPoint","urlTemplate":"https:\/\/www.copealcoy.es\/es\/?s={search_term_string}"},"query-input":{"@type":"PropertyValueSpecification","valueRequired":true,"valueName":"search_term_string"}}],"inLanguage":"es"},{"@type":"Person","@id":"https:\/\/www.copealcoy.es\/es\/#\/schema\/person\/e777c87fa024e57d40170af9df39882c","name":"Cope Alcoy","image":{"@type":"ImageObject","inLanguage":"es","@id":"https:\/\/secure.gravatar.com\/avatar\/bb65d0283347e303893ba14f0692005417c1e0e690a325a4c5d8bb2b3943ee14?s=96&d=mm&r=g","url":"https:\/\/secure.gravatar.com\/avatar\/bb65d0283347e303893ba14f0692005417c1e0e690a325a4c5d8bb2b3943ee14?s=96&d=mm&r=g","contentUrl":"https:\/\/secure.gravatar.com\/avatar\/bb65d0283347e303893ba14f0692005417c1e0e690a325a4c5d8bb2b3943ee14?s=96&d=mm&r=g","caption":"Cope Alcoy"}}]}},"_links":{"self":[{"href":"https:\/\/www.copealcoy.es\/es\/wp-json\/wp\/v2\/posts\/25570","targetHints":{"allow":["GET"]}}],"collection":[{"href":"https:\/\/www.copealcoy.es\/es\/wp-json\/wp\/v2\/posts"}],"about":[{"href":"https:\/\/www.copealcoy.es\/es\/wp-json\/wp\/v2\/types\/post"}],"author":[{"embeddable":true,"href":"https:\/\/www.copealcoy.es\/es\/wp-json\/wp\/v2\/users\/1"}],"replies":[{"embeddable":true,"href":"https:\/\/www.copealcoy.es\/es\/wp-json\/wp\/v2\/comments?post=25570"}],"version-history":[{"count":0,"href":"https:\/\/www.copealcoy.es\/es\/wp-json\/wp\/v2\/posts\/25570\/revisions"}],"wp:featuredmedia":[{"embeddable":true,"href":"https:\/\/www.copealcoy.es\/es\/wp-json\/wp\/v2\/media\/25571"}],"wp:attachment":[{"href":"https:\/\/www.copealcoy.es\/es\/wp-json\/wp\/v2\/media?parent=25570"}],"wp:term":[{"taxonomy":"category","embeddable":true,"href":"https:\/\/www.copealcoy.es\/es\/wp-json\/wp\/v2\/categories?post=25570"},{"taxonomy":"post_tag","embeddable":true,"href":"https:\/\/www.copealcoy.es\/es\/wp-json\/wp\/v2\/tags?post=25570"}],"curies":[{"name":"wp","href":"https:\/\/api.w.org\/{rel}","templated":true}]}}