{"id":25463,"date":"2016-10-06T19:37:55","date_gmt":"2016-10-06T19:37:55","guid":{"rendered":"http:\/\/copealcoi.es\/new\/?p=25463"},"modified":"2016-10-06T19:37:55","modified_gmt":"2016-10-06T19:37:55","slug":"la-dependent-recuerda-decimo-aniversario-la-reapertura-del-principal","status":"publish","type":"post","link":"https:\/\/www.copealcoy.es\/es\/la-dependent-recuerda-decimo-aniversario-la-reapertura-del-principal\/","title":{"rendered":"La Dependent recuerda el d\u00e9cimo aniversario de la reapertura del Principal"},"content":{"rendered":"<p style=\"text-align: justify;\">El Teatro Principal de Alcoy cumpli\u00f3 el pasado lunes cuatro de octubre el <strong>d\u00e9cimo aniversario<\/strong> de\u00a0su reapertura tras la \u00faltima reforma realizada. Por este motivo <strong>La Dependent<\/strong>, encargada de su gesti\u00f3n, <strong>sopl\u00f3 unas velas<\/strong> en una tarta simb\u00f3lica para recordar esta particular efem\u00e9ride. Desde la Dependent recuerdan que en todo este tiempo <strong>se han impulsado actividades<\/strong> para todos los alcoyanos <em>&#8220;teatro, m\u00fasica, danza, Tirisiti y mucho m\u00e1s&#8221;<\/em> al mismo tiempo tiempo que destacan la puesta en marcha de la Escuela de Teatro \u00a0del Principal como uno de los principales retos conseguidos. \u00a0Finalmente desde La Dependent dan las gracias <em>&#8220;a todos los que conf\u00edan en nosotros de parte del \u00a0equipo que abre las puertas y enciende las luces. Por estos diez a\u00f1os y los que vendr\u00e1n&#8221;<\/em>.<\/p>\n<p style=\"text-align: justify;\">\n<p>&nbsp;<\/p>\n","protected":false},"excerpt":{"rendered":"<p>El Teatro Principal de Alcoy cumpli\u00f3 el pasado lunes cuatro de octubre el d\u00e9cimo aniversario de\u00a0su reapertura tras la \u00faltima&#8230;<\/p>\n","protected":false},"author":1,"featured_media":25464,"comment_status":"open","ping_status":"open","sticky":false,"template":"","format":"standard","meta":{"footnotes":""},"categories":[97,78,75],"tags":[1494,3061,1773,3062],"class_list":["post-25463","post","type-post","status-publish","format-standard","has-post-thumbnail","hentry","category-alcoy","category-fiestaycultura","category-noticias","tag-alcoy","tag-decimo-aniversario","tag-la-dependent","tag-reapertura-principal"],"yoast_head":"<!-- This site is optimized with the Yoast SEO plugin v27.3 - https:\/\/yoast.com\/product\/yoast-seo-wordpress\/ -->\n<title>La Dependent recuerda el d\u00e9cimo aniversario de la reapertura del Principal - COPE Alcoy<\/title>\n<meta name=\"robots\" content=\"index, follow, max-snippet:-1, max-image-preview:large, max-video-preview:-1\" \/>\n<link rel=\"canonical\" href=\"https:\/\/www.copealcoy.es\/es\/la-dependent-recuerda-decimo-aniversario-la-reapertura-del-principal\/\" \/>\n<meta property=\"og:locale\" content=\"es_ES\" \/>\n<meta property=\"og:type\" content=\"article\" \/>\n<meta property=\"og:title\" content=\"La Dependent recuerda el d\u00e9cimo aniversario de la reapertura del Principal - COPE Alcoy\" \/>\n<meta property=\"og:description\" content=\"El Teatro Principal de Alcoy cumpli\u00f3 el pasado lunes cuatro de octubre el d\u00e9cimo aniversario de\u00a0su reapertura tras la \u00faltima...\" \/>\n<meta property=\"og:url\" content=\"https:\/\/www.copealcoy.es\/es\/la-dependent-recuerda-decimo-aniversario-la-reapertura-del-principal\/\" \/>\n<meta property=\"og:site_name\" content=\"COPE Alcoy\" \/>\n<meta property=\"article:published_time\" content=\"2016-10-06T19:37:55+00:00\" \/>\n<meta property=\"og:image\" content=\"https:\/\/www.copealcoy.es\/wp-content\/uploads\/2016\/10\/Captura-de-pantalla-2016-10-06-a-las-21.35.45-e1475782636346.png\" \/>\n\t<meta property=\"og:image:width\" content=\"730\" \/>\n\t<meta property=\"og:image:height\" content=\"395\" \/>\n\t<meta property=\"og:image:type\" content=\"image\/png\" \/>\n<meta name=\"author\" content=\"Cope Alcoy\" \/>\n<meta name=\"twitter:label1\" content=\"Escrito por\" \/>\n\t<meta name=\"twitter:data1\" content=\"Cope Alcoy\" \/>\n\t<meta name=\"twitter:label2\" content=\"Tiempo de lectura\" \/>\n\t<meta name=\"twitter:data2\" content=\"1 minuto\" \/>\n<script type=\"application\/ld+json\" class=\"yoast-schema-graph\">{\"@context\":\"https:\\\/\\\/schema.org\",\"@graph\":[{\"@type\":\"Article\",\"@id\":\"https:\\\/\\\/www.copealcoy.es\\\/es\\\/la-dependent-recuerda-decimo-aniversario-la-reapertura-del-principal\\\/#article\",\"isPartOf\":{\"@id\":\"https:\\\/\\\/www.copealcoy.es\\\/es\\\/la-dependent-recuerda-decimo-aniversario-la-reapertura-del-principal\\\/\"},\"author\":{\"name\":\"Cope Alcoy\",\"@id\":\"https:\\\/\\\/www.copealcoy.es\\\/es\\\/#\\\/schema\\\/person\\\/e777c87fa024e57d40170af9df39882c\"},\"headline\":\"La Dependent recuerda el d\u00e9cimo aniversario de la reapertura del Principal\",\"datePublished\":\"2016-10-06T19:37:55+00:00\",\"mainEntityOfPage\":{\"@id\":\"https:\\\/\\\/www.copealcoy.es\\\/es\\\/la-dependent-recuerda-decimo-aniversario-la-reapertura-del-principal\\\/\"},\"wordCount\":148,\"commentCount\":0,\"image\":{\"@id\":\"https:\\\/\\\/www.copealcoy.es\\\/es\\\/la-dependent-recuerda-decimo-aniversario-la-reapertura-del-principal\\\/#primaryimage\"},\"thumbnailUrl\":\"https:\\\/\\\/www.copealcoy.es\\\/wp-content\\\/uploads\\\/2016\\\/10\\\/Captura-de-pantalla-2016-10-06-a-las-21.35.45-e1475782636346.png\",\"keywords\":[\"Alcoy\",\"d\u00e9cimo aniversario\",\"La Dependent\",\"reapertura Principal\"],\"articleSection\":[\"Alcoy\",\"Fiesta y Cultura\",\"Noticias\"],\"inLanguage\":\"es\"},{\"@type\":\"WebPage\",\"@id\":\"https:\\\/\\\/www.copealcoy.es\\\/es\\\/la-dependent-recuerda-decimo-aniversario-la-reapertura-del-principal\\\/\",\"url\":\"https:\\\/\\\/www.copealcoy.es\\\/es\\\/la-dependent-recuerda-decimo-aniversario-la-reapertura-del-principal\\\/\",\"name\":\"La Dependent recuerda el d\u00e9cimo aniversario de la reapertura del Principal - COPE Alcoy\",\"isPartOf\":{\"@id\":\"https:\\\/\\\/www.copealcoy.es\\\/es\\\/#website\"},\"primaryImageOfPage\":{\"@id\":\"https:\\\/\\\/www.copealcoy.es\\\/es\\\/la-dependent-recuerda-decimo-aniversario-la-reapertura-del-principal\\\/#primaryimage\"},\"image\":{\"@id\":\"https:\\\/\\\/www.copealcoy.es\\\/es\\\/la-dependent-recuerda-decimo-aniversario-la-reapertura-del-principal\\\/#primaryimage\"},\"thumbnailUrl\":\"https:\\\/\\\/www.copealcoy.es\\\/wp-content\\\/uploads\\\/2016\\\/10\\\/Captura-de-pantalla-2016-10-06-a-las-21.35.45-e1475782636346.png\",\"datePublished\":\"2016-10-06T19:37:55+00:00\",\"author\":{\"@id\":\"https:\\\/\\\/www.copealcoy.es\\\/es\\\/#\\\/schema\\\/person\\\/e777c87fa024e57d40170af9df39882c\"},\"breadcrumb\":{\"@id\":\"https:\\\/\\\/www.copealcoy.es\\\/es\\\/la-dependent-recuerda-decimo-aniversario-la-reapertura-del-principal\\\/#breadcrumb\"},\"inLanguage\":\"es\",\"potentialAction\":[{\"@type\":\"ReadAction\",\"target\":[\"https:\\\/\\\/www.copealcoy.es\\\/es\\\/la-dependent-recuerda-decimo-aniversario-la-reapertura-del-principal\\\/\"]}]},{\"@type\":\"ImageObject\",\"inLanguage\":\"es\",\"@id\":\"https:\\\/\\\/www.copealcoy.es\\\/es\\\/la-dependent-recuerda-decimo-aniversario-la-reapertura-del-principal\\\/#primaryimage\",\"url\":\"https:\\\/\\\/www.copealcoy.es\\\/wp-content\\\/uploads\\\/2016\\\/10\\\/Captura-de-pantalla-2016-10-06-a-las-21.35.45-e1475782636346.png\",\"contentUrl\":\"https:\\\/\\\/www.copealcoy.es\\\/wp-content\\\/uploads\\\/2016\\\/10\\\/Captura-de-pantalla-2016-10-06-a-las-21.35.45-e1475782636346.png\",\"width\":730,\"height\":395,\"caption\":\"La Dependent conmemor\u00f3 los diez a\u00f1os de reapertura del Principal\"},{\"@type\":\"BreadcrumbList\",\"@id\":\"https:\\\/\\\/www.copealcoy.es\\\/es\\\/la-dependent-recuerda-decimo-aniversario-la-reapertura-del-principal\\\/#breadcrumb\",\"itemListElement\":[{\"@type\":\"ListItem\",\"position\":1,\"name\":\"Portada\",\"item\":\"https:\\\/\\\/www.copealcoy.es\\\/es\\\/\"},{\"@type\":\"ListItem\",\"position\":2,\"name\":\"La Dependent recuerda el d\u00e9cimo aniversario de la reapertura del Principal\"}]},{\"@type\":\"WebSite\",\"@id\":\"https:\\\/\\\/www.copealcoy.es\\\/es\\\/#website\",\"url\":\"https:\\\/\\\/www.copealcoy.es\\\/es\\\/\",\"name\":\"COPE Alcoy\",\"description\":\"Emisora COPE de radio local con emisi\u00f3n online. Pont de Sant Jordi 8-10 03803 Alcoy\",\"potentialAction\":[{\"@type\":\"SearchAction\",\"target\":{\"@type\":\"EntryPoint\",\"urlTemplate\":\"https:\\\/\\\/www.copealcoy.es\\\/es\\\/?s={search_term_string}\"},\"query-input\":{\"@type\":\"PropertyValueSpecification\",\"valueRequired\":true,\"valueName\":\"search_term_string\"}}],\"inLanguage\":\"es\"},{\"@type\":\"Person\",\"@id\":\"https:\\\/\\\/www.copealcoy.es\\\/es\\\/#\\\/schema\\\/person\\\/e777c87fa024e57d40170af9df39882c\",\"name\":\"Cope Alcoy\",\"image\":{\"@type\":\"ImageObject\",\"inLanguage\":\"es\",\"@id\":\"https:\\\/\\\/secure.gravatar.com\\\/avatar\\\/bb65d0283347e303893ba14f0692005417c1e0e690a325a4c5d8bb2b3943ee14?s=96&d=mm&r=g\",\"url\":\"https:\\\/\\\/secure.gravatar.com\\\/avatar\\\/bb65d0283347e303893ba14f0692005417c1e0e690a325a4c5d8bb2b3943ee14?s=96&d=mm&r=g\",\"contentUrl\":\"https:\\\/\\\/secure.gravatar.com\\\/avatar\\\/bb65d0283347e303893ba14f0692005417c1e0e690a325a4c5d8bb2b3943ee14?s=96&d=mm&r=g\",\"caption\":\"Cope Alcoy\"}}]}<\/script>\n<!-- \/ Yoast SEO plugin. -->","yoast_head_json":{"title":"La Dependent recuerda el d\u00e9cimo aniversario de la reapertura del Principal - COPE Alcoy","robots":{"index":"index","follow":"follow","max-snippet":"max-snippet:-1","max-image-preview":"max-image-preview:large","max-video-preview":"max-video-preview:-1"},"canonical":"https:\/\/www.copealcoy.es\/es\/la-dependent-recuerda-decimo-aniversario-la-reapertura-del-principal\/","og_locale":"es_ES","og_type":"article","og_title":"La Dependent recuerda el d\u00e9cimo aniversario de la reapertura del Principal - COPE Alcoy","og_description":"El Teatro Principal de Alcoy cumpli\u00f3 el pasado lunes cuatro de octubre el d\u00e9cimo aniversario de\u00a0su reapertura tras la \u00faltima...","og_url":"https:\/\/www.copealcoy.es\/es\/la-dependent-recuerda-decimo-aniversario-la-reapertura-del-principal\/","og_site_name":"COPE Alcoy","article_published_time":"2016-10-06T19:37:55+00:00","og_image":[{"width":730,"height":395,"url":"https:\/\/www.copealcoy.es\/wp-content\/uploads\/2016\/10\/Captura-de-pantalla-2016-10-06-a-las-21.35.45-e1475782636346.png","type":"image\/png"}],"author":"Cope Alcoy","twitter_misc":{"Escrito por":"Cope Alcoy","Tiempo de lectura":"1 minuto"},"schema":{"@context":"https:\/\/schema.org","@graph":[{"@type":"Article","@id":"https:\/\/www.copealcoy.es\/es\/la-dependent-recuerda-decimo-aniversario-la-reapertura-del-principal\/#article","isPartOf":{"@id":"https:\/\/www.copealcoy.es\/es\/la-dependent-recuerda-decimo-aniversario-la-reapertura-del-principal\/"},"author":{"name":"Cope Alcoy","@id":"https:\/\/www.copealcoy.es\/es\/#\/schema\/person\/e777c87fa024e57d40170af9df39882c"},"headline":"La Dependent recuerda el d\u00e9cimo aniversario de la reapertura del Principal","datePublished":"2016-10-06T19:37:55+00:00","mainEntityOfPage":{"@id":"https:\/\/www.copealcoy.es\/es\/la-dependent-recuerda-decimo-aniversario-la-reapertura-del-principal\/"},"wordCount":148,"commentCount":0,"image":{"@id":"https:\/\/www.copealcoy.es\/es\/la-dependent-recuerda-decimo-aniversario-la-reapertura-del-principal\/#primaryimage"},"thumbnailUrl":"https:\/\/www.copealcoy.es\/wp-content\/uploads\/2016\/10\/Captura-de-pantalla-2016-10-06-a-las-21.35.45-e1475782636346.png","keywords":["Alcoy","d\u00e9cimo aniversario","La Dependent","reapertura Principal"],"articleSection":["Alcoy","Fiesta y Cultura","Noticias"],"inLanguage":"es"},{"@type":"WebPage","@id":"https:\/\/www.copealcoy.es\/es\/la-dependent-recuerda-decimo-aniversario-la-reapertura-del-principal\/","url":"https:\/\/www.copealcoy.es\/es\/la-dependent-recuerda-decimo-aniversario-la-reapertura-del-principal\/","name":"La Dependent recuerda el d\u00e9cimo aniversario de la reapertura del Principal - COPE Alcoy","isPartOf":{"@id":"https:\/\/www.copealcoy.es\/es\/#website"},"primaryImageOfPage":{"@id":"https:\/\/www.copealcoy.es\/es\/la-dependent-recuerda-decimo-aniversario-la-reapertura-del-principal\/#primaryimage"},"image":{"@id":"https:\/\/www.copealcoy.es\/es\/la-dependent-recuerda-decimo-aniversario-la-reapertura-del-principal\/#primaryimage"},"thumbnailUrl":"https:\/\/www.copealcoy.es\/wp-content\/uploads\/2016\/10\/Captura-de-pantalla-2016-10-06-a-las-21.35.45-e1475782636346.png","datePublished":"2016-10-06T19:37:55+00:00","author":{"@id":"https:\/\/www.copealcoy.es\/es\/#\/schema\/person\/e777c87fa024e57d40170af9df39882c"},"breadcrumb":{"@id":"https:\/\/www.copealcoy.es\/es\/la-dependent-recuerda-decimo-aniversario-la-reapertura-del-principal\/#breadcrumb"},"inLanguage":"es","potentialAction":[{"@type":"ReadAction","target":["https:\/\/www.copealcoy.es\/es\/la-dependent-recuerda-decimo-aniversario-la-reapertura-del-principal\/"]}]},{"@type":"ImageObject","inLanguage":"es","@id":"https:\/\/www.copealcoy.es\/es\/la-dependent-recuerda-decimo-aniversario-la-reapertura-del-principal\/#primaryimage","url":"https:\/\/www.copealcoy.es\/wp-content\/uploads\/2016\/10\/Captura-de-pantalla-2016-10-06-a-las-21.35.45-e1475782636346.png","contentUrl":"https:\/\/www.copealcoy.es\/wp-content\/uploads\/2016\/10\/Captura-de-pantalla-2016-10-06-a-las-21.35.45-e1475782636346.png","width":730,"height":395,"caption":"La Dependent conmemor\u00f3 los diez a\u00f1os de reapertura del Principal"},{"@type":"BreadcrumbList","@id":"https:\/\/www.copealcoy.es\/es\/la-dependent-recuerda-decimo-aniversario-la-reapertura-del-principal\/#breadcrumb","itemListElement":[{"@type":"ListItem","position":1,"name":"Portada","item":"https:\/\/www.copealcoy.es\/es\/"},{"@type":"ListItem","position":2,"name":"La Dependent recuerda el d\u00e9cimo aniversario de la reapertura del Principal"}]},{"@type":"WebSite","@id":"https:\/\/www.copealcoy.es\/es\/#website","url":"https:\/\/www.copealcoy.es\/es\/","name":"COPE Alcoy","description":"Emisora COPE de radio local con emisi\u00f3n online. Pont de Sant Jordi 8-10 03803 Alcoy","potentialAction":[{"@type":"SearchAction","target":{"@type":"EntryPoint","urlTemplate":"https:\/\/www.copealcoy.es\/es\/?s={search_term_string}"},"query-input":{"@type":"PropertyValueSpecification","valueRequired":true,"valueName":"search_term_string"}}],"inLanguage":"es"},{"@type":"Person","@id":"https:\/\/www.copealcoy.es\/es\/#\/schema\/person\/e777c87fa024e57d40170af9df39882c","name":"Cope Alcoy","image":{"@type":"ImageObject","inLanguage":"es","@id":"https:\/\/secure.gravatar.com\/avatar\/bb65d0283347e303893ba14f0692005417c1e0e690a325a4c5d8bb2b3943ee14?s=96&d=mm&r=g","url":"https:\/\/secure.gravatar.com\/avatar\/bb65d0283347e303893ba14f0692005417c1e0e690a325a4c5d8bb2b3943ee14?s=96&d=mm&r=g","contentUrl":"https:\/\/secure.gravatar.com\/avatar\/bb65d0283347e303893ba14f0692005417c1e0e690a325a4c5d8bb2b3943ee14?s=96&d=mm&r=g","caption":"Cope Alcoy"}}]}},"_links":{"self":[{"href":"https:\/\/www.copealcoy.es\/es\/wp-json\/wp\/v2\/posts\/25463","targetHints":{"allow":["GET"]}}],"collection":[{"href":"https:\/\/www.copealcoy.es\/es\/wp-json\/wp\/v2\/posts"}],"about":[{"href":"https:\/\/www.copealcoy.es\/es\/wp-json\/wp\/v2\/types\/post"}],"author":[{"embeddable":true,"href":"https:\/\/www.copealcoy.es\/es\/wp-json\/wp\/v2\/users\/1"}],"replies":[{"embeddable":true,"href":"https:\/\/www.copealcoy.es\/es\/wp-json\/wp\/v2\/comments?post=25463"}],"version-history":[{"count":0,"href":"https:\/\/www.copealcoy.es\/es\/wp-json\/wp\/v2\/posts\/25463\/revisions"}],"wp:featuredmedia":[{"embeddable":true,"href":"https:\/\/www.copealcoy.es\/es\/wp-json\/wp\/v2\/media\/25464"}],"wp:attachment":[{"href":"https:\/\/www.copealcoy.es\/es\/wp-json\/wp\/v2\/media?parent=25463"}],"wp:term":[{"taxonomy":"category","embeddable":true,"href":"https:\/\/www.copealcoy.es\/es\/wp-json\/wp\/v2\/categories?post=25463"},{"taxonomy":"post_tag","embeddable":true,"href":"https:\/\/www.copealcoy.es\/es\/wp-json\/wp\/v2\/tags?post=25463"}],"curies":[{"name":"wp","href":"https:\/\/api.w.org\/{rel}","templated":true}]}}