{"id":25439,"date":"2016-10-04T21:25:37","date_gmt":"2016-10-04T21:25:37","guid":{"rendered":"http:\/\/copealcoi.es\/new\/?p=25439"},"modified":"2016-10-05T21:47:34","modified_gmt":"2016-10-05T21:47:34","slug":"consell-destina-15-millones-la-participacion-empresas-ferias-internacionales","status":"publish","type":"post","link":"https:\/\/www.copealcoy.es\/es\/consell-destina-15-millones-la-participacion-empresas-ferias-internacionales\/","title":{"rendered":"El Consell destina 1\u00b45 millones para la participaci\u00f3n de empresas en ferias internacionales"},"content":{"rendered":"<p style=\"text-align: justify;\">El Conseller de Econom\u00eda Sostenible y Sectores Productivos, <strong>Rafael Climent<\/strong>, ha inaugurado hoy las instalaciones de la nueva empresa <strong>IML Solutions de Ibi<\/strong> y tambi\u00e9n ha visitado en Alcoy la firma <strong>Cauchos Verd\u00fa<\/strong> del Grupo Soledad.<\/p>\n<p style=\"text-align: justify;\">Climent ha indicado que las empresas que lo deseen ya pueden optar a las <strong>ayudas de apoyo a la participaci\u00f3n en ferias internacionales<\/strong> hasta el pr\u00f3ximo 8 de octubre, unas subvenciones para las que el Consell ha destinado 1\u00b45 millones de euros. Estas se complementar\u00e1n con las que publicar\u00e1 el IVACE antes de final de a\u00f1o y que ir\u00e1n a parar al desarrollo de los planes de internacionalizaci\u00f3n de las empresas con 5 millones de euros.<\/p>\n<p style=\"text-align: justify;\">El titular de Econom\u00eda ha destacado tambi\u00e9n que desde su departamento se apuesta por\u00a0la <strong>internacionalizaci\u00f3n de las empresas valencianas<\/strong> a trav\u00e9s de IVACE Internacional y la DG de Internacionalizaci\u00f3n \u00a0<em>&#8220;uno de los recursos que ponemos a disposici\u00f3n de las empresas son las ayudas econ\u00f3micas para facilitar su salida al exterior. Ahora est\u00e1 abierto\u00a0 el plazo de la orden de la DG de Internacionalizaci\u00f3n con la que apoyamos la participaci\u00f3n en las principales ferias\u00a0 internacionales cuenta con 1&#8217;5 millones de euros y cuyo plazo termina el pr\u00f3ximo 8 de octubre\u201d<\/em>, detall\u00f3.<\/p>\n<p style=\"text-align: justify;\">Por \u00faltimo el Conseller Climent expres\u00f3 el apoyo de la administraci\u00f3n <em>&#8220;para\u00a0sacar el mayor rendimiento a las herramientas con las que contamos, apoyar a las empresas y facilitar su d\u00eda a d\u00eda as\u00ed como\u00a0 generar un ambiente de tranquilidad y confianza para que puedan ampliar sus naves, su producci\u00f3n, sus redes en el exterior y para que puedan generar riqueza y puestos de trabajo<\/em>&#8220;, concluy\u00f3.<\/p>\n<p style=\"text-align: justify;\">\n","protected":false},"excerpt":{"rendered":"<p>El Conseller de Econom\u00eda Sostenible y Sectores Productivos, Rafael Climent, ha inaugurado hoy las instalaciones de la nueva empresa IML&#8230;<\/p>\n","protected":false},"author":1,"featured_media":25440,"comment_status":"open","ping_status":"open","sticky":false,"template":"","format":"standard","meta":{"footnotes":""},"categories":[97,75,79],"tags":[3047,479,3049,2760,3050,3051,3048],"class_list":["post-25439","post","type-post","status-publish","format-standard","has-post-thumbnail","hentry","category-alcoy","category-noticias","category-politicayeconomia","tag-15-millones","tag-consell","tag-de-empresas","tag-destina","tag-en-ferias","tag-internacionales","tag-para-la-participacion"],"yoast_head":"<!-- This site is optimized with the Yoast SEO plugin v27.3 - https:\/\/yoast.com\/product\/yoast-seo-wordpress\/ -->\n<title>El Consell destina 1\u00b45 millones para la participaci\u00f3n de empresas en ferias internacionales - COPE Alcoy<\/title>\n<meta name=\"robots\" content=\"index, follow, max-snippet:-1, max-image-preview:large, max-video-preview:-1\" \/>\n<link rel=\"canonical\" href=\"https:\/\/www.copealcoy.es\/es\/consell-destina-15-millones-la-participacion-empresas-ferias-internacionales\/\" \/>\n<meta property=\"og:locale\" content=\"es_ES\" \/>\n<meta property=\"og:type\" content=\"article\" \/>\n<meta property=\"og:title\" content=\"El Consell destina 1\u00b45 millones para la participaci\u00f3n de empresas en ferias internacionales - COPE Alcoy\" \/>\n<meta property=\"og:description\" content=\"El Conseller de Econom\u00eda Sostenible y Sectores Productivos, Rafael Climent, ha inaugurado hoy las instalaciones de la nueva empresa IML...\" \/>\n<meta property=\"og:url\" content=\"https:\/\/www.copealcoy.es\/es\/consell-destina-15-millones-la-participacion-empresas-ferias-internacionales\/\" \/>\n<meta property=\"og:site_name\" content=\"COPE Alcoy\" \/>\n<meta property=\"article:published_time\" content=\"2016-10-04T21:25:37+00:00\" \/>\n<meta property=\"article:modified_time\" content=\"2016-10-05T21:47:34+00:00\" \/>\n<meta property=\"og:image\" content=\"https:\/\/www.copealcoy.es\/wp-content\/uploads\/2016\/10\/img_31427.jpg\" \/>\n\t<meta property=\"og:image:width\" content=\"670\" \/>\n\t<meta property=\"og:image:height\" content=\"377\" \/>\n\t<meta property=\"og:image:type\" content=\"image\/jpeg\" \/>\n<meta name=\"author\" content=\"Cope Alcoy\" \/>\n<meta name=\"twitter:label1\" content=\"Escrito por\" \/>\n\t<meta name=\"twitter:data1\" content=\"Cope Alcoy\" \/>\n\t<meta name=\"twitter:label2\" content=\"Tiempo de lectura\" \/>\n\t<meta name=\"twitter:data2\" content=\"1 minuto\" \/>\n<script type=\"application\/ld+json\" class=\"yoast-schema-graph\">{\"@context\":\"https:\\\/\\\/schema.org\",\"@graph\":[{\"@type\":\"Article\",\"@id\":\"https:\\\/\\\/www.copealcoy.es\\\/es\\\/consell-destina-15-millones-la-participacion-empresas-ferias-internacionales\\\/#article\",\"isPartOf\":{\"@id\":\"https:\\\/\\\/www.copealcoy.es\\\/es\\\/consell-destina-15-millones-la-participacion-empresas-ferias-internacionales\\\/\"},\"author\":{\"name\":\"Cope Alcoy\",\"@id\":\"https:\\\/\\\/www.copealcoy.es\\\/es\\\/#\\\/schema\\\/person\\\/e777c87fa024e57d40170af9df39882c\"},\"headline\":\"El Consell destina 1\u00b45 millones para la participaci\u00f3n de empresas en ferias internacionales\",\"datePublished\":\"2016-10-04T21:25:37+00:00\",\"dateModified\":\"2016-10-05T21:47:34+00:00\",\"mainEntityOfPage\":{\"@id\":\"https:\\\/\\\/www.copealcoy.es\\\/es\\\/consell-destina-15-millones-la-participacion-empresas-ferias-internacionales\\\/\"},\"wordCount\":299,\"commentCount\":0,\"image\":{\"@id\":\"https:\\\/\\\/www.copealcoy.es\\\/es\\\/consell-destina-15-millones-la-participacion-empresas-ferias-internacionales\\\/#primaryimage\"},\"thumbnailUrl\":\"https:\\\/\\\/www.copealcoy.es\\\/wp-content\\\/uploads\\\/2016\\\/10\\\/img_31427.jpg\",\"keywords\":[\"1\u00b45 millones\",\"Consell\",\"de empresas\",\"destina\",\"en ferias\",\"internacionales\",\"para la participaci\u00f3n\"],\"articleSection\":[\"Alcoy\",\"Noticias\",\"Pol\u00edtica y Econom\u00eda\"],\"inLanguage\":\"es\"},{\"@type\":\"WebPage\",\"@id\":\"https:\\\/\\\/www.copealcoy.es\\\/es\\\/consell-destina-15-millones-la-participacion-empresas-ferias-internacionales\\\/\",\"url\":\"https:\\\/\\\/www.copealcoy.es\\\/es\\\/consell-destina-15-millones-la-participacion-empresas-ferias-internacionales\\\/\",\"name\":\"El Consell destina 1\u00b45 millones para la participaci\u00f3n de empresas en ferias internacionales - COPE Alcoy\",\"isPartOf\":{\"@id\":\"https:\\\/\\\/www.copealcoy.es\\\/es\\\/#website\"},\"primaryImageOfPage\":{\"@id\":\"https:\\\/\\\/www.copealcoy.es\\\/es\\\/consell-destina-15-millones-la-participacion-empresas-ferias-internacionales\\\/#primaryimage\"},\"image\":{\"@id\":\"https:\\\/\\\/www.copealcoy.es\\\/es\\\/consell-destina-15-millones-la-participacion-empresas-ferias-internacionales\\\/#primaryimage\"},\"thumbnailUrl\":\"https:\\\/\\\/www.copealcoy.es\\\/wp-content\\\/uploads\\\/2016\\\/10\\\/img_31427.jpg\",\"datePublished\":\"2016-10-04T21:25:37+00:00\",\"dateModified\":\"2016-10-05T21:47:34+00:00\",\"author\":{\"@id\":\"https:\\\/\\\/www.copealcoy.es\\\/es\\\/#\\\/schema\\\/person\\\/e777c87fa024e57d40170af9df39882c\"},\"breadcrumb\":{\"@id\":\"https:\\\/\\\/www.copealcoy.es\\\/es\\\/consell-destina-15-millones-la-participacion-empresas-ferias-internacionales\\\/#breadcrumb\"},\"inLanguage\":\"es\",\"potentialAction\":[{\"@type\":\"ReadAction\",\"target\":[\"https:\\\/\\\/www.copealcoy.es\\\/es\\\/consell-destina-15-millones-la-participacion-empresas-ferias-internacionales\\\/\"]}]},{\"@type\":\"ImageObject\",\"inLanguage\":\"es\",\"@id\":\"https:\\\/\\\/www.copealcoy.es\\\/es\\\/consell-destina-15-millones-la-participacion-empresas-ferias-internacionales\\\/#primaryimage\",\"url\":\"https:\\\/\\\/www.copealcoy.es\\\/wp-content\\\/uploads\\\/2016\\\/10\\\/img_31427.jpg\",\"contentUrl\":\"https:\\\/\\\/www.copealcoy.es\\\/wp-content\\\/uploads\\\/2016\\\/10\\\/img_31427.jpg\",\"width\":670,\"height\":377},{\"@type\":\"BreadcrumbList\",\"@id\":\"https:\\\/\\\/www.copealcoy.es\\\/es\\\/consell-destina-15-millones-la-participacion-empresas-ferias-internacionales\\\/#breadcrumb\",\"itemListElement\":[{\"@type\":\"ListItem\",\"position\":1,\"name\":\"Portada\",\"item\":\"https:\\\/\\\/www.copealcoy.es\\\/es\\\/\"},{\"@type\":\"ListItem\",\"position\":2,\"name\":\"El Consell destina 1\u00b45 millones para la participaci\u00f3n de empresas en ferias internacionales\"}]},{\"@type\":\"WebSite\",\"@id\":\"https:\\\/\\\/www.copealcoy.es\\\/es\\\/#website\",\"url\":\"https:\\\/\\\/www.copealcoy.es\\\/es\\\/\",\"name\":\"COPE Alcoy\",\"description\":\"Emisora COPE de radio local con emisi\u00f3n online. Pont de Sant Jordi 8-10 03803 Alcoy\",\"potentialAction\":[{\"@type\":\"SearchAction\",\"target\":{\"@type\":\"EntryPoint\",\"urlTemplate\":\"https:\\\/\\\/www.copealcoy.es\\\/es\\\/?s={search_term_string}\"},\"query-input\":{\"@type\":\"PropertyValueSpecification\",\"valueRequired\":true,\"valueName\":\"search_term_string\"}}],\"inLanguage\":\"es\"},{\"@type\":\"Person\",\"@id\":\"https:\\\/\\\/www.copealcoy.es\\\/es\\\/#\\\/schema\\\/person\\\/e777c87fa024e57d40170af9df39882c\",\"name\":\"Cope Alcoy\",\"image\":{\"@type\":\"ImageObject\",\"inLanguage\":\"es\",\"@id\":\"https:\\\/\\\/secure.gravatar.com\\\/avatar\\\/bb65d0283347e303893ba14f0692005417c1e0e690a325a4c5d8bb2b3943ee14?s=96&d=mm&r=g\",\"url\":\"https:\\\/\\\/secure.gravatar.com\\\/avatar\\\/bb65d0283347e303893ba14f0692005417c1e0e690a325a4c5d8bb2b3943ee14?s=96&d=mm&r=g\",\"contentUrl\":\"https:\\\/\\\/secure.gravatar.com\\\/avatar\\\/bb65d0283347e303893ba14f0692005417c1e0e690a325a4c5d8bb2b3943ee14?s=96&d=mm&r=g\",\"caption\":\"Cope Alcoy\"}}]}<\/script>\n<!-- \/ Yoast SEO plugin. -->","yoast_head_json":{"title":"El Consell destina 1\u00b45 millones para la participaci\u00f3n de empresas en ferias internacionales - COPE Alcoy","robots":{"index":"index","follow":"follow","max-snippet":"max-snippet:-1","max-image-preview":"max-image-preview:large","max-video-preview":"max-video-preview:-1"},"canonical":"https:\/\/www.copealcoy.es\/es\/consell-destina-15-millones-la-participacion-empresas-ferias-internacionales\/","og_locale":"es_ES","og_type":"article","og_title":"El Consell destina 1\u00b45 millones para la participaci\u00f3n de empresas en ferias internacionales - COPE Alcoy","og_description":"El Conseller de Econom\u00eda Sostenible y Sectores Productivos, Rafael Climent, ha inaugurado hoy las instalaciones de la nueva empresa IML...","og_url":"https:\/\/www.copealcoy.es\/es\/consell-destina-15-millones-la-participacion-empresas-ferias-internacionales\/","og_site_name":"COPE Alcoy","article_published_time":"2016-10-04T21:25:37+00:00","article_modified_time":"2016-10-05T21:47:34+00:00","og_image":[{"width":670,"height":377,"url":"https:\/\/www.copealcoy.es\/wp-content\/uploads\/2016\/10\/img_31427.jpg","type":"image\/jpeg"}],"author":"Cope Alcoy","twitter_misc":{"Escrito por":"Cope Alcoy","Tiempo de lectura":"1 minuto"},"schema":{"@context":"https:\/\/schema.org","@graph":[{"@type":"Article","@id":"https:\/\/www.copealcoy.es\/es\/consell-destina-15-millones-la-participacion-empresas-ferias-internacionales\/#article","isPartOf":{"@id":"https:\/\/www.copealcoy.es\/es\/consell-destina-15-millones-la-participacion-empresas-ferias-internacionales\/"},"author":{"name":"Cope Alcoy","@id":"https:\/\/www.copealcoy.es\/es\/#\/schema\/person\/e777c87fa024e57d40170af9df39882c"},"headline":"El Consell destina 1\u00b45 millones para la participaci\u00f3n de empresas en ferias internacionales","datePublished":"2016-10-04T21:25:37+00:00","dateModified":"2016-10-05T21:47:34+00:00","mainEntityOfPage":{"@id":"https:\/\/www.copealcoy.es\/es\/consell-destina-15-millones-la-participacion-empresas-ferias-internacionales\/"},"wordCount":299,"commentCount":0,"image":{"@id":"https:\/\/www.copealcoy.es\/es\/consell-destina-15-millones-la-participacion-empresas-ferias-internacionales\/#primaryimage"},"thumbnailUrl":"https:\/\/www.copealcoy.es\/wp-content\/uploads\/2016\/10\/img_31427.jpg","keywords":["1\u00b45 millones","Consell","de empresas","destina","en ferias","internacionales","para la participaci\u00f3n"],"articleSection":["Alcoy","Noticias","Pol\u00edtica y Econom\u00eda"],"inLanguage":"es"},{"@type":"WebPage","@id":"https:\/\/www.copealcoy.es\/es\/consell-destina-15-millones-la-participacion-empresas-ferias-internacionales\/","url":"https:\/\/www.copealcoy.es\/es\/consell-destina-15-millones-la-participacion-empresas-ferias-internacionales\/","name":"El Consell destina 1\u00b45 millones para la participaci\u00f3n de empresas en ferias internacionales - COPE Alcoy","isPartOf":{"@id":"https:\/\/www.copealcoy.es\/es\/#website"},"primaryImageOfPage":{"@id":"https:\/\/www.copealcoy.es\/es\/consell-destina-15-millones-la-participacion-empresas-ferias-internacionales\/#primaryimage"},"image":{"@id":"https:\/\/www.copealcoy.es\/es\/consell-destina-15-millones-la-participacion-empresas-ferias-internacionales\/#primaryimage"},"thumbnailUrl":"https:\/\/www.copealcoy.es\/wp-content\/uploads\/2016\/10\/img_31427.jpg","datePublished":"2016-10-04T21:25:37+00:00","dateModified":"2016-10-05T21:47:34+00:00","author":{"@id":"https:\/\/www.copealcoy.es\/es\/#\/schema\/person\/e777c87fa024e57d40170af9df39882c"},"breadcrumb":{"@id":"https:\/\/www.copealcoy.es\/es\/consell-destina-15-millones-la-participacion-empresas-ferias-internacionales\/#breadcrumb"},"inLanguage":"es","potentialAction":[{"@type":"ReadAction","target":["https:\/\/www.copealcoy.es\/es\/consell-destina-15-millones-la-participacion-empresas-ferias-internacionales\/"]}]},{"@type":"ImageObject","inLanguage":"es","@id":"https:\/\/www.copealcoy.es\/es\/consell-destina-15-millones-la-participacion-empresas-ferias-internacionales\/#primaryimage","url":"https:\/\/www.copealcoy.es\/wp-content\/uploads\/2016\/10\/img_31427.jpg","contentUrl":"https:\/\/www.copealcoy.es\/wp-content\/uploads\/2016\/10\/img_31427.jpg","width":670,"height":377},{"@type":"BreadcrumbList","@id":"https:\/\/www.copealcoy.es\/es\/consell-destina-15-millones-la-participacion-empresas-ferias-internacionales\/#breadcrumb","itemListElement":[{"@type":"ListItem","position":1,"name":"Portada","item":"https:\/\/www.copealcoy.es\/es\/"},{"@type":"ListItem","position":2,"name":"El Consell destina 1\u00b45 millones para la participaci\u00f3n de empresas en ferias internacionales"}]},{"@type":"WebSite","@id":"https:\/\/www.copealcoy.es\/es\/#website","url":"https:\/\/www.copealcoy.es\/es\/","name":"COPE Alcoy","description":"Emisora COPE de radio local con emisi\u00f3n online. Pont de Sant Jordi 8-10 03803 Alcoy","potentialAction":[{"@type":"SearchAction","target":{"@type":"EntryPoint","urlTemplate":"https:\/\/www.copealcoy.es\/es\/?s={search_term_string}"},"query-input":{"@type":"PropertyValueSpecification","valueRequired":true,"valueName":"search_term_string"}}],"inLanguage":"es"},{"@type":"Person","@id":"https:\/\/www.copealcoy.es\/es\/#\/schema\/person\/e777c87fa024e57d40170af9df39882c","name":"Cope Alcoy","image":{"@type":"ImageObject","inLanguage":"es","@id":"https:\/\/secure.gravatar.com\/avatar\/bb65d0283347e303893ba14f0692005417c1e0e690a325a4c5d8bb2b3943ee14?s=96&d=mm&r=g","url":"https:\/\/secure.gravatar.com\/avatar\/bb65d0283347e303893ba14f0692005417c1e0e690a325a4c5d8bb2b3943ee14?s=96&d=mm&r=g","contentUrl":"https:\/\/secure.gravatar.com\/avatar\/bb65d0283347e303893ba14f0692005417c1e0e690a325a4c5d8bb2b3943ee14?s=96&d=mm&r=g","caption":"Cope Alcoy"}}]}},"_links":{"self":[{"href":"https:\/\/www.copealcoy.es\/es\/wp-json\/wp\/v2\/posts\/25439","targetHints":{"allow":["GET"]}}],"collection":[{"href":"https:\/\/www.copealcoy.es\/es\/wp-json\/wp\/v2\/posts"}],"about":[{"href":"https:\/\/www.copealcoy.es\/es\/wp-json\/wp\/v2\/types\/post"}],"author":[{"embeddable":true,"href":"https:\/\/www.copealcoy.es\/es\/wp-json\/wp\/v2\/users\/1"}],"replies":[{"embeddable":true,"href":"https:\/\/www.copealcoy.es\/es\/wp-json\/wp\/v2\/comments?post=25439"}],"version-history":[{"count":0,"href":"https:\/\/www.copealcoy.es\/es\/wp-json\/wp\/v2\/posts\/25439\/revisions"}],"wp:featuredmedia":[{"embeddable":true,"href":"https:\/\/www.copealcoy.es\/es\/wp-json\/wp\/v2\/media\/25440"}],"wp:attachment":[{"href":"https:\/\/www.copealcoy.es\/es\/wp-json\/wp\/v2\/media?parent=25439"}],"wp:term":[{"taxonomy":"category","embeddable":true,"href":"https:\/\/www.copealcoy.es\/es\/wp-json\/wp\/v2\/categories?post=25439"},{"taxonomy":"post_tag","embeddable":true,"href":"https:\/\/www.copealcoy.es\/es\/wp-json\/wp\/v2\/tags?post=25439"}],"curies":[{"name":"wp","href":"https:\/\/api.w.org\/{rel}","templated":true}]}}