{"id":25410,"date":"2016-10-05T06:53:00","date_gmt":"2016-10-05T06:53:00","guid":{"rendered":"http:\/\/copealcoi.es\/new\/?p=25410"},"modified":"2016-10-05T06:57:57","modified_gmt":"2016-10-05T06:57:57","slug":"col%c2%b7lectiu-compromis-alerta-del-peligro-cruce-lavinguda-pais-valencia","status":"publish","type":"post","link":"https:\/\/www.copealcoy.es\/es\/col%c2%b7lectiu-compromis-alerta-del-peligro-cruce-lavinguda-pais-valencia\/","title":{"rendered":"Col\u00b7lectiu-Comprom\u00eds alerta del peligro de un cruce de l\u00b4Avinguda Pa\u00eds Valenci\u00e0"},"content":{"rendered":"<p style=\"text-align: justify;\">La coalici\u00f3n <strong>Col\u00b7lectiu 03820-Comprom\u00eds de Cocentaina<\/strong> ha instado al Gobierno Municipal\u00a0a que se adopten medidas para <strong>mejorar la seguridad en l\u00b4Avinguda del Pa\u00eds Valencia<\/strong>. Desde la formaci\u00f3n pol\u00edtica han alertado del <strong>peligro existente<\/strong> en el cruce situado junto al edificio del Patronat y a la altura del Supermercado M\u00e1s y M\u00e1s.<\/p>\n<p style=\"text-align: justify;\">La edil <strong>Paula Figuerola<\/strong> ha explicado al respecto que el paso de peatones existente en este tramo de Pa\u00eds Valencia <em>&#8220;presenta un elevado peligro para la gente, sobre todo personas mayores y ni\u00f1os peque\u00f1os ya que est\u00e1 situado en uno de los accesos habituales al Centro de Salud&#8221;,<\/em> indica. Adem\u00e1s la concejala insiste en la necesidad de adoptar medidas urgentes en el citado\u00a0paso de peatones\u00a0&#8220;<em>es fundamental actuar de inmediato para evitar el peligro y tambi\u00e9n posibles males mayores. Lanzamos esta propuesta para que el Equipo de Gobierno pueda estudiar y solucionar la problem\u00e1tica lo m\u00e1s pronto posible&#8221;<\/em>, concluye.<\/p>\n<p style=\"text-align: justify;\">\n<audio class=\"wp-audio-shortcode\" id=\"audio-25410-1\" preload=\"none\" style=\"width: 100%;\" controls=\"controls\"><source type=\"audio\/mpeg\" src=\"https:\/\/www.copealcoy.es\/wp-content\/uploads\/2016\/10\/Tall-de-veu-Paula-FIguerola.mp3?_=1\" \/><a href=\"https:\/\/www.copealcoy.es\/wp-content\/uploads\/2016\/10\/Tall-de-veu-Paula-FIguerola.mp3\">https:\/\/www.copealcoy.es\/wp-content\/uploads\/2016\/10\/Tall-de-veu-Paula-FIguerola.mp3<\/a><\/audio>\n","protected":false},"excerpt":{"rendered":"<p>La coalici\u00f3n Col\u00b7lectiu 03820-Comprom\u00eds de Cocentaina ha instado al Gobierno Municipal\u00a0a que se adopten medidas para mejorar la seguridad en&#8230;<\/p>\n","protected":false},"author":1,"featured_media":25411,"comment_status":"open","ping_status":"open","sticky":false,"template":"","format":"standard","meta":{"footnotes":""},"categories":[98,75],"tags":[3043,3046,132,610,152,3045,3044],"class_list":["post-25410","post","type-post","status-publish","format-standard","has-post-thumbnail","hentry","category-comarcas","category-noticias","tag-advierte","tag-avinguda-pais-valencia","tag-cocentaina","tag-col-lectiu-03820","tag-compromis","tag-cruce","tag-peligro"],"yoast_head":"<!-- This site is optimized with the Yoast SEO plugin v27.3 - https:\/\/yoast.com\/product\/yoast-seo-wordpress\/ -->\n<title>Col\u00b7lectiu-Comprom\u00eds alerta del peligro de un cruce de l\u00b4Avinguda Pa\u00eds Valenci\u00e0 - COPE Alcoy<\/title>\n<meta name=\"robots\" content=\"index, follow, max-snippet:-1, max-image-preview:large, max-video-preview:-1\" \/>\n<link rel=\"canonical\" href=\"https:\/\/www.copealcoy.es\/es\/col%c2%b7lectiu-compromis-alerta-del-peligro-cruce-lavinguda-pais-valencia\/\" \/>\n<meta property=\"og:locale\" content=\"es_ES\" \/>\n<meta property=\"og:type\" content=\"article\" \/>\n<meta property=\"og:title\" content=\"Col\u00b7lectiu-Comprom\u00eds alerta del peligro de un cruce de l\u00b4Avinguda Pa\u00eds Valenci\u00e0 - COPE Alcoy\" \/>\n<meta property=\"og:description\" content=\"La coalici\u00f3n Col\u00b7lectiu 03820-Comprom\u00eds de Cocentaina ha instado al Gobierno Municipal\u00a0a que se adopten medidas para mejorar la seguridad en...\" \/>\n<meta property=\"og:url\" content=\"https:\/\/www.copealcoy.es\/es\/col%c2%b7lectiu-compromis-alerta-del-peligro-cruce-lavinguda-pais-valencia\/\" \/>\n<meta property=\"og:site_name\" content=\"COPE Alcoy\" \/>\n<meta property=\"article:published_time\" content=\"2016-10-05T06:53:00+00:00\" \/>\n<meta property=\"article:modified_time\" content=\"2016-10-05T06:57:57+00:00\" \/>\n<meta property=\"og:image\" content=\"https:\/\/www.copealcoy.es\/wp-content\/uploads\/2016\/10\/img_31388.jpg\" \/>\n\t<meta property=\"og:image:width\" content=\"670\" \/>\n\t<meta property=\"og:image:height\" content=\"377\" \/>\n\t<meta property=\"og:image:type\" content=\"image\/jpeg\" \/>\n<meta name=\"author\" content=\"Cope Alcoy\" \/>\n<meta name=\"twitter:label1\" content=\"Escrito por\" \/>\n\t<meta name=\"twitter:data1\" content=\"Cope Alcoy\" \/>\n\t<meta name=\"twitter:label2\" content=\"Tiempo de lectura\" \/>\n\t<meta name=\"twitter:data2\" content=\"1 minuto\" \/>\n<script type=\"application\/ld+json\" class=\"yoast-schema-graph\">{\"@context\":\"https:\\\/\\\/schema.org\",\"@graph\":[{\"@type\":\"Article\",\"@id\":\"https:\\\/\\\/www.copealcoy.es\\\/es\\\/col%c2%b7lectiu-compromis-alerta-del-peligro-cruce-lavinguda-pais-valencia\\\/#article\",\"isPartOf\":{\"@id\":\"https:\\\/\\\/www.copealcoy.es\\\/es\\\/col%c2%b7lectiu-compromis-alerta-del-peligro-cruce-lavinguda-pais-valencia\\\/\"},\"author\":{\"name\":\"Cope Alcoy\",\"@id\":\"https:\\\/\\\/www.copealcoy.es\\\/es\\\/#\\\/schema\\\/person\\\/e777c87fa024e57d40170af9df39882c\"},\"headline\":\"Col\u00b7lectiu-Comprom\u00eds alerta del peligro de un cruce de l\u00b4Avinguda Pa\u00eds Valenci\u00e0\",\"datePublished\":\"2016-10-05T06:53:00+00:00\",\"dateModified\":\"2016-10-05T06:57:57+00:00\",\"mainEntityOfPage\":{\"@id\":\"https:\\\/\\\/www.copealcoy.es\\\/es\\\/col%c2%b7lectiu-compromis-alerta-del-peligro-cruce-lavinguda-pais-valencia\\\/\"},\"wordCount\":194,\"commentCount\":0,\"image\":{\"@id\":\"https:\\\/\\\/www.copealcoy.es\\\/es\\\/col%c2%b7lectiu-compromis-alerta-del-peligro-cruce-lavinguda-pais-valencia\\\/#primaryimage\"},\"thumbnailUrl\":\"https:\\\/\\\/www.copealcoy.es\\\/wp-content\\\/uploads\\\/2016\\\/10\\\/img_31388.jpg\",\"keywords\":[\"advierte\",\"Avinguda Pa\u00eds Valenci\u00e0\",\"Cocentaina\",\"Col.lectiu 03820\",\"Comprom\u00eds\",\"cruce\",\"peligro\"],\"articleSection\":[\"Comarcas\",\"Noticias\"],\"inLanguage\":\"es\"},{\"@type\":\"WebPage\",\"@id\":\"https:\\\/\\\/www.copealcoy.es\\\/es\\\/col%c2%b7lectiu-compromis-alerta-del-peligro-cruce-lavinguda-pais-valencia\\\/\",\"url\":\"https:\\\/\\\/www.copealcoy.es\\\/es\\\/col%c2%b7lectiu-compromis-alerta-del-peligro-cruce-lavinguda-pais-valencia\\\/\",\"name\":\"Col\u00b7lectiu-Comprom\u00eds alerta del peligro de un cruce de l\u00b4Avinguda Pa\u00eds Valenci\u00e0 - COPE Alcoy\",\"isPartOf\":{\"@id\":\"https:\\\/\\\/www.copealcoy.es\\\/es\\\/#website\"},\"primaryImageOfPage\":{\"@id\":\"https:\\\/\\\/www.copealcoy.es\\\/es\\\/col%c2%b7lectiu-compromis-alerta-del-peligro-cruce-lavinguda-pais-valencia\\\/#primaryimage\"},\"image\":{\"@id\":\"https:\\\/\\\/www.copealcoy.es\\\/es\\\/col%c2%b7lectiu-compromis-alerta-del-peligro-cruce-lavinguda-pais-valencia\\\/#primaryimage\"},\"thumbnailUrl\":\"https:\\\/\\\/www.copealcoy.es\\\/wp-content\\\/uploads\\\/2016\\\/10\\\/img_31388.jpg\",\"datePublished\":\"2016-10-05T06:53:00+00:00\",\"dateModified\":\"2016-10-05T06:57:57+00:00\",\"author\":{\"@id\":\"https:\\\/\\\/www.copealcoy.es\\\/es\\\/#\\\/schema\\\/person\\\/e777c87fa024e57d40170af9df39882c\"},\"breadcrumb\":{\"@id\":\"https:\\\/\\\/www.copealcoy.es\\\/es\\\/col%c2%b7lectiu-compromis-alerta-del-peligro-cruce-lavinguda-pais-valencia\\\/#breadcrumb\"},\"inLanguage\":\"es\",\"potentialAction\":[{\"@type\":\"ReadAction\",\"target\":[\"https:\\\/\\\/www.copealcoy.es\\\/es\\\/col%c2%b7lectiu-compromis-alerta-del-peligro-cruce-lavinguda-pais-valencia\\\/\"]}]},{\"@type\":\"ImageObject\",\"inLanguage\":\"es\",\"@id\":\"https:\\\/\\\/www.copealcoy.es\\\/es\\\/col%c2%b7lectiu-compromis-alerta-del-peligro-cruce-lavinguda-pais-valencia\\\/#primaryimage\",\"url\":\"https:\\\/\\\/www.copealcoy.es\\\/wp-content\\\/uploads\\\/2016\\\/10\\\/img_31388.jpg\",\"contentUrl\":\"https:\\\/\\\/www.copealcoy.es\\\/wp-content\\\/uploads\\\/2016\\\/10\\\/img_31388.jpg\",\"width\":670,\"height\":377,\"caption\":\"Una imagen del paso de peatones de l\u00b4Avinguda del Pa\u00eds Valenci\u00e0\"},{\"@type\":\"BreadcrumbList\",\"@id\":\"https:\\\/\\\/www.copealcoy.es\\\/es\\\/col%c2%b7lectiu-compromis-alerta-del-peligro-cruce-lavinguda-pais-valencia\\\/#breadcrumb\",\"itemListElement\":[{\"@type\":\"ListItem\",\"position\":1,\"name\":\"Portada\",\"item\":\"https:\\\/\\\/www.copealcoy.es\\\/es\\\/\"},{\"@type\":\"ListItem\",\"position\":2,\"name\":\"Col\u00b7lectiu-Comprom\u00eds alerta del peligro de un cruce de l\u00b4Avinguda Pa\u00eds Valenci\u00e0\"}]},{\"@type\":\"WebSite\",\"@id\":\"https:\\\/\\\/www.copealcoy.es\\\/es\\\/#website\",\"url\":\"https:\\\/\\\/www.copealcoy.es\\\/es\\\/\",\"name\":\"COPE Alcoy\",\"description\":\"Emisora COPE de radio local con emisi\u00f3n online. Pont de Sant Jordi 8-10 03803 Alcoy\",\"potentialAction\":[{\"@type\":\"SearchAction\",\"target\":{\"@type\":\"EntryPoint\",\"urlTemplate\":\"https:\\\/\\\/www.copealcoy.es\\\/es\\\/?s={search_term_string}\"},\"query-input\":{\"@type\":\"PropertyValueSpecification\",\"valueRequired\":true,\"valueName\":\"search_term_string\"}}],\"inLanguage\":\"es\"},{\"@type\":\"Person\",\"@id\":\"https:\\\/\\\/www.copealcoy.es\\\/es\\\/#\\\/schema\\\/person\\\/e777c87fa024e57d40170af9df39882c\",\"name\":\"Cope Alcoy\",\"image\":{\"@type\":\"ImageObject\",\"inLanguage\":\"es\",\"@id\":\"https:\\\/\\\/secure.gravatar.com\\\/avatar\\\/bb65d0283347e303893ba14f0692005417c1e0e690a325a4c5d8bb2b3943ee14?s=96&d=mm&r=g\",\"url\":\"https:\\\/\\\/secure.gravatar.com\\\/avatar\\\/bb65d0283347e303893ba14f0692005417c1e0e690a325a4c5d8bb2b3943ee14?s=96&d=mm&r=g\",\"contentUrl\":\"https:\\\/\\\/secure.gravatar.com\\\/avatar\\\/bb65d0283347e303893ba14f0692005417c1e0e690a325a4c5d8bb2b3943ee14?s=96&d=mm&r=g\",\"caption\":\"Cope Alcoy\"}}]}<\/script>\n<!-- \/ Yoast SEO plugin. -->","yoast_head_json":{"title":"Col\u00b7lectiu-Comprom\u00eds alerta del peligro de un cruce de l\u00b4Avinguda Pa\u00eds Valenci\u00e0 - COPE Alcoy","robots":{"index":"index","follow":"follow","max-snippet":"max-snippet:-1","max-image-preview":"max-image-preview:large","max-video-preview":"max-video-preview:-1"},"canonical":"https:\/\/www.copealcoy.es\/es\/col%c2%b7lectiu-compromis-alerta-del-peligro-cruce-lavinguda-pais-valencia\/","og_locale":"es_ES","og_type":"article","og_title":"Col\u00b7lectiu-Comprom\u00eds alerta del peligro de un cruce de l\u00b4Avinguda Pa\u00eds Valenci\u00e0 - COPE Alcoy","og_description":"La coalici\u00f3n Col\u00b7lectiu 03820-Comprom\u00eds de Cocentaina ha instado al Gobierno Municipal\u00a0a que se adopten medidas para mejorar la seguridad en...","og_url":"https:\/\/www.copealcoy.es\/es\/col%c2%b7lectiu-compromis-alerta-del-peligro-cruce-lavinguda-pais-valencia\/","og_site_name":"COPE Alcoy","article_published_time":"2016-10-05T06:53:00+00:00","article_modified_time":"2016-10-05T06:57:57+00:00","og_image":[{"width":670,"height":377,"url":"https:\/\/www.copealcoy.es\/wp-content\/uploads\/2016\/10\/img_31388.jpg","type":"image\/jpeg"}],"author":"Cope Alcoy","twitter_misc":{"Escrito por":"Cope Alcoy","Tiempo de lectura":"1 minuto"},"schema":{"@context":"https:\/\/schema.org","@graph":[{"@type":"Article","@id":"https:\/\/www.copealcoy.es\/es\/col%c2%b7lectiu-compromis-alerta-del-peligro-cruce-lavinguda-pais-valencia\/#article","isPartOf":{"@id":"https:\/\/www.copealcoy.es\/es\/col%c2%b7lectiu-compromis-alerta-del-peligro-cruce-lavinguda-pais-valencia\/"},"author":{"name":"Cope Alcoy","@id":"https:\/\/www.copealcoy.es\/es\/#\/schema\/person\/e777c87fa024e57d40170af9df39882c"},"headline":"Col\u00b7lectiu-Comprom\u00eds alerta del peligro de un cruce de l\u00b4Avinguda Pa\u00eds Valenci\u00e0","datePublished":"2016-10-05T06:53:00+00:00","dateModified":"2016-10-05T06:57:57+00:00","mainEntityOfPage":{"@id":"https:\/\/www.copealcoy.es\/es\/col%c2%b7lectiu-compromis-alerta-del-peligro-cruce-lavinguda-pais-valencia\/"},"wordCount":194,"commentCount":0,"image":{"@id":"https:\/\/www.copealcoy.es\/es\/col%c2%b7lectiu-compromis-alerta-del-peligro-cruce-lavinguda-pais-valencia\/#primaryimage"},"thumbnailUrl":"https:\/\/www.copealcoy.es\/wp-content\/uploads\/2016\/10\/img_31388.jpg","keywords":["advierte","Avinguda Pa\u00eds Valenci\u00e0","Cocentaina","Col.lectiu 03820","Comprom\u00eds","cruce","peligro"],"articleSection":["Comarcas","Noticias"],"inLanguage":"es"},{"@type":"WebPage","@id":"https:\/\/www.copealcoy.es\/es\/col%c2%b7lectiu-compromis-alerta-del-peligro-cruce-lavinguda-pais-valencia\/","url":"https:\/\/www.copealcoy.es\/es\/col%c2%b7lectiu-compromis-alerta-del-peligro-cruce-lavinguda-pais-valencia\/","name":"Col\u00b7lectiu-Comprom\u00eds alerta del peligro de un cruce de l\u00b4Avinguda Pa\u00eds Valenci\u00e0 - COPE Alcoy","isPartOf":{"@id":"https:\/\/www.copealcoy.es\/es\/#website"},"primaryImageOfPage":{"@id":"https:\/\/www.copealcoy.es\/es\/col%c2%b7lectiu-compromis-alerta-del-peligro-cruce-lavinguda-pais-valencia\/#primaryimage"},"image":{"@id":"https:\/\/www.copealcoy.es\/es\/col%c2%b7lectiu-compromis-alerta-del-peligro-cruce-lavinguda-pais-valencia\/#primaryimage"},"thumbnailUrl":"https:\/\/www.copealcoy.es\/wp-content\/uploads\/2016\/10\/img_31388.jpg","datePublished":"2016-10-05T06:53:00+00:00","dateModified":"2016-10-05T06:57:57+00:00","author":{"@id":"https:\/\/www.copealcoy.es\/es\/#\/schema\/person\/e777c87fa024e57d40170af9df39882c"},"breadcrumb":{"@id":"https:\/\/www.copealcoy.es\/es\/col%c2%b7lectiu-compromis-alerta-del-peligro-cruce-lavinguda-pais-valencia\/#breadcrumb"},"inLanguage":"es","potentialAction":[{"@type":"ReadAction","target":["https:\/\/www.copealcoy.es\/es\/col%c2%b7lectiu-compromis-alerta-del-peligro-cruce-lavinguda-pais-valencia\/"]}]},{"@type":"ImageObject","inLanguage":"es","@id":"https:\/\/www.copealcoy.es\/es\/col%c2%b7lectiu-compromis-alerta-del-peligro-cruce-lavinguda-pais-valencia\/#primaryimage","url":"https:\/\/www.copealcoy.es\/wp-content\/uploads\/2016\/10\/img_31388.jpg","contentUrl":"https:\/\/www.copealcoy.es\/wp-content\/uploads\/2016\/10\/img_31388.jpg","width":670,"height":377,"caption":"Una imagen del paso de peatones de l\u00b4Avinguda del Pa\u00eds Valenci\u00e0"},{"@type":"BreadcrumbList","@id":"https:\/\/www.copealcoy.es\/es\/col%c2%b7lectiu-compromis-alerta-del-peligro-cruce-lavinguda-pais-valencia\/#breadcrumb","itemListElement":[{"@type":"ListItem","position":1,"name":"Portada","item":"https:\/\/www.copealcoy.es\/es\/"},{"@type":"ListItem","position":2,"name":"Col\u00b7lectiu-Comprom\u00eds alerta del peligro de un cruce de l\u00b4Avinguda Pa\u00eds Valenci\u00e0"}]},{"@type":"WebSite","@id":"https:\/\/www.copealcoy.es\/es\/#website","url":"https:\/\/www.copealcoy.es\/es\/","name":"COPE Alcoy","description":"Emisora COPE de radio local con emisi\u00f3n online. Pont de Sant Jordi 8-10 03803 Alcoy","potentialAction":[{"@type":"SearchAction","target":{"@type":"EntryPoint","urlTemplate":"https:\/\/www.copealcoy.es\/es\/?s={search_term_string}"},"query-input":{"@type":"PropertyValueSpecification","valueRequired":true,"valueName":"search_term_string"}}],"inLanguage":"es"},{"@type":"Person","@id":"https:\/\/www.copealcoy.es\/es\/#\/schema\/person\/e777c87fa024e57d40170af9df39882c","name":"Cope Alcoy","image":{"@type":"ImageObject","inLanguage":"es","@id":"https:\/\/secure.gravatar.com\/avatar\/bb65d0283347e303893ba14f0692005417c1e0e690a325a4c5d8bb2b3943ee14?s=96&d=mm&r=g","url":"https:\/\/secure.gravatar.com\/avatar\/bb65d0283347e303893ba14f0692005417c1e0e690a325a4c5d8bb2b3943ee14?s=96&d=mm&r=g","contentUrl":"https:\/\/secure.gravatar.com\/avatar\/bb65d0283347e303893ba14f0692005417c1e0e690a325a4c5d8bb2b3943ee14?s=96&d=mm&r=g","caption":"Cope Alcoy"}}]}},"_links":{"self":[{"href":"https:\/\/www.copealcoy.es\/es\/wp-json\/wp\/v2\/posts\/25410","targetHints":{"allow":["GET"]}}],"collection":[{"href":"https:\/\/www.copealcoy.es\/es\/wp-json\/wp\/v2\/posts"}],"about":[{"href":"https:\/\/www.copealcoy.es\/es\/wp-json\/wp\/v2\/types\/post"}],"author":[{"embeddable":true,"href":"https:\/\/www.copealcoy.es\/es\/wp-json\/wp\/v2\/users\/1"}],"replies":[{"embeddable":true,"href":"https:\/\/www.copealcoy.es\/es\/wp-json\/wp\/v2\/comments?post=25410"}],"version-history":[{"count":0,"href":"https:\/\/www.copealcoy.es\/es\/wp-json\/wp\/v2\/posts\/25410\/revisions"}],"wp:featuredmedia":[{"embeddable":true,"href":"https:\/\/www.copealcoy.es\/es\/wp-json\/wp\/v2\/media\/25411"}],"wp:attachment":[{"href":"https:\/\/www.copealcoy.es\/es\/wp-json\/wp\/v2\/media?parent=25410"}],"wp:term":[{"taxonomy":"category","embeddable":true,"href":"https:\/\/www.copealcoy.es\/es\/wp-json\/wp\/v2\/categories?post=25410"},{"taxonomy":"post_tag","embeddable":true,"href":"https:\/\/www.copealcoy.es\/es\/wp-json\/wp\/v2\/tags?post=25410"}],"curies":[{"name":"wp","href":"https:\/\/api.w.org\/{rel}","templated":true}]}}