{"id":25381,"date":"2016-10-03T19:43:01","date_gmt":"2016-10-03T19:43:01","guid":{"rendered":"http:\/\/copealcoi.es\/new\/?p=25381"},"modified":"2016-10-03T19:43:28","modified_gmt":"2016-10-03T19:43:28","slug":"75-anos-union","status":"publish","type":"post","link":"https:\/\/www.copealcoy.es\/es\/75-anos-union\/","title":{"rendered":"75 a\u00f1os de Uni\u00f3n"},"content":{"rendered":"<p style=\"text-align: justify;\">La Uni\u00f3n Musical Contestana ofreci\u00f3 ayer domingo un concierto en el Sal\u00f3n Rotonda del C\u00edrculo Industrial de Alcoy para conmemorar los <strong>75 a\u00f1os<\/strong> <strong>que llevan acompa\u00f1ando a la Fil\u00e0 Chano<\/strong> en las fiestas de moros y cristianos en honor a San Jorge. Fue en 1942, con Jos\u00e9 Fadraque como Primer Tro y Enrique P\u00e9rez como director de la formaci\u00f3n musical, cuando se formaliz\u00f3 el <strong>primer contrato<\/strong> y se empez\u00f3 a fraguar una mutua relaci\u00f3n que dura hasta hoy en d\u00eda.<\/p>\n<p style=\"text-align: justify;\">En el concierto la Uni\u00f3n Musical Contestano interpret\u00f3 durante la<strong> primera parte<\/strong> \u00a0\u2018Chano\u2019 de\u00a0Julio Laporta, la marcha mora \u2018Jamalajam\u2019 de\u00a0Jos\u00e9 Ferr\u00e1ndiz, \u2018El Rei Capit\u00e0\u2019 de\u00a0Julio Laporta, \u2018El K\u00e0bila\u2019 de\u00a0Jos\u00e9 Mar\u00eda Ferrero, \u2018Emilio el Chato\u2019 del contestano\u00a0Gustavo Pascual (autor tambi\u00e9n del internacional Paquito El Chocolatero) y\u00a0\u2018Als Chanos\u2019 de\u00a0Jos\u00e9 P\u00e9rez Vilaplana. Ya en la <strong>segunda parte<\/strong> los m\u00fasicos hicieron sonar el pasodoble \u2018Bohemios del 29\u2019 de Jos\u00e9 P\u00e9rez Vilaplana, \u2018Sou i Chano\u2019 de\u00a0Rafael Giner,\u00a0\u2018El Marx\u00f3s\u2019 de\u00a0Jos\u00e9 Mar\u00eda Valls Satorres, \u2018Mansanet Alferes Chano\u2019 de Jos\u00e9 P\u00e9rez Vilaplana, la marcha mora \u2018Buscant un bort\u2019 tambi\u00e9n de Gustavo Pascual y la cl\u00e1sica \u2018A mons pares\u2019 de Jos\u00e9 P\u00e9rez Vilaplana.<\/p>\n<p style=\"text-align: justify;\">Indicar que el concierto estuvo dirigido por el actual <strong>director titular<\/strong> de la Uni\u00f3n Musical Contestana, Jaume Fornet.<\/p>\n","protected":false},"excerpt":{"rendered":"<p>La Uni\u00f3n Musical Contestana ofreci\u00f3 ayer domingo un concierto en el Sal\u00f3n Rotonda del C\u00edrculo Industrial de Alcoy para conmemorar&#8230;<\/p>\n","protected":false},"author":1,"featured_media":25382,"comment_status":"open","ping_status":"open","sticky":false,"template":"","format":"standard","meta":{"footnotes":""},"categories":[97,78,75],"tags":[2890,1665,701,2172],"class_list":["post-25381","post","type-post","status-publish","format-standard","has-post-thumbnail","hentry","category-alcoy","category-fiestaycultura","category-noticias","tag-75-anos","tag-chano","tag-concierto","tag-union-musical-contestana"],"yoast_head":"<!-- This site is optimized with the Yoast SEO plugin v27.3 - https:\/\/yoast.com\/product\/yoast-seo-wordpress\/ -->\n<title>75 a\u00f1os de Uni\u00f3n - COPE Alcoy<\/title>\n<meta name=\"robots\" content=\"index, follow, max-snippet:-1, max-image-preview:large, max-video-preview:-1\" \/>\n<link rel=\"canonical\" href=\"https:\/\/www.copealcoy.es\/es\/75-anos-union\/\" \/>\n<meta property=\"og:locale\" content=\"es_ES\" \/>\n<meta property=\"og:type\" content=\"article\" \/>\n<meta property=\"og:title\" content=\"75 a\u00f1os de Uni\u00f3n - COPE Alcoy\" \/>\n<meta property=\"og:description\" content=\"La Uni\u00f3n Musical Contestana ofreci\u00f3 ayer domingo un concierto en el Sal\u00f3n Rotonda del C\u00edrculo Industrial de Alcoy para conmemorar...\" \/>\n<meta property=\"og:url\" content=\"https:\/\/www.copealcoy.es\/es\/75-anos-union\/\" \/>\n<meta property=\"og:site_name\" content=\"COPE Alcoy\" \/>\n<meta property=\"article:published_time\" content=\"2016-10-03T19:43:01+00:00\" \/>\n<meta property=\"article:modified_time\" content=\"2016-10-03T19:43:28+00:00\" \/>\n<meta property=\"og:image\" content=\"https:\/\/www.copealcoy.es\/wp-content\/uploads\/2016\/10\/14516551_10211079224844652_6096262855006314026_n.jpg\" \/>\n\t<meta property=\"og:image:width\" content=\"960\" \/>\n\t<meta property=\"og:image:height\" content=\"540\" \/>\n\t<meta property=\"og:image:type\" content=\"image\/jpeg\" \/>\n<meta name=\"author\" content=\"Cope Alcoy\" \/>\n<meta name=\"twitter:label1\" content=\"Escrito por\" \/>\n\t<meta name=\"twitter:data1\" content=\"Cope Alcoy\" \/>\n\t<meta name=\"twitter:label2\" content=\"Tiempo de lectura\" \/>\n\t<meta name=\"twitter:data2\" content=\"1 minuto\" \/>\n<script type=\"application\/ld+json\" class=\"yoast-schema-graph\">{\"@context\":\"https:\\\/\\\/schema.org\",\"@graph\":[{\"@type\":\"Article\",\"@id\":\"https:\\\/\\\/www.copealcoy.es\\\/es\\\/75-anos-union\\\/#article\",\"isPartOf\":{\"@id\":\"https:\\\/\\\/www.copealcoy.es\\\/es\\\/75-anos-union\\\/\"},\"author\":{\"name\":\"Cope Alcoy\",\"@id\":\"https:\\\/\\\/www.copealcoy.es\\\/es\\\/#\\\/schema\\\/person\\\/e777c87fa024e57d40170af9df39882c\"},\"headline\":\"75 a\u00f1os de Uni\u00f3n\",\"datePublished\":\"2016-10-03T19:43:01+00:00\",\"dateModified\":\"2016-10-03T19:43:28+00:00\",\"mainEntityOfPage\":{\"@id\":\"https:\\\/\\\/www.copealcoy.es\\\/es\\\/75-anos-union\\\/\"},\"wordCount\":238,\"commentCount\":0,\"image\":{\"@id\":\"https:\\\/\\\/www.copealcoy.es\\\/es\\\/75-anos-union\\\/#primaryimage\"},\"thumbnailUrl\":\"https:\\\/\\\/www.copealcoy.es\\\/wp-content\\\/uploads\\\/2016\\\/10\\\/14516551_10211079224844652_6096262855006314026_n.jpg\",\"keywords\":[\"75 a\u00f1os\",\"Chano\",\"Concierto\",\"Uni\u00f3n Musical Contestana\"],\"articleSection\":[\"Alcoy\",\"Fiesta y Cultura\",\"Noticias\"],\"inLanguage\":\"es\"},{\"@type\":\"WebPage\",\"@id\":\"https:\\\/\\\/www.copealcoy.es\\\/es\\\/75-anos-union\\\/\",\"url\":\"https:\\\/\\\/www.copealcoy.es\\\/es\\\/75-anos-union\\\/\",\"name\":\"75 a\u00f1os de Uni\u00f3n - COPE Alcoy\",\"isPartOf\":{\"@id\":\"https:\\\/\\\/www.copealcoy.es\\\/es\\\/#website\"},\"primaryImageOfPage\":{\"@id\":\"https:\\\/\\\/www.copealcoy.es\\\/es\\\/75-anos-union\\\/#primaryimage\"},\"image\":{\"@id\":\"https:\\\/\\\/www.copealcoy.es\\\/es\\\/75-anos-union\\\/#primaryimage\"},\"thumbnailUrl\":\"https:\\\/\\\/www.copealcoy.es\\\/wp-content\\\/uploads\\\/2016\\\/10\\\/14516551_10211079224844652_6096262855006314026_n.jpg\",\"datePublished\":\"2016-10-03T19:43:01+00:00\",\"dateModified\":\"2016-10-03T19:43:28+00:00\",\"author\":{\"@id\":\"https:\\\/\\\/www.copealcoy.es\\\/es\\\/#\\\/schema\\\/person\\\/e777c87fa024e57d40170af9df39882c\"},\"breadcrumb\":{\"@id\":\"https:\\\/\\\/www.copealcoy.es\\\/es\\\/75-anos-union\\\/#breadcrumb\"},\"inLanguage\":\"es\",\"potentialAction\":[{\"@type\":\"ReadAction\",\"target\":[\"https:\\\/\\\/www.copealcoy.es\\\/es\\\/75-anos-union\\\/\"]}]},{\"@type\":\"ImageObject\",\"inLanguage\":\"es\",\"@id\":\"https:\\\/\\\/www.copealcoy.es\\\/es\\\/75-anos-union\\\/#primaryimage\",\"url\":\"https:\\\/\\\/www.copealcoy.es\\\/wp-content\\\/uploads\\\/2016\\\/10\\\/14516551_10211079224844652_6096262855006314026_n.jpg\",\"contentUrl\":\"https:\\\/\\\/www.copealcoy.es\\\/wp-content\\\/uploads\\\/2016\\\/10\\\/14516551_10211079224844652_6096262855006314026_n.jpg\",\"width\":960,\"height\":540,\"caption\":\"El concierto tuvo lugar en el C\u00edrculo Industrial \\\/ Foto: R. Llopis\"},{\"@type\":\"BreadcrumbList\",\"@id\":\"https:\\\/\\\/www.copealcoy.es\\\/es\\\/75-anos-union\\\/#breadcrumb\",\"itemListElement\":[{\"@type\":\"ListItem\",\"position\":1,\"name\":\"Portada\",\"item\":\"https:\\\/\\\/www.copealcoy.es\\\/es\\\/\"},{\"@type\":\"ListItem\",\"position\":2,\"name\":\"75 a\u00f1os de Uni\u00f3n\"}]},{\"@type\":\"WebSite\",\"@id\":\"https:\\\/\\\/www.copealcoy.es\\\/es\\\/#website\",\"url\":\"https:\\\/\\\/www.copealcoy.es\\\/es\\\/\",\"name\":\"COPE Alcoy\",\"description\":\"Emisora COPE de radio local con emisi\u00f3n online. Pont de Sant Jordi 8-10 03803 Alcoy\",\"potentialAction\":[{\"@type\":\"SearchAction\",\"target\":{\"@type\":\"EntryPoint\",\"urlTemplate\":\"https:\\\/\\\/www.copealcoy.es\\\/es\\\/?s={search_term_string}\"},\"query-input\":{\"@type\":\"PropertyValueSpecification\",\"valueRequired\":true,\"valueName\":\"search_term_string\"}}],\"inLanguage\":\"es\"},{\"@type\":\"Person\",\"@id\":\"https:\\\/\\\/www.copealcoy.es\\\/es\\\/#\\\/schema\\\/person\\\/e777c87fa024e57d40170af9df39882c\",\"name\":\"Cope Alcoy\",\"image\":{\"@type\":\"ImageObject\",\"inLanguage\":\"es\",\"@id\":\"https:\\\/\\\/secure.gravatar.com\\\/avatar\\\/bb65d0283347e303893ba14f0692005417c1e0e690a325a4c5d8bb2b3943ee14?s=96&d=mm&r=g\",\"url\":\"https:\\\/\\\/secure.gravatar.com\\\/avatar\\\/bb65d0283347e303893ba14f0692005417c1e0e690a325a4c5d8bb2b3943ee14?s=96&d=mm&r=g\",\"contentUrl\":\"https:\\\/\\\/secure.gravatar.com\\\/avatar\\\/bb65d0283347e303893ba14f0692005417c1e0e690a325a4c5d8bb2b3943ee14?s=96&d=mm&r=g\",\"caption\":\"Cope Alcoy\"}}]}<\/script>\n<!-- \/ Yoast SEO plugin. -->","yoast_head_json":{"title":"75 a\u00f1os de Uni\u00f3n - COPE Alcoy","robots":{"index":"index","follow":"follow","max-snippet":"max-snippet:-1","max-image-preview":"max-image-preview:large","max-video-preview":"max-video-preview:-1"},"canonical":"https:\/\/www.copealcoy.es\/es\/75-anos-union\/","og_locale":"es_ES","og_type":"article","og_title":"75 a\u00f1os de Uni\u00f3n - COPE Alcoy","og_description":"La Uni\u00f3n Musical Contestana ofreci\u00f3 ayer domingo un concierto en el Sal\u00f3n Rotonda del C\u00edrculo Industrial de Alcoy para conmemorar...","og_url":"https:\/\/www.copealcoy.es\/es\/75-anos-union\/","og_site_name":"COPE Alcoy","article_published_time":"2016-10-03T19:43:01+00:00","article_modified_time":"2016-10-03T19:43:28+00:00","og_image":[{"width":960,"height":540,"url":"https:\/\/www.copealcoy.es\/wp-content\/uploads\/2016\/10\/14516551_10211079224844652_6096262855006314026_n.jpg","type":"image\/jpeg"}],"author":"Cope Alcoy","twitter_misc":{"Escrito por":"Cope Alcoy","Tiempo de lectura":"1 minuto"},"schema":{"@context":"https:\/\/schema.org","@graph":[{"@type":"Article","@id":"https:\/\/www.copealcoy.es\/es\/75-anos-union\/#article","isPartOf":{"@id":"https:\/\/www.copealcoy.es\/es\/75-anos-union\/"},"author":{"name":"Cope Alcoy","@id":"https:\/\/www.copealcoy.es\/es\/#\/schema\/person\/e777c87fa024e57d40170af9df39882c"},"headline":"75 a\u00f1os de Uni\u00f3n","datePublished":"2016-10-03T19:43:01+00:00","dateModified":"2016-10-03T19:43:28+00:00","mainEntityOfPage":{"@id":"https:\/\/www.copealcoy.es\/es\/75-anos-union\/"},"wordCount":238,"commentCount":0,"image":{"@id":"https:\/\/www.copealcoy.es\/es\/75-anos-union\/#primaryimage"},"thumbnailUrl":"https:\/\/www.copealcoy.es\/wp-content\/uploads\/2016\/10\/14516551_10211079224844652_6096262855006314026_n.jpg","keywords":["75 a\u00f1os","Chano","Concierto","Uni\u00f3n Musical Contestana"],"articleSection":["Alcoy","Fiesta y Cultura","Noticias"],"inLanguage":"es"},{"@type":"WebPage","@id":"https:\/\/www.copealcoy.es\/es\/75-anos-union\/","url":"https:\/\/www.copealcoy.es\/es\/75-anos-union\/","name":"75 a\u00f1os de Uni\u00f3n - COPE Alcoy","isPartOf":{"@id":"https:\/\/www.copealcoy.es\/es\/#website"},"primaryImageOfPage":{"@id":"https:\/\/www.copealcoy.es\/es\/75-anos-union\/#primaryimage"},"image":{"@id":"https:\/\/www.copealcoy.es\/es\/75-anos-union\/#primaryimage"},"thumbnailUrl":"https:\/\/www.copealcoy.es\/wp-content\/uploads\/2016\/10\/14516551_10211079224844652_6096262855006314026_n.jpg","datePublished":"2016-10-03T19:43:01+00:00","dateModified":"2016-10-03T19:43:28+00:00","author":{"@id":"https:\/\/www.copealcoy.es\/es\/#\/schema\/person\/e777c87fa024e57d40170af9df39882c"},"breadcrumb":{"@id":"https:\/\/www.copealcoy.es\/es\/75-anos-union\/#breadcrumb"},"inLanguage":"es","potentialAction":[{"@type":"ReadAction","target":["https:\/\/www.copealcoy.es\/es\/75-anos-union\/"]}]},{"@type":"ImageObject","inLanguage":"es","@id":"https:\/\/www.copealcoy.es\/es\/75-anos-union\/#primaryimage","url":"https:\/\/www.copealcoy.es\/wp-content\/uploads\/2016\/10\/14516551_10211079224844652_6096262855006314026_n.jpg","contentUrl":"https:\/\/www.copealcoy.es\/wp-content\/uploads\/2016\/10\/14516551_10211079224844652_6096262855006314026_n.jpg","width":960,"height":540,"caption":"El concierto tuvo lugar en el C\u00edrculo Industrial \/ Foto: R. Llopis"},{"@type":"BreadcrumbList","@id":"https:\/\/www.copealcoy.es\/es\/75-anos-union\/#breadcrumb","itemListElement":[{"@type":"ListItem","position":1,"name":"Portada","item":"https:\/\/www.copealcoy.es\/es\/"},{"@type":"ListItem","position":2,"name":"75 a\u00f1os de Uni\u00f3n"}]},{"@type":"WebSite","@id":"https:\/\/www.copealcoy.es\/es\/#website","url":"https:\/\/www.copealcoy.es\/es\/","name":"COPE Alcoy","description":"Emisora COPE de radio local con emisi\u00f3n online. Pont de Sant Jordi 8-10 03803 Alcoy","potentialAction":[{"@type":"SearchAction","target":{"@type":"EntryPoint","urlTemplate":"https:\/\/www.copealcoy.es\/es\/?s={search_term_string}"},"query-input":{"@type":"PropertyValueSpecification","valueRequired":true,"valueName":"search_term_string"}}],"inLanguage":"es"},{"@type":"Person","@id":"https:\/\/www.copealcoy.es\/es\/#\/schema\/person\/e777c87fa024e57d40170af9df39882c","name":"Cope Alcoy","image":{"@type":"ImageObject","inLanguage":"es","@id":"https:\/\/secure.gravatar.com\/avatar\/bb65d0283347e303893ba14f0692005417c1e0e690a325a4c5d8bb2b3943ee14?s=96&d=mm&r=g","url":"https:\/\/secure.gravatar.com\/avatar\/bb65d0283347e303893ba14f0692005417c1e0e690a325a4c5d8bb2b3943ee14?s=96&d=mm&r=g","contentUrl":"https:\/\/secure.gravatar.com\/avatar\/bb65d0283347e303893ba14f0692005417c1e0e690a325a4c5d8bb2b3943ee14?s=96&d=mm&r=g","caption":"Cope Alcoy"}}]}},"_links":{"self":[{"href":"https:\/\/www.copealcoy.es\/es\/wp-json\/wp\/v2\/posts\/25381","targetHints":{"allow":["GET"]}}],"collection":[{"href":"https:\/\/www.copealcoy.es\/es\/wp-json\/wp\/v2\/posts"}],"about":[{"href":"https:\/\/www.copealcoy.es\/es\/wp-json\/wp\/v2\/types\/post"}],"author":[{"embeddable":true,"href":"https:\/\/www.copealcoy.es\/es\/wp-json\/wp\/v2\/users\/1"}],"replies":[{"embeddable":true,"href":"https:\/\/www.copealcoy.es\/es\/wp-json\/wp\/v2\/comments?post=25381"}],"version-history":[{"count":0,"href":"https:\/\/www.copealcoy.es\/es\/wp-json\/wp\/v2\/posts\/25381\/revisions"}],"wp:featuredmedia":[{"embeddable":true,"href":"https:\/\/www.copealcoy.es\/es\/wp-json\/wp\/v2\/media\/25382"}],"wp:attachment":[{"href":"https:\/\/www.copealcoy.es\/es\/wp-json\/wp\/v2\/media?parent=25381"}],"wp:term":[{"taxonomy":"category","embeddable":true,"href":"https:\/\/www.copealcoy.es\/es\/wp-json\/wp\/v2\/categories?post=25381"},{"taxonomy":"post_tag","embeddable":true,"href":"https:\/\/www.copealcoy.es\/es\/wp-json\/wp\/v2\/tags?post=25381"}],"curies":[{"name":"wp","href":"https:\/\/api.w.org\/{rel}","templated":true}]}}