{"id":25348,"date":"2016-10-02T08:00:47","date_gmt":"2016-10-02T08:00:47","guid":{"rendered":"http:\/\/copealcoi.es\/new\/?p=25348"},"modified":"2016-10-03T14:46:28","modified_gmt":"2016-10-03T14:46:28","slug":"cae-cocentaina-una-banda-dedicada-al-trafico-drogas","status":"publish","type":"post","link":"https:\/\/www.copealcoy.es\/es\/cae-cocentaina-una-banda-dedicada-al-trafico-drogas\/","title":{"rendered":"Cae en Cocentaina una banda dedicada al tr\u00e1fico de drogas"},"content":{"rendered":"<p style=\"text-align: justify;\">El \u00c1rea de Investigaci\u00f3n de la Guardia Civil de Cocentaina-Muro, en el marco de la <strong>Operaci\u00f3n Sefer<\/strong>, ha desmantelado una banda de narcos en Cocentaina con la <strong>detenci\u00f3n de cuatro personas<\/strong>. Se trata de\u00a0cuatro espa\u00f1oles, de entre 31 y 49 a\u00f1os, dos de los cuales ya han ingresado en prisi\u00f3n y los otros dos han quedado a disposici\u00f3n judicial, en libertad con cargos.\u00a0A los <strong>detenidos<\/strong> se les imputan los\u00a0delitos de tr\u00e1fico de drogas, contra la salud p\u00fablica (por cultivo de marihuana), asociaci\u00f3n criminal y tenencia il\u00edcita de armas.<\/p>\n<p style=\"text-align: justify;\">El grupo operaba de forma estructurada en\u00a0Cocentaina, y se le ha intervenido <strong>221 plantas de marihuana<\/strong>, 642 gramos de speed, 4,3 gramos de MMDA y una dosis de coca\u00edna, adem\u00e1s de\u00a0una carabina de aire comprimido con silenciador y mira, y\u00a0una escopeta con los ca\u00f1ones recortados,\u00a0unos\u00a0grilletes policiales, una termo selladora, dos b\u00e1sculas de precisi\u00f3n y nueve tel\u00e9fonos m\u00f3viles.<\/p>\n<p style=\"text-align: justify;\">Los agentes localizaron una casa de campo con un <strong>cultivo de marihuana<\/strong> y procedieron a su registro, en colaboraci\u00f3n con el \u00c1rea de Investigaci\u00f3n de la Guardia Civil de Ibi, de la Unidad de Seguridad Ciudadana de la Comandancia de Alicante (USECIC), del Servicio Cinol\u00f3gico (gu\u00eda canino) y de agentes de la Polic\u00eda Nacional de Benidorm.<\/p>\n<p style=\"text-align: justify;\">Indicar que esta es la<strong> tercera operaci\u00f3n<\/strong> en la que\u00a0la Guardia Civil de Cocentaina desmantela una gran plantaci\u00f3n de marihuana.<\/p>\n","protected":false},"excerpt":{"rendered":"<p>El \u00c1rea de Investigaci\u00f3n de la Guardia Civil de Cocentaina-Muro, en el marco de la Operaci\u00f3n Sefer, ha desmantelado una&#8230;<\/p>\n","protected":false},"author":1,"featured_media":25349,"comment_status":"open","ping_status":"open","sticky":false,"template":"","format":"standard","meta":{"footnotes":""},"categories":[97,98,75,125,80],"tags":[2969,3023,3022,132,3024],"class_list":["post-25348","post","type-post","status-publish","format-standard","has-post-thumbnail","hentry","category-alcoy","category-comarcas","category-noticias","category-portada","category-sucesos","tag-al","tag-banda-dedicada","tag-cae","tag-cocentaina","tag-trafico-de-drogas"],"yoast_head":"<!-- This site is optimized with the Yoast SEO plugin v27.3 - https:\/\/yoast.com\/product\/yoast-seo-wordpress\/ -->\n<title>Cae en Cocentaina una banda dedicada al tr\u00e1fico de drogas - COPE Alcoy<\/title>\n<meta name=\"robots\" content=\"index, follow, max-snippet:-1, max-image-preview:large, max-video-preview:-1\" \/>\n<link rel=\"canonical\" href=\"https:\/\/www.copealcoy.es\/es\/cae-cocentaina-una-banda-dedicada-al-trafico-drogas\/\" \/>\n<meta property=\"og:locale\" content=\"es_ES\" \/>\n<meta property=\"og:type\" content=\"article\" \/>\n<meta property=\"og:title\" content=\"Cae en Cocentaina una banda dedicada al tr\u00e1fico de drogas - COPE Alcoy\" \/>\n<meta property=\"og:description\" content=\"El \u00c1rea de Investigaci\u00f3n de la Guardia Civil de Cocentaina-Muro, en el marco de la Operaci\u00f3n Sefer, ha desmantelado una...\" \/>\n<meta property=\"og:url\" content=\"https:\/\/www.copealcoy.es\/es\/cae-cocentaina-una-banda-dedicada-al-trafico-drogas\/\" \/>\n<meta property=\"og:site_name\" content=\"COPE Alcoy\" \/>\n<meta property=\"article:published_time\" content=\"2016-10-02T08:00:47+00:00\" \/>\n<meta property=\"article:modified_time\" content=\"2016-10-03T14:46:28+00:00\" \/>\n<meta property=\"og:image\" content=\"https:\/\/www.copealcoy.es\/wp-content\/uploads\/2016\/10\/14753205772348.jpg\" \/>\n\t<meta property=\"og:image:width\" content=\"660\" \/>\n\t<meta property=\"og:image:height\" content=\"412\" \/>\n\t<meta property=\"og:image:type\" content=\"image\/jpeg\" \/>\n<meta name=\"author\" content=\"Cope Alcoy\" \/>\n<meta name=\"twitter:label1\" content=\"Escrito por\" \/>\n\t<meta name=\"twitter:data1\" content=\"Cope Alcoy\" \/>\n\t<meta name=\"twitter:label2\" content=\"Tiempo de lectura\" \/>\n\t<meta name=\"twitter:data2\" content=\"1 minuto\" \/>\n<script type=\"application\/ld+json\" class=\"yoast-schema-graph\">{\"@context\":\"https:\\\/\\\/schema.org\",\"@graph\":[{\"@type\":\"Article\",\"@id\":\"https:\\\/\\\/www.copealcoy.es\\\/es\\\/cae-cocentaina-una-banda-dedicada-al-trafico-drogas\\\/#article\",\"isPartOf\":{\"@id\":\"https:\\\/\\\/www.copealcoy.es\\\/es\\\/cae-cocentaina-una-banda-dedicada-al-trafico-drogas\\\/\"},\"author\":{\"name\":\"Cope Alcoy\",\"@id\":\"https:\\\/\\\/www.copealcoy.es\\\/es\\\/#\\\/schema\\\/person\\\/e777c87fa024e57d40170af9df39882c\"},\"headline\":\"Cae en Cocentaina una banda dedicada al tr\u00e1fico de drogas\",\"datePublished\":\"2016-10-02T08:00:47+00:00\",\"dateModified\":\"2016-10-03T14:46:28+00:00\",\"mainEntityOfPage\":{\"@id\":\"https:\\\/\\\/www.copealcoy.es\\\/es\\\/cae-cocentaina-una-banda-dedicada-al-trafico-drogas\\\/\"},\"wordCount\":261,\"commentCount\":0,\"image\":{\"@id\":\"https:\\\/\\\/www.copealcoy.es\\\/es\\\/cae-cocentaina-una-banda-dedicada-al-trafico-drogas\\\/#primaryimage\"},\"thumbnailUrl\":\"https:\\\/\\\/www.copealcoy.es\\\/wp-content\\\/uploads\\\/2016\\\/10\\\/14753205772348.jpg\",\"keywords\":[\"al\",\"banda dedicada\",\"cae\",\"Cocentaina\",\"tr\u00e1fico de drogas\"],\"articleSection\":[\"Alcoy\",\"Comarcas\",\"Noticias\",\"Portada\",\"Sucesos\"],\"inLanguage\":\"es\"},{\"@type\":\"WebPage\",\"@id\":\"https:\\\/\\\/www.copealcoy.es\\\/es\\\/cae-cocentaina-una-banda-dedicada-al-trafico-drogas\\\/\",\"url\":\"https:\\\/\\\/www.copealcoy.es\\\/es\\\/cae-cocentaina-una-banda-dedicada-al-trafico-drogas\\\/\",\"name\":\"Cae en Cocentaina una banda dedicada al tr\u00e1fico de drogas - COPE Alcoy\",\"isPartOf\":{\"@id\":\"https:\\\/\\\/www.copealcoy.es\\\/es\\\/#website\"},\"primaryImageOfPage\":{\"@id\":\"https:\\\/\\\/www.copealcoy.es\\\/es\\\/cae-cocentaina-una-banda-dedicada-al-trafico-drogas\\\/#primaryimage\"},\"image\":{\"@id\":\"https:\\\/\\\/www.copealcoy.es\\\/es\\\/cae-cocentaina-una-banda-dedicada-al-trafico-drogas\\\/#primaryimage\"},\"thumbnailUrl\":\"https:\\\/\\\/www.copealcoy.es\\\/wp-content\\\/uploads\\\/2016\\\/10\\\/14753205772348.jpg\",\"datePublished\":\"2016-10-02T08:00:47+00:00\",\"dateModified\":\"2016-10-03T14:46:28+00:00\",\"author\":{\"@id\":\"https:\\\/\\\/www.copealcoy.es\\\/es\\\/#\\\/schema\\\/person\\\/e777c87fa024e57d40170af9df39882c\"},\"breadcrumb\":{\"@id\":\"https:\\\/\\\/www.copealcoy.es\\\/es\\\/cae-cocentaina-una-banda-dedicada-al-trafico-drogas\\\/#breadcrumb\"},\"inLanguage\":\"es\",\"potentialAction\":[{\"@type\":\"ReadAction\",\"target\":[\"https:\\\/\\\/www.copealcoy.es\\\/es\\\/cae-cocentaina-una-banda-dedicada-al-trafico-drogas\\\/\"]}]},{\"@type\":\"ImageObject\",\"inLanguage\":\"es\",\"@id\":\"https:\\\/\\\/www.copealcoy.es\\\/es\\\/cae-cocentaina-una-banda-dedicada-al-trafico-drogas\\\/#primaryimage\",\"url\":\"https:\\\/\\\/www.copealcoy.es\\\/wp-content\\\/uploads\\\/2016\\\/10\\\/14753205772348.jpg\",\"contentUrl\":\"https:\\\/\\\/www.copealcoy.es\\\/wp-content\\\/uploads\\\/2016\\\/10\\\/14753205772348.jpg\",\"width\":660,\"height\":412},{\"@type\":\"BreadcrumbList\",\"@id\":\"https:\\\/\\\/www.copealcoy.es\\\/es\\\/cae-cocentaina-una-banda-dedicada-al-trafico-drogas\\\/#breadcrumb\",\"itemListElement\":[{\"@type\":\"ListItem\",\"position\":1,\"name\":\"Portada\",\"item\":\"https:\\\/\\\/www.copealcoy.es\\\/es\\\/\"},{\"@type\":\"ListItem\",\"position\":2,\"name\":\"Cae en Cocentaina una banda dedicada al tr\u00e1fico de drogas\"}]},{\"@type\":\"WebSite\",\"@id\":\"https:\\\/\\\/www.copealcoy.es\\\/es\\\/#website\",\"url\":\"https:\\\/\\\/www.copealcoy.es\\\/es\\\/\",\"name\":\"COPE Alcoy\",\"description\":\"Emisora COPE de radio local con emisi\u00f3n online. Pont de Sant Jordi 8-10 03803 Alcoy\",\"potentialAction\":[{\"@type\":\"SearchAction\",\"target\":{\"@type\":\"EntryPoint\",\"urlTemplate\":\"https:\\\/\\\/www.copealcoy.es\\\/es\\\/?s={search_term_string}\"},\"query-input\":{\"@type\":\"PropertyValueSpecification\",\"valueRequired\":true,\"valueName\":\"search_term_string\"}}],\"inLanguage\":\"es\"},{\"@type\":\"Person\",\"@id\":\"https:\\\/\\\/www.copealcoy.es\\\/es\\\/#\\\/schema\\\/person\\\/e777c87fa024e57d40170af9df39882c\",\"name\":\"Cope Alcoy\",\"image\":{\"@type\":\"ImageObject\",\"inLanguage\":\"es\",\"@id\":\"https:\\\/\\\/secure.gravatar.com\\\/avatar\\\/bb65d0283347e303893ba14f0692005417c1e0e690a325a4c5d8bb2b3943ee14?s=96&d=mm&r=g\",\"url\":\"https:\\\/\\\/secure.gravatar.com\\\/avatar\\\/bb65d0283347e303893ba14f0692005417c1e0e690a325a4c5d8bb2b3943ee14?s=96&d=mm&r=g\",\"contentUrl\":\"https:\\\/\\\/secure.gravatar.com\\\/avatar\\\/bb65d0283347e303893ba14f0692005417c1e0e690a325a4c5d8bb2b3943ee14?s=96&d=mm&r=g\",\"caption\":\"Cope Alcoy\"}}]}<\/script>\n<!-- \/ Yoast SEO plugin. -->","yoast_head_json":{"title":"Cae en Cocentaina una banda dedicada al tr\u00e1fico de drogas - COPE Alcoy","robots":{"index":"index","follow":"follow","max-snippet":"max-snippet:-1","max-image-preview":"max-image-preview:large","max-video-preview":"max-video-preview:-1"},"canonical":"https:\/\/www.copealcoy.es\/es\/cae-cocentaina-una-banda-dedicada-al-trafico-drogas\/","og_locale":"es_ES","og_type":"article","og_title":"Cae en Cocentaina una banda dedicada al tr\u00e1fico de drogas - COPE Alcoy","og_description":"El \u00c1rea de Investigaci\u00f3n de la Guardia Civil de Cocentaina-Muro, en el marco de la Operaci\u00f3n Sefer, ha desmantelado una...","og_url":"https:\/\/www.copealcoy.es\/es\/cae-cocentaina-una-banda-dedicada-al-trafico-drogas\/","og_site_name":"COPE Alcoy","article_published_time":"2016-10-02T08:00:47+00:00","article_modified_time":"2016-10-03T14:46:28+00:00","og_image":[{"width":660,"height":412,"url":"https:\/\/www.copealcoy.es\/wp-content\/uploads\/2016\/10\/14753205772348.jpg","type":"image\/jpeg"}],"author":"Cope Alcoy","twitter_misc":{"Escrito por":"Cope Alcoy","Tiempo de lectura":"1 minuto"},"schema":{"@context":"https:\/\/schema.org","@graph":[{"@type":"Article","@id":"https:\/\/www.copealcoy.es\/es\/cae-cocentaina-una-banda-dedicada-al-trafico-drogas\/#article","isPartOf":{"@id":"https:\/\/www.copealcoy.es\/es\/cae-cocentaina-una-banda-dedicada-al-trafico-drogas\/"},"author":{"name":"Cope Alcoy","@id":"https:\/\/www.copealcoy.es\/es\/#\/schema\/person\/e777c87fa024e57d40170af9df39882c"},"headline":"Cae en Cocentaina una banda dedicada al tr\u00e1fico de drogas","datePublished":"2016-10-02T08:00:47+00:00","dateModified":"2016-10-03T14:46:28+00:00","mainEntityOfPage":{"@id":"https:\/\/www.copealcoy.es\/es\/cae-cocentaina-una-banda-dedicada-al-trafico-drogas\/"},"wordCount":261,"commentCount":0,"image":{"@id":"https:\/\/www.copealcoy.es\/es\/cae-cocentaina-una-banda-dedicada-al-trafico-drogas\/#primaryimage"},"thumbnailUrl":"https:\/\/www.copealcoy.es\/wp-content\/uploads\/2016\/10\/14753205772348.jpg","keywords":["al","banda dedicada","cae","Cocentaina","tr\u00e1fico de drogas"],"articleSection":["Alcoy","Comarcas","Noticias","Portada","Sucesos"],"inLanguage":"es"},{"@type":"WebPage","@id":"https:\/\/www.copealcoy.es\/es\/cae-cocentaina-una-banda-dedicada-al-trafico-drogas\/","url":"https:\/\/www.copealcoy.es\/es\/cae-cocentaina-una-banda-dedicada-al-trafico-drogas\/","name":"Cae en Cocentaina una banda dedicada al tr\u00e1fico de drogas - COPE Alcoy","isPartOf":{"@id":"https:\/\/www.copealcoy.es\/es\/#website"},"primaryImageOfPage":{"@id":"https:\/\/www.copealcoy.es\/es\/cae-cocentaina-una-banda-dedicada-al-trafico-drogas\/#primaryimage"},"image":{"@id":"https:\/\/www.copealcoy.es\/es\/cae-cocentaina-una-banda-dedicada-al-trafico-drogas\/#primaryimage"},"thumbnailUrl":"https:\/\/www.copealcoy.es\/wp-content\/uploads\/2016\/10\/14753205772348.jpg","datePublished":"2016-10-02T08:00:47+00:00","dateModified":"2016-10-03T14:46:28+00:00","author":{"@id":"https:\/\/www.copealcoy.es\/es\/#\/schema\/person\/e777c87fa024e57d40170af9df39882c"},"breadcrumb":{"@id":"https:\/\/www.copealcoy.es\/es\/cae-cocentaina-una-banda-dedicada-al-trafico-drogas\/#breadcrumb"},"inLanguage":"es","potentialAction":[{"@type":"ReadAction","target":["https:\/\/www.copealcoy.es\/es\/cae-cocentaina-una-banda-dedicada-al-trafico-drogas\/"]}]},{"@type":"ImageObject","inLanguage":"es","@id":"https:\/\/www.copealcoy.es\/es\/cae-cocentaina-una-banda-dedicada-al-trafico-drogas\/#primaryimage","url":"https:\/\/www.copealcoy.es\/wp-content\/uploads\/2016\/10\/14753205772348.jpg","contentUrl":"https:\/\/www.copealcoy.es\/wp-content\/uploads\/2016\/10\/14753205772348.jpg","width":660,"height":412},{"@type":"BreadcrumbList","@id":"https:\/\/www.copealcoy.es\/es\/cae-cocentaina-una-banda-dedicada-al-trafico-drogas\/#breadcrumb","itemListElement":[{"@type":"ListItem","position":1,"name":"Portada","item":"https:\/\/www.copealcoy.es\/es\/"},{"@type":"ListItem","position":2,"name":"Cae en Cocentaina una banda dedicada al tr\u00e1fico de drogas"}]},{"@type":"WebSite","@id":"https:\/\/www.copealcoy.es\/es\/#website","url":"https:\/\/www.copealcoy.es\/es\/","name":"COPE Alcoy","description":"Emisora COPE de radio local con emisi\u00f3n online. Pont de Sant Jordi 8-10 03803 Alcoy","potentialAction":[{"@type":"SearchAction","target":{"@type":"EntryPoint","urlTemplate":"https:\/\/www.copealcoy.es\/es\/?s={search_term_string}"},"query-input":{"@type":"PropertyValueSpecification","valueRequired":true,"valueName":"search_term_string"}}],"inLanguage":"es"},{"@type":"Person","@id":"https:\/\/www.copealcoy.es\/es\/#\/schema\/person\/e777c87fa024e57d40170af9df39882c","name":"Cope Alcoy","image":{"@type":"ImageObject","inLanguage":"es","@id":"https:\/\/secure.gravatar.com\/avatar\/bb65d0283347e303893ba14f0692005417c1e0e690a325a4c5d8bb2b3943ee14?s=96&d=mm&r=g","url":"https:\/\/secure.gravatar.com\/avatar\/bb65d0283347e303893ba14f0692005417c1e0e690a325a4c5d8bb2b3943ee14?s=96&d=mm&r=g","contentUrl":"https:\/\/secure.gravatar.com\/avatar\/bb65d0283347e303893ba14f0692005417c1e0e690a325a4c5d8bb2b3943ee14?s=96&d=mm&r=g","caption":"Cope Alcoy"}}]}},"_links":{"self":[{"href":"https:\/\/www.copealcoy.es\/es\/wp-json\/wp\/v2\/posts\/25348","targetHints":{"allow":["GET"]}}],"collection":[{"href":"https:\/\/www.copealcoy.es\/es\/wp-json\/wp\/v2\/posts"}],"about":[{"href":"https:\/\/www.copealcoy.es\/es\/wp-json\/wp\/v2\/types\/post"}],"author":[{"embeddable":true,"href":"https:\/\/www.copealcoy.es\/es\/wp-json\/wp\/v2\/users\/1"}],"replies":[{"embeddable":true,"href":"https:\/\/www.copealcoy.es\/es\/wp-json\/wp\/v2\/comments?post=25348"}],"version-history":[{"count":0,"href":"https:\/\/www.copealcoy.es\/es\/wp-json\/wp\/v2\/posts\/25348\/revisions"}],"wp:featuredmedia":[{"embeddable":true,"href":"https:\/\/www.copealcoy.es\/es\/wp-json\/wp\/v2\/media\/25349"}],"wp:attachment":[{"href":"https:\/\/www.copealcoy.es\/es\/wp-json\/wp\/v2\/media?parent=25348"}],"wp:term":[{"taxonomy":"category","embeddable":true,"href":"https:\/\/www.copealcoy.es\/es\/wp-json\/wp\/v2\/categories?post=25348"},{"taxonomy":"post_tag","embeddable":true,"href":"https:\/\/www.copealcoy.es\/es\/wp-json\/wp\/v2\/tags?post=25348"}],"curies":[{"name":"wp","href":"https:\/\/api.w.org\/{rel}","templated":true}]}}