{"id":25193,"date":"2016-09-26T20:35:57","date_gmt":"2016-09-26T20:35:57","guid":{"rendered":"http:\/\/copealcoi.es\/new\/?p=25193"},"modified":"2016-09-27T16:28:35","modified_gmt":"2016-09-27T16:28:35","slug":"tsj-rechaza-nuevo-la-suspension-cautelar-alcoinnova","status":"publish","type":"post","link":"https:\/\/www.copealcoy.es\/es\/tsj-rechaza-nuevo-la-suspension-cautelar-alcoinnova\/","title":{"rendered":"El TSJ rechaza de nuevo la suspensi\u00f3n cautelar de Alcoinnova"},"content":{"rendered":"<p style=\"text-align: justify;\">El<strong> Tribunal Superior de Justicia de la Comunidad Valenciana (TSJ)<\/strong>\u00a0ha rechazado el recurso que presentaron la <strong>Colla Ecologista La Carrasca<\/strong> y <strong>Salvem El Molinar<\/strong> a principios de este verano tras conocer que el citado TSJ hab\u00eda desestimado la propuesta que ambos colectivos hicieron pidiendo la suspensi\u00f3n cautelar de Alcoinnova. Recordar que tanto La Carrasca como Salvem El Molinar entienden que la\u00a0puesta en marcha del proyecto empresarial en <strong>La Canal<\/strong> pod\u00eda tener graves consecuencias ambientales en la zona y tambi\u00e9n en el propio Acu\u00edfero del Molinar, principal fuente de abastecimiento de agua de Alcoy.<\/p>\n<p style=\"text-align: justify;\">El <strong>nuevo fallo<\/strong> del TSJ dictamina que en el recurso no se han aportado los <strong>informes t\u00e9cnicos<\/strong> necesarios para corroborar que con la instalaci\u00f3n de Alcoinnova en La Canal existe riesgo de contaminaci\u00f3n para el agua de Alcoy. En este sentido se destaca que los\u00a0entrecomillados del texto de los documentos aportados ofrecen una interpretaci\u00f3n parcial del contenido de dichos informes\u00a0<em>&#8220;los actores no han aportado informe alguno, que respecto al ATE, finalmente aprobado en el a\u00f1o 2015, permita a esta Sala \u00a0tener suficientes elementos de juicio, para como hemos dicho, aun cuando fuera indiciariamente, apreciar perjuicios irreparables medio ambientales en los terrenos afectados y existencia de riesgo cierto de contaminaci\u00f3n del acu\u00edferos Barracons &#8211; Carrasqueta del Molinar&#8221;<\/em>, reza el auto.<\/p>\n<p style=\"text-align: justify;\">Se\u00f1alar que los demandantes tendr\u00e1n que hacer frente al coste del proceso y\u00a0cabe la\u00a0<strong>posibilidad<\/strong>\u00a0de interponer un\u00a0<strong>recurso<\/strong>\u00a0de casaci\u00f3n en el plazo de treinta d\u00edas a contar desde el siguiente en el que\u00a0las partes reciban la correspondiente notificaci\u00f3n.<\/p>\n","protected":false},"excerpt":{"rendered":"<p>El Tribunal Superior de Justicia de la Comunidad Valenciana (TSJ)\u00a0ha rechazado el recurso que presentaron la Colla Ecologista La Carrasca&#8230;<\/p>\n","protected":false},"author":1,"featured_media":9340,"comment_status":"open","ping_status":"open","sticky":false,"template":"","format":"standard","meta":{"footnotes":""},"categories":[97,75,125],"tags":[478,2544,2985,2568,2986,2984,658],"class_list":["post-25193","post","type-post","status-publish","format-standard","has-post-thumbnail","hentry","category-alcoy","category-noticias","category-portada","tag-alcoinnova","tag-de","tag-de-nuevo","tag-el","tag-la-suspension-cautelar","tag-rechaza","tag-tsj"],"yoast_head":"<!-- This site is optimized with the Yoast SEO plugin v27.3 - https:\/\/yoast.com\/product\/yoast-seo-wordpress\/ -->\n<title>El TSJ rechaza de nuevo la suspensi\u00f3n cautelar de Alcoinnova - COPE Alcoy<\/title>\n<meta name=\"robots\" content=\"index, follow, max-snippet:-1, max-image-preview:large, max-video-preview:-1\" \/>\n<link rel=\"canonical\" href=\"https:\/\/www.copealcoy.es\/es\/tsj-rechaza-nuevo-la-suspension-cautelar-alcoinnova\/\" \/>\n<meta property=\"og:locale\" content=\"es_ES\" \/>\n<meta property=\"og:type\" content=\"article\" \/>\n<meta property=\"og:title\" content=\"El TSJ rechaza de nuevo la suspensi\u00f3n cautelar de Alcoinnova - COPE Alcoy\" \/>\n<meta property=\"og:description\" content=\"El Tribunal Superior de Justicia de la Comunidad Valenciana (TSJ)\u00a0ha rechazado el recurso que presentaron la Colla Ecologista La Carrasca...\" \/>\n<meta property=\"og:url\" content=\"https:\/\/www.copealcoy.es\/es\/tsj-rechaza-nuevo-la-suspension-cautelar-alcoinnova\/\" \/>\n<meta property=\"og:site_name\" content=\"COPE Alcoy\" \/>\n<meta property=\"article:published_time\" content=\"2016-09-26T20:35:57+00:00\" \/>\n<meta property=\"article:modified_time\" content=\"2016-09-27T16:28:35+00:00\" \/>\n<meta property=\"og:image\" content=\"https:\/\/www.copealcoy.es\/wp-content\/uploads\/2014\/12\/image142.jpg\" \/>\n\t<meta property=\"og:image:width\" content=\"3960\" \/>\n\t<meta property=\"og:image:height\" content=\"2465\" \/>\n\t<meta property=\"og:image:type\" content=\"image\/jpeg\" \/>\n<meta name=\"author\" content=\"Cope Alcoy\" \/>\n<meta name=\"twitter:label1\" content=\"Escrito por\" \/>\n\t<meta name=\"twitter:data1\" content=\"Cope Alcoy\" \/>\n\t<meta name=\"twitter:label2\" content=\"Tiempo de lectura\" \/>\n\t<meta name=\"twitter:data2\" content=\"1 minuto\" \/>\n<script type=\"application\/ld+json\" class=\"yoast-schema-graph\">{\"@context\":\"https:\\\/\\\/schema.org\",\"@graph\":[{\"@type\":\"Article\",\"@id\":\"https:\\\/\\\/www.copealcoy.es\\\/es\\\/tsj-rechaza-nuevo-la-suspension-cautelar-alcoinnova\\\/#article\",\"isPartOf\":{\"@id\":\"https:\\\/\\\/www.copealcoy.es\\\/es\\\/tsj-rechaza-nuevo-la-suspension-cautelar-alcoinnova\\\/\"},\"author\":{\"name\":\"Cope Alcoy\",\"@id\":\"https:\\\/\\\/www.copealcoy.es\\\/es\\\/#\\\/schema\\\/person\\\/e777c87fa024e57d40170af9df39882c\"},\"headline\":\"El TSJ rechaza de nuevo la suspensi\u00f3n cautelar de Alcoinnova\",\"datePublished\":\"2016-09-26T20:35:57+00:00\",\"dateModified\":\"2016-09-27T16:28:35+00:00\",\"mainEntityOfPage\":{\"@id\":\"https:\\\/\\\/www.copealcoy.es\\\/es\\\/tsj-rechaza-nuevo-la-suspension-cautelar-alcoinnova\\\/\"},\"wordCount\":285,\"commentCount\":0,\"image\":{\"@id\":\"https:\\\/\\\/www.copealcoy.es\\\/es\\\/tsj-rechaza-nuevo-la-suspension-cautelar-alcoinnova\\\/#primaryimage\"},\"thumbnailUrl\":\"https:\\\/\\\/www.copealcoy.es\\\/wp-content\\\/uploads\\\/2014\\\/12\\\/image142.jpg\",\"keywords\":[\"Alcoinnova\",\"de\",\"de nuevo\",\"el\",\"la suspensi\u00f3n cautelar\",\"rechaza\",\"TSJ\"],\"articleSection\":[\"Alcoy\",\"Noticias\",\"Portada\"],\"inLanguage\":\"es\"},{\"@type\":\"WebPage\",\"@id\":\"https:\\\/\\\/www.copealcoy.es\\\/es\\\/tsj-rechaza-nuevo-la-suspension-cautelar-alcoinnova\\\/\",\"url\":\"https:\\\/\\\/www.copealcoy.es\\\/es\\\/tsj-rechaza-nuevo-la-suspension-cautelar-alcoinnova\\\/\",\"name\":\"El TSJ rechaza de nuevo la suspensi\u00f3n cautelar de Alcoinnova - COPE Alcoy\",\"isPartOf\":{\"@id\":\"https:\\\/\\\/www.copealcoy.es\\\/es\\\/#website\"},\"primaryImageOfPage\":{\"@id\":\"https:\\\/\\\/www.copealcoy.es\\\/es\\\/tsj-rechaza-nuevo-la-suspension-cautelar-alcoinnova\\\/#primaryimage\"},\"image\":{\"@id\":\"https:\\\/\\\/www.copealcoy.es\\\/es\\\/tsj-rechaza-nuevo-la-suspension-cautelar-alcoinnova\\\/#primaryimage\"},\"thumbnailUrl\":\"https:\\\/\\\/www.copealcoy.es\\\/wp-content\\\/uploads\\\/2014\\\/12\\\/image142.jpg\",\"datePublished\":\"2016-09-26T20:35:57+00:00\",\"dateModified\":\"2016-09-27T16:28:35+00:00\",\"author\":{\"@id\":\"https:\\\/\\\/www.copealcoy.es\\\/es\\\/#\\\/schema\\\/person\\\/e777c87fa024e57d40170af9df39882c\"},\"breadcrumb\":{\"@id\":\"https:\\\/\\\/www.copealcoy.es\\\/es\\\/tsj-rechaza-nuevo-la-suspension-cautelar-alcoinnova\\\/#breadcrumb\"},\"inLanguage\":\"es\",\"potentialAction\":[{\"@type\":\"ReadAction\",\"target\":[\"https:\\\/\\\/www.copealcoy.es\\\/es\\\/tsj-rechaza-nuevo-la-suspension-cautelar-alcoinnova\\\/\"]}]},{\"@type\":\"ImageObject\",\"inLanguage\":\"es\",\"@id\":\"https:\\\/\\\/www.copealcoy.es\\\/es\\\/tsj-rechaza-nuevo-la-suspension-cautelar-alcoinnova\\\/#primaryimage\",\"url\":\"https:\\\/\\\/www.copealcoy.es\\\/wp-content\\\/uploads\\\/2014\\\/12\\\/image142.jpg\",\"contentUrl\":\"https:\\\/\\\/www.copealcoy.es\\\/wp-content\\\/uploads\\\/2014\\\/12\\\/image142.jpg\",\"width\":1735,\"height\":1080,\"caption\":\"\u00c1rea del parque empresarial Alcoinnova\"},{\"@type\":\"BreadcrumbList\",\"@id\":\"https:\\\/\\\/www.copealcoy.es\\\/es\\\/tsj-rechaza-nuevo-la-suspension-cautelar-alcoinnova\\\/#breadcrumb\",\"itemListElement\":[{\"@type\":\"ListItem\",\"position\":1,\"name\":\"Portada\",\"item\":\"https:\\\/\\\/www.copealcoy.es\\\/es\\\/\"},{\"@type\":\"ListItem\",\"position\":2,\"name\":\"El TSJ rechaza de nuevo la suspensi\u00f3n cautelar de Alcoinnova\"}]},{\"@type\":\"WebSite\",\"@id\":\"https:\\\/\\\/www.copealcoy.es\\\/es\\\/#website\",\"url\":\"https:\\\/\\\/www.copealcoy.es\\\/es\\\/\",\"name\":\"COPE Alcoy\",\"description\":\"Emisora COPE de radio local con emisi\u00f3n online. Pont de Sant Jordi 8-10 03803 Alcoy\",\"potentialAction\":[{\"@type\":\"SearchAction\",\"target\":{\"@type\":\"EntryPoint\",\"urlTemplate\":\"https:\\\/\\\/www.copealcoy.es\\\/es\\\/?s={search_term_string}\"},\"query-input\":{\"@type\":\"PropertyValueSpecification\",\"valueRequired\":true,\"valueName\":\"search_term_string\"}}],\"inLanguage\":\"es\"},{\"@type\":\"Person\",\"@id\":\"https:\\\/\\\/www.copealcoy.es\\\/es\\\/#\\\/schema\\\/person\\\/e777c87fa024e57d40170af9df39882c\",\"name\":\"Cope Alcoy\",\"image\":{\"@type\":\"ImageObject\",\"inLanguage\":\"es\",\"@id\":\"https:\\\/\\\/secure.gravatar.com\\\/avatar\\\/bb65d0283347e303893ba14f0692005417c1e0e690a325a4c5d8bb2b3943ee14?s=96&d=mm&r=g\",\"url\":\"https:\\\/\\\/secure.gravatar.com\\\/avatar\\\/bb65d0283347e303893ba14f0692005417c1e0e690a325a4c5d8bb2b3943ee14?s=96&d=mm&r=g\",\"contentUrl\":\"https:\\\/\\\/secure.gravatar.com\\\/avatar\\\/bb65d0283347e303893ba14f0692005417c1e0e690a325a4c5d8bb2b3943ee14?s=96&d=mm&r=g\",\"caption\":\"Cope Alcoy\"}}]}<\/script>\n<!-- \/ Yoast SEO plugin. -->","yoast_head_json":{"title":"El TSJ rechaza de nuevo la suspensi\u00f3n cautelar de Alcoinnova - COPE Alcoy","robots":{"index":"index","follow":"follow","max-snippet":"max-snippet:-1","max-image-preview":"max-image-preview:large","max-video-preview":"max-video-preview:-1"},"canonical":"https:\/\/www.copealcoy.es\/es\/tsj-rechaza-nuevo-la-suspension-cautelar-alcoinnova\/","og_locale":"es_ES","og_type":"article","og_title":"El TSJ rechaza de nuevo la suspensi\u00f3n cautelar de Alcoinnova - COPE Alcoy","og_description":"El Tribunal Superior de Justicia de la Comunidad Valenciana (TSJ)\u00a0ha rechazado el recurso que presentaron la Colla Ecologista La Carrasca...","og_url":"https:\/\/www.copealcoy.es\/es\/tsj-rechaza-nuevo-la-suspension-cautelar-alcoinnova\/","og_site_name":"COPE Alcoy","article_published_time":"2016-09-26T20:35:57+00:00","article_modified_time":"2016-09-27T16:28:35+00:00","og_image":[{"width":3960,"height":2465,"url":"https:\/\/www.copealcoy.es\/wp-content\/uploads\/2014\/12\/image142.jpg","type":"image\/jpeg"}],"author":"Cope Alcoy","twitter_misc":{"Escrito por":"Cope Alcoy","Tiempo de lectura":"1 minuto"},"schema":{"@context":"https:\/\/schema.org","@graph":[{"@type":"Article","@id":"https:\/\/www.copealcoy.es\/es\/tsj-rechaza-nuevo-la-suspension-cautelar-alcoinnova\/#article","isPartOf":{"@id":"https:\/\/www.copealcoy.es\/es\/tsj-rechaza-nuevo-la-suspension-cautelar-alcoinnova\/"},"author":{"name":"Cope Alcoy","@id":"https:\/\/www.copealcoy.es\/es\/#\/schema\/person\/e777c87fa024e57d40170af9df39882c"},"headline":"El TSJ rechaza de nuevo la suspensi\u00f3n cautelar de Alcoinnova","datePublished":"2016-09-26T20:35:57+00:00","dateModified":"2016-09-27T16:28:35+00:00","mainEntityOfPage":{"@id":"https:\/\/www.copealcoy.es\/es\/tsj-rechaza-nuevo-la-suspension-cautelar-alcoinnova\/"},"wordCount":285,"commentCount":0,"image":{"@id":"https:\/\/www.copealcoy.es\/es\/tsj-rechaza-nuevo-la-suspension-cautelar-alcoinnova\/#primaryimage"},"thumbnailUrl":"https:\/\/www.copealcoy.es\/wp-content\/uploads\/2014\/12\/image142.jpg","keywords":["Alcoinnova","de","de nuevo","el","la suspensi\u00f3n cautelar","rechaza","TSJ"],"articleSection":["Alcoy","Noticias","Portada"],"inLanguage":"es"},{"@type":"WebPage","@id":"https:\/\/www.copealcoy.es\/es\/tsj-rechaza-nuevo-la-suspension-cautelar-alcoinnova\/","url":"https:\/\/www.copealcoy.es\/es\/tsj-rechaza-nuevo-la-suspension-cautelar-alcoinnova\/","name":"El TSJ rechaza de nuevo la suspensi\u00f3n cautelar de Alcoinnova - COPE Alcoy","isPartOf":{"@id":"https:\/\/www.copealcoy.es\/es\/#website"},"primaryImageOfPage":{"@id":"https:\/\/www.copealcoy.es\/es\/tsj-rechaza-nuevo-la-suspension-cautelar-alcoinnova\/#primaryimage"},"image":{"@id":"https:\/\/www.copealcoy.es\/es\/tsj-rechaza-nuevo-la-suspension-cautelar-alcoinnova\/#primaryimage"},"thumbnailUrl":"https:\/\/www.copealcoy.es\/wp-content\/uploads\/2014\/12\/image142.jpg","datePublished":"2016-09-26T20:35:57+00:00","dateModified":"2016-09-27T16:28:35+00:00","author":{"@id":"https:\/\/www.copealcoy.es\/es\/#\/schema\/person\/e777c87fa024e57d40170af9df39882c"},"breadcrumb":{"@id":"https:\/\/www.copealcoy.es\/es\/tsj-rechaza-nuevo-la-suspension-cautelar-alcoinnova\/#breadcrumb"},"inLanguage":"es","potentialAction":[{"@type":"ReadAction","target":["https:\/\/www.copealcoy.es\/es\/tsj-rechaza-nuevo-la-suspension-cautelar-alcoinnova\/"]}]},{"@type":"ImageObject","inLanguage":"es","@id":"https:\/\/www.copealcoy.es\/es\/tsj-rechaza-nuevo-la-suspension-cautelar-alcoinnova\/#primaryimage","url":"https:\/\/www.copealcoy.es\/wp-content\/uploads\/2014\/12\/image142.jpg","contentUrl":"https:\/\/www.copealcoy.es\/wp-content\/uploads\/2014\/12\/image142.jpg","width":1735,"height":1080,"caption":"\u00c1rea del parque empresarial Alcoinnova"},{"@type":"BreadcrumbList","@id":"https:\/\/www.copealcoy.es\/es\/tsj-rechaza-nuevo-la-suspension-cautelar-alcoinnova\/#breadcrumb","itemListElement":[{"@type":"ListItem","position":1,"name":"Portada","item":"https:\/\/www.copealcoy.es\/es\/"},{"@type":"ListItem","position":2,"name":"El TSJ rechaza de nuevo la suspensi\u00f3n cautelar de Alcoinnova"}]},{"@type":"WebSite","@id":"https:\/\/www.copealcoy.es\/es\/#website","url":"https:\/\/www.copealcoy.es\/es\/","name":"COPE Alcoy","description":"Emisora COPE de radio local con emisi\u00f3n online. Pont de Sant Jordi 8-10 03803 Alcoy","potentialAction":[{"@type":"SearchAction","target":{"@type":"EntryPoint","urlTemplate":"https:\/\/www.copealcoy.es\/es\/?s={search_term_string}"},"query-input":{"@type":"PropertyValueSpecification","valueRequired":true,"valueName":"search_term_string"}}],"inLanguage":"es"},{"@type":"Person","@id":"https:\/\/www.copealcoy.es\/es\/#\/schema\/person\/e777c87fa024e57d40170af9df39882c","name":"Cope Alcoy","image":{"@type":"ImageObject","inLanguage":"es","@id":"https:\/\/secure.gravatar.com\/avatar\/bb65d0283347e303893ba14f0692005417c1e0e690a325a4c5d8bb2b3943ee14?s=96&d=mm&r=g","url":"https:\/\/secure.gravatar.com\/avatar\/bb65d0283347e303893ba14f0692005417c1e0e690a325a4c5d8bb2b3943ee14?s=96&d=mm&r=g","contentUrl":"https:\/\/secure.gravatar.com\/avatar\/bb65d0283347e303893ba14f0692005417c1e0e690a325a4c5d8bb2b3943ee14?s=96&d=mm&r=g","caption":"Cope Alcoy"}}]}},"_links":{"self":[{"href":"https:\/\/www.copealcoy.es\/es\/wp-json\/wp\/v2\/posts\/25193","targetHints":{"allow":["GET"]}}],"collection":[{"href":"https:\/\/www.copealcoy.es\/es\/wp-json\/wp\/v2\/posts"}],"about":[{"href":"https:\/\/www.copealcoy.es\/es\/wp-json\/wp\/v2\/types\/post"}],"author":[{"embeddable":true,"href":"https:\/\/www.copealcoy.es\/es\/wp-json\/wp\/v2\/users\/1"}],"replies":[{"embeddable":true,"href":"https:\/\/www.copealcoy.es\/es\/wp-json\/wp\/v2\/comments?post=25193"}],"version-history":[{"count":0,"href":"https:\/\/www.copealcoy.es\/es\/wp-json\/wp\/v2\/posts\/25193\/revisions"}],"wp:featuredmedia":[{"embeddable":true,"href":"https:\/\/www.copealcoy.es\/es\/wp-json\/wp\/v2\/media\/9340"}],"wp:attachment":[{"href":"https:\/\/www.copealcoy.es\/es\/wp-json\/wp\/v2\/media?parent=25193"}],"wp:term":[{"taxonomy":"category","embeddable":true,"href":"https:\/\/www.copealcoy.es\/es\/wp-json\/wp\/v2\/categories?post=25193"},{"taxonomy":"post_tag","embeddable":true,"href":"https:\/\/www.copealcoy.es\/es\/wp-json\/wp\/v2\/tags?post=25193"}],"curies":[{"name":"wp","href":"https:\/\/api.w.org\/{rel}","templated":true}]}}