{"id":25187,"date":"2016-09-26T19:37:23","date_gmt":"2016-09-26T19:37:23","guid":{"rendered":"http:\/\/copealcoi.es\/new\/?p=25187"},"modified":"2016-09-26T19:37:59","modified_gmt":"2016-09-26T19:37:59","slug":"la-fira-alcanza-100-expositores","status":"publish","type":"post","link":"https:\/\/www.copealcoy.es\/es\/la-fira-alcanza-100-expositores\/","title":{"rendered":"La Fira alcanza el 100% de expositores"},"content":{"rendered":"<p style=\"text-align: justify;\">La Fira de Tots Sants de Cocentaina ha alcanzado el <strong>100% de expositores<\/strong> a tan solo un mes para que comience la edici\u00f3n 2016 del Certamen.<\/p>\n<p style=\"text-align: justify;\">Desde el Departamento de Fira destacan que para este a\u00f1o se han completado los <strong>130.000 metros cuadrados<\/strong> destinados a la actividad comercial y se\u00f1alan\u00a0que la superficie para los diferentes sectores de exposici\u00f3n es pr\u00e1cticamente la misma que la edici\u00f3n anterior, a excepci\u00f3n del \u00e1rea dedicada al <strong>turismo<\/strong> que aumenta su presencia hasta llegar a los 1.725 metros cuadrados. Todo ello con la finalidad de facilitar la presencia de localidades vecinas y de consorcios o patronatos para promocionar sus respectivas ofertas tur\u00edsticas.<\/p>\n<p style=\"text-align: justify;\">En cuanto a los <strong>expositores<\/strong>,\u00a0indicar que en la 670 edici\u00f3n de la Fira se apostar\u00e1 por la llegada de empresas agr\u00edcolas de la provincia de Alicante y por industrias que trabajan con productos de alta calidad dentro del sector de la alimentaci\u00f3n. De igual forma en el Passeig del Comtat se ubicar\u00e1n stands que ofrecen productos nuevos con un elevado componente innovador relacionados, por ejemplo, con el tratamiento de plagas, educaci\u00f3n, nuevos sistemas de descanso y salud etc.<\/p>\n<p style=\"text-align: justify;\">Por \u00faltimo apuntar que <strong>las Nuevas Tecnolog\u00edas<\/strong> seguir\u00e1n estando presentes en la Fira con atractivos que fueron ya un \u00e9xito el pasado a\u00f1o 2015. La f\u00f3rmula se volver\u00e1 a repetir y podremos disfrutar de impresoras en 3D o robots y como novedad se ofrecer\u00e1n muestras y competiciones de videojuegos de la mano de la multinacional Microsoft.<\/p>\n<p>&nbsp;<\/p>\n","protected":false},"excerpt":{"rendered":"<p>La Fira de Tots Sants de Cocentaina ha alcanzado el 100% de expositores a tan solo un mes para que&#8230;<\/p>\n","protected":false},"author":1,"featured_media":16612,"comment_status":"open","ping_status":"open","sticky":false,"template":"","format":"standard","meta":{"footnotes":""},"categories":[98,75],"tags":[2983,2982,132,2981],"class_list":["post-25187","post","type-post","status-publish","format-standard","has-post-thumbnail","hentry","category-comarcas","category-noticias","tag-100-de-expositores","tag-alcanza","tag-cocentaina","tag-la-fira"],"yoast_head":"<!-- This site is optimized with the Yoast SEO plugin v27.3 - https:\/\/yoast.com\/product\/yoast-seo-wordpress\/ -->\n<title>La Fira alcanza el 100% de expositores - COPE Alcoy<\/title>\n<meta name=\"robots\" content=\"index, follow, max-snippet:-1, max-image-preview:large, max-video-preview:-1\" \/>\n<link rel=\"canonical\" href=\"https:\/\/www.copealcoy.es\/es\/la-fira-alcanza-100-expositores\/\" \/>\n<meta property=\"og:locale\" content=\"es_ES\" \/>\n<meta property=\"og:type\" content=\"article\" \/>\n<meta property=\"og:title\" content=\"La Fira alcanza el 100% de expositores - COPE Alcoy\" \/>\n<meta property=\"og:description\" content=\"La Fira de Tots Sants de Cocentaina ha alcanzado el 100% de expositores a tan solo un mes para que...\" \/>\n<meta property=\"og:url\" content=\"https:\/\/www.copealcoy.es\/es\/la-fira-alcanza-100-expositores\/\" \/>\n<meta property=\"og:site_name\" content=\"COPE Alcoy\" \/>\n<meta property=\"article:published_time\" content=\"2016-09-26T19:37:23+00:00\" \/>\n<meta property=\"article:modified_time\" content=\"2016-09-26T19:37:59+00:00\" \/>\n<meta property=\"og:image\" content=\"https:\/\/www.copealcoy.es\/wp-content\/uploads\/2015\/10\/Fira-de-Tots-Sants-2-1024x768.jpg\" \/>\n\t<meta property=\"og:image:width\" content=\"1024\" \/>\n\t<meta property=\"og:image:height\" content=\"768\" \/>\n\t<meta property=\"og:image:type\" content=\"image\/jpeg\" \/>\n<meta name=\"author\" content=\"Cope Alcoy\" \/>\n<meta name=\"twitter:label1\" content=\"Escrito por\" \/>\n\t<meta name=\"twitter:data1\" content=\"Cope Alcoy\" \/>\n\t<meta name=\"twitter:label2\" content=\"Tiempo de lectura\" \/>\n\t<meta name=\"twitter:data2\" content=\"1 minuto\" \/>\n<script type=\"application\/ld+json\" class=\"yoast-schema-graph\">{\"@context\":\"https:\\\/\\\/schema.org\",\"@graph\":[{\"@type\":\"Article\",\"@id\":\"https:\\\/\\\/www.copealcoy.es\\\/es\\\/la-fira-alcanza-100-expositores\\\/#article\",\"isPartOf\":{\"@id\":\"https:\\\/\\\/www.copealcoy.es\\\/es\\\/la-fira-alcanza-100-expositores\\\/\"},\"author\":{\"name\":\"Cope Alcoy\",\"@id\":\"https:\\\/\\\/www.copealcoy.es\\\/es\\\/#\\\/schema\\\/person\\\/e777c87fa024e57d40170af9df39882c\"},\"headline\":\"La Fira alcanza el 100% de expositores\",\"datePublished\":\"2016-09-26T19:37:23+00:00\",\"dateModified\":\"2016-09-26T19:37:59+00:00\",\"mainEntityOfPage\":{\"@id\":\"https:\\\/\\\/www.copealcoy.es\\\/es\\\/la-fira-alcanza-100-expositores\\\/\"},\"wordCount\":262,\"commentCount\":0,\"image\":{\"@id\":\"https:\\\/\\\/www.copealcoy.es\\\/es\\\/la-fira-alcanza-100-expositores\\\/#primaryimage\"},\"thumbnailUrl\":\"https:\\\/\\\/www.copealcoy.es\\\/wp-content\\\/uploads\\\/2015\\\/10\\\/Fira-de-Tots-Sants-2.jpg\",\"keywords\":[\"100% de expositores\",\"alcanza\",\"Cocentaina\",\"La Fira\"],\"articleSection\":[\"Comarcas\",\"Noticias\"],\"inLanguage\":\"es\"},{\"@type\":\"WebPage\",\"@id\":\"https:\\\/\\\/www.copealcoy.es\\\/es\\\/la-fira-alcanza-100-expositores\\\/\",\"url\":\"https:\\\/\\\/www.copealcoy.es\\\/es\\\/la-fira-alcanza-100-expositores\\\/\",\"name\":\"La Fira alcanza el 100% de expositores - COPE Alcoy\",\"isPartOf\":{\"@id\":\"https:\\\/\\\/www.copealcoy.es\\\/es\\\/#website\"},\"primaryImageOfPage\":{\"@id\":\"https:\\\/\\\/www.copealcoy.es\\\/es\\\/la-fira-alcanza-100-expositores\\\/#primaryimage\"},\"image\":{\"@id\":\"https:\\\/\\\/www.copealcoy.es\\\/es\\\/la-fira-alcanza-100-expositores\\\/#primaryimage\"},\"thumbnailUrl\":\"https:\\\/\\\/www.copealcoy.es\\\/wp-content\\\/uploads\\\/2015\\\/10\\\/Fira-de-Tots-Sants-2.jpg\",\"datePublished\":\"2016-09-26T19:37:23+00:00\",\"dateModified\":\"2016-09-26T19:37:59+00:00\",\"author\":{\"@id\":\"https:\\\/\\\/www.copealcoy.es\\\/es\\\/#\\\/schema\\\/person\\\/e777c87fa024e57d40170af9df39882c\"},\"breadcrumb\":{\"@id\":\"https:\\\/\\\/www.copealcoy.es\\\/es\\\/la-fira-alcanza-100-expositores\\\/#breadcrumb\"},\"inLanguage\":\"es\",\"potentialAction\":[{\"@type\":\"ReadAction\",\"target\":[\"https:\\\/\\\/www.copealcoy.es\\\/es\\\/la-fira-alcanza-100-expositores\\\/\"]}]},{\"@type\":\"ImageObject\",\"inLanguage\":\"es\",\"@id\":\"https:\\\/\\\/www.copealcoy.es\\\/es\\\/la-fira-alcanza-100-expositores\\\/#primaryimage\",\"url\":\"https:\\\/\\\/www.copealcoy.es\\\/wp-content\\\/uploads\\\/2015\\\/10\\\/Fira-de-Tots-Sants-2.jpg\",\"contentUrl\":\"https:\\\/\\\/www.copealcoy.es\\\/wp-content\\\/uploads\\\/2015\\\/10\\\/Fira-de-Tots-Sants-2.jpg\",\"width\":4224,\"height\":3168},{\"@type\":\"BreadcrumbList\",\"@id\":\"https:\\\/\\\/www.copealcoy.es\\\/es\\\/la-fira-alcanza-100-expositores\\\/#breadcrumb\",\"itemListElement\":[{\"@type\":\"ListItem\",\"position\":1,\"name\":\"Portada\",\"item\":\"https:\\\/\\\/www.copealcoy.es\\\/es\\\/\"},{\"@type\":\"ListItem\",\"position\":2,\"name\":\"La Fira alcanza el 100% de expositores\"}]},{\"@type\":\"WebSite\",\"@id\":\"https:\\\/\\\/www.copealcoy.es\\\/es\\\/#website\",\"url\":\"https:\\\/\\\/www.copealcoy.es\\\/es\\\/\",\"name\":\"COPE Alcoy\",\"description\":\"Emisora COPE de radio local con emisi\u00f3n online. Pont de Sant Jordi 8-10 03803 Alcoy\",\"potentialAction\":[{\"@type\":\"SearchAction\",\"target\":{\"@type\":\"EntryPoint\",\"urlTemplate\":\"https:\\\/\\\/www.copealcoy.es\\\/es\\\/?s={search_term_string}\"},\"query-input\":{\"@type\":\"PropertyValueSpecification\",\"valueRequired\":true,\"valueName\":\"search_term_string\"}}],\"inLanguage\":\"es\"},{\"@type\":\"Person\",\"@id\":\"https:\\\/\\\/www.copealcoy.es\\\/es\\\/#\\\/schema\\\/person\\\/e777c87fa024e57d40170af9df39882c\",\"name\":\"Cope Alcoy\",\"image\":{\"@type\":\"ImageObject\",\"inLanguage\":\"es\",\"@id\":\"https:\\\/\\\/secure.gravatar.com\\\/avatar\\\/bb65d0283347e303893ba14f0692005417c1e0e690a325a4c5d8bb2b3943ee14?s=96&d=mm&r=g\",\"url\":\"https:\\\/\\\/secure.gravatar.com\\\/avatar\\\/bb65d0283347e303893ba14f0692005417c1e0e690a325a4c5d8bb2b3943ee14?s=96&d=mm&r=g\",\"contentUrl\":\"https:\\\/\\\/secure.gravatar.com\\\/avatar\\\/bb65d0283347e303893ba14f0692005417c1e0e690a325a4c5d8bb2b3943ee14?s=96&d=mm&r=g\",\"caption\":\"Cope Alcoy\"}}]}<\/script>\n<!-- \/ Yoast SEO plugin. -->","yoast_head_json":{"title":"La Fira alcanza el 100% de expositores - COPE Alcoy","robots":{"index":"index","follow":"follow","max-snippet":"max-snippet:-1","max-image-preview":"max-image-preview:large","max-video-preview":"max-video-preview:-1"},"canonical":"https:\/\/www.copealcoy.es\/es\/la-fira-alcanza-100-expositores\/","og_locale":"es_ES","og_type":"article","og_title":"La Fira alcanza el 100% de expositores - COPE Alcoy","og_description":"La Fira de Tots Sants de Cocentaina ha alcanzado el 100% de expositores a tan solo un mes para que...","og_url":"https:\/\/www.copealcoy.es\/es\/la-fira-alcanza-100-expositores\/","og_site_name":"COPE Alcoy","article_published_time":"2016-09-26T19:37:23+00:00","article_modified_time":"2016-09-26T19:37:59+00:00","og_image":[{"width":1024,"height":768,"url":"https:\/\/www.copealcoy.es\/wp-content\/uploads\/2015\/10\/Fira-de-Tots-Sants-2-1024x768.jpg","type":"image\/jpeg"}],"author":"Cope Alcoy","twitter_misc":{"Escrito por":"Cope Alcoy","Tiempo de lectura":"1 minuto"},"schema":{"@context":"https:\/\/schema.org","@graph":[{"@type":"Article","@id":"https:\/\/www.copealcoy.es\/es\/la-fira-alcanza-100-expositores\/#article","isPartOf":{"@id":"https:\/\/www.copealcoy.es\/es\/la-fira-alcanza-100-expositores\/"},"author":{"name":"Cope Alcoy","@id":"https:\/\/www.copealcoy.es\/es\/#\/schema\/person\/e777c87fa024e57d40170af9df39882c"},"headline":"La Fira alcanza el 100% de expositores","datePublished":"2016-09-26T19:37:23+00:00","dateModified":"2016-09-26T19:37:59+00:00","mainEntityOfPage":{"@id":"https:\/\/www.copealcoy.es\/es\/la-fira-alcanza-100-expositores\/"},"wordCount":262,"commentCount":0,"image":{"@id":"https:\/\/www.copealcoy.es\/es\/la-fira-alcanza-100-expositores\/#primaryimage"},"thumbnailUrl":"https:\/\/www.copealcoy.es\/wp-content\/uploads\/2015\/10\/Fira-de-Tots-Sants-2.jpg","keywords":["100% de expositores","alcanza","Cocentaina","La Fira"],"articleSection":["Comarcas","Noticias"],"inLanguage":"es"},{"@type":"WebPage","@id":"https:\/\/www.copealcoy.es\/es\/la-fira-alcanza-100-expositores\/","url":"https:\/\/www.copealcoy.es\/es\/la-fira-alcanza-100-expositores\/","name":"La Fira alcanza el 100% de expositores - COPE Alcoy","isPartOf":{"@id":"https:\/\/www.copealcoy.es\/es\/#website"},"primaryImageOfPage":{"@id":"https:\/\/www.copealcoy.es\/es\/la-fira-alcanza-100-expositores\/#primaryimage"},"image":{"@id":"https:\/\/www.copealcoy.es\/es\/la-fira-alcanza-100-expositores\/#primaryimage"},"thumbnailUrl":"https:\/\/www.copealcoy.es\/wp-content\/uploads\/2015\/10\/Fira-de-Tots-Sants-2.jpg","datePublished":"2016-09-26T19:37:23+00:00","dateModified":"2016-09-26T19:37:59+00:00","author":{"@id":"https:\/\/www.copealcoy.es\/es\/#\/schema\/person\/e777c87fa024e57d40170af9df39882c"},"breadcrumb":{"@id":"https:\/\/www.copealcoy.es\/es\/la-fira-alcanza-100-expositores\/#breadcrumb"},"inLanguage":"es","potentialAction":[{"@type":"ReadAction","target":["https:\/\/www.copealcoy.es\/es\/la-fira-alcanza-100-expositores\/"]}]},{"@type":"ImageObject","inLanguage":"es","@id":"https:\/\/www.copealcoy.es\/es\/la-fira-alcanza-100-expositores\/#primaryimage","url":"https:\/\/www.copealcoy.es\/wp-content\/uploads\/2015\/10\/Fira-de-Tots-Sants-2.jpg","contentUrl":"https:\/\/www.copealcoy.es\/wp-content\/uploads\/2015\/10\/Fira-de-Tots-Sants-2.jpg","width":4224,"height":3168},{"@type":"BreadcrumbList","@id":"https:\/\/www.copealcoy.es\/es\/la-fira-alcanza-100-expositores\/#breadcrumb","itemListElement":[{"@type":"ListItem","position":1,"name":"Portada","item":"https:\/\/www.copealcoy.es\/es\/"},{"@type":"ListItem","position":2,"name":"La Fira alcanza el 100% de expositores"}]},{"@type":"WebSite","@id":"https:\/\/www.copealcoy.es\/es\/#website","url":"https:\/\/www.copealcoy.es\/es\/","name":"COPE Alcoy","description":"Emisora COPE de radio local con emisi\u00f3n online. Pont de Sant Jordi 8-10 03803 Alcoy","potentialAction":[{"@type":"SearchAction","target":{"@type":"EntryPoint","urlTemplate":"https:\/\/www.copealcoy.es\/es\/?s={search_term_string}"},"query-input":{"@type":"PropertyValueSpecification","valueRequired":true,"valueName":"search_term_string"}}],"inLanguage":"es"},{"@type":"Person","@id":"https:\/\/www.copealcoy.es\/es\/#\/schema\/person\/e777c87fa024e57d40170af9df39882c","name":"Cope Alcoy","image":{"@type":"ImageObject","inLanguage":"es","@id":"https:\/\/secure.gravatar.com\/avatar\/bb65d0283347e303893ba14f0692005417c1e0e690a325a4c5d8bb2b3943ee14?s=96&d=mm&r=g","url":"https:\/\/secure.gravatar.com\/avatar\/bb65d0283347e303893ba14f0692005417c1e0e690a325a4c5d8bb2b3943ee14?s=96&d=mm&r=g","contentUrl":"https:\/\/secure.gravatar.com\/avatar\/bb65d0283347e303893ba14f0692005417c1e0e690a325a4c5d8bb2b3943ee14?s=96&d=mm&r=g","caption":"Cope Alcoy"}}]}},"_links":{"self":[{"href":"https:\/\/www.copealcoy.es\/es\/wp-json\/wp\/v2\/posts\/25187","targetHints":{"allow":["GET"]}}],"collection":[{"href":"https:\/\/www.copealcoy.es\/es\/wp-json\/wp\/v2\/posts"}],"about":[{"href":"https:\/\/www.copealcoy.es\/es\/wp-json\/wp\/v2\/types\/post"}],"author":[{"embeddable":true,"href":"https:\/\/www.copealcoy.es\/es\/wp-json\/wp\/v2\/users\/1"}],"replies":[{"embeddable":true,"href":"https:\/\/www.copealcoy.es\/es\/wp-json\/wp\/v2\/comments?post=25187"}],"version-history":[{"count":0,"href":"https:\/\/www.copealcoy.es\/es\/wp-json\/wp\/v2\/posts\/25187\/revisions"}],"wp:featuredmedia":[{"embeddable":true,"href":"https:\/\/www.copealcoy.es\/es\/wp-json\/wp\/v2\/media\/16612"}],"wp:attachment":[{"href":"https:\/\/www.copealcoy.es\/es\/wp-json\/wp\/v2\/media?parent=25187"}],"wp:term":[{"taxonomy":"category","embeddable":true,"href":"https:\/\/www.copealcoy.es\/es\/wp-json\/wp\/v2\/categories?post=25187"},{"taxonomy":"post_tag","embeddable":true,"href":"https:\/\/www.copealcoy.es\/es\/wp-json\/wp\/v2\/tags?post=25187"}],"curies":[{"name":"wp","href":"https:\/\/api.w.org\/{rel}","templated":true}]}}