{"id":25162,"date":"2016-09-26T16:07:56","date_gmt":"2016-09-26T16:07:56","guid":{"rendered":"http:\/\/copealcoi.es\/new\/?p=25162"},"modified":"2016-09-26T16:07:56","modified_gmt":"2016-09-26T16:07:56","slug":"la-parroquia-san-roque-celebro-fiesta-anual","status":"publish","type":"post","link":"https:\/\/www.copealcoy.es\/es\/la-parroquia-san-roque-celebro-fiesta-anual\/","title":{"rendered":"La Parroquia de San Roque celebr\u00f3 su fiesta anual"},"content":{"rendered":"<p style=\"text-align: justify;\">La Parroquia de San Roque de Alcoy ha celebrado en los \u00faltimos d\u00edas la <strong>fiesta anual en honor al santo<\/strong> con diferentes actividades entre las que destac\u00f3 la cl\u00e1sica procesi\u00f3n <em>&#8220;dels farolets&#8221;\u00a0<\/em>que se celebr\u00f3 el s\u00e1bado por la tarde.<\/p>\n<p style=\"text-align: justify;\">En los d\u00edas previos tuvo lugar el <strong>preg\u00f3n de las fiestas<\/strong> a cargo de Adri\u00e1n Esp\u00ed Vald\u00e9s y la <strong>presentaci\u00f3n del cartel<\/strong> anunciador que este a\u00f1o ha realizado \u00d3scar Climent. Adem\u00e1s se efectu\u00f3 un a\u00f1o m\u00e1s el <strong>triduo<\/strong>, cada tarde en la parroquia, mientras que el viernes el colegio organiz\u00f3 diferentes actividades como el <strong>traslado de la imagen de San Roque<\/strong> desde el Centro Educativo a la iglesia. Por la noche se celebr\u00f3 una vigilia de oraci\u00f3n con exposici\u00f3n del Sant\u00edsimo Sacramento.<\/p>\n<p style=\"text-align: justify;\">La jornada del s\u00e1bado estuvo marcada por los <strong>juegos<\/strong> organizados por los Juniors Flor de Neu y la <strong>misa solemne<\/strong> seguida de la procesi\u00f3n por algunas calles del Ensanche. Esta finaliz\u00f3 con el canto de los gozos al santo y el disparo de un castillo de fuegos artificiales.<\/p>\n<p style=\"text-align: justify;\">Por \u00faltimo ayer domingo a mediod\u00eda se ofici\u00f3 la <strong>eucarist\u00eda<\/strong> y se dio a besar la reliquia de San Roque y San Sebasti\u00e1n emplaz\u00e1ndose despu\u00e9s a todos los asistentes al mi\u00e9rcoles 28 de septiembre ya que en esa jornada, a las 19:30 horas, se celebrar\u00e1 una misa en memoria de los vecinos del barrio difuntos.<\/p>\n<p>&nbsp;<\/p>\n","protected":false},"excerpt":{"rendered":"<p>La Parroquia de San Roque de Alcoy ha celebrado en los \u00faltimos d\u00edas la fiesta anual en honor al santo&#8230;<\/p>\n","protected":false},"author":1,"featured_media":25163,"comment_status":"open","ping_status":"open","sticky":false,"template":"","format":"standard","meta":{"footnotes":""},"categories":[97,78,75],"tags":[1494,1107,2974,2973,905,2660],"class_list":["post-25162","post","type-post","status-publish","format-standard","has-post-thumbnail","hentry","category-alcoy","category-fiestaycultura","category-noticias","tag-alcoy","tag-celebra","tag-fiesta-anual","tag-parroquia","tag-san-roque","tag-su"],"yoast_head":"<!-- This site is optimized with the Yoast SEO plugin v27.3 - https:\/\/yoast.com\/product\/yoast-seo-wordpress\/ -->\n<title>La Parroquia de San Roque celebr\u00f3 su fiesta anual - COPE Alcoy<\/title>\n<meta name=\"robots\" content=\"index, follow, max-snippet:-1, max-image-preview:large, max-video-preview:-1\" \/>\n<link rel=\"canonical\" href=\"https:\/\/www.copealcoy.es\/es\/la-parroquia-san-roque-celebro-fiesta-anual\/\" \/>\n<meta property=\"og:locale\" content=\"es_ES\" \/>\n<meta property=\"og:type\" content=\"article\" \/>\n<meta property=\"og:title\" content=\"La Parroquia de San Roque celebr\u00f3 su fiesta anual - COPE Alcoy\" \/>\n<meta property=\"og:description\" content=\"La Parroquia de San Roque de Alcoy ha celebrado en los \u00faltimos d\u00edas la fiesta anual en honor al santo...\" \/>\n<meta property=\"og:url\" content=\"https:\/\/www.copealcoy.es\/es\/la-parroquia-san-roque-celebro-fiesta-anual\/\" \/>\n<meta property=\"og:site_name\" content=\"COPE Alcoy\" \/>\n<meta property=\"article:published_time\" content=\"2016-09-26T16:07:56+00:00\" \/>\n<meta property=\"og:image\" content=\"https:\/\/www.copealcoy.es\/wp-content\/uploads\/2016\/09\/14479614_836306696505905_3168762463046469758_n-e1474906042318.jpg\" \/>\n\t<meta property=\"og:image:width\" content=\"916\" \/>\n\t<meta property=\"og:image:height\" content=\"463\" \/>\n\t<meta property=\"og:image:type\" content=\"image\/jpeg\" \/>\n<meta name=\"author\" content=\"Cope Alcoy\" \/>\n<meta name=\"twitter:label1\" content=\"Escrito por\" \/>\n\t<meta name=\"twitter:data1\" content=\"Cope Alcoy\" \/>\n\t<meta name=\"twitter:label2\" content=\"Tiempo de lectura\" \/>\n\t<meta name=\"twitter:data2\" content=\"1 minuto\" \/>\n<script type=\"application\/ld+json\" class=\"yoast-schema-graph\">{\"@context\":\"https:\\\/\\\/schema.org\",\"@graph\":[{\"@type\":\"Article\",\"@id\":\"https:\\\/\\\/www.copealcoy.es\\\/es\\\/la-parroquia-san-roque-celebro-fiesta-anual\\\/#article\",\"isPartOf\":{\"@id\":\"https:\\\/\\\/www.copealcoy.es\\\/es\\\/la-parroquia-san-roque-celebro-fiesta-anual\\\/\"},\"author\":{\"name\":\"Cope Alcoy\",\"@id\":\"https:\\\/\\\/www.copealcoy.es\\\/es\\\/#\\\/schema\\\/person\\\/e777c87fa024e57d40170af9df39882c\"},\"headline\":\"La Parroquia de San Roque celebr\u00f3 su fiesta anual\",\"datePublished\":\"2016-09-26T16:07:56+00:00\",\"mainEntityOfPage\":{\"@id\":\"https:\\\/\\\/www.copealcoy.es\\\/es\\\/la-parroquia-san-roque-celebro-fiesta-anual\\\/\"},\"wordCount\":257,\"commentCount\":0,\"image\":{\"@id\":\"https:\\\/\\\/www.copealcoy.es\\\/es\\\/la-parroquia-san-roque-celebro-fiesta-anual\\\/#primaryimage\"},\"thumbnailUrl\":\"https:\\\/\\\/www.copealcoy.es\\\/wp-content\\\/uploads\\\/2016\\\/09\\\/14479614_836306696505905_3168762463046469758_n-e1474906042318.jpg\",\"keywords\":[\"Alcoy\",\"celebra\",\"fiesta anual\",\"parroquia\",\"San Roque\",\"su\"],\"articleSection\":[\"Alcoy\",\"Fiesta y Cultura\",\"Noticias\"],\"inLanguage\":\"es\"},{\"@type\":\"WebPage\",\"@id\":\"https:\\\/\\\/www.copealcoy.es\\\/es\\\/la-parroquia-san-roque-celebro-fiesta-anual\\\/\",\"url\":\"https:\\\/\\\/www.copealcoy.es\\\/es\\\/la-parroquia-san-roque-celebro-fiesta-anual\\\/\",\"name\":\"La Parroquia de San Roque celebr\u00f3 su fiesta anual - COPE Alcoy\",\"isPartOf\":{\"@id\":\"https:\\\/\\\/www.copealcoy.es\\\/es\\\/#website\"},\"primaryImageOfPage\":{\"@id\":\"https:\\\/\\\/www.copealcoy.es\\\/es\\\/la-parroquia-san-roque-celebro-fiesta-anual\\\/#primaryimage\"},\"image\":{\"@id\":\"https:\\\/\\\/www.copealcoy.es\\\/es\\\/la-parroquia-san-roque-celebro-fiesta-anual\\\/#primaryimage\"},\"thumbnailUrl\":\"https:\\\/\\\/www.copealcoy.es\\\/wp-content\\\/uploads\\\/2016\\\/09\\\/14479614_836306696505905_3168762463046469758_n-e1474906042318.jpg\",\"datePublished\":\"2016-09-26T16:07:56+00:00\",\"author\":{\"@id\":\"https:\\\/\\\/www.copealcoy.es\\\/es\\\/#\\\/schema\\\/person\\\/e777c87fa024e57d40170af9df39882c\"},\"breadcrumb\":{\"@id\":\"https:\\\/\\\/www.copealcoy.es\\\/es\\\/la-parroquia-san-roque-celebro-fiesta-anual\\\/#breadcrumb\"},\"inLanguage\":\"es\",\"potentialAction\":[{\"@type\":\"ReadAction\",\"target\":[\"https:\\\/\\\/www.copealcoy.es\\\/es\\\/la-parroquia-san-roque-celebro-fiesta-anual\\\/\"]}]},{\"@type\":\"ImageObject\",\"inLanguage\":\"es\",\"@id\":\"https:\\\/\\\/www.copealcoy.es\\\/es\\\/la-parroquia-san-roque-celebro-fiesta-anual\\\/#primaryimage\",\"url\":\"https:\\\/\\\/www.copealcoy.es\\\/wp-content\\\/uploads\\\/2016\\\/09\\\/14479614_836306696505905_3168762463046469758_n-e1474906042318.jpg\",\"contentUrl\":\"https:\\\/\\\/www.copealcoy.es\\\/wp-content\\\/uploads\\\/2016\\\/09\\\/14479614_836306696505905_3168762463046469758_n-e1474906042318.jpg\",\"width\":916,\"height\":463,\"caption\":\"Un instante de la procesi\u00f3n celebrada el s\u00e1bado por la tarde \\\/ Foto: Colegio San Roque\"},{\"@type\":\"BreadcrumbList\",\"@id\":\"https:\\\/\\\/www.copealcoy.es\\\/es\\\/la-parroquia-san-roque-celebro-fiesta-anual\\\/#breadcrumb\",\"itemListElement\":[{\"@type\":\"ListItem\",\"position\":1,\"name\":\"Portada\",\"item\":\"https:\\\/\\\/www.copealcoy.es\\\/es\\\/\"},{\"@type\":\"ListItem\",\"position\":2,\"name\":\"La Parroquia de San Roque celebr\u00f3 su fiesta anual\"}]},{\"@type\":\"WebSite\",\"@id\":\"https:\\\/\\\/www.copealcoy.es\\\/es\\\/#website\",\"url\":\"https:\\\/\\\/www.copealcoy.es\\\/es\\\/\",\"name\":\"COPE Alcoy\",\"description\":\"Emisora COPE de radio local con emisi\u00f3n online. Pont de Sant Jordi 8-10 03803 Alcoy\",\"potentialAction\":[{\"@type\":\"SearchAction\",\"target\":{\"@type\":\"EntryPoint\",\"urlTemplate\":\"https:\\\/\\\/www.copealcoy.es\\\/es\\\/?s={search_term_string}\"},\"query-input\":{\"@type\":\"PropertyValueSpecification\",\"valueRequired\":true,\"valueName\":\"search_term_string\"}}],\"inLanguage\":\"es\"},{\"@type\":\"Person\",\"@id\":\"https:\\\/\\\/www.copealcoy.es\\\/es\\\/#\\\/schema\\\/person\\\/e777c87fa024e57d40170af9df39882c\",\"name\":\"Cope Alcoy\",\"image\":{\"@type\":\"ImageObject\",\"inLanguage\":\"es\",\"@id\":\"https:\\\/\\\/secure.gravatar.com\\\/avatar\\\/bb65d0283347e303893ba14f0692005417c1e0e690a325a4c5d8bb2b3943ee14?s=96&d=mm&r=g\",\"url\":\"https:\\\/\\\/secure.gravatar.com\\\/avatar\\\/bb65d0283347e303893ba14f0692005417c1e0e690a325a4c5d8bb2b3943ee14?s=96&d=mm&r=g\",\"contentUrl\":\"https:\\\/\\\/secure.gravatar.com\\\/avatar\\\/bb65d0283347e303893ba14f0692005417c1e0e690a325a4c5d8bb2b3943ee14?s=96&d=mm&r=g\",\"caption\":\"Cope Alcoy\"}}]}<\/script>\n<!-- \/ Yoast SEO plugin. -->","yoast_head_json":{"title":"La Parroquia de San Roque celebr\u00f3 su fiesta anual - COPE Alcoy","robots":{"index":"index","follow":"follow","max-snippet":"max-snippet:-1","max-image-preview":"max-image-preview:large","max-video-preview":"max-video-preview:-1"},"canonical":"https:\/\/www.copealcoy.es\/es\/la-parroquia-san-roque-celebro-fiesta-anual\/","og_locale":"es_ES","og_type":"article","og_title":"La Parroquia de San Roque celebr\u00f3 su fiesta anual - COPE Alcoy","og_description":"La Parroquia de San Roque de Alcoy ha celebrado en los \u00faltimos d\u00edas la fiesta anual en honor al santo...","og_url":"https:\/\/www.copealcoy.es\/es\/la-parroquia-san-roque-celebro-fiesta-anual\/","og_site_name":"COPE Alcoy","article_published_time":"2016-09-26T16:07:56+00:00","og_image":[{"width":916,"height":463,"url":"https:\/\/www.copealcoy.es\/wp-content\/uploads\/2016\/09\/14479614_836306696505905_3168762463046469758_n-e1474906042318.jpg","type":"image\/jpeg"}],"author":"Cope Alcoy","twitter_misc":{"Escrito por":"Cope Alcoy","Tiempo de lectura":"1 minuto"},"schema":{"@context":"https:\/\/schema.org","@graph":[{"@type":"Article","@id":"https:\/\/www.copealcoy.es\/es\/la-parroquia-san-roque-celebro-fiesta-anual\/#article","isPartOf":{"@id":"https:\/\/www.copealcoy.es\/es\/la-parroquia-san-roque-celebro-fiesta-anual\/"},"author":{"name":"Cope Alcoy","@id":"https:\/\/www.copealcoy.es\/es\/#\/schema\/person\/e777c87fa024e57d40170af9df39882c"},"headline":"La Parroquia de San Roque celebr\u00f3 su fiesta anual","datePublished":"2016-09-26T16:07:56+00:00","mainEntityOfPage":{"@id":"https:\/\/www.copealcoy.es\/es\/la-parroquia-san-roque-celebro-fiesta-anual\/"},"wordCount":257,"commentCount":0,"image":{"@id":"https:\/\/www.copealcoy.es\/es\/la-parroquia-san-roque-celebro-fiesta-anual\/#primaryimage"},"thumbnailUrl":"https:\/\/www.copealcoy.es\/wp-content\/uploads\/2016\/09\/14479614_836306696505905_3168762463046469758_n-e1474906042318.jpg","keywords":["Alcoy","celebra","fiesta anual","parroquia","San Roque","su"],"articleSection":["Alcoy","Fiesta y Cultura","Noticias"],"inLanguage":"es"},{"@type":"WebPage","@id":"https:\/\/www.copealcoy.es\/es\/la-parroquia-san-roque-celebro-fiesta-anual\/","url":"https:\/\/www.copealcoy.es\/es\/la-parroquia-san-roque-celebro-fiesta-anual\/","name":"La Parroquia de San Roque celebr\u00f3 su fiesta anual - COPE Alcoy","isPartOf":{"@id":"https:\/\/www.copealcoy.es\/es\/#website"},"primaryImageOfPage":{"@id":"https:\/\/www.copealcoy.es\/es\/la-parroquia-san-roque-celebro-fiesta-anual\/#primaryimage"},"image":{"@id":"https:\/\/www.copealcoy.es\/es\/la-parroquia-san-roque-celebro-fiesta-anual\/#primaryimage"},"thumbnailUrl":"https:\/\/www.copealcoy.es\/wp-content\/uploads\/2016\/09\/14479614_836306696505905_3168762463046469758_n-e1474906042318.jpg","datePublished":"2016-09-26T16:07:56+00:00","author":{"@id":"https:\/\/www.copealcoy.es\/es\/#\/schema\/person\/e777c87fa024e57d40170af9df39882c"},"breadcrumb":{"@id":"https:\/\/www.copealcoy.es\/es\/la-parroquia-san-roque-celebro-fiesta-anual\/#breadcrumb"},"inLanguage":"es","potentialAction":[{"@type":"ReadAction","target":["https:\/\/www.copealcoy.es\/es\/la-parroquia-san-roque-celebro-fiesta-anual\/"]}]},{"@type":"ImageObject","inLanguage":"es","@id":"https:\/\/www.copealcoy.es\/es\/la-parroquia-san-roque-celebro-fiesta-anual\/#primaryimage","url":"https:\/\/www.copealcoy.es\/wp-content\/uploads\/2016\/09\/14479614_836306696505905_3168762463046469758_n-e1474906042318.jpg","contentUrl":"https:\/\/www.copealcoy.es\/wp-content\/uploads\/2016\/09\/14479614_836306696505905_3168762463046469758_n-e1474906042318.jpg","width":916,"height":463,"caption":"Un instante de la procesi\u00f3n celebrada el s\u00e1bado por la tarde \/ Foto: Colegio San Roque"},{"@type":"BreadcrumbList","@id":"https:\/\/www.copealcoy.es\/es\/la-parroquia-san-roque-celebro-fiesta-anual\/#breadcrumb","itemListElement":[{"@type":"ListItem","position":1,"name":"Portada","item":"https:\/\/www.copealcoy.es\/es\/"},{"@type":"ListItem","position":2,"name":"La Parroquia de San Roque celebr\u00f3 su fiesta anual"}]},{"@type":"WebSite","@id":"https:\/\/www.copealcoy.es\/es\/#website","url":"https:\/\/www.copealcoy.es\/es\/","name":"COPE Alcoy","description":"Emisora COPE de radio local con emisi\u00f3n online. Pont de Sant Jordi 8-10 03803 Alcoy","potentialAction":[{"@type":"SearchAction","target":{"@type":"EntryPoint","urlTemplate":"https:\/\/www.copealcoy.es\/es\/?s={search_term_string}"},"query-input":{"@type":"PropertyValueSpecification","valueRequired":true,"valueName":"search_term_string"}}],"inLanguage":"es"},{"@type":"Person","@id":"https:\/\/www.copealcoy.es\/es\/#\/schema\/person\/e777c87fa024e57d40170af9df39882c","name":"Cope Alcoy","image":{"@type":"ImageObject","inLanguage":"es","@id":"https:\/\/secure.gravatar.com\/avatar\/bb65d0283347e303893ba14f0692005417c1e0e690a325a4c5d8bb2b3943ee14?s=96&d=mm&r=g","url":"https:\/\/secure.gravatar.com\/avatar\/bb65d0283347e303893ba14f0692005417c1e0e690a325a4c5d8bb2b3943ee14?s=96&d=mm&r=g","contentUrl":"https:\/\/secure.gravatar.com\/avatar\/bb65d0283347e303893ba14f0692005417c1e0e690a325a4c5d8bb2b3943ee14?s=96&d=mm&r=g","caption":"Cope Alcoy"}}]}},"_links":{"self":[{"href":"https:\/\/www.copealcoy.es\/es\/wp-json\/wp\/v2\/posts\/25162","targetHints":{"allow":["GET"]}}],"collection":[{"href":"https:\/\/www.copealcoy.es\/es\/wp-json\/wp\/v2\/posts"}],"about":[{"href":"https:\/\/www.copealcoy.es\/es\/wp-json\/wp\/v2\/types\/post"}],"author":[{"embeddable":true,"href":"https:\/\/www.copealcoy.es\/es\/wp-json\/wp\/v2\/users\/1"}],"replies":[{"embeddable":true,"href":"https:\/\/www.copealcoy.es\/es\/wp-json\/wp\/v2\/comments?post=25162"}],"version-history":[{"count":0,"href":"https:\/\/www.copealcoy.es\/es\/wp-json\/wp\/v2\/posts\/25162\/revisions"}],"wp:featuredmedia":[{"embeddable":true,"href":"https:\/\/www.copealcoy.es\/es\/wp-json\/wp\/v2\/media\/25163"}],"wp:attachment":[{"href":"https:\/\/www.copealcoy.es\/es\/wp-json\/wp\/v2\/media?parent=25162"}],"wp:term":[{"taxonomy":"category","embeddable":true,"href":"https:\/\/www.copealcoy.es\/es\/wp-json\/wp\/v2\/categories?post=25162"},{"taxonomy":"post_tag","embeddable":true,"href":"https:\/\/www.copealcoy.es\/es\/wp-json\/wp\/v2\/tags?post=25162"}],"curies":[{"name":"wp","href":"https:\/\/api.w.org\/{rel}","templated":true}]}}