{"id":25129,"date":"2016-09-25T12:13:46","date_gmt":"2016-09-25T12:13:46","guid":{"rendered":"http:\/\/copealcoi.es\/new\/?p=25129"},"modified":"2016-09-25T12:13:46","modified_gmt":"2016-09-25T12:13:46","slug":"pp-denuncia-colas-servicio-atencion-al-ciudadano","status":"publish","type":"post","link":"https:\/\/www.copealcoy.es\/es\/pp-denuncia-colas-servicio-atencion-al-ciudadano\/","title":{"rendered":"El PP denuncia colas en el servicio de atenci\u00f3n al ciudadano"},"content":{"rendered":"<p style=\"text-align: justify;\">El Partido Popular de Alcoy ha denunciado que en el <strong>servicio de atenci\u00f3n al ciudadano<\/strong>, ubicado en la <strong>calle San Lorenzo<\/strong>, se est\u00e1n registrado problemas que derivan en <strong>largas colas<\/strong> de hasta incluso treinta minutos.<\/p>\n<p style=\"text-align: justify;\">Los populares explican que los <strong>cambios aplicados<\/strong> recientemente en el servicio por parte del Gobierno Local como la unificaci\u00f3n del registro, las multas o los tributos est\u00e1n causando que los usuarios sufran largas colas. Adem\u00e1s destacan que esta situaci\u00f3n genera tambi\u00e9n malestar en los alcoyanos y los propios funcionarios que trabajan en esta oficina.<\/p>\n<p style=\"text-align: justify;\">\n<p style=\"text-align: justify;\">El portavoz popular, <strong>Rafa Mir\u00f3<\/strong>, indica que desde el PP se ha preguntado por estas colas en\u00a0la comisi\u00f3n de Gobernaci\u00f3n y R\u00e9gimen Interior <em>&#8220;y la respuesta ha sido que todo funciona correctamente cuando realmente estamos viendo que no es as\u00ed&#8221;,<\/em> concluye.<\/p>\n<p>&nbsp;<\/p>\n<p>&nbsp;<\/p>\n","protected":false},"excerpt":{"rendered":"<p>El Partido Popular de Alcoy ha denunciado que en el servicio de atenci\u00f3n al ciudadano, ubicado en la calle San&#8230;<\/p>\n","protected":false},"author":1,"featured_media":25130,"comment_status":"open","ping_status":"open","sticky":false,"template":"","format":"standard","meta":{"footnotes":""},"categories":[97,75,79],"tags":[2964,2857,227,2965],"class_list":["post-25129","post","type-post","status-publish","format-standard","has-post-thumbnail","hentry","category-alcoy","category-noticias","category-politicayeconomia","tag-denuncia-colas","tag-en","tag-pp","tag-servicio-de-atencion-al-ciudadano"],"yoast_head":"<!-- This site is optimized with the Yoast SEO plugin v27.3 - https:\/\/yoast.com\/product\/yoast-seo-wordpress\/ -->\n<title>El PP denuncia colas en el servicio de atenci\u00f3n al ciudadano - COPE Alcoy<\/title>\n<meta name=\"robots\" content=\"index, follow, max-snippet:-1, max-image-preview:large, max-video-preview:-1\" \/>\n<link rel=\"canonical\" href=\"https:\/\/www.copealcoy.es\/es\/pp-denuncia-colas-servicio-atencion-al-ciudadano\/\" \/>\n<meta property=\"og:locale\" content=\"es_ES\" \/>\n<meta property=\"og:type\" content=\"article\" \/>\n<meta property=\"og:title\" content=\"El PP denuncia colas en el servicio de atenci\u00f3n al ciudadano - COPE Alcoy\" \/>\n<meta property=\"og:description\" content=\"El Partido Popular de Alcoy ha denunciado que en el servicio de atenci\u00f3n al ciudadano, ubicado en la calle San...\" \/>\n<meta property=\"og:url\" content=\"https:\/\/www.copealcoy.es\/es\/pp-denuncia-colas-servicio-atencion-al-ciudadano\/\" \/>\n<meta property=\"og:site_name\" content=\"COPE Alcoy\" \/>\n<meta property=\"article:published_time\" content=\"2016-09-25T12:13:46+00:00\" \/>\n<meta property=\"og:image\" content=\"https:\/\/www.copealcoy.es\/wp-content\/uploads\/2016\/09\/c6d906f8f414b92a25f4f68f48c18bb2.jpg\" \/>\n\t<meta property=\"og:image:width\" content=\"640\" \/>\n\t<meta property=\"og:image:height\" content=\"357\" \/>\n\t<meta property=\"og:image:type\" content=\"image\/jpeg\" \/>\n<meta name=\"author\" content=\"Cope Alcoy\" \/>\n<meta name=\"twitter:label1\" content=\"Escrito por\" \/>\n\t<meta name=\"twitter:data1\" content=\"Cope Alcoy\" \/>\n\t<meta name=\"twitter:label2\" content=\"Tiempo de lectura\" \/>\n\t<meta name=\"twitter:data2\" content=\"1 minuto\" \/>\n<script type=\"application\/ld+json\" class=\"yoast-schema-graph\">{\"@context\":\"https:\\\/\\\/schema.org\",\"@graph\":[{\"@type\":\"Article\",\"@id\":\"https:\\\/\\\/www.copealcoy.es\\\/es\\\/pp-denuncia-colas-servicio-atencion-al-ciudadano\\\/#article\",\"isPartOf\":{\"@id\":\"https:\\\/\\\/www.copealcoy.es\\\/es\\\/pp-denuncia-colas-servicio-atencion-al-ciudadano\\\/\"},\"author\":{\"name\":\"Cope Alcoy\",\"@id\":\"https:\\\/\\\/www.copealcoy.es\\\/es\\\/#\\\/schema\\\/person\\\/e777c87fa024e57d40170af9df39882c\"},\"headline\":\"El PP denuncia colas en el servicio de atenci\u00f3n al ciudadano\",\"datePublished\":\"2016-09-25T12:13:46+00:00\",\"mainEntityOfPage\":{\"@id\":\"https:\\\/\\\/www.copealcoy.es\\\/es\\\/pp-denuncia-colas-servicio-atencion-al-ciudadano\\\/\"},\"wordCount\":155,\"commentCount\":0,\"image\":{\"@id\":\"https:\\\/\\\/www.copealcoy.es\\\/es\\\/pp-denuncia-colas-servicio-atencion-al-ciudadano\\\/#primaryimage\"},\"thumbnailUrl\":\"https:\\\/\\\/www.copealcoy.es\\\/wp-content\\\/uploads\\\/2016\\\/09\\\/c6d906f8f414b92a25f4f68f48c18bb2.jpg\",\"keywords\":[\"denuncia colas\",\"en\",\"PP\",\"servicio de atenci\u00f3n al Ciudadano\"],\"articleSection\":[\"Alcoy\",\"Noticias\",\"Pol\u00edtica y Econom\u00eda\"],\"inLanguage\":\"es\"},{\"@type\":\"WebPage\",\"@id\":\"https:\\\/\\\/www.copealcoy.es\\\/es\\\/pp-denuncia-colas-servicio-atencion-al-ciudadano\\\/\",\"url\":\"https:\\\/\\\/www.copealcoy.es\\\/es\\\/pp-denuncia-colas-servicio-atencion-al-ciudadano\\\/\",\"name\":\"El PP denuncia colas en el servicio de atenci\u00f3n al ciudadano - COPE Alcoy\",\"isPartOf\":{\"@id\":\"https:\\\/\\\/www.copealcoy.es\\\/es\\\/#website\"},\"primaryImageOfPage\":{\"@id\":\"https:\\\/\\\/www.copealcoy.es\\\/es\\\/pp-denuncia-colas-servicio-atencion-al-ciudadano\\\/#primaryimage\"},\"image\":{\"@id\":\"https:\\\/\\\/www.copealcoy.es\\\/es\\\/pp-denuncia-colas-servicio-atencion-al-ciudadano\\\/#primaryimage\"},\"thumbnailUrl\":\"https:\\\/\\\/www.copealcoy.es\\\/wp-content\\\/uploads\\\/2016\\\/09\\\/c6d906f8f414b92a25f4f68f48c18bb2.jpg\",\"datePublished\":\"2016-09-25T12:13:46+00:00\",\"author\":{\"@id\":\"https:\\\/\\\/www.copealcoy.es\\\/es\\\/#\\\/schema\\\/person\\\/e777c87fa024e57d40170af9df39882c\"},\"breadcrumb\":{\"@id\":\"https:\\\/\\\/www.copealcoy.es\\\/es\\\/pp-denuncia-colas-servicio-atencion-al-ciudadano\\\/#breadcrumb\"},\"inLanguage\":\"es\",\"potentialAction\":[{\"@type\":\"ReadAction\",\"target\":[\"https:\\\/\\\/www.copealcoy.es\\\/es\\\/pp-denuncia-colas-servicio-atencion-al-ciudadano\\\/\"]}]},{\"@type\":\"ImageObject\",\"inLanguage\":\"es\",\"@id\":\"https:\\\/\\\/www.copealcoy.es\\\/es\\\/pp-denuncia-colas-servicio-atencion-al-ciudadano\\\/#primaryimage\",\"url\":\"https:\\\/\\\/www.copealcoy.es\\\/wp-content\\\/uploads\\\/2016\\\/09\\\/c6d906f8f414b92a25f4f68f48c18bb2.jpg\",\"contentUrl\":\"https:\\\/\\\/www.copealcoy.es\\\/wp-content\\\/uploads\\\/2016\\\/09\\\/c6d906f8f414b92a25f4f68f48c18bb2.jpg\",\"width\":640,\"height\":357,\"caption\":\"La oficina se encuentra en la calle San Lorenzo\"},{\"@type\":\"BreadcrumbList\",\"@id\":\"https:\\\/\\\/www.copealcoy.es\\\/es\\\/pp-denuncia-colas-servicio-atencion-al-ciudadano\\\/#breadcrumb\",\"itemListElement\":[{\"@type\":\"ListItem\",\"position\":1,\"name\":\"Portada\",\"item\":\"https:\\\/\\\/www.copealcoy.es\\\/es\\\/\"},{\"@type\":\"ListItem\",\"position\":2,\"name\":\"El PP denuncia colas en el servicio de atenci\u00f3n al ciudadano\"}]},{\"@type\":\"WebSite\",\"@id\":\"https:\\\/\\\/www.copealcoy.es\\\/es\\\/#website\",\"url\":\"https:\\\/\\\/www.copealcoy.es\\\/es\\\/\",\"name\":\"COPE Alcoy\",\"description\":\"Emisora COPE de radio local con emisi\u00f3n online. Pont de Sant Jordi 8-10 03803 Alcoy\",\"potentialAction\":[{\"@type\":\"SearchAction\",\"target\":{\"@type\":\"EntryPoint\",\"urlTemplate\":\"https:\\\/\\\/www.copealcoy.es\\\/es\\\/?s={search_term_string}\"},\"query-input\":{\"@type\":\"PropertyValueSpecification\",\"valueRequired\":true,\"valueName\":\"search_term_string\"}}],\"inLanguage\":\"es\"},{\"@type\":\"Person\",\"@id\":\"https:\\\/\\\/www.copealcoy.es\\\/es\\\/#\\\/schema\\\/person\\\/e777c87fa024e57d40170af9df39882c\",\"name\":\"Cope Alcoy\",\"image\":{\"@type\":\"ImageObject\",\"inLanguage\":\"es\",\"@id\":\"https:\\\/\\\/secure.gravatar.com\\\/avatar\\\/bb65d0283347e303893ba14f0692005417c1e0e690a325a4c5d8bb2b3943ee14?s=96&d=mm&r=g\",\"url\":\"https:\\\/\\\/secure.gravatar.com\\\/avatar\\\/bb65d0283347e303893ba14f0692005417c1e0e690a325a4c5d8bb2b3943ee14?s=96&d=mm&r=g\",\"contentUrl\":\"https:\\\/\\\/secure.gravatar.com\\\/avatar\\\/bb65d0283347e303893ba14f0692005417c1e0e690a325a4c5d8bb2b3943ee14?s=96&d=mm&r=g\",\"caption\":\"Cope Alcoy\"}}]}<\/script>\n<!-- \/ Yoast SEO plugin. -->","yoast_head_json":{"title":"El PP denuncia colas en el servicio de atenci\u00f3n al ciudadano - COPE Alcoy","robots":{"index":"index","follow":"follow","max-snippet":"max-snippet:-1","max-image-preview":"max-image-preview:large","max-video-preview":"max-video-preview:-1"},"canonical":"https:\/\/www.copealcoy.es\/es\/pp-denuncia-colas-servicio-atencion-al-ciudadano\/","og_locale":"es_ES","og_type":"article","og_title":"El PP denuncia colas en el servicio de atenci\u00f3n al ciudadano - COPE Alcoy","og_description":"El Partido Popular de Alcoy ha denunciado que en el servicio de atenci\u00f3n al ciudadano, ubicado en la calle San...","og_url":"https:\/\/www.copealcoy.es\/es\/pp-denuncia-colas-servicio-atencion-al-ciudadano\/","og_site_name":"COPE Alcoy","article_published_time":"2016-09-25T12:13:46+00:00","og_image":[{"width":640,"height":357,"url":"https:\/\/www.copealcoy.es\/wp-content\/uploads\/2016\/09\/c6d906f8f414b92a25f4f68f48c18bb2.jpg","type":"image\/jpeg"}],"author":"Cope Alcoy","twitter_misc":{"Escrito por":"Cope Alcoy","Tiempo de lectura":"1 minuto"},"schema":{"@context":"https:\/\/schema.org","@graph":[{"@type":"Article","@id":"https:\/\/www.copealcoy.es\/es\/pp-denuncia-colas-servicio-atencion-al-ciudadano\/#article","isPartOf":{"@id":"https:\/\/www.copealcoy.es\/es\/pp-denuncia-colas-servicio-atencion-al-ciudadano\/"},"author":{"name":"Cope Alcoy","@id":"https:\/\/www.copealcoy.es\/es\/#\/schema\/person\/e777c87fa024e57d40170af9df39882c"},"headline":"El PP denuncia colas en el servicio de atenci\u00f3n al ciudadano","datePublished":"2016-09-25T12:13:46+00:00","mainEntityOfPage":{"@id":"https:\/\/www.copealcoy.es\/es\/pp-denuncia-colas-servicio-atencion-al-ciudadano\/"},"wordCount":155,"commentCount":0,"image":{"@id":"https:\/\/www.copealcoy.es\/es\/pp-denuncia-colas-servicio-atencion-al-ciudadano\/#primaryimage"},"thumbnailUrl":"https:\/\/www.copealcoy.es\/wp-content\/uploads\/2016\/09\/c6d906f8f414b92a25f4f68f48c18bb2.jpg","keywords":["denuncia colas","en","PP","servicio de atenci\u00f3n al Ciudadano"],"articleSection":["Alcoy","Noticias","Pol\u00edtica y Econom\u00eda"],"inLanguage":"es"},{"@type":"WebPage","@id":"https:\/\/www.copealcoy.es\/es\/pp-denuncia-colas-servicio-atencion-al-ciudadano\/","url":"https:\/\/www.copealcoy.es\/es\/pp-denuncia-colas-servicio-atencion-al-ciudadano\/","name":"El PP denuncia colas en el servicio de atenci\u00f3n al ciudadano - COPE Alcoy","isPartOf":{"@id":"https:\/\/www.copealcoy.es\/es\/#website"},"primaryImageOfPage":{"@id":"https:\/\/www.copealcoy.es\/es\/pp-denuncia-colas-servicio-atencion-al-ciudadano\/#primaryimage"},"image":{"@id":"https:\/\/www.copealcoy.es\/es\/pp-denuncia-colas-servicio-atencion-al-ciudadano\/#primaryimage"},"thumbnailUrl":"https:\/\/www.copealcoy.es\/wp-content\/uploads\/2016\/09\/c6d906f8f414b92a25f4f68f48c18bb2.jpg","datePublished":"2016-09-25T12:13:46+00:00","author":{"@id":"https:\/\/www.copealcoy.es\/es\/#\/schema\/person\/e777c87fa024e57d40170af9df39882c"},"breadcrumb":{"@id":"https:\/\/www.copealcoy.es\/es\/pp-denuncia-colas-servicio-atencion-al-ciudadano\/#breadcrumb"},"inLanguage":"es","potentialAction":[{"@type":"ReadAction","target":["https:\/\/www.copealcoy.es\/es\/pp-denuncia-colas-servicio-atencion-al-ciudadano\/"]}]},{"@type":"ImageObject","inLanguage":"es","@id":"https:\/\/www.copealcoy.es\/es\/pp-denuncia-colas-servicio-atencion-al-ciudadano\/#primaryimage","url":"https:\/\/www.copealcoy.es\/wp-content\/uploads\/2016\/09\/c6d906f8f414b92a25f4f68f48c18bb2.jpg","contentUrl":"https:\/\/www.copealcoy.es\/wp-content\/uploads\/2016\/09\/c6d906f8f414b92a25f4f68f48c18bb2.jpg","width":640,"height":357,"caption":"La oficina se encuentra en la calle San Lorenzo"},{"@type":"BreadcrumbList","@id":"https:\/\/www.copealcoy.es\/es\/pp-denuncia-colas-servicio-atencion-al-ciudadano\/#breadcrumb","itemListElement":[{"@type":"ListItem","position":1,"name":"Portada","item":"https:\/\/www.copealcoy.es\/es\/"},{"@type":"ListItem","position":2,"name":"El PP denuncia colas en el servicio de atenci\u00f3n al ciudadano"}]},{"@type":"WebSite","@id":"https:\/\/www.copealcoy.es\/es\/#website","url":"https:\/\/www.copealcoy.es\/es\/","name":"COPE Alcoy","description":"Emisora COPE de radio local con emisi\u00f3n online. Pont de Sant Jordi 8-10 03803 Alcoy","potentialAction":[{"@type":"SearchAction","target":{"@type":"EntryPoint","urlTemplate":"https:\/\/www.copealcoy.es\/es\/?s={search_term_string}"},"query-input":{"@type":"PropertyValueSpecification","valueRequired":true,"valueName":"search_term_string"}}],"inLanguage":"es"},{"@type":"Person","@id":"https:\/\/www.copealcoy.es\/es\/#\/schema\/person\/e777c87fa024e57d40170af9df39882c","name":"Cope Alcoy","image":{"@type":"ImageObject","inLanguage":"es","@id":"https:\/\/secure.gravatar.com\/avatar\/bb65d0283347e303893ba14f0692005417c1e0e690a325a4c5d8bb2b3943ee14?s=96&d=mm&r=g","url":"https:\/\/secure.gravatar.com\/avatar\/bb65d0283347e303893ba14f0692005417c1e0e690a325a4c5d8bb2b3943ee14?s=96&d=mm&r=g","contentUrl":"https:\/\/secure.gravatar.com\/avatar\/bb65d0283347e303893ba14f0692005417c1e0e690a325a4c5d8bb2b3943ee14?s=96&d=mm&r=g","caption":"Cope Alcoy"}}]}},"_links":{"self":[{"href":"https:\/\/www.copealcoy.es\/es\/wp-json\/wp\/v2\/posts\/25129","targetHints":{"allow":["GET"]}}],"collection":[{"href":"https:\/\/www.copealcoy.es\/es\/wp-json\/wp\/v2\/posts"}],"about":[{"href":"https:\/\/www.copealcoy.es\/es\/wp-json\/wp\/v2\/types\/post"}],"author":[{"embeddable":true,"href":"https:\/\/www.copealcoy.es\/es\/wp-json\/wp\/v2\/users\/1"}],"replies":[{"embeddable":true,"href":"https:\/\/www.copealcoy.es\/es\/wp-json\/wp\/v2\/comments?post=25129"}],"version-history":[{"count":0,"href":"https:\/\/www.copealcoy.es\/es\/wp-json\/wp\/v2\/posts\/25129\/revisions"}],"wp:featuredmedia":[{"embeddable":true,"href":"https:\/\/www.copealcoy.es\/es\/wp-json\/wp\/v2\/media\/25130"}],"wp:attachment":[{"href":"https:\/\/www.copealcoy.es\/es\/wp-json\/wp\/v2\/media?parent=25129"}],"wp:term":[{"taxonomy":"category","embeddable":true,"href":"https:\/\/www.copealcoy.es\/es\/wp-json\/wp\/v2\/categories?post=25129"},{"taxonomy":"post_tag","embeddable":true,"href":"https:\/\/www.copealcoy.es\/es\/wp-json\/wp\/v2\/tags?post=25129"}],"curies":[{"name":"wp","href":"https:\/\/api.w.org\/{rel}","templated":true}]}}