{"id":25094,"date":"2016-09-22T19:29:28","date_gmt":"2016-09-22T19:29:28","guid":{"rendered":"http:\/\/copealcoi.es\/new\/?p=25094"},"modified":"2016-09-22T19:30:45","modified_gmt":"2016-09-22T19:30:45","slug":"avanza-proceso-integrar-la-colonia-aviacion-santa-rosa","status":"publish","type":"post","link":"https:\/\/www.copealcoy.es\/es\/avanza-proceso-integrar-la-colonia-aviacion-santa-rosa\/","title":{"rendered":"Avanza el proceso para integrar la Colonia de Aviaci\u00f3n en Santa Rosa"},"content":{"rendered":"<p style=\"text-align: justify;\">El Ministerio de Defensa y el Ayuntamiento de Alcoy avanzan en la tramitaci\u00f3n para formalizar la <strong>cesi\u00f3n de la Colonia de Aviaci\u00f3n<\/strong> a la ciudad y proceder as\u00ed a su integraci\u00f3n en el barrio de Santa Rosa. Desde el Consistorio explican que el alcalde ha firmado el decreto para someter a <strong>exposici\u00f3n p\u00fablica<\/strong> el proyecto y destacan que en los pr\u00f3ximos d\u00edas se publicar\u00e1 en el Diario Oficial de la Comunidad Valenciana. Seguidamente entrar\u00e1 en el citado periodo de exposici\u00f3n p\u00fablica durante 20 d\u00edas estando previsto que a finales de octubre se lleve al <strong>pleno del Ayuntamiento de Alcoy<\/strong> la propuesta para ser aprobada.<\/p>\n<p style=\"text-align: justify;\">El primer edil explicaba en Mediod\u00eda Cope Alcoy que tras ultimarse este convenio podr\u00e1 comenzar la tan esperada reurbanizaci\u00f3n de la zona <em>&#8220;antes del verano detallamos el proyecto a los vecinos y desde el Ayuntamiento queremos impulsar un plan de participaci\u00f3n para definir los futuros usos y tambi\u00e9n los servicios que se quieren implantar en la Colonia&#8221;<\/em>, destaca.<\/p>\n<p style=\"text-align: justify;\">Recordar que con la integraci\u00f3n de la Colonia de Aviaci\u00f3n en el barrio de Santa Rosa un total de <strong>7.500 metros cuadrados<\/strong> pasar\u00e1n a ser de propiedad municipal. El proyecto que se contempla para el \u00e1rea pasa por\u00a0poner en marcha un &#8216;eco barrio&#8217; y para ello se realizar\u00e1n varias actuaciones como la creaci\u00f3n de viales para conectar\u00a0la zona con el barrio de Santa Rosa e incluso con la carretera de Banyeres. De igual forma se propone mejorar el mobiliario y los diferentes espacios para albergar servicios e incluso la rehabilitaci\u00f3n de algunas viviendas. Todo ello con un coste aproximado de <strong>3\u00b45 millones<\/strong> de euros.<\/p>\n<p>&nbsp;<\/p>\n<p>&nbsp;<\/p>\n<p>&nbsp;<\/p>\n<p>&nbsp;<\/p>\n","protected":false},"excerpt":{"rendered":"<p>El Ministerio de Defensa y el Ayuntamiento de Alcoy avanzan en la tramitaci\u00f3n para formalizar la cesi\u00f3n de la Colonia&#8230;<\/p>\n","protected":false},"author":1,"featured_media":14965,"comment_status":"open","ping_status":"open","sticky":false,"template":"","format":"standard","meta":{"footnotes":""},"categories":[97,75,125],"tags":[1494,2949,2572,2857,2950,821],"class_list":["post-25094","post","type-post","status-publish","format-standard","has-post-thumbnail","hentry","category-alcoy","category-noticias","category-portada","tag-alcoy","tag-avanza-proceso","tag-colonia-de-aviacion","tag-en","tag-para-integrar","tag-santa-rosa"],"yoast_head":"<!-- This site is optimized with the Yoast SEO plugin v27.3 - https:\/\/yoast.com\/product\/yoast-seo-wordpress\/ -->\n<title>Avanza el proceso para integrar la Colonia de Aviaci\u00f3n en Santa Rosa - COPE Alcoy<\/title>\n<meta name=\"robots\" content=\"index, follow, max-snippet:-1, max-image-preview:large, max-video-preview:-1\" \/>\n<link rel=\"canonical\" href=\"https:\/\/www.copealcoy.es\/es\/avanza-proceso-integrar-la-colonia-aviacion-santa-rosa\/\" \/>\n<meta property=\"og:locale\" content=\"es_ES\" \/>\n<meta property=\"og:type\" content=\"article\" \/>\n<meta property=\"og:title\" content=\"Avanza el proceso para integrar la Colonia de Aviaci\u00f3n en Santa Rosa - COPE Alcoy\" \/>\n<meta property=\"og:description\" content=\"El Ministerio de Defensa y el Ayuntamiento de Alcoy avanzan en la tramitaci\u00f3n para formalizar la cesi\u00f3n de la Colonia...\" \/>\n<meta property=\"og:url\" content=\"https:\/\/www.copealcoy.es\/es\/avanza-proceso-integrar-la-colonia-aviacion-santa-rosa\/\" \/>\n<meta property=\"og:site_name\" content=\"COPE Alcoy\" \/>\n<meta property=\"article:published_time\" content=\"2016-09-22T19:29:28+00:00\" \/>\n<meta property=\"article:modified_time\" content=\"2016-09-22T19:30:45+00:00\" \/>\n<meta property=\"og:image\" content=\"https:\/\/www.copealcoy.es\/wp-content\/uploads\/2015\/08\/yPr7rYR.jpg\" \/>\n\t<meta property=\"og:image:width\" content=\"2048\" \/>\n\t<meta property=\"og:image:height\" content=\"1536\" \/>\n\t<meta property=\"og:image:type\" content=\"image\/jpeg\" \/>\n<meta name=\"author\" content=\"Cope Alcoy\" \/>\n<meta name=\"twitter:label1\" content=\"Escrito por\" \/>\n\t<meta name=\"twitter:data1\" content=\"Cope Alcoy\" \/>\n\t<meta name=\"twitter:label2\" content=\"Tiempo de lectura\" \/>\n\t<meta name=\"twitter:data2\" content=\"1 minuto\" \/>\n<script type=\"application\/ld+json\" class=\"yoast-schema-graph\">{\"@context\":\"https:\\\/\\\/schema.org\",\"@graph\":[{\"@type\":\"Article\",\"@id\":\"https:\\\/\\\/www.copealcoy.es\\\/es\\\/avanza-proceso-integrar-la-colonia-aviacion-santa-rosa\\\/#article\",\"isPartOf\":{\"@id\":\"https:\\\/\\\/www.copealcoy.es\\\/es\\\/avanza-proceso-integrar-la-colonia-aviacion-santa-rosa\\\/\"},\"author\":{\"name\":\"Cope Alcoy\",\"@id\":\"https:\\\/\\\/www.copealcoy.es\\\/es\\\/#\\\/schema\\\/person\\\/e777c87fa024e57d40170af9df39882c\"},\"headline\":\"Avanza el proceso para integrar la Colonia de Aviaci\u00f3n en Santa Rosa\",\"datePublished\":\"2016-09-22T19:29:28+00:00\",\"dateModified\":\"2016-09-22T19:30:45+00:00\",\"mainEntityOfPage\":{\"@id\":\"https:\\\/\\\/www.copealcoy.es\\\/es\\\/avanza-proceso-integrar-la-colonia-aviacion-santa-rosa\\\/\"},\"wordCount\":303,\"commentCount\":0,\"image\":{\"@id\":\"https:\\\/\\\/www.copealcoy.es\\\/es\\\/avanza-proceso-integrar-la-colonia-aviacion-santa-rosa\\\/#primaryimage\"},\"thumbnailUrl\":\"https:\\\/\\\/www.copealcoy.es\\\/wp-content\\\/uploads\\\/2015\\\/08\\\/yPr7rYR.jpg\",\"keywords\":[\"Alcoy\",\"avanza proceso\",\"Colonia de Aviaci\u00f3n\",\"en\",\"para integrar\",\"Santa Rosa\"],\"articleSection\":[\"Alcoy\",\"Noticias\",\"Portada\"],\"inLanguage\":\"es\"},{\"@type\":\"WebPage\",\"@id\":\"https:\\\/\\\/www.copealcoy.es\\\/es\\\/avanza-proceso-integrar-la-colonia-aviacion-santa-rosa\\\/\",\"url\":\"https:\\\/\\\/www.copealcoy.es\\\/es\\\/avanza-proceso-integrar-la-colonia-aviacion-santa-rosa\\\/\",\"name\":\"Avanza el proceso para integrar la Colonia de Aviaci\u00f3n en Santa Rosa - COPE Alcoy\",\"isPartOf\":{\"@id\":\"https:\\\/\\\/www.copealcoy.es\\\/es\\\/#website\"},\"primaryImageOfPage\":{\"@id\":\"https:\\\/\\\/www.copealcoy.es\\\/es\\\/avanza-proceso-integrar-la-colonia-aviacion-santa-rosa\\\/#primaryimage\"},\"image\":{\"@id\":\"https:\\\/\\\/www.copealcoy.es\\\/es\\\/avanza-proceso-integrar-la-colonia-aviacion-santa-rosa\\\/#primaryimage\"},\"thumbnailUrl\":\"https:\\\/\\\/www.copealcoy.es\\\/wp-content\\\/uploads\\\/2015\\\/08\\\/yPr7rYR.jpg\",\"datePublished\":\"2016-09-22T19:29:28+00:00\",\"dateModified\":\"2016-09-22T19:30:45+00:00\",\"author\":{\"@id\":\"https:\\\/\\\/www.copealcoy.es\\\/es\\\/#\\\/schema\\\/person\\\/e777c87fa024e57d40170af9df39882c\"},\"breadcrumb\":{\"@id\":\"https:\\\/\\\/www.copealcoy.es\\\/es\\\/avanza-proceso-integrar-la-colonia-aviacion-santa-rosa\\\/#breadcrumb\"},\"inLanguage\":\"es\",\"potentialAction\":[{\"@type\":\"ReadAction\",\"target\":[\"https:\\\/\\\/www.copealcoy.es\\\/es\\\/avanza-proceso-integrar-la-colonia-aviacion-santa-rosa\\\/\"]}]},{\"@type\":\"ImageObject\",\"inLanguage\":\"es\",\"@id\":\"https:\\\/\\\/www.copealcoy.es\\\/es\\\/avanza-proceso-integrar-la-colonia-aviacion-santa-rosa\\\/#primaryimage\",\"url\":\"https:\\\/\\\/www.copealcoy.es\\\/wp-content\\\/uploads\\\/2015\\\/08\\\/yPr7rYR.jpg\",\"contentUrl\":\"https:\\\/\\\/www.copealcoy.es\\\/wp-content\\\/uploads\\\/2015\\\/08\\\/yPr7rYR.jpg\",\"width\":1440,\"height\":1080,\"caption\":\"El proyecto contempla la rehabilitaci\u00f3n de las actuales viviendas\"},{\"@type\":\"BreadcrumbList\",\"@id\":\"https:\\\/\\\/www.copealcoy.es\\\/es\\\/avanza-proceso-integrar-la-colonia-aviacion-santa-rosa\\\/#breadcrumb\",\"itemListElement\":[{\"@type\":\"ListItem\",\"position\":1,\"name\":\"Portada\",\"item\":\"https:\\\/\\\/www.copealcoy.es\\\/es\\\/\"},{\"@type\":\"ListItem\",\"position\":2,\"name\":\"Avanza el proceso para integrar la Colonia de Aviaci\u00f3n en Santa Rosa\"}]},{\"@type\":\"WebSite\",\"@id\":\"https:\\\/\\\/www.copealcoy.es\\\/es\\\/#website\",\"url\":\"https:\\\/\\\/www.copealcoy.es\\\/es\\\/\",\"name\":\"COPE Alcoy\",\"description\":\"Emisora COPE de radio local con emisi\u00f3n online. Pont de Sant Jordi 8-10 03803 Alcoy\",\"potentialAction\":[{\"@type\":\"SearchAction\",\"target\":{\"@type\":\"EntryPoint\",\"urlTemplate\":\"https:\\\/\\\/www.copealcoy.es\\\/es\\\/?s={search_term_string}\"},\"query-input\":{\"@type\":\"PropertyValueSpecification\",\"valueRequired\":true,\"valueName\":\"search_term_string\"}}],\"inLanguage\":\"es\"},{\"@type\":\"Person\",\"@id\":\"https:\\\/\\\/www.copealcoy.es\\\/es\\\/#\\\/schema\\\/person\\\/e777c87fa024e57d40170af9df39882c\",\"name\":\"Cope Alcoy\",\"image\":{\"@type\":\"ImageObject\",\"inLanguage\":\"es\",\"@id\":\"https:\\\/\\\/secure.gravatar.com\\\/avatar\\\/bb65d0283347e303893ba14f0692005417c1e0e690a325a4c5d8bb2b3943ee14?s=96&d=mm&r=g\",\"url\":\"https:\\\/\\\/secure.gravatar.com\\\/avatar\\\/bb65d0283347e303893ba14f0692005417c1e0e690a325a4c5d8bb2b3943ee14?s=96&d=mm&r=g\",\"contentUrl\":\"https:\\\/\\\/secure.gravatar.com\\\/avatar\\\/bb65d0283347e303893ba14f0692005417c1e0e690a325a4c5d8bb2b3943ee14?s=96&d=mm&r=g\",\"caption\":\"Cope Alcoy\"}}]}<\/script>\n<!-- \/ Yoast SEO plugin. -->","yoast_head_json":{"title":"Avanza el proceso para integrar la Colonia de Aviaci\u00f3n en Santa Rosa - COPE Alcoy","robots":{"index":"index","follow":"follow","max-snippet":"max-snippet:-1","max-image-preview":"max-image-preview:large","max-video-preview":"max-video-preview:-1"},"canonical":"https:\/\/www.copealcoy.es\/es\/avanza-proceso-integrar-la-colonia-aviacion-santa-rosa\/","og_locale":"es_ES","og_type":"article","og_title":"Avanza el proceso para integrar la Colonia de Aviaci\u00f3n en Santa Rosa - COPE Alcoy","og_description":"El Ministerio de Defensa y el Ayuntamiento de Alcoy avanzan en la tramitaci\u00f3n para formalizar la cesi\u00f3n de la Colonia...","og_url":"https:\/\/www.copealcoy.es\/es\/avanza-proceso-integrar-la-colonia-aviacion-santa-rosa\/","og_site_name":"COPE Alcoy","article_published_time":"2016-09-22T19:29:28+00:00","article_modified_time":"2016-09-22T19:30:45+00:00","og_image":[{"width":2048,"height":1536,"url":"https:\/\/www.copealcoy.es\/wp-content\/uploads\/2015\/08\/yPr7rYR.jpg","type":"image\/jpeg"}],"author":"Cope Alcoy","twitter_misc":{"Escrito por":"Cope Alcoy","Tiempo de lectura":"1 minuto"},"schema":{"@context":"https:\/\/schema.org","@graph":[{"@type":"Article","@id":"https:\/\/www.copealcoy.es\/es\/avanza-proceso-integrar-la-colonia-aviacion-santa-rosa\/#article","isPartOf":{"@id":"https:\/\/www.copealcoy.es\/es\/avanza-proceso-integrar-la-colonia-aviacion-santa-rosa\/"},"author":{"name":"Cope Alcoy","@id":"https:\/\/www.copealcoy.es\/es\/#\/schema\/person\/e777c87fa024e57d40170af9df39882c"},"headline":"Avanza el proceso para integrar la Colonia de Aviaci\u00f3n en Santa Rosa","datePublished":"2016-09-22T19:29:28+00:00","dateModified":"2016-09-22T19:30:45+00:00","mainEntityOfPage":{"@id":"https:\/\/www.copealcoy.es\/es\/avanza-proceso-integrar-la-colonia-aviacion-santa-rosa\/"},"wordCount":303,"commentCount":0,"image":{"@id":"https:\/\/www.copealcoy.es\/es\/avanza-proceso-integrar-la-colonia-aviacion-santa-rosa\/#primaryimage"},"thumbnailUrl":"https:\/\/www.copealcoy.es\/wp-content\/uploads\/2015\/08\/yPr7rYR.jpg","keywords":["Alcoy","avanza proceso","Colonia de Aviaci\u00f3n","en","para integrar","Santa Rosa"],"articleSection":["Alcoy","Noticias","Portada"],"inLanguage":"es"},{"@type":"WebPage","@id":"https:\/\/www.copealcoy.es\/es\/avanza-proceso-integrar-la-colonia-aviacion-santa-rosa\/","url":"https:\/\/www.copealcoy.es\/es\/avanza-proceso-integrar-la-colonia-aviacion-santa-rosa\/","name":"Avanza el proceso para integrar la Colonia de Aviaci\u00f3n en Santa Rosa - COPE Alcoy","isPartOf":{"@id":"https:\/\/www.copealcoy.es\/es\/#website"},"primaryImageOfPage":{"@id":"https:\/\/www.copealcoy.es\/es\/avanza-proceso-integrar-la-colonia-aviacion-santa-rosa\/#primaryimage"},"image":{"@id":"https:\/\/www.copealcoy.es\/es\/avanza-proceso-integrar-la-colonia-aviacion-santa-rosa\/#primaryimage"},"thumbnailUrl":"https:\/\/www.copealcoy.es\/wp-content\/uploads\/2015\/08\/yPr7rYR.jpg","datePublished":"2016-09-22T19:29:28+00:00","dateModified":"2016-09-22T19:30:45+00:00","author":{"@id":"https:\/\/www.copealcoy.es\/es\/#\/schema\/person\/e777c87fa024e57d40170af9df39882c"},"breadcrumb":{"@id":"https:\/\/www.copealcoy.es\/es\/avanza-proceso-integrar-la-colonia-aviacion-santa-rosa\/#breadcrumb"},"inLanguage":"es","potentialAction":[{"@type":"ReadAction","target":["https:\/\/www.copealcoy.es\/es\/avanza-proceso-integrar-la-colonia-aviacion-santa-rosa\/"]}]},{"@type":"ImageObject","inLanguage":"es","@id":"https:\/\/www.copealcoy.es\/es\/avanza-proceso-integrar-la-colonia-aviacion-santa-rosa\/#primaryimage","url":"https:\/\/www.copealcoy.es\/wp-content\/uploads\/2015\/08\/yPr7rYR.jpg","contentUrl":"https:\/\/www.copealcoy.es\/wp-content\/uploads\/2015\/08\/yPr7rYR.jpg","width":1440,"height":1080,"caption":"El proyecto contempla la rehabilitaci\u00f3n de las actuales viviendas"},{"@type":"BreadcrumbList","@id":"https:\/\/www.copealcoy.es\/es\/avanza-proceso-integrar-la-colonia-aviacion-santa-rosa\/#breadcrumb","itemListElement":[{"@type":"ListItem","position":1,"name":"Portada","item":"https:\/\/www.copealcoy.es\/es\/"},{"@type":"ListItem","position":2,"name":"Avanza el proceso para integrar la Colonia de Aviaci\u00f3n en Santa Rosa"}]},{"@type":"WebSite","@id":"https:\/\/www.copealcoy.es\/es\/#website","url":"https:\/\/www.copealcoy.es\/es\/","name":"COPE Alcoy","description":"Emisora COPE de radio local con emisi\u00f3n online. Pont de Sant Jordi 8-10 03803 Alcoy","potentialAction":[{"@type":"SearchAction","target":{"@type":"EntryPoint","urlTemplate":"https:\/\/www.copealcoy.es\/es\/?s={search_term_string}"},"query-input":{"@type":"PropertyValueSpecification","valueRequired":true,"valueName":"search_term_string"}}],"inLanguage":"es"},{"@type":"Person","@id":"https:\/\/www.copealcoy.es\/es\/#\/schema\/person\/e777c87fa024e57d40170af9df39882c","name":"Cope Alcoy","image":{"@type":"ImageObject","inLanguage":"es","@id":"https:\/\/secure.gravatar.com\/avatar\/bb65d0283347e303893ba14f0692005417c1e0e690a325a4c5d8bb2b3943ee14?s=96&d=mm&r=g","url":"https:\/\/secure.gravatar.com\/avatar\/bb65d0283347e303893ba14f0692005417c1e0e690a325a4c5d8bb2b3943ee14?s=96&d=mm&r=g","contentUrl":"https:\/\/secure.gravatar.com\/avatar\/bb65d0283347e303893ba14f0692005417c1e0e690a325a4c5d8bb2b3943ee14?s=96&d=mm&r=g","caption":"Cope Alcoy"}}]}},"_links":{"self":[{"href":"https:\/\/www.copealcoy.es\/es\/wp-json\/wp\/v2\/posts\/25094","targetHints":{"allow":["GET"]}}],"collection":[{"href":"https:\/\/www.copealcoy.es\/es\/wp-json\/wp\/v2\/posts"}],"about":[{"href":"https:\/\/www.copealcoy.es\/es\/wp-json\/wp\/v2\/types\/post"}],"author":[{"embeddable":true,"href":"https:\/\/www.copealcoy.es\/es\/wp-json\/wp\/v2\/users\/1"}],"replies":[{"embeddable":true,"href":"https:\/\/www.copealcoy.es\/es\/wp-json\/wp\/v2\/comments?post=25094"}],"version-history":[{"count":0,"href":"https:\/\/www.copealcoy.es\/es\/wp-json\/wp\/v2\/posts\/25094\/revisions"}],"wp:featuredmedia":[{"embeddable":true,"href":"https:\/\/www.copealcoy.es\/es\/wp-json\/wp\/v2\/media\/14965"}],"wp:attachment":[{"href":"https:\/\/www.copealcoy.es\/es\/wp-json\/wp\/v2\/media?parent=25094"}],"wp:term":[{"taxonomy":"category","embeddable":true,"href":"https:\/\/www.copealcoy.es\/es\/wp-json\/wp\/v2\/categories?post=25094"},{"taxonomy":"post_tag","embeddable":true,"href":"https:\/\/www.copealcoy.es\/es\/wp-json\/wp\/v2\/tags?post=25094"}],"curies":[{"name":"wp","href":"https:\/\/api.w.org\/{rel}","templated":true}]}}