{"id":25063,"date":"2016-09-22T17:54:40","date_gmt":"2016-09-22T17:54:40","guid":{"rendered":"http:\/\/copealcoi.es\/new\/?p=25063"},"modified":"2016-09-22T19:55:22","modified_gmt":"2016-09-22T19:55:22","slug":"llegan-alcoy-los-food-trucks","status":"publish","type":"post","link":"https:\/\/www.copealcoy.es\/es\/llegan-alcoy-los-food-trucks\/","title":{"rendered":"Llegan a Alcoy los &#8216;Food Trucks&#8217;"},"content":{"rendered":"<p style=\"text-align: justify;\">Alcoy acoge este fin de semana la <strong>segunda edici\u00f3n<\/strong> del Mercado Gastro N\u00f3mada \u2018<strong>Feria de Food Trucks\u2019<\/strong> que tendr\u00e1 lugar en la Plaza Al -Azraq junto a los juzgados.<\/p>\n<p style=\"text-align: justify;\">La <strong>inauguraci\u00f3n del certamen<\/strong> se efectuar\u00e1\u00a0este viernes a partir de las cinco de la tarde y sobre las siete el p\u00fablico ya podr\u00e1 disfrutar de la gastronom\u00eda que ofrecer\u00e1n los diferentes participantes en este evento gastron\u00f3mico en singulares caravanas. Adem\u00e1s el s\u00e1bado <strong>el comercio<\/strong> se sumar\u00e1 con una muestra de productos en la Avenida de la Hispanidad <em>&#8220;el comercio solo estar\u00e1 expuesto el s\u00e1bado de 10 de la ma\u00f1ana hasta las nueve de la noche aproximadamente con la participaci\u00f3n por ahora de nueve expositores&#8221;<\/em>, explica <strong>Mar\u00eda Jos\u00e9 Franc\u00e9s<\/strong>, presidenta de la Federaci\u00f3n de Comercio de Alcoy.<\/p>\n<p style=\"text-align: justify;\">En la Feria de Food Trucks\u00a0colaboran la <strong>Federaci\u00f3n de Comercio Alcoy Comercial<\/strong> y tambi\u00e9n el Alcoyano gracias al convenio firmado recientemente con el \u00e1rea de Comercio del Ayuntamiento de Alcoy. Mar\u00eda Jos\u00e9 Franc\u00e9s es presidenta de la Federaci\u00f3n Alcoy Comercial<\/p>\n<p><iframe loading=\"lazy\" title=\"RP Alcoi Street Food Market\" width=\"1200\" height=\"675\" src=\"https:\/\/www.youtube.com\/embed\/lCR7n7Tde14?feature=oembed\" frameborder=\"0\" allow=\"accelerometer; autoplay; encrypted-media; gyroscope; picture-in-picture\" allowfullscreen><\/iframe><\/p>\n","protected":false},"excerpt":{"rendered":"<p>Alcoy acoge este fin de semana la segunda edici\u00f3n del Mercado Gastro N\u00f3mada \u2018Feria de Food Trucks\u2019 que tendr\u00e1 lugar&#8230;<\/p>\n","protected":false},"author":1,"featured_media":25064,"comment_status":"open","ping_status":"open","sticky":false,"template":"","format":"standard","meta":{"footnotes":""},"categories":[97,75],"tags":[1494,467,2942,2943],"class_list":["post-25063","post","type-post","status-publish","format-standard","has-post-thumbnail","hentry","category-alcoy","category-noticias","tag-alcoy","tag-comercio","tag-food-trucks","tag-maria-jose-frances"],"yoast_head":"<!-- This site is optimized with the Yoast SEO plugin v27.3 - https:\/\/yoast.com\/product\/yoast-seo-wordpress\/ -->\n<title>Llegan a Alcoy los &#039;Food Trucks&#039; - COPE Alcoy<\/title>\n<meta name=\"robots\" content=\"index, follow, max-snippet:-1, max-image-preview:large, max-video-preview:-1\" \/>\n<link rel=\"canonical\" href=\"https:\/\/www.copealcoy.es\/es\/llegan-alcoy-los-food-trucks\/\" \/>\n<meta property=\"og:locale\" content=\"es_ES\" \/>\n<meta property=\"og:type\" content=\"article\" \/>\n<meta property=\"og:title\" content=\"Llegan a Alcoy los &#039;Food Trucks&#039; - COPE Alcoy\" \/>\n<meta property=\"og:description\" content=\"Alcoy acoge este fin de semana la segunda edici\u00f3n del Mercado Gastro N\u00f3mada \u2018Feria de Food Trucks\u2019 que tendr\u00e1 lugar...\" \/>\n<meta property=\"og:url\" content=\"https:\/\/www.copealcoy.es\/es\/llegan-alcoy-los-food-trucks\/\" \/>\n<meta property=\"og:site_name\" content=\"COPE Alcoy\" \/>\n<meta property=\"article:published_time\" content=\"2016-09-22T17:54:40+00:00\" \/>\n<meta property=\"article:modified_time\" content=\"2016-09-22T19:55:22+00:00\" \/>\n<meta property=\"og:image\" content=\"https:\/\/www.copealcoy.es\/wp-content\/uploads\/2016\/09\/12065646_730212637122224_1138733836090518894_n-e1474566865586.jpg\" \/>\n\t<meta property=\"og:image:width\" content=\"823\" \/>\n\t<meta property=\"og:image:height\" content=\"508\" \/>\n\t<meta property=\"og:image:type\" content=\"image\/jpeg\" \/>\n<meta name=\"author\" content=\"Cope Alcoy\" \/>\n<meta name=\"twitter:label1\" content=\"Escrito por\" \/>\n\t<meta name=\"twitter:data1\" content=\"Cope Alcoy\" \/>\n\t<meta name=\"twitter:label2\" content=\"Tiempo de lectura\" \/>\n\t<meta name=\"twitter:data2\" content=\"1 minuto\" \/>\n<script type=\"application\/ld+json\" class=\"yoast-schema-graph\">{\"@context\":\"https:\\\/\\\/schema.org\",\"@graph\":[{\"@type\":\"Article\",\"@id\":\"https:\\\/\\\/www.copealcoy.es\\\/es\\\/llegan-alcoy-los-food-trucks\\\/#article\",\"isPartOf\":{\"@id\":\"https:\\\/\\\/www.copealcoy.es\\\/es\\\/llegan-alcoy-los-food-trucks\\\/\"},\"author\":{\"name\":\"Cope Alcoy\",\"@id\":\"https:\\\/\\\/www.copealcoy.es\\\/es\\\/#\\\/schema\\\/person\\\/e777c87fa024e57d40170af9df39882c\"},\"headline\":\"Llegan a Alcoy los &#8216;Food Trucks&#8217;\",\"datePublished\":\"2016-09-22T17:54:40+00:00\",\"dateModified\":\"2016-09-22T19:55:22+00:00\",\"mainEntityOfPage\":{\"@id\":\"https:\\\/\\\/www.copealcoy.es\\\/es\\\/llegan-alcoy-los-food-trucks\\\/\"},\"wordCount\":201,\"commentCount\":0,\"image\":{\"@id\":\"https:\\\/\\\/www.copealcoy.es\\\/es\\\/llegan-alcoy-los-food-trucks\\\/#primaryimage\"},\"thumbnailUrl\":\"https:\\\/\\\/www.copealcoy.es\\\/wp-content\\\/uploads\\\/2016\\\/09\\\/12065646_730212637122224_1138733836090518894_n-e1474566865586.jpg\",\"keywords\":[\"Alcoy\",\"Comercio\",\"Food Trucks\",\"Mar\u00eda Jos\u00e9 Franc\u00e9s\"],\"articleSection\":[\"Alcoy\",\"Noticias\"],\"inLanguage\":\"es\"},{\"@type\":\"WebPage\",\"@id\":\"https:\\\/\\\/www.copealcoy.es\\\/es\\\/llegan-alcoy-los-food-trucks\\\/\",\"url\":\"https:\\\/\\\/www.copealcoy.es\\\/es\\\/llegan-alcoy-los-food-trucks\\\/\",\"name\":\"Llegan a Alcoy los 'Food Trucks' - COPE Alcoy\",\"isPartOf\":{\"@id\":\"https:\\\/\\\/www.copealcoy.es\\\/es\\\/#website\"},\"primaryImageOfPage\":{\"@id\":\"https:\\\/\\\/www.copealcoy.es\\\/es\\\/llegan-alcoy-los-food-trucks\\\/#primaryimage\"},\"image\":{\"@id\":\"https:\\\/\\\/www.copealcoy.es\\\/es\\\/llegan-alcoy-los-food-trucks\\\/#primaryimage\"},\"thumbnailUrl\":\"https:\\\/\\\/www.copealcoy.es\\\/wp-content\\\/uploads\\\/2016\\\/09\\\/12065646_730212637122224_1138733836090518894_n-e1474566865586.jpg\",\"datePublished\":\"2016-09-22T17:54:40+00:00\",\"dateModified\":\"2016-09-22T19:55:22+00:00\",\"author\":{\"@id\":\"https:\\\/\\\/www.copealcoy.es\\\/es\\\/#\\\/schema\\\/person\\\/e777c87fa024e57d40170af9df39882c\"},\"breadcrumb\":{\"@id\":\"https:\\\/\\\/www.copealcoy.es\\\/es\\\/llegan-alcoy-los-food-trucks\\\/#breadcrumb\"},\"inLanguage\":\"es\",\"potentialAction\":[{\"@type\":\"ReadAction\",\"target\":[\"https:\\\/\\\/www.copealcoy.es\\\/es\\\/llegan-alcoy-los-food-trucks\\\/\"]}]},{\"@type\":\"ImageObject\",\"inLanguage\":\"es\",\"@id\":\"https:\\\/\\\/www.copealcoy.es\\\/es\\\/llegan-alcoy-los-food-trucks\\\/#primaryimage\",\"url\":\"https:\\\/\\\/www.copealcoy.es\\\/wp-content\\\/uploads\\\/2016\\\/09\\\/12065646_730212637122224_1138733836090518894_n-e1474566865586.jpg\",\"contentUrl\":\"https:\\\/\\\/www.copealcoy.es\\\/wp-content\\\/uploads\\\/2016\\\/09\\\/12065646_730212637122224_1138733836090518894_n-e1474566865586.jpg\",\"width\":823,\"height\":508},{\"@type\":\"BreadcrumbList\",\"@id\":\"https:\\\/\\\/www.copealcoy.es\\\/es\\\/llegan-alcoy-los-food-trucks\\\/#breadcrumb\",\"itemListElement\":[{\"@type\":\"ListItem\",\"position\":1,\"name\":\"Portada\",\"item\":\"https:\\\/\\\/www.copealcoy.es\\\/es\\\/\"},{\"@type\":\"ListItem\",\"position\":2,\"name\":\"Llegan a Alcoy los &#8216;Food Trucks&#8217;\"}]},{\"@type\":\"WebSite\",\"@id\":\"https:\\\/\\\/www.copealcoy.es\\\/es\\\/#website\",\"url\":\"https:\\\/\\\/www.copealcoy.es\\\/es\\\/\",\"name\":\"COPE Alcoy\",\"description\":\"Emisora COPE de radio local con emisi\u00f3n online. Pont de Sant Jordi 8-10 03803 Alcoy\",\"potentialAction\":[{\"@type\":\"SearchAction\",\"target\":{\"@type\":\"EntryPoint\",\"urlTemplate\":\"https:\\\/\\\/www.copealcoy.es\\\/es\\\/?s={search_term_string}\"},\"query-input\":{\"@type\":\"PropertyValueSpecification\",\"valueRequired\":true,\"valueName\":\"search_term_string\"}}],\"inLanguage\":\"es\"},{\"@type\":\"Person\",\"@id\":\"https:\\\/\\\/www.copealcoy.es\\\/es\\\/#\\\/schema\\\/person\\\/e777c87fa024e57d40170af9df39882c\",\"name\":\"Cope Alcoy\",\"image\":{\"@type\":\"ImageObject\",\"inLanguage\":\"es\",\"@id\":\"https:\\\/\\\/secure.gravatar.com\\\/avatar\\\/bb65d0283347e303893ba14f0692005417c1e0e690a325a4c5d8bb2b3943ee14?s=96&d=mm&r=g\",\"url\":\"https:\\\/\\\/secure.gravatar.com\\\/avatar\\\/bb65d0283347e303893ba14f0692005417c1e0e690a325a4c5d8bb2b3943ee14?s=96&d=mm&r=g\",\"contentUrl\":\"https:\\\/\\\/secure.gravatar.com\\\/avatar\\\/bb65d0283347e303893ba14f0692005417c1e0e690a325a4c5d8bb2b3943ee14?s=96&d=mm&r=g\",\"caption\":\"Cope Alcoy\"}}]}<\/script>\n<!-- \/ Yoast SEO plugin. -->","yoast_head_json":{"title":"Llegan a Alcoy los 'Food Trucks' - COPE Alcoy","robots":{"index":"index","follow":"follow","max-snippet":"max-snippet:-1","max-image-preview":"max-image-preview:large","max-video-preview":"max-video-preview:-1"},"canonical":"https:\/\/www.copealcoy.es\/es\/llegan-alcoy-los-food-trucks\/","og_locale":"es_ES","og_type":"article","og_title":"Llegan a Alcoy los 'Food Trucks' - COPE Alcoy","og_description":"Alcoy acoge este fin de semana la segunda edici\u00f3n del Mercado Gastro N\u00f3mada \u2018Feria de Food Trucks\u2019 que tendr\u00e1 lugar...","og_url":"https:\/\/www.copealcoy.es\/es\/llegan-alcoy-los-food-trucks\/","og_site_name":"COPE Alcoy","article_published_time":"2016-09-22T17:54:40+00:00","article_modified_time":"2016-09-22T19:55:22+00:00","og_image":[{"width":823,"height":508,"url":"https:\/\/www.copealcoy.es\/wp-content\/uploads\/2016\/09\/12065646_730212637122224_1138733836090518894_n-e1474566865586.jpg","type":"image\/jpeg"}],"author":"Cope Alcoy","twitter_misc":{"Escrito por":"Cope Alcoy","Tiempo de lectura":"1 minuto"},"schema":{"@context":"https:\/\/schema.org","@graph":[{"@type":"Article","@id":"https:\/\/www.copealcoy.es\/es\/llegan-alcoy-los-food-trucks\/#article","isPartOf":{"@id":"https:\/\/www.copealcoy.es\/es\/llegan-alcoy-los-food-trucks\/"},"author":{"name":"Cope Alcoy","@id":"https:\/\/www.copealcoy.es\/es\/#\/schema\/person\/e777c87fa024e57d40170af9df39882c"},"headline":"Llegan a Alcoy los &#8216;Food Trucks&#8217;","datePublished":"2016-09-22T17:54:40+00:00","dateModified":"2016-09-22T19:55:22+00:00","mainEntityOfPage":{"@id":"https:\/\/www.copealcoy.es\/es\/llegan-alcoy-los-food-trucks\/"},"wordCount":201,"commentCount":0,"image":{"@id":"https:\/\/www.copealcoy.es\/es\/llegan-alcoy-los-food-trucks\/#primaryimage"},"thumbnailUrl":"https:\/\/www.copealcoy.es\/wp-content\/uploads\/2016\/09\/12065646_730212637122224_1138733836090518894_n-e1474566865586.jpg","keywords":["Alcoy","Comercio","Food Trucks","Mar\u00eda Jos\u00e9 Franc\u00e9s"],"articleSection":["Alcoy","Noticias"],"inLanguage":"es"},{"@type":"WebPage","@id":"https:\/\/www.copealcoy.es\/es\/llegan-alcoy-los-food-trucks\/","url":"https:\/\/www.copealcoy.es\/es\/llegan-alcoy-los-food-trucks\/","name":"Llegan a Alcoy los 'Food Trucks' - COPE Alcoy","isPartOf":{"@id":"https:\/\/www.copealcoy.es\/es\/#website"},"primaryImageOfPage":{"@id":"https:\/\/www.copealcoy.es\/es\/llegan-alcoy-los-food-trucks\/#primaryimage"},"image":{"@id":"https:\/\/www.copealcoy.es\/es\/llegan-alcoy-los-food-trucks\/#primaryimage"},"thumbnailUrl":"https:\/\/www.copealcoy.es\/wp-content\/uploads\/2016\/09\/12065646_730212637122224_1138733836090518894_n-e1474566865586.jpg","datePublished":"2016-09-22T17:54:40+00:00","dateModified":"2016-09-22T19:55:22+00:00","author":{"@id":"https:\/\/www.copealcoy.es\/es\/#\/schema\/person\/e777c87fa024e57d40170af9df39882c"},"breadcrumb":{"@id":"https:\/\/www.copealcoy.es\/es\/llegan-alcoy-los-food-trucks\/#breadcrumb"},"inLanguage":"es","potentialAction":[{"@type":"ReadAction","target":["https:\/\/www.copealcoy.es\/es\/llegan-alcoy-los-food-trucks\/"]}]},{"@type":"ImageObject","inLanguage":"es","@id":"https:\/\/www.copealcoy.es\/es\/llegan-alcoy-los-food-trucks\/#primaryimage","url":"https:\/\/www.copealcoy.es\/wp-content\/uploads\/2016\/09\/12065646_730212637122224_1138733836090518894_n-e1474566865586.jpg","contentUrl":"https:\/\/www.copealcoy.es\/wp-content\/uploads\/2016\/09\/12065646_730212637122224_1138733836090518894_n-e1474566865586.jpg","width":823,"height":508},{"@type":"BreadcrumbList","@id":"https:\/\/www.copealcoy.es\/es\/llegan-alcoy-los-food-trucks\/#breadcrumb","itemListElement":[{"@type":"ListItem","position":1,"name":"Portada","item":"https:\/\/www.copealcoy.es\/es\/"},{"@type":"ListItem","position":2,"name":"Llegan a Alcoy los &#8216;Food Trucks&#8217;"}]},{"@type":"WebSite","@id":"https:\/\/www.copealcoy.es\/es\/#website","url":"https:\/\/www.copealcoy.es\/es\/","name":"COPE Alcoy","description":"Emisora COPE de radio local con emisi\u00f3n online. Pont de Sant Jordi 8-10 03803 Alcoy","potentialAction":[{"@type":"SearchAction","target":{"@type":"EntryPoint","urlTemplate":"https:\/\/www.copealcoy.es\/es\/?s={search_term_string}"},"query-input":{"@type":"PropertyValueSpecification","valueRequired":true,"valueName":"search_term_string"}}],"inLanguage":"es"},{"@type":"Person","@id":"https:\/\/www.copealcoy.es\/es\/#\/schema\/person\/e777c87fa024e57d40170af9df39882c","name":"Cope Alcoy","image":{"@type":"ImageObject","inLanguage":"es","@id":"https:\/\/secure.gravatar.com\/avatar\/bb65d0283347e303893ba14f0692005417c1e0e690a325a4c5d8bb2b3943ee14?s=96&d=mm&r=g","url":"https:\/\/secure.gravatar.com\/avatar\/bb65d0283347e303893ba14f0692005417c1e0e690a325a4c5d8bb2b3943ee14?s=96&d=mm&r=g","contentUrl":"https:\/\/secure.gravatar.com\/avatar\/bb65d0283347e303893ba14f0692005417c1e0e690a325a4c5d8bb2b3943ee14?s=96&d=mm&r=g","caption":"Cope Alcoy"}}]}},"_links":{"self":[{"href":"https:\/\/www.copealcoy.es\/es\/wp-json\/wp\/v2\/posts\/25063","targetHints":{"allow":["GET"]}}],"collection":[{"href":"https:\/\/www.copealcoy.es\/es\/wp-json\/wp\/v2\/posts"}],"about":[{"href":"https:\/\/www.copealcoy.es\/es\/wp-json\/wp\/v2\/types\/post"}],"author":[{"embeddable":true,"href":"https:\/\/www.copealcoy.es\/es\/wp-json\/wp\/v2\/users\/1"}],"replies":[{"embeddable":true,"href":"https:\/\/www.copealcoy.es\/es\/wp-json\/wp\/v2\/comments?post=25063"}],"version-history":[{"count":0,"href":"https:\/\/www.copealcoy.es\/es\/wp-json\/wp\/v2\/posts\/25063\/revisions"}],"wp:featuredmedia":[{"embeddable":true,"href":"https:\/\/www.copealcoy.es\/es\/wp-json\/wp\/v2\/media\/25064"}],"wp:attachment":[{"href":"https:\/\/www.copealcoy.es\/es\/wp-json\/wp\/v2\/media?parent=25063"}],"wp:term":[{"taxonomy":"category","embeddable":true,"href":"https:\/\/www.copealcoy.es\/es\/wp-json\/wp\/v2\/categories?post=25063"},{"taxonomy":"post_tag","embeddable":true,"href":"https:\/\/www.copealcoy.es\/es\/wp-json\/wp\/v2\/tags?post=25063"}],"curies":[{"name":"wp","href":"https:\/\/api.w.org\/{rel}","templated":true}]}}