{"id":24920,"date":"2016-09-19T06:00:54","date_gmt":"2016-09-19T06:00:54","guid":{"rendered":"http:\/\/copealcoi.es\/new\/?p=24920"},"modified":"2016-09-19T14:38:20","modified_gmt":"2016-09-19T14:38:20","slug":"treinta-ocho-empresas-optan-la-redaccion-del-proyecto-del-nuevo-bracal","status":"publish","type":"post","link":"https:\/\/www.copealcoy.es\/es\/treinta-ocho-empresas-optan-la-redaccion-del-proyecto-del-nuevo-bracal\/","title":{"rendered":"Treinta y ocho empresas optan a la redacci\u00f3n del proyecto del nuevo Bracal"},"content":{"rendered":"<p style=\"text-align: justify;\">Un total de <strong>treinta y ocho empresas<\/strong> optan al concurso convocado por la Conseller\u00eda de Educaci\u00f3n para la redacci\u00f3n del proyecto de construcci\u00f3n del nuevo colegio \u00a0<strong>El Bracal<\/strong> de Muro.<\/p>\n<p style=\"text-align: justify;\">La edil de Educaci\u00f3n en esta localidad del Comtat, <strong>Fani Juan,<\/strong> explicaba en Cope Alcoy que ahora desde la Generalitat se van a estudiar todas las ofertas presentadas y posteriormente la que resulte elegida &#8220;dispondr\u00e1 de un plazo de seis meses para redactar el proyecto final&#8221;, detalla. Desde el Ayuntamiento se muestran esperanzados tras ver como avanza\u00a0el desarrollo del proceso y conf\u00edan en que los plazos se cumplan &#8220;para que as\u00ed las obras puedan comenzar a ser una realidad en el primer semestre del 2017 tal y como se dijo desde el Consell el pasado invierno&#8221;, detalla.<\/p>\n<p style=\"text-align: justify;\">Recordar que el Bracal de Muro lleva adelante sus clases desde hace nueves a\u00f1os en <strong>aulas prefabricadas<\/strong>\u00a0tras ser demolido el edificio que ocupaba el centro educativo por sufrir aluminosis. Desde el Consistorio y la Comunidad Educativa siguen reclamando <strong>agilidad a la Generalitat<\/strong> para la construcci\u00f3n del nuevo colegio al mismo tiempo que se denuncian las malas condiciones de los barracones que generan numerosos problemas cuando la meteorolog\u00eda es adversa. Adem\u00e1s las reivindicaciones no cesan y el pasado 8 de septiembre alumnos, padres, profesores y numerosos vecinos\u00a0aprovecharon el inicio de curso para protagonizar <strong>una pitada<\/strong> y pedir que llegue pronto la tan esperada construcci\u00f3n del nuevo colegio.<\/p>\n<p>&nbsp;<\/p>\n<p>&nbsp;<\/p>\n<p>&nbsp;<\/p>\n","protected":false},"excerpt":{"rendered":"<p>Un total de treinta y ocho empresas optan al concurso convocado por la Conseller\u00eda de Educaci\u00f3n para la redacci\u00f3n del&#8230;<\/p>\n","protected":false},"author":1,"featured_media":21654,"comment_status":"open","ping_status":"open","sticky":false,"template":"","format":"standard","meta":{"footnotes":""},"categories":[98,75],"tags":[135,2898,1083,525,2665,2897],"class_list":["post-24920","post","type-post","status-publish","format-standard","has-post-thumbnail","hentry","category-comarcas","category-noticias","tag-muro","tag-nuevo-bracal","tag-optan","tag-proyecto","tag-redaccion","tag-treinta-y-ocho-empresas"],"yoast_head":"<!-- This site is optimized with the Yoast SEO plugin v27.3 - https:\/\/yoast.com\/product\/yoast-seo-wordpress\/ -->\n<title>Treinta y ocho empresas optan a la redacci\u00f3n del proyecto del nuevo Bracal - COPE Alcoy<\/title>\n<meta name=\"robots\" content=\"index, follow, max-snippet:-1, max-image-preview:large, max-video-preview:-1\" \/>\n<link rel=\"canonical\" href=\"https:\/\/www.copealcoy.es\/es\/treinta-ocho-empresas-optan-la-redaccion-del-proyecto-del-nuevo-bracal\/\" \/>\n<meta property=\"og:locale\" content=\"es_ES\" \/>\n<meta property=\"og:type\" content=\"article\" \/>\n<meta property=\"og:title\" content=\"Treinta y ocho empresas optan a la redacci\u00f3n del proyecto del nuevo Bracal - COPE Alcoy\" \/>\n<meta property=\"og:description\" content=\"Un total de treinta y ocho empresas optan al concurso convocado por la Conseller\u00eda de Educaci\u00f3n para la redacci\u00f3n del...\" \/>\n<meta property=\"og:url\" content=\"https:\/\/www.copealcoy.es\/es\/treinta-ocho-empresas-optan-la-redaccion-del-proyecto-del-nuevo-bracal\/\" \/>\n<meta property=\"og:site_name\" content=\"COPE Alcoy\" \/>\n<meta property=\"article:published_time\" content=\"2016-09-19T06:00:54+00:00\" \/>\n<meta property=\"article:modified_time\" content=\"2016-09-19T14:38:20+00:00\" \/>\n<meta property=\"og:image\" content=\"https:\/\/www.copealcoy.es\/wp-content\/uploads\/2016\/05\/13242129_10209342172611983_1606735369_o.jpg\" \/>\n\t<meta property=\"og:image:width\" content=\"1334\" \/>\n\t<meta property=\"og:image:height\" content=\"832\" \/>\n\t<meta property=\"og:image:type\" content=\"image\/jpeg\" \/>\n<meta name=\"author\" content=\"Cope Alcoy\" \/>\n<meta name=\"twitter:label1\" content=\"Escrito por\" \/>\n\t<meta name=\"twitter:data1\" content=\"Cope Alcoy\" \/>\n\t<meta name=\"twitter:label2\" content=\"Tiempo de lectura\" \/>\n\t<meta name=\"twitter:data2\" content=\"1 minuto\" \/>\n<script type=\"application\/ld+json\" class=\"yoast-schema-graph\">{\"@context\":\"https:\\\/\\\/schema.org\",\"@graph\":[{\"@type\":\"Article\",\"@id\":\"https:\\\/\\\/www.copealcoy.es\\\/es\\\/treinta-ocho-empresas-optan-la-redaccion-del-proyecto-del-nuevo-bracal\\\/#article\",\"isPartOf\":{\"@id\":\"https:\\\/\\\/www.copealcoy.es\\\/es\\\/treinta-ocho-empresas-optan-la-redaccion-del-proyecto-del-nuevo-bracal\\\/\"},\"author\":{\"name\":\"Cope Alcoy\",\"@id\":\"https:\\\/\\\/www.copealcoy.es\\\/es\\\/#\\\/schema\\\/person\\\/e777c87fa024e57d40170af9df39882c\"},\"headline\":\"Treinta y ocho empresas optan a la redacci\u00f3n del proyecto del nuevo Bracal\",\"datePublished\":\"2016-09-19T06:00:54+00:00\",\"dateModified\":\"2016-09-19T14:38:20+00:00\",\"mainEntityOfPage\":{\"@id\":\"https:\\\/\\\/www.copealcoy.es\\\/es\\\/treinta-ocho-empresas-optan-la-redaccion-del-proyecto-del-nuevo-bracal\\\/\"},\"wordCount\":262,\"commentCount\":0,\"image\":{\"@id\":\"https:\\\/\\\/www.copealcoy.es\\\/es\\\/treinta-ocho-empresas-optan-la-redaccion-del-proyecto-del-nuevo-bracal\\\/#primaryimage\"},\"thumbnailUrl\":\"https:\\\/\\\/www.copealcoy.es\\\/wp-content\\\/uploads\\\/2016\\\/05\\\/13242129_10209342172611983_1606735369_o.jpg\",\"keywords\":[\"Muro\",\"nuevo Bracal\",\"Optan\",\"Proyecto\",\"redacci\u00f3n\",\"treinta y ocho empresas\"],\"articleSection\":[\"Comarcas\",\"Noticias\"],\"inLanguage\":\"es\"},{\"@type\":\"WebPage\",\"@id\":\"https:\\\/\\\/www.copealcoy.es\\\/es\\\/treinta-ocho-empresas-optan-la-redaccion-del-proyecto-del-nuevo-bracal\\\/\",\"url\":\"https:\\\/\\\/www.copealcoy.es\\\/es\\\/treinta-ocho-empresas-optan-la-redaccion-del-proyecto-del-nuevo-bracal\\\/\",\"name\":\"Treinta y ocho empresas optan a la redacci\u00f3n del proyecto del nuevo Bracal - COPE Alcoy\",\"isPartOf\":{\"@id\":\"https:\\\/\\\/www.copealcoy.es\\\/es\\\/#website\"},\"primaryImageOfPage\":{\"@id\":\"https:\\\/\\\/www.copealcoy.es\\\/es\\\/treinta-ocho-empresas-optan-la-redaccion-del-proyecto-del-nuevo-bracal\\\/#primaryimage\"},\"image\":{\"@id\":\"https:\\\/\\\/www.copealcoy.es\\\/es\\\/treinta-ocho-empresas-optan-la-redaccion-del-proyecto-del-nuevo-bracal\\\/#primaryimage\"},\"thumbnailUrl\":\"https:\\\/\\\/www.copealcoy.es\\\/wp-content\\\/uploads\\\/2016\\\/05\\\/13242129_10209342172611983_1606735369_o.jpg\",\"datePublished\":\"2016-09-19T06:00:54+00:00\",\"dateModified\":\"2016-09-19T14:38:20+00:00\",\"author\":{\"@id\":\"https:\\\/\\\/www.copealcoy.es\\\/es\\\/#\\\/schema\\\/person\\\/e777c87fa024e57d40170af9df39882c\"},\"breadcrumb\":{\"@id\":\"https:\\\/\\\/www.copealcoy.es\\\/es\\\/treinta-ocho-empresas-optan-la-redaccion-del-proyecto-del-nuevo-bracal\\\/#breadcrumb\"},\"inLanguage\":\"es\",\"potentialAction\":[{\"@type\":\"ReadAction\",\"target\":[\"https:\\\/\\\/www.copealcoy.es\\\/es\\\/treinta-ocho-empresas-optan-la-redaccion-del-proyecto-del-nuevo-bracal\\\/\"]}]},{\"@type\":\"ImageObject\",\"inLanguage\":\"es\",\"@id\":\"https:\\\/\\\/www.copealcoy.es\\\/es\\\/treinta-ocho-empresas-optan-la-redaccion-del-proyecto-del-nuevo-bracal\\\/#primaryimage\",\"url\":\"https:\\\/\\\/www.copealcoy.es\\\/wp-content\\\/uploads\\\/2016\\\/05\\\/13242129_10209342172611983_1606735369_o.jpg\",\"contentUrl\":\"https:\\\/\\\/www.copealcoy.es\\\/wp-content\\\/uploads\\\/2016\\\/05\\\/13242129_10209342172611983_1606735369_o.jpg\",\"width\":1334,\"height\":832,\"caption\":\"El colegio el Bracal lleva desde el 2007 en barracones \\\/ Foto: G. Pascual\"},{\"@type\":\"BreadcrumbList\",\"@id\":\"https:\\\/\\\/www.copealcoy.es\\\/es\\\/treinta-ocho-empresas-optan-la-redaccion-del-proyecto-del-nuevo-bracal\\\/#breadcrumb\",\"itemListElement\":[{\"@type\":\"ListItem\",\"position\":1,\"name\":\"Portada\",\"item\":\"https:\\\/\\\/www.copealcoy.es\\\/es\\\/\"},{\"@type\":\"ListItem\",\"position\":2,\"name\":\"Treinta y ocho empresas optan a la redacci\u00f3n del proyecto del nuevo Bracal\"}]},{\"@type\":\"WebSite\",\"@id\":\"https:\\\/\\\/www.copealcoy.es\\\/es\\\/#website\",\"url\":\"https:\\\/\\\/www.copealcoy.es\\\/es\\\/\",\"name\":\"COPE Alcoy\",\"description\":\"Emisora COPE de radio local con emisi\u00f3n online. Pont de Sant Jordi 8-10 03803 Alcoy\",\"potentialAction\":[{\"@type\":\"SearchAction\",\"target\":{\"@type\":\"EntryPoint\",\"urlTemplate\":\"https:\\\/\\\/www.copealcoy.es\\\/es\\\/?s={search_term_string}\"},\"query-input\":{\"@type\":\"PropertyValueSpecification\",\"valueRequired\":true,\"valueName\":\"search_term_string\"}}],\"inLanguage\":\"es\"},{\"@type\":\"Person\",\"@id\":\"https:\\\/\\\/www.copealcoy.es\\\/es\\\/#\\\/schema\\\/person\\\/e777c87fa024e57d40170af9df39882c\",\"name\":\"Cope Alcoy\",\"image\":{\"@type\":\"ImageObject\",\"inLanguage\":\"es\",\"@id\":\"https:\\\/\\\/secure.gravatar.com\\\/avatar\\\/bb65d0283347e303893ba14f0692005417c1e0e690a325a4c5d8bb2b3943ee14?s=96&d=mm&r=g\",\"url\":\"https:\\\/\\\/secure.gravatar.com\\\/avatar\\\/bb65d0283347e303893ba14f0692005417c1e0e690a325a4c5d8bb2b3943ee14?s=96&d=mm&r=g\",\"contentUrl\":\"https:\\\/\\\/secure.gravatar.com\\\/avatar\\\/bb65d0283347e303893ba14f0692005417c1e0e690a325a4c5d8bb2b3943ee14?s=96&d=mm&r=g\",\"caption\":\"Cope Alcoy\"}}]}<\/script>\n<!-- \/ Yoast SEO plugin. -->","yoast_head_json":{"title":"Treinta y ocho empresas optan a la redacci\u00f3n del proyecto del nuevo Bracal - COPE Alcoy","robots":{"index":"index","follow":"follow","max-snippet":"max-snippet:-1","max-image-preview":"max-image-preview:large","max-video-preview":"max-video-preview:-1"},"canonical":"https:\/\/www.copealcoy.es\/es\/treinta-ocho-empresas-optan-la-redaccion-del-proyecto-del-nuevo-bracal\/","og_locale":"es_ES","og_type":"article","og_title":"Treinta y ocho empresas optan a la redacci\u00f3n del proyecto del nuevo Bracal - COPE Alcoy","og_description":"Un total de treinta y ocho empresas optan al concurso convocado por la Conseller\u00eda de Educaci\u00f3n para la redacci\u00f3n del...","og_url":"https:\/\/www.copealcoy.es\/es\/treinta-ocho-empresas-optan-la-redaccion-del-proyecto-del-nuevo-bracal\/","og_site_name":"COPE Alcoy","article_published_time":"2016-09-19T06:00:54+00:00","article_modified_time":"2016-09-19T14:38:20+00:00","og_image":[{"width":1334,"height":832,"url":"https:\/\/www.copealcoy.es\/wp-content\/uploads\/2016\/05\/13242129_10209342172611983_1606735369_o.jpg","type":"image\/jpeg"}],"author":"Cope Alcoy","twitter_misc":{"Escrito por":"Cope Alcoy","Tiempo de lectura":"1 minuto"},"schema":{"@context":"https:\/\/schema.org","@graph":[{"@type":"Article","@id":"https:\/\/www.copealcoy.es\/es\/treinta-ocho-empresas-optan-la-redaccion-del-proyecto-del-nuevo-bracal\/#article","isPartOf":{"@id":"https:\/\/www.copealcoy.es\/es\/treinta-ocho-empresas-optan-la-redaccion-del-proyecto-del-nuevo-bracal\/"},"author":{"name":"Cope Alcoy","@id":"https:\/\/www.copealcoy.es\/es\/#\/schema\/person\/e777c87fa024e57d40170af9df39882c"},"headline":"Treinta y ocho empresas optan a la redacci\u00f3n del proyecto del nuevo Bracal","datePublished":"2016-09-19T06:00:54+00:00","dateModified":"2016-09-19T14:38:20+00:00","mainEntityOfPage":{"@id":"https:\/\/www.copealcoy.es\/es\/treinta-ocho-empresas-optan-la-redaccion-del-proyecto-del-nuevo-bracal\/"},"wordCount":262,"commentCount":0,"image":{"@id":"https:\/\/www.copealcoy.es\/es\/treinta-ocho-empresas-optan-la-redaccion-del-proyecto-del-nuevo-bracal\/#primaryimage"},"thumbnailUrl":"https:\/\/www.copealcoy.es\/wp-content\/uploads\/2016\/05\/13242129_10209342172611983_1606735369_o.jpg","keywords":["Muro","nuevo Bracal","Optan","Proyecto","redacci\u00f3n","treinta y ocho empresas"],"articleSection":["Comarcas","Noticias"],"inLanguage":"es"},{"@type":"WebPage","@id":"https:\/\/www.copealcoy.es\/es\/treinta-ocho-empresas-optan-la-redaccion-del-proyecto-del-nuevo-bracal\/","url":"https:\/\/www.copealcoy.es\/es\/treinta-ocho-empresas-optan-la-redaccion-del-proyecto-del-nuevo-bracal\/","name":"Treinta y ocho empresas optan a la redacci\u00f3n del proyecto del nuevo Bracal - COPE Alcoy","isPartOf":{"@id":"https:\/\/www.copealcoy.es\/es\/#website"},"primaryImageOfPage":{"@id":"https:\/\/www.copealcoy.es\/es\/treinta-ocho-empresas-optan-la-redaccion-del-proyecto-del-nuevo-bracal\/#primaryimage"},"image":{"@id":"https:\/\/www.copealcoy.es\/es\/treinta-ocho-empresas-optan-la-redaccion-del-proyecto-del-nuevo-bracal\/#primaryimage"},"thumbnailUrl":"https:\/\/www.copealcoy.es\/wp-content\/uploads\/2016\/05\/13242129_10209342172611983_1606735369_o.jpg","datePublished":"2016-09-19T06:00:54+00:00","dateModified":"2016-09-19T14:38:20+00:00","author":{"@id":"https:\/\/www.copealcoy.es\/es\/#\/schema\/person\/e777c87fa024e57d40170af9df39882c"},"breadcrumb":{"@id":"https:\/\/www.copealcoy.es\/es\/treinta-ocho-empresas-optan-la-redaccion-del-proyecto-del-nuevo-bracal\/#breadcrumb"},"inLanguage":"es","potentialAction":[{"@type":"ReadAction","target":["https:\/\/www.copealcoy.es\/es\/treinta-ocho-empresas-optan-la-redaccion-del-proyecto-del-nuevo-bracal\/"]}]},{"@type":"ImageObject","inLanguage":"es","@id":"https:\/\/www.copealcoy.es\/es\/treinta-ocho-empresas-optan-la-redaccion-del-proyecto-del-nuevo-bracal\/#primaryimage","url":"https:\/\/www.copealcoy.es\/wp-content\/uploads\/2016\/05\/13242129_10209342172611983_1606735369_o.jpg","contentUrl":"https:\/\/www.copealcoy.es\/wp-content\/uploads\/2016\/05\/13242129_10209342172611983_1606735369_o.jpg","width":1334,"height":832,"caption":"El colegio el Bracal lleva desde el 2007 en barracones \/ Foto: G. Pascual"},{"@type":"BreadcrumbList","@id":"https:\/\/www.copealcoy.es\/es\/treinta-ocho-empresas-optan-la-redaccion-del-proyecto-del-nuevo-bracal\/#breadcrumb","itemListElement":[{"@type":"ListItem","position":1,"name":"Portada","item":"https:\/\/www.copealcoy.es\/es\/"},{"@type":"ListItem","position":2,"name":"Treinta y ocho empresas optan a la redacci\u00f3n del proyecto del nuevo Bracal"}]},{"@type":"WebSite","@id":"https:\/\/www.copealcoy.es\/es\/#website","url":"https:\/\/www.copealcoy.es\/es\/","name":"COPE Alcoy","description":"Emisora COPE de radio local con emisi\u00f3n online. Pont de Sant Jordi 8-10 03803 Alcoy","potentialAction":[{"@type":"SearchAction","target":{"@type":"EntryPoint","urlTemplate":"https:\/\/www.copealcoy.es\/es\/?s={search_term_string}"},"query-input":{"@type":"PropertyValueSpecification","valueRequired":true,"valueName":"search_term_string"}}],"inLanguage":"es"},{"@type":"Person","@id":"https:\/\/www.copealcoy.es\/es\/#\/schema\/person\/e777c87fa024e57d40170af9df39882c","name":"Cope Alcoy","image":{"@type":"ImageObject","inLanguage":"es","@id":"https:\/\/secure.gravatar.com\/avatar\/bb65d0283347e303893ba14f0692005417c1e0e690a325a4c5d8bb2b3943ee14?s=96&d=mm&r=g","url":"https:\/\/secure.gravatar.com\/avatar\/bb65d0283347e303893ba14f0692005417c1e0e690a325a4c5d8bb2b3943ee14?s=96&d=mm&r=g","contentUrl":"https:\/\/secure.gravatar.com\/avatar\/bb65d0283347e303893ba14f0692005417c1e0e690a325a4c5d8bb2b3943ee14?s=96&d=mm&r=g","caption":"Cope Alcoy"}}]}},"_links":{"self":[{"href":"https:\/\/www.copealcoy.es\/es\/wp-json\/wp\/v2\/posts\/24920","targetHints":{"allow":["GET"]}}],"collection":[{"href":"https:\/\/www.copealcoy.es\/es\/wp-json\/wp\/v2\/posts"}],"about":[{"href":"https:\/\/www.copealcoy.es\/es\/wp-json\/wp\/v2\/types\/post"}],"author":[{"embeddable":true,"href":"https:\/\/www.copealcoy.es\/es\/wp-json\/wp\/v2\/users\/1"}],"replies":[{"embeddable":true,"href":"https:\/\/www.copealcoy.es\/es\/wp-json\/wp\/v2\/comments?post=24920"}],"version-history":[{"count":0,"href":"https:\/\/www.copealcoy.es\/es\/wp-json\/wp\/v2\/posts\/24920\/revisions"}],"wp:featuredmedia":[{"embeddable":true,"href":"https:\/\/www.copealcoy.es\/es\/wp-json\/wp\/v2\/media\/21654"}],"wp:attachment":[{"href":"https:\/\/www.copealcoy.es\/es\/wp-json\/wp\/v2\/media?parent=24920"}],"wp:term":[{"taxonomy":"category","embeddable":true,"href":"https:\/\/www.copealcoy.es\/es\/wp-json\/wp\/v2\/categories?post=24920"},{"taxonomy":"post_tag","embeddable":true,"href":"https:\/\/www.copealcoy.es\/es\/wp-json\/wp\/v2\/tags?post=24920"}],"curies":[{"name":"wp","href":"https:\/\/api.w.org\/{rel}","templated":true}]}}