{"id":24903,"date":"2016-09-17T22:10:24","date_gmt":"2016-09-17T22:10:24","guid":{"rendered":"http:\/\/copealcoi.es\/new\/?p=24903"},"modified":"2016-09-18T00:39:53","modified_gmt":"2016-09-18T00:39:53","slug":"75-anos-devocion-la-virgen-los-lirios","status":"publish","type":"post","link":"https:\/\/www.copealcoy.es\/es\/75-anos-devocion-la-virgen-los-lirios\/","title":{"rendered":"75 a\u00f1os de devoci\u00f3n por la Virgen de los Lirios"},"content":{"rendered":"<p style=\"text-align: justify;\">Alcoy se ha volcado este s\u00e1bado con los actos en honor a la\u00a0<strong>Virgen de los Lirios<\/strong> y numerosos alcoyanos han salido a las calles del Centro para <strong>arropar a la patrona<\/strong> de la ciudad.<\/p>\n<p style=\"text-align: justify;\">La jornada festiva se ha iniciado a mediod\u00eda con un <strong>pasacalle<\/strong> por las diferentes barriadas mientras que a las seis y media de la tarde se ha celebrado una <strong>misa solemne<\/strong> en el templo de San Mauro y San Francisco, que ha contado con la presencia de las autoridades locales. Tras la ceremonia religiosa la Mare de D\u00e9u ha salido del templo y ha emprendido un breve trayecto en <strong>procesi\u00f3n<\/strong> hasta la Plaza de Espa\u00f1a acompa\u00f1ada por ni\u00f1os, j\u00f3venes, instituciones de la ciudad, camareras de la Virgen y devotos. En esta cita tambi\u00e9n han estado presentes los otros dos patronos de la ciudad, San Mauro y San Jorge, al conmemorarse en este 2016 el <strong>75 aniversario<\/strong> de la proclamaci\u00f3n de la Virgen de los Lirios como patrona de nuestra ciudad.<\/p>\n<p style=\"text-align: justify;\">La llegada de las tres im\u00e1genes a La Bandeja, con las campanas de Santa Mar\u00eda volteando de fondo, \u00a0ha sido uno de los momentos m\u00e1s emotivos y seguidamente \u00a0se ha efectuado la <strong>ofrenda floral<\/strong> en el estrado colocado para la ocasi\u00f3n dando paso despu\u00e9s a la <em>Crida\u00a0<\/em>en la que Amparo Murcia de Casabuena ha animado a todos los alcoyanos a participar ma\u00f1ana en la Romer\u00eda al Carrascal.<\/p>\n<p style=\"text-align: justify;\">Un castillo de fuegos artificiales seguido del canto del Himno de la Coronaci\u00f3n, el traslado de la Virgen a la iglesia de Santa Mar\u00eda y las notas de La Salve han puesto el <strong>punto y final<\/strong> a este d\u00eda previo a la citada Romer\u00eda a la Font Roja.<\/p>\n","protected":false},"excerpt":{"rendered":"<p>Alcoy se ha volcado este s\u00e1bado con los actos en honor a la\u00a0Virgen de los Lirios y numerosos alcoyanos han&#8230;<\/p>\n","protected":false},"author":1,"featured_media":24908,"comment_status":"open","ping_status":"open","sticky":false,"template":"","format":"standard","meta":{"footnotes":""},"categories":[97,78,75,125],"tags":[2640,2890,1494,2891,2892,1347],"class_list":["post-24903","post","type-post","status-publish","format-standard","has-post-thumbnail","hentry","category-alcoy","category-fiestaycultura","category-noticias","category-portada","tag-75-aniversario","tag-75-anos","tag-alcoy","tag-devocion","tag-ofrenda-foral","tag-virgen-de-los-lirios"],"yoast_head":"<!-- This site is optimized with the Yoast SEO plugin v27.3 - https:\/\/yoast.com\/product\/yoast-seo-wordpress\/ -->\n<title>75 a\u00f1os de devoci\u00f3n por la Virgen de los Lirios - COPE Alcoy<\/title>\n<meta name=\"robots\" content=\"index, follow, max-snippet:-1, max-image-preview:large, max-video-preview:-1\" \/>\n<link rel=\"canonical\" href=\"https:\/\/www.copealcoy.es\/es\/75-anos-devocion-la-virgen-los-lirios\/\" \/>\n<meta property=\"og:locale\" content=\"es_ES\" \/>\n<meta property=\"og:type\" content=\"article\" \/>\n<meta property=\"og:title\" content=\"75 a\u00f1os de devoci\u00f3n por la Virgen de los Lirios - COPE Alcoy\" \/>\n<meta property=\"og:description\" content=\"Alcoy se ha volcado este s\u00e1bado con los actos en honor a la\u00a0Virgen de los Lirios y numerosos alcoyanos han...\" \/>\n<meta property=\"og:url\" content=\"https:\/\/www.copealcoy.es\/es\/75-anos-devocion-la-virgen-los-lirios\/\" \/>\n<meta property=\"og:site_name\" content=\"COPE Alcoy\" \/>\n<meta property=\"article:published_time\" content=\"2016-09-17T22:10:24+00:00\" \/>\n<meta property=\"article:modified_time\" content=\"2016-09-18T00:39:53+00:00\" \/>\n<meta property=\"og:image\" content=\"https:\/\/www.copealcoy.es\/wp-content\/uploads\/2016\/09\/Ofrenda.jpg\" \/>\n\t<meta property=\"og:image:width\" content=\"660\" \/>\n\t<meta property=\"og:image:height\" content=\"330\" \/>\n\t<meta property=\"og:image:type\" content=\"image\/jpeg\" \/>\n<meta name=\"author\" content=\"Cope Alcoy\" \/>\n<meta name=\"twitter:label1\" content=\"Escrito por\" \/>\n\t<meta name=\"twitter:data1\" content=\"Cope Alcoy\" \/>\n\t<meta name=\"twitter:label2\" content=\"Tiempo de lectura\" \/>\n\t<meta name=\"twitter:data2\" content=\"2 minutos\" \/>\n<script type=\"application\/ld+json\" class=\"yoast-schema-graph\">{\"@context\":\"https:\\\/\\\/schema.org\",\"@graph\":[{\"@type\":\"Article\",\"@id\":\"https:\\\/\\\/www.copealcoy.es\\\/es\\\/75-anos-devocion-la-virgen-los-lirios\\\/#article\",\"isPartOf\":{\"@id\":\"https:\\\/\\\/www.copealcoy.es\\\/es\\\/75-anos-devocion-la-virgen-los-lirios\\\/\"},\"author\":{\"name\":\"Cope Alcoy\",\"@id\":\"https:\\\/\\\/www.copealcoy.es\\\/es\\\/#\\\/schema\\\/person\\\/e777c87fa024e57d40170af9df39882c\"},\"headline\":\"75 a\u00f1os de devoci\u00f3n por la Virgen de los Lirios\",\"datePublished\":\"2016-09-17T22:10:24+00:00\",\"dateModified\":\"2016-09-18T00:39:53+00:00\",\"mainEntityOfPage\":{\"@id\":\"https:\\\/\\\/www.copealcoy.es\\\/es\\\/75-anos-devocion-la-virgen-los-lirios\\\/\"},\"wordCount\":311,\"commentCount\":0,\"image\":{\"@id\":\"https:\\\/\\\/www.copealcoy.es\\\/es\\\/75-anos-devocion-la-virgen-los-lirios\\\/#primaryimage\"},\"thumbnailUrl\":\"https:\\\/\\\/www.copealcoy.es\\\/wp-content\\\/uploads\\\/2016\\\/09\\\/Ofrenda.jpg\",\"keywords\":[\"75 aniversario\",\"75 a\u00f1os\",\"Alcoy\",\"devoci\u00f3n\",\"ofrenda foral\",\"Virgen de los Lirios\"],\"articleSection\":[\"Alcoy\",\"Fiesta y Cultura\",\"Noticias\",\"Portada\"],\"inLanguage\":\"es\"},{\"@type\":\"WebPage\",\"@id\":\"https:\\\/\\\/www.copealcoy.es\\\/es\\\/75-anos-devocion-la-virgen-los-lirios\\\/\",\"url\":\"https:\\\/\\\/www.copealcoy.es\\\/es\\\/75-anos-devocion-la-virgen-los-lirios\\\/\",\"name\":\"75 a\u00f1os de devoci\u00f3n por la Virgen de los Lirios - COPE Alcoy\",\"isPartOf\":{\"@id\":\"https:\\\/\\\/www.copealcoy.es\\\/es\\\/#website\"},\"primaryImageOfPage\":{\"@id\":\"https:\\\/\\\/www.copealcoy.es\\\/es\\\/75-anos-devocion-la-virgen-los-lirios\\\/#primaryimage\"},\"image\":{\"@id\":\"https:\\\/\\\/www.copealcoy.es\\\/es\\\/75-anos-devocion-la-virgen-los-lirios\\\/#primaryimage\"},\"thumbnailUrl\":\"https:\\\/\\\/www.copealcoy.es\\\/wp-content\\\/uploads\\\/2016\\\/09\\\/Ofrenda.jpg\",\"datePublished\":\"2016-09-17T22:10:24+00:00\",\"dateModified\":\"2016-09-18T00:39:53+00:00\",\"author\":{\"@id\":\"https:\\\/\\\/www.copealcoy.es\\\/es\\\/#\\\/schema\\\/person\\\/e777c87fa024e57d40170af9df39882c\"},\"breadcrumb\":{\"@id\":\"https:\\\/\\\/www.copealcoy.es\\\/es\\\/75-anos-devocion-la-virgen-los-lirios\\\/#breadcrumb\"},\"inLanguage\":\"es\",\"potentialAction\":[{\"@type\":\"ReadAction\",\"target\":[\"https:\\\/\\\/www.copealcoy.es\\\/es\\\/75-anos-devocion-la-virgen-los-lirios\\\/\"]}]},{\"@type\":\"ImageObject\",\"inLanguage\":\"es\",\"@id\":\"https:\\\/\\\/www.copealcoy.es\\\/es\\\/75-anos-devocion-la-virgen-los-lirios\\\/#primaryimage\",\"url\":\"https:\\\/\\\/www.copealcoy.es\\\/wp-content\\\/uploads\\\/2016\\\/09\\\/Ofrenda.jpg\",\"contentUrl\":\"https:\\\/\\\/www.copealcoy.es\\\/wp-content\\\/uploads\\\/2016\\\/09\\\/Ofrenda.jpg\",\"width\":660,\"height\":330,\"caption\":\"Los tres patronos de la ciudad juntos en las calles de Alcoy \\\/ Foto: G. Pascual\"},{\"@type\":\"BreadcrumbList\",\"@id\":\"https:\\\/\\\/www.copealcoy.es\\\/es\\\/75-anos-devocion-la-virgen-los-lirios\\\/#breadcrumb\",\"itemListElement\":[{\"@type\":\"ListItem\",\"position\":1,\"name\":\"Portada\",\"item\":\"https:\\\/\\\/www.copealcoy.es\\\/es\\\/\"},{\"@type\":\"ListItem\",\"position\":2,\"name\":\"75 a\u00f1os de devoci\u00f3n por la Virgen de los Lirios\"}]},{\"@type\":\"WebSite\",\"@id\":\"https:\\\/\\\/www.copealcoy.es\\\/es\\\/#website\",\"url\":\"https:\\\/\\\/www.copealcoy.es\\\/es\\\/\",\"name\":\"COPE Alcoy\",\"description\":\"Emisora COPE de radio local con emisi\u00f3n online. Pont de Sant Jordi 8-10 03803 Alcoy\",\"potentialAction\":[{\"@type\":\"SearchAction\",\"target\":{\"@type\":\"EntryPoint\",\"urlTemplate\":\"https:\\\/\\\/www.copealcoy.es\\\/es\\\/?s={search_term_string}\"},\"query-input\":{\"@type\":\"PropertyValueSpecification\",\"valueRequired\":true,\"valueName\":\"search_term_string\"}}],\"inLanguage\":\"es\"},{\"@type\":\"Person\",\"@id\":\"https:\\\/\\\/www.copealcoy.es\\\/es\\\/#\\\/schema\\\/person\\\/e777c87fa024e57d40170af9df39882c\",\"name\":\"Cope Alcoy\",\"image\":{\"@type\":\"ImageObject\",\"inLanguage\":\"es\",\"@id\":\"https:\\\/\\\/secure.gravatar.com\\\/avatar\\\/bb65d0283347e303893ba14f0692005417c1e0e690a325a4c5d8bb2b3943ee14?s=96&d=mm&r=g\",\"url\":\"https:\\\/\\\/secure.gravatar.com\\\/avatar\\\/bb65d0283347e303893ba14f0692005417c1e0e690a325a4c5d8bb2b3943ee14?s=96&d=mm&r=g\",\"contentUrl\":\"https:\\\/\\\/secure.gravatar.com\\\/avatar\\\/bb65d0283347e303893ba14f0692005417c1e0e690a325a4c5d8bb2b3943ee14?s=96&d=mm&r=g\",\"caption\":\"Cope Alcoy\"}}]}<\/script>\n<!-- \/ Yoast SEO plugin. -->","yoast_head_json":{"title":"75 a\u00f1os de devoci\u00f3n por la Virgen de los Lirios - COPE Alcoy","robots":{"index":"index","follow":"follow","max-snippet":"max-snippet:-1","max-image-preview":"max-image-preview:large","max-video-preview":"max-video-preview:-1"},"canonical":"https:\/\/www.copealcoy.es\/es\/75-anos-devocion-la-virgen-los-lirios\/","og_locale":"es_ES","og_type":"article","og_title":"75 a\u00f1os de devoci\u00f3n por la Virgen de los Lirios - COPE Alcoy","og_description":"Alcoy se ha volcado este s\u00e1bado con los actos en honor a la\u00a0Virgen de los Lirios y numerosos alcoyanos han...","og_url":"https:\/\/www.copealcoy.es\/es\/75-anos-devocion-la-virgen-los-lirios\/","og_site_name":"COPE Alcoy","article_published_time":"2016-09-17T22:10:24+00:00","article_modified_time":"2016-09-18T00:39:53+00:00","og_image":[{"width":660,"height":330,"url":"https:\/\/www.copealcoy.es\/wp-content\/uploads\/2016\/09\/Ofrenda.jpg","type":"image\/jpeg"}],"author":"Cope Alcoy","twitter_misc":{"Escrito por":"Cope Alcoy","Tiempo de lectura":"2 minutos"},"schema":{"@context":"https:\/\/schema.org","@graph":[{"@type":"Article","@id":"https:\/\/www.copealcoy.es\/es\/75-anos-devocion-la-virgen-los-lirios\/#article","isPartOf":{"@id":"https:\/\/www.copealcoy.es\/es\/75-anos-devocion-la-virgen-los-lirios\/"},"author":{"name":"Cope Alcoy","@id":"https:\/\/www.copealcoy.es\/es\/#\/schema\/person\/e777c87fa024e57d40170af9df39882c"},"headline":"75 a\u00f1os de devoci\u00f3n por la Virgen de los Lirios","datePublished":"2016-09-17T22:10:24+00:00","dateModified":"2016-09-18T00:39:53+00:00","mainEntityOfPage":{"@id":"https:\/\/www.copealcoy.es\/es\/75-anos-devocion-la-virgen-los-lirios\/"},"wordCount":311,"commentCount":0,"image":{"@id":"https:\/\/www.copealcoy.es\/es\/75-anos-devocion-la-virgen-los-lirios\/#primaryimage"},"thumbnailUrl":"https:\/\/www.copealcoy.es\/wp-content\/uploads\/2016\/09\/Ofrenda.jpg","keywords":["75 aniversario","75 a\u00f1os","Alcoy","devoci\u00f3n","ofrenda foral","Virgen de los Lirios"],"articleSection":["Alcoy","Fiesta y Cultura","Noticias","Portada"],"inLanguage":"es"},{"@type":"WebPage","@id":"https:\/\/www.copealcoy.es\/es\/75-anos-devocion-la-virgen-los-lirios\/","url":"https:\/\/www.copealcoy.es\/es\/75-anos-devocion-la-virgen-los-lirios\/","name":"75 a\u00f1os de devoci\u00f3n por la Virgen de los Lirios - COPE Alcoy","isPartOf":{"@id":"https:\/\/www.copealcoy.es\/es\/#website"},"primaryImageOfPage":{"@id":"https:\/\/www.copealcoy.es\/es\/75-anos-devocion-la-virgen-los-lirios\/#primaryimage"},"image":{"@id":"https:\/\/www.copealcoy.es\/es\/75-anos-devocion-la-virgen-los-lirios\/#primaryimage"},"thumbnailUrl":"https:\/\/www.copealcoy.es\/wp-content\/uploads\/2016\/09\/Ofrenda.jpg","datePublished":"2016-09-17T22:10:24+00:00","dateModified":"2016-09-18T00:39:53+00:00","author":{"@id":"https:\/\/www.copealcoy.es\/es\/#\/schema\/person\/e777c87fa024e57d40170af9df39882c"},"breadcrumb":{"@id":"https:\/\/www.copealcoy.es\/es\/75-anos-devocion-la-virgen-los-lirios\/#breadcrumb"},"inLanguage":"es","potentialAction":[{"@type":"ReadAction","target":["https:\/\/www.copealcoy.es\/es\/75-anos-devocion-la-virgen-los-lirios\/"]}]},{"@type":"ImageObject","inLanguage":"es","@id":"https:\/\/www.copealcoy.es\/es\/75-anos-devocion-la-virgen-los-lirios\/#primaryimage","url":"https:\/\/www.copealcoy.es\/wp-content\/uploads\/2016\/09\/Ofrenda.jpg","contentUrl":"https:\/\/www.copealcoy.es\/wp-content\/uploads\/2016\/09\/Ofrenda.jpg","width":660,"height":330,"caption":"Los tres patronos de la ciudad juntos en las calles de Alcoy \/ Foto: G. Pascual"},{"@type":"BreadcrumbList","@id":"https:\/\/www.copealcoy.es\/es\/75-anos-devocion-la-virgen-los-lirios\/#breadcrumb","itemListElement":[{"@type":"ListItem","position":1,"name":"Portada","item":"https:\/\/www.copealcoy.es\/es\/"},{"@type":"ListItem","position":2,"name":"75 a\u00f1os de devoci\u00f3n por la Virgen de los Lirios"}]},{"@type":"WebSite","@id":"https:\/\/www.copealcoy.es\/es\/#website","url":"https:\/\/www.copealcoy.es\/es\/","name":"COPE Alcoy","description":"Emisora COPE de radio local con emisi\u00f3n online. Pont de Sant Jordi 8-10 03803 Alcoy","potentialAction":[{"@type":"SearchAction","target":{"@type":"EntryPoint","urlTemplate":"https:\/\/www.copealcoy.es\/es\/?s={search_term_string}"},"query-input":{"@type":"PropertyValueSpecification","valueRequired":true,"valueName":"search_term_string"}}],"inLanguage":"es"},{"@type":"Person","@id":"https:\/\/www.copealcoy.es\/es\/#\/schema\/person\/e777c87fa024e57d40170af9df39882c","name":"Cope Alcoy","image":{"@type":"ImageObject","inLanguage":"es","@id":"https:\/\/secure.gravatar.com\/avatar\/bb65d0283347e303893ba14f0692005417c1e0e690a325a4c5d8bb2b3943ee14?s=96&d=mm&r=g","url":"https:\/\/secure.gravatar.com\/avatar\/bb65d0283347e303893ba14f0692005417c1e0e690a325a4c5d8bb2b3943ee14?s=96&d=mm&r=g","contentUrl":"https:\/\/secure.gravatar.com\/avatar\/bb65d0283347e303893ba14f0692005417c1e0e690a325a4c5d8bb2b3943ee14?s=96&d=mm&r=g","caption":"Cope Alcoy"}}]}},"_links":{"self":[{"href":"https:\/\/www.copealcoy.es\/es\/wp-json\/wp\/v2\/posts\/24903","targetHints":{"allow":["GET"]}}],"collection":[{"href":"https:\/\/www.copealcoy.es\/es\/wp-json\/wp\/v2\/posts"}],"about":[{"href":"https:\/\/www.copealcoy.es\/es\/wp-json\/wp\/v2\/types\/post"}],"author":[{"embeddable":true,"href":"https:\/\/www.copealcoy.es\/es\/wp-json\/wp\/v2\/users\/1"}],"replies":[{"embeddable":true,"href":"https:\/\/www.copealcoy.es\/es\/wp-json\/wp\/v2\/comments?post=24903"}],"version-history":[{"count":0,"href":"https:\/\/www.copealcoy.es\/es\/wp-json\/wp\/v2\/posts\/24903\/revisions"}],"wp:featuredmedia":[{"embeddable":true,"href":"https:\/\/www.copealcoy.es\/es\/wp-json\/wp\/v2\/media\/24908"}],"wp:attachment":[{"href":"https:\/\/www.copealcoy.es\/es\/wp-json\/wp\/v2\/media?parent=24903"}],"wp:term":[{"taxonomy":"category","embeddable":true,"href":"https:\/\/www.copealcoy.es\/es\/wp-json\/wp\/v2\/categories?post=24903"},{"taxonomy":"post_tag","embeddable":true,"href":"https:\/\/www.copealcoy.es\/es\/wp-json\/wp\/v2\/tags?post=24903"}],"curies":[{"name":"wp","href":"https:\/\/api.w.org\/{rel}","templated":true}]}}