{"id":24805,"date":"2016-09-14T15:52:44","date_gmt":"2016-09-14T15:52:44","guid":{"rendered":"http:\/\/copealcoi.es\/new\/?p=24805"},"modified":"2016-09-14T15:52:44","modified_gmt":"2016-09-14T15:52:44","slug":"llega-una-nueva-edicion-amb-bici-per-la-via-verda","status":"publish","type":"post","link":"https:\/\/www.copealcoy.es\/es\/llega-una-nueva-edicion-amb-bici-per-la-via-verda\/","title":{"rendered":"Llega una nueva edici\u00f3n de &#8216;Amb bici per la V\u00eda Verda&#8217;"},"content":{"rendered":"<p style=\"text-align: justify;\">El ciclismo volver\u00e1 a ser el protagonista en una nueva edici\u00f3n de <strong>&#8216;Amb bici per la V\u00eda Verda&#8217;<\/strong>, una actividad que se enmarca dentro de la <strong>Semana Europea de la Movilidad<\/strong> y que este a\u00f1o tendr\u00e1 lugar el pr\u00f3ximo domingo 25 de septiembre.<\/p>\n<p style=\"text-align: justify;\">La ruta tendr\u00e1 una <strong>duraci\u00f3n aproximada de 50km<\/strong>, con dificultad media, y partir\u00e1 a las 8:30h de la ma\u00f1ana desde Alcoy pasando posteriormente por Cocentaina a las 9, por Muro a las 9:30 y a las 10 por Gaianes. Seguidamente los participantes se desplazaran hasta <strong>Beniarr\u00e9s<\/strong>, municipio al que llegar\u00e1n los corredores procedentes de L\u00b4Orxa. En esta \u00faltima poblaci\u00f3n se efectuar\u00e1 una parada para el almuerzo al mismo tiempo que se leer\u00e1 un manifiesto de reivindicaci\u00f3n de la V\u00eda Verde. Posteriormente seguir\u00e1 la traves\u00eda hasta Villalonga.<\/p>\n<p style=\"text-align: justify;\">El edil de Deportes en Alcoy, <strong>Alberto Belda<\/strong>, incide en el que car\u00e1cter familiar de la actividad &#8220;siempre hay muy buen ambiente y lo que se pretende es poner en valor la V\u00eda Verde para fomentar su uso y sobre todo que la gente tome conciencia de su importancia&#8221;, detalla. De igual forma el titular del \u00e1rea de Deportes en Cocentaina, <strong>Sa\u00fcl Botella<\/strong>, destaca la consolidaci\u00f3n de esta traves\u00eda &#8220;el \u00faltimo domingo de septiembre siempre es la fecha fijada para ello. La primera vez que se hizo fue a finales de los noventa y tras algunas interrupciones ya llevamos ocho ediciones consecutivas celebr\u00e1ndola con destacada participaci\u00f3n. El a\u00f1o pasado fueron 150 ciclistas&#8221;, afirma.<\/p>\n<p style=\"text-align: justify;\">La <strong>edad m\u00ednima<\/strong> para poder participar en\u00a0&#8216;Amb bici per la V\u00eda Verda&#8217; es de 12 a\u00f1os y hasta los 15 se precisa del acompa\u00f1amiento de un adulto. La <a href=\"https:\/\/www.alcoi.org\/es\/areas\/deportes\/noticias\/noticia_0025.html\"><strong>inscripci\u00f3n<\/strong><\/a> se puede realizar en los centros de deportes as\u00ed como Ayuntamientos de cada una de las poblaciones participantes y la misma tiene un coste de cuatro euros que incluye el almuerzo, el transporte de regreso\u00a0tanto para el corredor como la bici y un seguro de accidentes. El plazo para realizarla finaliza el d\u00eda 16 de septiembre.<\/p>\n<p style=\"text-align: justify;\">\n<p style=\"text-align: justify;\">\n","protected":false},"excerpt":{"rendered":"<p>El ciclismo volver\u00e1 a ser el protagonista en una nueva edici\u00f3n de &#8216;Amb bici per la V\u00eda Verda&#8217;, una actividad&#8230;<\/p>\n","protected":false},"author":1,"featured_media":24806,"comment_status":"open","ping_status":"open","sticky":false,"template":"","format":"standard","meta":{"footnotes":""},"categories":[97,92,75],"tags":[1752,1494,677,132,135,2068],"class_list":["post-24805","post","type-post","status-publish","format-standard","has-post-thumbnail","hentry","category-alcoy","category-deportes","category-noticias","tag-alberto-belda","tag-alcoy","tag-ciclismo","tag-cocentaina","tag-muro","tag-via-verda"],"yoast_head":"<!-- This site is optimized with the Yoast SEO plugin v27.3 - https:\/\/yoast.com\/product\/yoast-seo-wordpress\/ -->\n<title>Llega una nueva edici\u00f3n de &#039;Amb bici per la V\u00eda Verda&#039; - COPE Alcoy<\/title>\n<meta name=\"robots\" content=\"index, follow, max-snippet:-1, max-image-preview:large, max-video-preview:-1\" \/>\n<link rel=\"canonical\" href=\"https:\/\/www.copealcoy.es\/es\/llega-una-nueva-edicion-amb-bici-per-la-via-verda\/\" \/>\n<meta property=\"og:locale\" content=\"es_ES\" \/>\n<meta property=\"og:type\" content=\"article\" \/>\n<meta property=\"og:title\" content=\"Llega una nueva edici\u00f3n de &#039;Amb bici per la V\u00eda Verda&#039; - COPE Alcoy\" \/>\n<meta property=\"og:description\" content=\"El ciclismo volver\u00e1 a ser el protagonista en una nueva edici\u00f3n de &#8216;Amb bici per la V\u00eda Verda&#8217;, una actividad...\" \/>\n<meta property=\"og:url\" content=\"https:\/\/www.copealcoy.es\/es\/llega-una-nueva-edicion-amb-bici-per-la-via-verda\/\" \/>\n<meta property=\"og:site_name\" content=\"COPE Alcoy\" \/>\n<meta property=\"article:published_time\" content=\"2016-09-14T15:52:44+00:00\" \/>\n<meta property=\"og:image\" content=\"https:\/\/www.copealcoy.es\/wp-content\/uploads\/2016\/09\/14285760_10210413539755492_694892313_o.jpg\" \/>\n\t<meta property=\"og:image:width\" content=\"1334\" \/>\n\t<meta property=\"og:image:height\" content=\"750\" \/>\n\t<meta property=\"og:image:type\" content=\"image\/jpeg\" \/>\n<meta name=\"author\" content=\"Cope Alcoy\" \/>\n<meta name=\"twitter:label1\" content=\"Escrito por\" \/>\n\t<meta name=\"twitter:data1\" content=\"Cope Alcoy\" \/>\n\t<meta name=\"twitter:label2\" content=\"Tiempo de lectura\" \/>\n\t<meta name=\"twitter:data2\" content=\"2 minutos\" \/>\n<script type=\"application\/ld+json\" class=\"yoast-schema-graph\">{\"@context\":\"https:\\\/\\\/schema.org\",\"@graph\":[{\"@type\":\"Article\",\"@id\":\"https:\\\/\\\/www.copealcoy.es\\\/es\\\/llega-una-nueva-edicion-amb-bici-per-la-via-verda\\\/#article\",\"isPartOf\":{\"@id\":\"https:\\\/\\\/www.copealcoy.es\\\/es\\\/llega-una-nueva-edicion-amb-bici-per-la-via-verda\\\/\"},\"author\":{\"name\":\"Cope Alcoy\",\"@id\":\"https:\\\/\\\/www.copealcoy.es\\\/es\\\/#\\\/schema\\\/person\\\/e777c87fa024e57d40170af9df39882c\"},\"headline\":\"Llega una nueva edici\u00f3n de &#8216;Amb bici per la V\u00eda Verda&#8217;\",\"datePublished\":\"2016-09-14T15:52:44+00:00\",\"mainEntityOfPage\":{\"@id\":\"https:\\\/\\\/www.copealcoy.es\\\/es\\\/llega-una-nueva-edicion-amb-bici-per-la-via-verda\\\/\"},\"wordCount\":361,\"commentCount\":0,\"image\":{\"@id\":\"https:\\\/\\\/www.copealcoy.es\\\/es\\\/llega-una-nueva-edicion-amb-bici-per-la-via-verda\\\/#primaryimage\"},\"thumbnailUrl\":\"https:\\\/\\\/www.copealcoy.es\\\/wp-content\\\/uploads\\\/2016\\\/09\\\/14285760_10210413539755492_694892313_o.jpg\",\"keywords\":[\"Alberto Belda\",\"Alcoy\",\"Ciclismo\",\"Cocentaina\",\"Muro\",\"Via Verda\"],\"articleSection\":[\"Alcoy\",\"Deportes\",\"Noticias\"],\"inLanguage\":\"es\"},{\"@type\":\"WebPage\",\"@id\":\"https:\\\/\\\/www.copealcoy.es\\\/es\\\/llega-una-nueva-edicion-amb-bici-per-la-via-verda\\\/\",\"url\":\"https:\\\/\\\/www.copealcoy.es\\\/es\\\/llega-una-nueva-edicion-amb-bici-per-la-via-verda\\\/\",\"name\":\"Llega una nueva edici\u00f3n de 'Amb bici per la V\u00eda Verda' - COPE Alcoy\",\"isPartOf\":{\"@id\":\"https:\\\/\\\/www.copealcoy.es\\\/es\\\/#website\"},\"primaryImageOfPage\":{\"@id\":\"https:\\\/\\\/www.copealcoy.es\\\/es\\\/llega-una-nueva-edicion-amb-bici-per-la-via-verda\\\/#primaryimage\"},\"image\":{\"@id\":\"https:\\\/\\\/www.copealcoy.es\\\/es\\\/llega-una-nueva-edicion-amb-bici-per-la-via-verda\\\/#primaryimage\"},\"thumbnailUrl\":\"https:\\\/\\\/www.copealcoy.es\\\/wp-content\\\/uploads\\\/2016\\\/09\\\/14285760_10210413539755492_694892313_o.jpg\",\"datePublished\":\"2016-09-14T15:52:44+00:00\",\"author\":{\"@id\":\"https:\\\/\\\/www.copealcoy.es\\\/es\\\/#\\\/schema\\\/person\\\/e777c87fa024e57d40170af9df39882c\"},\"breadcrumb\":{\"@id\":\"https:\\\/\\\/www.copealcoy.es\\\/es\\\/llega-una-nueva-edicion-amb-bici-per-la-via-verda\\\/#breadcrumb\"},\"inLanguage\":\"es\",\"potentialAction\":[{\"@type\":\"ReadAction\",\"target\":[\"https:\\\/\\\/www.copealcoy.es\\\/es\\\/llega-una-nueva-edicion-amb-bici-per-la-via-verda\\\/\"]}]},{\"@type\":\"ImageObject\",\"inLanguage\":\"es\",\"@id\":\"https:\\\/\\\/www.copealcoy.es\\\/es\\\/llega-una-nueva-edicion-amb-bici-per-la-via-verda\\\/#primaryimage\",\"url\":\"https:\\\/\\\/www.copealcoy.es\\\/wp-content\\\/uploads\\\/2016\\\/09\\\/14285760_10210413539755492_694892313_o.jpg\",\"contentUrl\":\"https:\\\/\\\/www.copealcoy.es\\\/wp-content\\\/uploads\\\/2016\\\/09\\\/14285760_10210413539755492_694892313_o.jpg\",\"width\":1334,\"height\":750,\"caption\":\"Alberto Belda y Sa\u00fal Botella presentaron la actividad\"},{\"@type\":\"BreadcrumbList\",\"@id\":\"https:\\\/\\\/www.copealcoy.es\\\/es\\\/llega-una-nueva-edicion-amb-bici-per-la-via-verda\\\/#breadcrumb\",\"itemListElement\":[{\"@type\":\"ListItem\",\"position\":1,\"name\":\"Portada\",\"item\":\"https:\\\/\\\/www.copealcoy.es\\\/es\\\/\"},{\"@type\":\"ListItem\",\"position\":2,\"name\":\"Llega una nueva edici\u00f3n de &#8216;Amb bici per la V\u00eda Verda&#8217;\"}]},{\"@type\":\"WebSite\",\"@id\":\"https:\\\/\\\/www.copealcoy.es\\\/es\\\/#website\",\"url\":\"https:\\\/\\\/www.copealcoy.es\\\/es\\\/\",\"name\":\"COPE Alcoy\",\"description\":\"Emisora COPE de radio local con emisi\u00f3n online. Pont de Sant Jordi 8-10 03803 Alcoy\",\"potentialAction\":[{\"@type\":\"SearchAction\",\"target\":{\"@type\":\"EntryPoint\",\"urlTemplate\":\"https:\\\/\\\/www.copealcoy.es\\\/es\\\/?s={search_term_string}\"},\"query-input\":{\"@type\":\"PropertyValueSpecification\",\"valueRequired\":true,\"valueName\":\"search_term_string\"}}],\"inLanguage\":\"es\"},{\"@type\":\"Person\",\"@id\":\"https:\\\/\\\/www.copealcoy.es\\\/es\\\/#\\\/schema\\\/person\\\/e777c87fa024e57d40170af9df39882c\",\"name\":\"Cope Alcoy\",\"image\":{\"@type\":\"ImageObject\",\"inLanguage\":\"es\",\"@id\":\"https:\\\/\\\/secure.gravatar.com\\\/avatar\\\/bb65d0283347e303893ba14f0692005417c1e0e690a325a4c5d8bb2b3943ee14?s=96&d=mm&r=g\",\"url\":\"https:\\\/\\\/secure.gravatar.com\\\/avatar\\\/bb65d0283347e303893ba14f0692005417c1e0e690a325a4c5d8bb2b3943ee14?s=96&d=mm&r=g\",\"contentUrl\":\"https:\\\/\\\/secure.gravatar.com\\\/avatar\\\/bb65d0283347e303893ba14f0692005417c1e0e690a325a4c5d8bb2b3943ee14?s=96&d=mm&r=g\",\"caption\":\"Cope Alcoy\"}}]}<\/script>\n<!-- \/ Yoast SEO plugin. -->","yoast_head_json":{"title":"Llega una nueva edici\u00f3n de 'Amb bici per la V\u00eda Verda' - COPE Alcoy","robots":{"index":"index","follow":"follow","max-snippet":"max-snippet:-1","max-image-preview":"max-image-preview:large","max-video-preview":"max-video-preview:-1"},"canonical":"https:\/\/www.copealcoy.es\/es\/llega-una-nueva-edicion-amb-bici-per-la-via-verda\/","og_locale":"es_ES","og_type":"article","og_title":"Llega una nueva edici\u00f3n de 'Amb bici per la V\u00eda Verda' - COPE Alcoy","og_description":"El ciclismo volver\u00e1 a ser el protagonista en una nueva edici\u00f3n de &#8216;Amb bici per la V\u00eda Verda&#8217;, una actividad...","og_url":"https:\/\/www.copealcoy.es\/es\/llega-una-nueva-edicion-amb-bici-per-la-via-verda\/","og_site_name":"COPE Alcoy","article_published_time":"2016-09-14T15:52:44+00:00","og_image":[{"width":1334,"height":750,"url":"https:\/\/www.copealcoy.es\/wp-content\/uploads\/2016\/09\/14285760_10210413539755492_694892313_o.jpg","type":"image\/jpeg"}],"author":"Cope Alcoy","twitter_misc":{"Escrito por":"Cope Alcoy","Tiempo de lectura":"2 minutos"},"schema":{"@context":"https:\/\/schema.org","@graph":[{"@type":"Article","@id":"https:\/\/www.copealcoy.es\/es\/llega-una-nueva-edicion-amb-bici-per-la-via-verda\/#article","isPartOf":{"@id":"https:\/\/www.copealcoy.es\/es\/llega-una-nueva-edicion-amb-bici-per-la-via-verda\/"},"author":{"name":"Cope Alcoy","@id":"https:\/\/www.copealcoy.es\/es\/#\/schema\/person\/e777c87fa024e57d40170af9df39882c"},"headline":"Llega una nueva edici\u00f3n de &#8216;Amb bici per la V\u00eda Verda&#8217;","datePublished":"2016-09-14T15:52:44+00:00","mainEntityOfPage":{"@id":"https:\/\/www.copealcoy.es\/es\/llega-una-nueva-edicion-amb-bici-per-la-via-verda\/"},"wordCount":361,"commentCount":0,"image":{"@id":"https:\/\/www.copealcoy.es\/es\/llega-una-nueva-edicion-amb-bici-per-la-via-verda\/#primaryimage"},"thumbnailUrl":"https:\/\/www.copealcoy.es\/wp-content\/uploads\/2016\/09\/14285760_10210413539755492_694892313_o.jpg","keywords":["Alberto Belda","Alcoy","Ciclismo","Cocentaina","Muro","Via Verda"],"articleSection":["Alcoy","Deportes","Noticias"],"inLanguage":"es"},{"@type":"WebPage","@id":"https:\/\/www.copealcoy.es\/es\/llega-una-nueva-edicion-amb-bici-per-la-via-verda\/","url":"https:\/\/www.copealcoy.es\/es\/llega-una-nueva-edicion-amb-bici-per-la-via-verda\/","name":"Llega una nueva edici\u00f3n de 'Amb bici per la V\u00eda Verda' - COPE Alcoy","isPartOf":{"@id":"https:\/\/www.copealcoy.es\/es\/#website"},"primaryImageOfPage":{"@id":"https:\/\/www.copealcoy.es\/es\/llega-una-nueva-edicion-amb-bici-per-la-via-verda\/#primaryimage"},"image":{"@id":"https:\/\/www.copealcoy.es\/es\/llega-una-nueva-edicion-amb-bici-per-la-via-verda\/#primaryimage"},"thumbnailUrl":"https:\/\/www.copealcoy.es\/wp-content\/uploads\/2016\/09\/14285760_10210413539755492_694892313_o.jpg","datePublished":"2016-09-14T15:52:44+00:00","author":{"@id":"https:\/\/www.copealcoy.es\/es\/#\/schema\/person\/e777c87fa024e57d40170af9df39882c"},"breadcrumb":{"@id":"https:\/\/www.copealcoy.es\/es\/llega-una-nueva-edicion-amb-bici-per-la-via-verda\/#breadcrumb"},"inLanguage":"es","potentialAction":[{"@type":"ReadAction","target":["https:\/\/www.copealcoy.es\/es\/llega-una-nueva-edicion-amb-bici-per-la-via-verda\/"]}]},{"@type":"ImageObject","inLanguage":"es","@id":"https:\/\/www.copealcoy.es\/es\/llega-una-nueva-edicion-amb-bici-per-la-via-verda\/#primaryimage","url":"https:\/\/www.copealcoy.es\/wp-content\/uploads\/2016\/09\/14285760_10210413539755492_694892313_o.jpg","contentUrl":"https:\/\/www.copealcoy.es\/wp-content\/uploads\/2016\/09\/14285760_10210413539755492_694892313_o.jpg","width":1334,"height":750,"caption":"Alberto Belda y Sa\u00fal Botella presentaron la actividad"},{"@type":"BreadcrumbList","@id":"https:\/\/www.copealcoy.es\/es\/llega-una-nueva-edicion-amb-bici-per-la-via-verda\/#breadcrumb","itemListElement":[{"@type":"ListItem","position":1,"name":"Portada","item":"https:\/\/www.copealcoy.es\/es\/"},{"@type":"ListItem","position":2,"name":"Llega una nueva edici\u00f3n de &#8216;Amb bici per la V\u00eda Verda&#8217;"}]},{"@type":"WebSite","@id":"https:\/\/www.copealcoy.es\/es\/#website","url":"https:\/\/www.copealcoy.es\/es\/","name":"COPE Alcoy","description":"Emisora COPE de radio local con emisi\u00f3n online. Pont de Sant Jordi 8-10 03803 Alcoy","potentialAction":[{"@type":"SearchAction","target":{"@type":"EntryPoint","urlTemplate":"https:\/\/www.copealcoy.es\/es\/?s={search_term_string}"},"query-input":{"@type":"PropertyValueSpecification","valueRequired":true,"valueName":"search_term_string"}}],"inLanguage":"es"},{"@type":"Person","@id":"https:\/\/www.copealcoy.es\/es\/#\/schema\/person\/e777c87fa024e57d40170af9df39882c","name":"Cope Alcoy","image":{"@type":"ImageObject","inLanguage":"es","@id":"https:\/\/secure.gravatar.com\/avatar\/bb65d0283347e303893ba14f0692005417c1e0e690a325a4c5d8bb2b3943ee14?s=96&d=mm&r=g","url":"https:\/\/secure.gravatar.com\/avatar\/bb65d0283347e303893ba14f0692005417c1e0e690a325a4c5d8bb2b3943ee14?s=96&d=mm&r=g","contentUrl":"https:\/\/secure.gravatar.com\/avatar\/bb65d0283347e303893ba14f0692005417c1e0e690a325a4c5d8bb2b3943ee14?s=96&d=mm&r=g","caption":"Cope Alcoy"}}]}},"_links":{"self":[{"href":"https:\/\/www.copealcoy.es\/es\/wp-json\/wp\/v2\/posts\/24805","targetHints":{"allow":["GET"]}}],"collection":[{"href":"https:\/\/www.copealcoy.es\/es\/wp-json\/wp\/v2\/posts"}],"about":[{"href":"https:\/\/www.copealcoy.es\/es\/wp-json\/wp\/v2\/types\/post"}],"author":[{"embeddable":true,"href":"https:\/\/www.copealcoy.es\/es\/wp-json\/wp\/v2\/users\/1"}],"replies":[{"embeddable":true,"href":"https:\/\/www.copealcoy.es\/es\/wp-json\/wp\/v2\/comments?post=24805"}],"version-history":[{"count":0,"href":"https:\/\/www.copealcoy.es\/es\/wp-json\/wp\/v2\/posts\/24805\/revisions"}],"wp:featuredmedia":[{"embeddable":true,"href":"https:\/\/www.copealcoy.es\/es\/wp-json\/wp\/v2\/media\/24806"}],"wp:attachment":[{"href":"https:\/\/www.copealcoy.es\/es\/wp-json\/wp\/v2\/media?parent=24805"}],"wp:term":[{"taxonomy":"category","embeddable":true,"href":"https:\/\/www.copealcoy.es\/es\/wp-json\/wp\/v2\/categories?post=24805"},{"taxonomy":"post_tag","embeddable":true,"href":"https:\/\/www.copealcoy.es\/es\/wp-json\/wp\/v2\/tags?post=24805"}],"curies":[{"name":"wp","href":"https:\/\/api.w.org\/{rel}","templated":true}]}}